{"id":7955,"date":"2024-12-19T09:44:19","date_gmt":"2024-12-19T08:44:19","guid":{"rendered":"https:\/\/cepronda.com\/blog\/?p=7955"},"modified":"2025-04-25T12:03:13","modified_gmt":"2025-04-25T10:03:13","slug":"la-coeducacion-aterriza-en-el-aula-estrategias-para-promover-la-igualdad-2","status":"publish","type":"post","link":"https:\/\/cepronda.com\/blog\/la-coeducacion-aterriza-en-el-aula-estrategias-para-promover-la-igualdad-2\/","title":{"rendered":"LA COEDUCACI\u00d3N ATERRIZA EN EL AULA: ESTRATEGIAS PARA PROMOVER LA IGUALDAD"},"content":{"rendered":"<div class=\"\" data-block=\"true\" data-editor=\"8d39g\" data-offset-key=\"5eo0s-0-0\">\n<div class=\"_1mf _1mj\" data-offset-key=\"5eo0s-0-0\"><span data-offset-key=\"5eo0s-0-0\"><strong>SE AMPLIA EL PLAZO DE INSCRIPCI\u00d3N HASTA EL 10 DE ENERO DE 2025<\/strong> para el curso provincial\u00a0 \u00abLA COEDUCACI\u00d3N ATERRIZA EN EL AULA: ESTRATEGIAS PARA PROMOVER LA IGUALDAD\u00bb con c\u00f3digo 252924GE015.\u00a0<\/span><\/div>\n<\/div>\n<div class=\"\" data-block=\"true\" data-editor=\"8d39g\" data-offset-key=\"fvfiv-0-0\">\n<div class=\"_1mf _1mj\" data-offset-key=\"fvfiv-0-0\"><span data-offset-key=\"fvfiv-0-0\">Profesorado destinatario: Internivelar<\/span><\/div>\n<\/div>\n<div class=\"\" data-block=\"true\" data-editor=\"8d39g\" data-offset-key=\"1f7an-0-0\">\n<div class=\"_1mf _1mj\" data-offset-key=\"1f7an-0-0\"><span data-offset-key=\"1f7an-0-0\">Inscripciones desde el 22\/11\/2024 hasta el 10\/01\/2025<\/span><\/div>\n<\/div>\n<div class=\"\" data-block=\"true\" data-editor=\"8d39g\" data-offset-key=\"985n2-0-0\">\n<div class=\"_1mf _1mj\" data-offset-key=\"985n2-0-0\"><span data-offset-key=\"985n2-0-0\">Duraci\u00f3n: 20 horas (16 horas presenciales por videoconferencias y 4 horas no presenciales)<\/span><\/div>\n<\/div>\n<div class=\"\" data-block=\"true\" data-editor=\"8d39g\" data-offset-key=\"fphpo-0-0\">\n<div class=\"_1mf _1mj\" data-offset-key=\"fphpo-0-0\"><span data-offset-key=\"fphpo-0-0\">Fechas de realizaci\u00f3n:<\/span><\/div>\n<\/div>\n<div class=\"\" data-block=\"true\" data-editor=\"8d39g\" data-offset-key=\"bam4f-0-0\">\n<div class=\"_1mf _1mj\" data-offset-key=\"bam4f-0-0\"><span data-offset-key=\"bam4f-0-0\">15 de enero de 16:30 a 19:30<\/span><\/div>\n<\/div>\n<div class=\"\" data-block=\"true\" data-editor=\"8d39g\" data-offset-key=\"2ob66-0-0\">\n<div class=\"_1mf _1mj\" data-offset-key=\"2ob66-0-0\"><span data-offset-key=\"2ob66-0-0\">22 de enero de 16:30 a 19:30<\/span><\/div>\n<\/div>\n<div class=\"\" data-block=\"true\" data-editor=\"8d39g\" data-offset-key=\"7joep-0-0\">\n<div class=\"_1mf _1mj\" data-offset-key=\"7joep-0-0\"><span data-offset-key=\"7joep-0-0\">29 de enero de 16:30 a 19:30<\/span><\/div>\n<\/div>\n<div class=\"\" data-block=\"true\" data-editor=\"8d39g\" data-offset-key=\"d6qfr-0-0\">\n<div class=\"_1mf _1mj\" data-offset-key=\"d6qfr-0-0\"><span data-offset-key=\"d6qfr-0-0\">5 de febrero de 16:30 a 19:30<\/span><\/div>\n<\/div>\n<div class=\"\" data-block=\"true\" data-editor=\"8d39g\" data-offset-key=\"2nddl-0-0\">\n<div class=\"_1mf _1mj\" data-offset-key=\"2nddl-0-0\"><span data-offset-key=\"2nddl-0-0\">12 de febrero de 16:00 a 20:00<\/span><\/div>\n<div data-offset-key=\"2nddl-0-0\">Para las videoconferencias contaremos con Tatiana S\u00e1nchez Sierra y Susana Mar\u00eda Ginesta (Cadigenia)<\/div>\n<\/div>\n<div class=\"\" data-block=\"true\" data-editor=\"8d39g\" data-offset-key=\"cansi-0-0\">\n<div class=\"_1mf _1mj\" data-offset-key=\"cansi-0-0\"><span data-offset-key=\"cansi-0-0\">Enlace para inscripci\u00f3n y m\u00e1s informaci\u00f3n: <a href=\"https:\/\/www.juntadeandalucia.es\/educacion\/secretariavirtual\/consultaCEP\/actividad\/252924GE015\/\">https:\/\/www.juntadeandalucia.es\/educacion\/secretariavirtual\/consultaCEP\/actividad\/252924GE015\/<\/a><\/span><\/div>\n<\/div>\n<div data-offset-key=\"cansi-0-0\"><\/div>\n<div data-offset-key=\"cansi-0-0\"><img data-recalc-dims=\"1\" loading=\"lazy\" decoding=\"async\" class=\"size-medium wp-image-7965 aligncenter\" src=\"https:\/\/i0.wp.com\/cepronda.com\/blog\/wp-content\/uploads\/2024\/12\/LA-COEDUCACION-ATERRIZA-EN-EL-AULA-2-1.jpg?resize=300%2C300&#038;ssl=1\" alt=\"\" width=\"300\" height=\"300\" srcset=\"https:\/\/i0.wp.com\/cepronda.com\/blog\/wp-content\/uploads\/2024\/12\/LA-COEDUCACION-ATERRIZA-EN-EL-AULA-2-1.jpg?resize=300%2C300&amp;ssl=1 300w, https:\/\/i0.wp.com\/cepronda.com\/blog\/wp-content\/uploads\/2024\/12\/LA-COEDUCACION-ATERRIZA-EN-EL-AULA-2-1.jpg?resize=1024%2C1024&amp;ssl=1 1024w, https:\/\/i0.wp.com\/cepronda.com\/blog\/wp-content\/uploads\/2024\/12\/LA-COEDUCACION-ATERRIZA-EN-EL-AULA-2-1.jpg?resize=150%2C150&amp;ssl=1 150w, https:\/\/i0.wp.com\/cepronda.com\/blog\/wp-content\/uploads\/2024\/12\/LA-COEDUCACION-ATERRIZA-EN-EL-AULA-2-1.jpg?resize=768%2C768&amp;ssl=1 768w, https:\/\/i0.wp.com\/cepronda.com\/blog\/wp-content\/uploads\/2024\/12\/LA-COEDUCACION-ATERRIZA-EN-EL-AULA-2-1.jpg?resize=50%2C50&amp;ssl=1 50w, https:\/\/i0.wp.com\/cepronda.com\/blog\/wp-content\/uploads\/2024\/12\/LA-COEDUCACION-ATERRIZA-EN-EL-AULA-2-1.jpg?w=1080&amp;ssl=1 1080w\" sizes=\"auto, (max-width: 300px) 100vw, 300px\" \/><\/div>\n","protected":false},"excerpt":{"rendered":"<p>SE AMPLIA EL PLAZO DE INSCRIPCI\u00d3N HASTA EL 10 DE ENERO DE 2025 para el curso provincial\u00a0 \u00abLA COEDUCACI\u00d3N ATERRIZA EN EL AULA: ESTRATEGIAS PARA PROMOVER LA IGUALDAD\u00bb con c\u00f3digo 252924GE015.\u00a0 Profesorado destinatario: Internivelar Inscripciones desde el 22\/11\/2024 hasta el 10\/01\/2025 Duraci\u00f3n: 20 horas (16 horas presenciales por videoconferencias y 4 horas no presenciales) Fechas [&hellip;]<\/p>\n","protected":false},"author":13,"featured_media":7965,"comment_status":"closed","ping_status":"open","sticky":false,"template":"","format":"standard","meta":{"_crdt_document":"","advanced_seo_description":"","jetpack_seo_html_title":"","jetpack_seo_noindex":false,"jetpack_post_was_ever_published":false,"_jetpack_newsletter_access":"","_jetpack_dont_email_post_to_subs":false,"_jetpack_newsletter_tier_id":0,"_jetpack_memberships_contains_paywalled_content":false,"_jetpack_memberships_contains_paid_content":false,"footnotes":"","jetpack_publicize_message":"","jetpack_publicize_feature_enabled":true,"jetpack_social_post_already_shared":false,"jetpack_social_options":{"image_generator_settings":{"template":"highway","default_image_id":0,"font":"","enabled":false},"version":2}},"categories":[3,5],"tags":[],"class_list":{"0":"post-7955","1":"post","2":"type-post","3":"status-publish","4":"format-standard","5":"has-post-thumbnail","7":"category-formaciones","8":"category-noticias","9":"czr-hentry"},"jetpack_publicize_connections":[],"jetpack_featured_media_url":"https:\/\/i0.wp.com\/cepronda.com\/blog\/wp-content\/uploads\/2024\/12\/LA-COEDUCACION-ATERRIZA-EN-EL-AULA-2-1.jpg?fit=1080%2C1080&ssl=1","jetpack_shortlink":"https:\/\/wp.me\/p8M4X7-24j","jetpack-related-posts":[{"id":7867,"url":"https:\/\/cepronda.com\/blog\/la-coeducacion-aterriza-en-el-aula-estrategias-para-promover-la-igualdad\/","url_meta":{"origin":7955,"position":0},"title":"LA COEDUCACI\u00d3N ATERRIZA EN EL AULA: ESTRATEGIAS PARA PROMOVER LA IGUALDAD","author":"Mamen Moreno","date":"22 noviembre, 2024","format":false,"excerpt":"Abierto el plazo de inscripci\u00f3n para el curso \"LA COEDUCACI\u00d3N ATERRIZA EN EL AULA: ESTRATEGIAS PARA PROMOVER LA IGUALDAD\" con c\u00f3digo 252924GE015 Profesorado destinatario: Internivelar Inscripciones desde el 22\/11\/2024 hasta el 17\/12\/2024 Duraci\u00f3n: 20 horas (16 horas presenciales por videoconferencias y 4 horas no presenciales) Fechas de realizaci\u00f3n: 15 de\u2026","rel":"","context":"En \u00abFormaciones\u00bb","block_context":{"text":"Formaciones","link":"https:\/\/cepronda.com\/blog\/category\/formaciones\/"},"img":{"alt_text":"","src":"https:\/\/i0.wp.com\/cepronda.com\/blog\/wp-content\/uploads\/2024\/11\/Invitacion-vertical-Boda-Nos-casamos-Floral-Verde-y-Beige-Post-de-Instagram-1.jpg?fit=1080%2C1080&ssl=1&resize=350%2C200","width":350,"height":200,"srcset":"https:\/\/i0.wp.com\/cepronda.com\/blog\/wp-content\/uploads\/2024\/11\/Invitacion-vertical-Boda-Nos-casamos-Floral-Verde-y-Beige-Post-de-Instagram-1.jpg?fit=1080%2C1080&ssl=1&resize=350%2C200 1x, https:\/\/i0.wp.com\/cepronda.com\/blog\/wp-content\/uploads\/2024\/11\/Invitacion-vertical-Boda-Nos-casamos-Floral-Verde-y-Beige-Post-de-Instagram-1.jpg?fit=1080%2C1080&ssl=1&resize=525%2C300 1.5x, https:\/\/i0.wp.com\/cepronda.com\/blog\/wp-content\/uploads\/2024\/11\/Invitacion-vertical-Boda-Nos-casamos-Floral-Verde-y-Beige-Post-de-Instagram-1.jpg?fit=1080%2C1080&ssl=1&resize=700%2C400 2x, https:\/\/i0.wp.com\/cepronda.com\/blog\/wp-content\/uploads\/2024\/11\/Invitacion-vertical-Boda-Nos-casamos-Floral-Verde-y-Beige-Post-de-Instagram-1.jpg?fit=1080%2C1080&ssl=1&resize=1050%2C600 3x"},"classes":[]},{"id":8821,"url":"https:\/\/cepronda.com\/blog\/coeducar-como-herramienta-de-transformacion-social\/","url_meta":{"origin":7955,"position":1},"title":"COEDUCAR COMO HERRAMIENTA DE TRANSFORMACI\u00d3N SOCIAL","author":"Mamen Moreno","date":"19 septiembre, 2025","format":false,"excerpt":"Abierto el plazo de inscripci\u00f3n para el curso \"COEDUCAR COMO HERRAMIENTA DE TRANSFORMACI\u00d3N SOCIAL\" c\u00f3digo 262924GE252 Este curso semipresencial te ofrece 15 horas de formaci\u00f3n para dotarte de herramientas y estrategias que te permitir\u00e1n incorporar la perspectiva de igualdad en el aula. Aprender\u00e1s a reflexionar sobre estereotipos de g\u00e9nero y\u2026","rel":"","context":"En \u00abFormaciones\u00bb","block_context":{"text":"Formaciones","link":"https:\/\/cepronda.com\/blog\/category\/formaciones\/"},"img":{"alt_text":"","src":"https:\/\/i0.wp.com\/cepronda.com\/blog\/wp-content\/uploads\/2025\/09\/Post-de-Instagram-Evento-de-Networking-Relaciones-Publicas-Corporativo-Geometrico-2.png?fit=960%2C1200&ssl=1&resize=350%2C200","width":350,"height":200,"srcset":"https:\/\/i0.wp.com\/cepronda.com\/blog\/wp-content\/uploads\/2025\/09\/Post-de-Instagram-Evento-de-Networking-Relaciones-Publicas-Corporativo-Geometrico-2.png?fit=960%2C1200&ssl=1&resize=350%2C200 1x, https:\/\/i0.wp.com\/cepronda.com\/blog\/wp-content\/uploads\/2025\/09\/Post-de-Instagram-Evento-de-Networking-Relaciones-Publicas-Corporativo-Geometrico-2.png?fit=960%2C1200&ssl=1&resize=525%2C300 1.5x, https:\/\/i0.wp.com\/cepronda.com\/blog\/wp-content\/uploads\/2025\/09\/Post-de-Instagram-Evento-de-Networking-Relaciones-Publicas-Corporativo-Geometrico-2.png?fit=960%2C1200&ssl=1&resize=700%2C400 2x"},"classes":[]},{"id":1280,"url":"https:\/\/cepronda.com\/blog\/nuevo-curso-sobre-coeducacion-e-igualdad\/","url_meta":{"origin":7955,"position":2},"title":"Nuevo curso sobre coeducaci\u00f3n e igualdad","author":"V\u00edctor Caballero","date":"25 septiembre, 2017","format":false,"excerpt":"Muy buenas, Uno de nuestros objetivos este curso es trabajar la igualdad y la coeducaci\u00f3n de forma espec\u00edfica y de manera transversal, de modo que no s\u00f3lo sea responsabilidad de la persona coordinadora del plan de igualdad. Para ello hemos dise\u00f1ado esta actividad en la que programaremos, dise\u00f1aremos y evaluaremos\u2026","rel":"","context":"En \u00abFormaciones\u00bb","block_context":{"text":"Formaciones","link":"https:\/\/cepronda.com\/blog\/category\/formaciones\/"},"img":{"alt_text":"","src":"https:\/\/i0.wp.com\/cepronda.com\/blog\/wp-content\/uploads\/2017\/09\/man-2660414_640.jpg?fit=640%2C640&ssl=1&resize=350%2C200","width":350,"height":200,"srcset":"https:\/\/i0.wp.com\/cepronda.com\/blog\/wp-content\/uploads\/2017\/09\/man-2660414_640.jpg?fit=640%2C640&ssl=1&resize=350%2C200 1x, https:\/\/i0.wp.com\/cepronda.com\/blog\/wp-content\/uploads\/2017\/09\/man-2660414_640.jpg?fit=640%2C640&ssl=1&resize=525%2C300 1.5x"},"classes":[]},{"id":4683,"url":"https:\/\/cepronda.com\/blog\/ii-congreso-andaluz-de-coeducacion-del-feminismo-en-las-aulas-a-la-transformacion-social\/","url_meta":{"origin":7955,"position":3},"title":"II CONGRESO ANDALUZ DE COEDUCACI\u00d3N \u00abDEL FEMINISMO EN LAS AULAS A LA TRANSFORMACI\u00d3N SOCIAL\u00bb","author":"Inmaculada Garc\u00eda","date":"27 septiembre, 2021","format":false,"excerpt":"Buenos d\u00edas compa\u00f1eros y compa\u00f1eras, os informamos\u00a0 que los pr\u00f3ximos 25 y 26 de octubre se llevar\u00e1 a cabo el II CONGRESO ANDALUZ DE COEDUCACI\u00d3N \"DEL FEMINISMO EN LAS AULAS A LA TRANSFORMACI\u00d3N SOCIAL\". En el siguiente enlace podr\u00e9is acceder a toda la informaci\u00f3n y formulario de inscripci\u00f3n. Esperamos que\u2026","rel":"","context":"En \u00abNoticias\u00bb","block_context":{"text":"Noticias","link":"https:\/\/cepronda.com\/blog\/category\/noticias\/"},"img":{"alt_text":"","src":"https:\/\/i0.wp.com\/cepronda.com\/blog\/wp-content\/uploads\/2021\/09\/Congreso_WEB_Banner_nueva-1-2048x1106-1.png?fit=1200%2C648&ssl=1&resize=350%2C200","width":350,"height":200,"srcset":"https:\/\/i0.wp.com\/cepronda.com\/blog\/wp-content\/uploads\/2021\/09\/Congreso_WEB_Banner_nueva-1-2048x1106-1.png?fit=1200%2C648&ssl=1&resize=350%2C200 1x, https:\/\/i0.wp.com\/cepronda.com\/blog\/wp-content\/uploads\/2021\/09\/Congreso_WEB_Banner_nueva-1-2048x1106-1.png?fit=1200%2C648&ssl=1&resize=525%2C300 1.5x, https:\/\/i0.wp.com\/cepronda.com\/blog\/wp-content\/uploads\/2021\/09\/Congreso_WEB_Banner_nueva-1-2048x1106-1.png?fit=1200%2C648&ssl=1&resize=700%2C400 2x, https:\/\/i0.wp.com\/cepronda.com\/blog\/wp-content\/uploads\/2021\/09\/Congreso_WEB_Banner_nueva-1-2048x1106-1.png?fit=1200%2C648&ssl=1&resize=1050%2C600 3x"},"classes":[]},{"id":4771,"url":"https:\/\/cepronda.com\/blog\/herramientas-y-estrategias-para-trabajar-la-oralidad-en-el-aula\/","url_meta":{"origin":7955,"position":4},"title":"HERRAMIENTAS Y ESTRATEGIAS PARA TRABAJAR LA ORALIDAD EN EL AULA.","author":"Maribel Mu\u00f1oz","date":"15 octubre, 2021","format":false,"excerpt":"Buenas tardes compa\u00f1eras y compa\u00f1eros, Os informamos que est\u00e1 abierto el plazo de inscripci\u00f3n en la actividad HERRAMIENTAS Y ESTRATEGIAS PARA TRABAJAR LA ORALIDAD EN EL AULA con c\u00f3digo 222924GE020. La formaci\u00f3n es presencial, con un total de 10 horas. Es de \u00e1mbito CEP y de car\u00e1cter internivelar.\u00a0 La fechas\u2026","rel":"","context":"En \u00abFormaciones\u00bb","block_context":{"text":"Formaciones","link":"https:\/\/cepronda.com\/blog\/category\/formaciones\/"},"img":{"alt_text":"","src":"https:\/\/i0.wp.com\/cepronda.com\/blog\/wp-content\/uploads\/2021\/10\/222924GE020-HERRAMIENTAS-Y-ESTRATEGIAS.-ORALIDAD-212x300.png?resize=350%2C200","width":350,"height":200},"classes":[]},{"id":5063,"url":"https:\/\/cepronda.com\/blog\/estrategias-de-intervencion-en-igualdad-acoso-y-ciberacoso\/","url_meta":{"origin":7955,"position":5},"title":"ESTRATEGIAS DE INTERVENCI\u00d3N EN IGUALDAD, ACOSO Y CIBERACOSO","author":"Inmaculada Garc\u00eda","date":"2 febrero, 2022","format":false,"excerpt":"Estimados compa\u00f1eros y compa\u00f1eras. Os informamos de que hasta el d\u00eda 18 de febrero pod\u00e9is realizar vuestra inscripci\u00f3n en la actividad formativa \"ESTRATEGIAS DE INTERVENCI\u00d3N EN IGUALDAD, ACOSO Y CIBERACOSO\", con c\u00f3digo 222924GE033. Actividad en la que analizaremos situaciones que encontramos en nuestros centros y entre nuestro alumnado buscando estrategias\u2026","rel":"","context":"En \u00abNoticias\u00bb","block_context":{"text":"Noticias","link":"https:\/\/cepronda.com\/blog\/category\/noticias\/"},"img":{"alt_text":"","src":"https:\/\/i0.wp.com\/cepronda.com\/blog\/wp-content\/uploads\/2022\/02\/love-igualdad.jpeg?fit=848%2C1200&ssl=1&resize=350%2C200","width":350,"height":200,"srcset":"https:\/\/i0.wp.com\/cepronda.com\/blog\/wp-content\/uploads\/2022\/02\/love-igualdad.jpeg?fit=848%2C1200&ssl=1&resize=350%2C200 1x, https:\/\/i0.wp.com\/cepronda.com\/blog\/wp-content\/uploads\/2022\/02\/love-igualdad.jpeg?fit=848%2C1200&ssl=1&resize=525%2C300 1.5x, https:\/\/i0.wp.com\/cepronda.com\/blog\/wp-content\/uploads\/2022\/02\/love-igualdad.jpeg?fit=848%2C1200&ssl=1&resize=700%2C400 2x"},"classes":[]}],"jetpack_sharing_enabled":true,"_links":{"self":[{"href":"https:\/\/cepronda.com\/blog\/wp-json\/wp\/v2\/posts\/7955","targetHints":{"allow":["GET"]}}],"collection":[{"href":"https:\/\/cepronda.com\/blog\/wp-json\/wp\/v2\/posts"}],"about":[{"href":"https:\/\/cepronda.com\/blog\/wp-json\/wp\/v2\/types\/post"}],"author":[{"embeddable":true,"href":"https:\/\/cepronda.com\/blog\/wp-json\/wp\/v2\/users\/13"}],"replies":[{"embeddable":true,"href":"https:\/\/cepronda.com\/blog\/wp-json\/wp\/v2\/comments?post=7955"}],"version-history":[{"count":4,"href":"https:\/\/cepronda.com\/blog\/wp-json\/wp\/v2\/posts\/7955\/revisions"}],"predecessor-version":[{"id":7992,"href":"https:\/\/cepronda.com\/blog\/wp-json\/wp\/v2\/posts\/7955\/revisions\/7992"}],"wp:featuredmedia":[{"embeddable":true,"href":"https:\/\/cepronda.com\/blog\/wp-json\/wp\/v2\/media\/7965"}],"wp:attachment":[{"href":"https:\/\/cepronda.com\/blog\/wp-json\/wp\/v2\/media?parent=7955"}],"wp:term":[{"taxonomy":"category","embeddable":true,"href":"https:\/\/cepronda.com\/blog\/wp-json\/wp\/v2\/categories?post=7955"},{"taxonomy":"post_tag","embeddable":true,"href":"https:\/\/cepronda.com\/blog\/wp-json\/wp\/v2\/tags?post=7955"}],"curies":[{"name":"wp","href":"https:\/\/api.w.org\/{rel}","templated":true}]}}