{"id":7952,"date":"2024-12-18T08:54:15","date_gmt":"2024-12-18T07:54:15","guid":{"rendered":"https:\/\/cepronda.com\/blog\/?p=7952"},"modified":"2025-04-28T12:15:17","modified_gmt":"2025-04-28T10:15:17","slug":"iniciacion-al-uso-de-la-inteligencia-artificial-generativa-centrada-en-la-educacion-codigo-259925qpf485","status":"publish","type":"post","link":"https:\/\/cepronda.com\/blog\/iniciacion-al-uso-de-la-inteligencia-artificial-generativa-centrada-en-la-educacion-codigo-259925qpf485\/","title":{"rendered":"\u00abINICIACI\u00d3N AL USO DE LA INTELIGENCIA ARTIFICIAL GENERATIVA CENTRADA EN LA EDUCACI\u00d3N\u00bb, c\u00f3digo: 259925QPF485."},"content":{"rendered":"<p>Se encuentra abierto el plazo de inscripci\u00f3n del curso provincial: INICIACI\u00d3N AL USO DE LA INTELIGENCIA ARTIFICIAL GENERATIVA CENTRADA EN LA EDUCACI\u00d3N, c\u00f3digo: 259925QPF485<span style=\"font-weight: inherit;\">.<\/span><\/p>\n<p><span class=\"x1xsqp64 xiy17q3 x1o6pynw x19co3pv xdj266r xcwd3tp xat24cr x39eecv x2b8uid\" data-testid=\"emoji\"><span class=\"xexx8yu xn5pp95 x18d9i69 x2fxd7x x3jgonx x1bhl96m\">\u270f\ufe0f<\/span><\/span>Inscripciones: del 17\/12\/2024 al 13\/01\/2025<br \/>\n<span class=\"x1xsqp64 xiy17q3 x1o6pynw x19co3pv xdj266r xcwd3tp xat24cr x39eecv x2b8uid\" data-testid=\"emoji\"><span class=\"xexx8yu xn5pp95 x18d9i69 x2fxd7x x3jgonx x1bhl96m\">\u270f\ufe0f<\/span><\/span>Fechas de realizaci\u00f3n: del 20 de enero al 24 de marzo de 2025.<\/p>\n<p>M\u00e1s informaci\u00f3n e inscripci\u00f3n en el siguiente enlace:<br \/>\n<a class=\"x1fey0fg xmper1u x1edh9d7\" href=\"https:\/\/www.juntadeandalucia.es\/educacion\/secretariavirtual\/consultaCEP\/actividad\/259925QPF485\/\">https:\/\/www.juntadeandalucia.es\/educacion\/secretariavirtual\/consultaCEP\/actividad\/259925QPF485\/<\/a><\/p>\n<p><a href=\"https:\/\/www.juntadeandalucia.es\/educacion\/secretariavirtual\/consultaCEP\/actividad\/259925QPF485\/\"><img data-recalc-dims=\"1\" loading=\"lazy\" decoding=\"async\" class=\"aligncenter  wp-image-7953\" src=\"https:\/\/i0.wp.com\/cepronda.com\/blog\/wp-content\/uploads\/2024\/12\/IMG_20241217_103413_811.jpg?resize=319%2C399&#038;ssl=1\" alt=\"\" width=\"319\" height=\"399\" srcset=\"https:\/\/i0.wp.com\/cepronda.com\/blog\/wp-content\/uploads\/2024\/12\/IMG_20241217_103413_811.jpg?resize=819%2C1024&amp;ssl=1 819w, https:\/\/i0.wp.com\/cepronda.com\/blog\/wp-content\/uploads\/2024\/12\/IMG_20241217_103413_811.jpg?resize=240%2C300&amp;ssl=1 240w, https:\/\/i0.wp.com\/cepronda.com\/blog\/wp-content\/uploads\/2024\/12\/IMG_20241217_103413_811.jpg?resize=768%2C960&amp;ssl=1 768w, https:\/\/i0.wp.com\/cepronda.com\/blog\/wp-content\/uploads\/2024\/12\/IMG_20241217_103413_811.jpg?w=1024&amp;ssl=1 1024w\" sizes=\"auto, (max-width: 319px) 100vw, 319px\" \/><\/a><\/p>\n<p>&nbsp;<\/p>\n<p>Asesor\u00edas responsables:<br \/>\nCarmen L\u00f3pez Tlf. 671 591 513<br \/>\nElena Espigares Tlf. 671 565 526<\/p>\n","protected":false},"excerpt":{"rendered":"<p>Se encuentra abierto el plazo de inscripci\u00f3n del curso provincial: INICIACI\u00d3N AL USO DE LA INTELIGENCIA ARTIFICIAL GENERATIVA CENTRADA EN LA EDUCACI\u00d3N, c\u00f3digo: 259925QPF485. \u270f\ufe0fInscripciones: del 17\/12\/2024 al 13\/01\/2025 \u270f\ufe0fFechas de realizaci\u00f3n: del 20 de enero al 24 de marzo de 2025. M\u00e1s informaci\u00f3n e inscripci\u00f3n en el siguiente enlace: https:\/\/www.juntadeandalucia.es\/educacion\/secretariavirtual\/consultaCEP\/actividad\/259925QPF485\/ &nbsp; Asesor\u00edas responsables: Carmen [&hellip;]<\/p>\n","protected":false},"author":9,"featured_media":7953,"comment_status":"closed","ping_status":"open","sticky":false,"template":"","format":"standard","meta":{"_crdt_document":"","advanced_seo_description":"","jetpack_seo_html_title":"","jetpack_seo_noindex":false,"jetpack_post_was_ever_published":false,"_jetpack_newsletter_access":"","_jetpack_dont_email_post_to_subs":false,"_jetpack_newsletter_tier_id":0,"_jetpack_memberships_contains_paywalled_content":false,"_jetpack_memberships_contains_paid_content":false,"footnotes":"","jetpack_publicize_message":"","jetpack_publicize_feature_enabled":true,"jetpack_social_post_already_shared":false,"jetpack_social_options":{"image_generator_settings":{"template":"highway","default_image_id":0,"font":"","enabled":false},"version":2}},"categories":[3,5],"tags":[],"class_list":{"0":"post-7952","1":"post","2":"type-post","3":"status-publish","4":"format-standard","5":"has-post-thumbnail","7":"category-formaciones","8":"category-noticias","9":"czr-hentry"},"jetpack_publicize_connections":[],"jetpack_featured_media_url":"https:\/\/i0.wp.com\/cepronda.com\/blog\/wp-content\/uploads\/2024\/12\/IMG_20241217_103413_811.jpg?fit=1024%2C1280&ssl=1","jetpack_shortlink":"https:\/\/wp.me\/p8M4X7-24g","jetpack-related-posts":[{"id":8464,"url":"https:\/\/cepronda.com\/blog\/iniciacion-al-uso-de-la-inteligencia-artificial-generativa-centrada-en-la-educacion\/","url_meta":{"origin":7952,"position":0},"title":"INICIACI\u00d3N AL USO DE LA INTELIGENCIA ARTIFICIAL GENERATIVA CENTRADA EN LA EDUCACI\u00d3N.","author":"Inmaculada Garc\u00eda","date":"23 abril, 2025","format":false,"excerpt":"Abierto el plazo de inscripci\u00f3n para la actividad a distancia \" INICIACI\u00d3N AL USO DE LA INTELIGENCIA ARTIFICIAL GENERATIVA CENTRADA EN LA EDUCACI\u00d3N\u201d. C\u00f3digo: 259926WPF485. Curso con reconocimiento de 40 horas de formaci\u00f3n, a desarrollar en el Aula Virtual de Formaci\u00f3n del Profesorado. Plazo de inscripci\u00f3n: 23\/04\/2025 hasta 05\/05\/2025 Fecha\u2026","rel":"","context":"En \u00abFormaciones\u00bb","block_context":{"text":"Formaciones","link":"https:\/\/cepronda.com\/blog\/category\/formaciones\/"},"img":{"alt_text":"","src":"https:\/\/i0.wp.com\/cepronda.com\/blog\/wp-content\/uploads\/2025\/04\/ia-generativa.jpg?fit=960%2C1200&ssl=1&resize=350%2C200","width":350,"height":200,"srcset":"https:\/\/i0.wp.com\/cepronda.com\/blog\/wp-content\/uploads\/2025\/04\/ia-generativa.jpg?fit=960%2C1200&ssl=1&resize=350%2C200 1x, https:\/\/i0.wp.com\/cepronda.com\/blog\/wp-content\/uploads\/2025\/04\/ia-generativa.jpg?fit=960%2C1200&ssl=1&resize=525%2C300 1.5x, https:\/\/i0.wp.com\/cepronda.com\/blog\/wp-content\/uploads\/2025\/04\/ia-generativa.jpg?fit=960%2C1200&ssl=1&resize=700%2C400 2x"},"classes":[]},{"id":8251,"url":"https:\/\/cepronda.com\/blog\/iniciacion-al-uso-de-la-inteligencia-artificial-generativa-centrada-en-la-educacion-codigo-259924kpf485\/","url_meta":{"origin":7952,"position":1},"title":"\u00abINICIACI\u00d3N AL USO DE LA INTELIGENCIA ARTIFICIAL GENERATIVA CENTRADA EN LA EDUCACI\u00d3N\u00bb, c\u00f3digo: 259924KPF485.","author":"Inmaculada Garc\u00eda","date":"30 septiembre, 2024","format":false,"excerpt":"Se encuentra abierto el plazo de inscripci\u00f3n del curso provincial: INICIACI\u00d3N AL USO DE LA INTELIGENCIA ARTIFICIAL GENERATIVA CENTRADA EN LA EDUCACI\u00d3N, c\u00f3digo: 259924KPF485. Curso a distancia con certificaci\u00f3n de 40 horas de formaci\u00f3n y v\u00e1lido para la acreditaci\u00f3n del nivel A1 de CDD. A desarrollar en el Aula Virtual\u2026","rel":"","context":"En \u00abNoticias\u00bb","block_context":{"text":"Noticias","link":"https:\/\/cepronda.com\/blog\/category\/noticias\/"},"img":{"alt_text":"","src":"https:\/\/i0.wp.com\/cepronda.com\/blog\/wp-content\/uploads\/2025\/03\/Anadir-un-subtitulo-819x1024.jpg?resize=350%2C200&ssl=1","width":350,"height":200},"classes":[]},{"id":8356,"url":"https:\/\/cepronda.com\/blog\/iniciacion-al-pensamiento-computacional-con-python\/","url_meta":{"origin":7952,"position":2},"title":"INICIACI\u00d3N AL PENSAMIENTO COMPUTACIONAL CON PYTHON","author":"Inmaculada Garc\u00eda","date":"13 marzo, 2025","format":false,"excerpt":"Abierto el plazo de inscripci\u00f3n en la actividad regional \"INICIACI\u00d3N AL PENSAMIENTO COMPUTACIONAL CON PYTHON\", con c\u00f3digo 251812GE102. \u00a0 Inscripciones: desde el 05\/03\/2025 hasta el 21\/03\/2025 Modalidad: Curso a Distancia. Horas no presenciales totales: 50 N\u00ba de plazas: 120 Dirigido a: Internivelar \u00a0 Enlace a la inscripci\u00f3n: https:\/\/www.juntadeandalucia.es\/educacion\/secretariavirtual\/consultaCEP\/actividad\/251812GE102\/ \u00a0 Para\u2026","rel":"","context":"En \u00abFormaciones\u00bb","block_context":{"text":"Formaciones","link":"https:\/\/cepronda.com\/blog\/category\/formaciones\/"},"img":{"alt_text":"","src":"https:\/\/i0.wp.com\/cepronda.com\/blog\/wp-content\/uploads\/2025\/03\/251812GE102-PYTHON_INICIAL-1.jpg?fit=1080%2C1080&ssl=1&resize=350%2C200","width":350,"height":200,"srcset":"https:\/\/i0.wp.com\/cepronda.com\/blog\/wp-content\/uploads\/2025\/03\/251812GE102-PYTHON_INICIAL-1.jpg?fit=1080%2C1080&ssl=1&resize=350%2C200 1x, https:\/\/i0.wp.com\/cepronda.com\/blog\/wp-content\/uploads\/2025\/03\/251812GE102-PYTHON_INICIAL-1.jpg?fit=1080%2C1080&ssl=1&resize=525%2C300 1.5x, https:\/\/i0.wp.com\/cepronda.com\/blog\/wp-content\/uploads\/2025\/03\/251812GE102-PYTHON_INICIAL-1.jpg?fit=1080%2C1080&ssl=1&resize=700%2C400 2x, https:\/\/i0.wp.com\/cepronda.com\/blog\/wp-content\/uploads\/2025\/03\/251812GE102-PYTHON_INICIAL-1.jpg?fit=1080%2C1080&ssl=1&resize=1050%2C600 3x"},"classes":[]},{"id":8845,"url":"https:\/\/cepronda.com\/blog\/musica-y-movimiento-para-are-con-codigo-262922ge010\/","url_meta":{"origin":7952,"position":3},"title":"M\u00daSICA Y MOVIMIENTO PARA ARE, con c\u00f3digo 262922GE010.","author":"Inmaculada Garc\u00eda","date":"26 septiembre, 2025","format":false,"excerpt":"Se abre el plazo de inscripci\u00f3n para la actividad formativa provincial \"M\u00daSICA Y MOVIMIENTO PARA ARE\", con c\u00f3digo 262922GE010, que se desarrollar\u00e1, en el CPM MANUEL CARRA, con un aprovechamiento de 15 horas. \u270f\ufe0f Inscripci\u00f3n: 25\/09\/2025 a 13\/10\/2025 Actividad: 24\/10\/2025 - 07\/11\/2025 \u27a1\ufe0f Duraci\u00f3n: 5 sesiones M\u00e1s informaci\u00f3n: https:\/\/www.juntadeandalucia.es\/educacion\/secretariavirtual\/consultaCEP\/actividad\/262922GE010\/","rel":"","context":"En \u00abFormaciones\u00bb","block_context":{"text":"Formaciones","link":"https:\/\/cepronda.com\/blog\/category\/formaciones\/"},"img":{"alt_text":"","src":"https:\/\/i0.wp.com\/cepronda.com\/blog\/wp-content\/uploads\/2025\/09\/musica-y-movimiento.jpg?fit=1080%2C1080&ssl=1&resize=350%2C200","width":350,"height":200,"srcset":"https:\/\/i0.wp.com\/cepronda.com\/blog\/wp-content\/uploads\/2025\/09\/musica-y-movimiento.jpg?fit=1080%2C1080&ssl=1&resize=350%2C200 1x, https:\/\/i0.wp.com\/cepronda.com\/blog\/wp-content\/uploads\/2025\/09\/musica-y-movimiento.jpg?fit=1080%2C1080&ssl=1&resize=525%2C300 1.5x, https:\/\/i0.wp.com\/cepronda.com\/blog\/wp-content\/uploads\/2025\/09\/musica-y-movimiento.jpg?fit=1080%2C1080&ssl=1&resize=700%2C400 2x, https:\/\/i0.wp.com\/cepronda.com\/blog\/wp-content\/uploads\/2025\/09\/musica-y-movimiento.jpg?fit=1080%2C1080&ssl=1&resize=1050%2C600 3x"},"classes":[]},{"id":8041,"url":"https:\/\/cepronda.com\/blog\/diseno-de-iluminacion-para-ensenanzas-are-con-codigo-252922ge092\/","url_meta":{"origin":7952,"position":4},"title":"DISE\u00d1O DE ILUMINACI\u00d3N PARA ENSE\u00d1ANZAS ARE, con c\u00f3digo 252922GE092.","author":"Inmaculada Garc\u00eda","date":"14 enero, 2025","format":false,"excerpt":"Abierto plazo de inscripci\u00f3n para la actividad provincial,\u00a0DISE\u00d1O DE ILUMINACI\u00d3N PARA ENSE\u00d1ANZAS ARE, con c\u00f3digo 252922GE092. \u270f\ufe0f Plazo de inscripci\u00f3n: del 13\/01\/2025 al 04\/02\/2025. Realizaci\u00f3n de la actividad: del 17\/02\/2025 al 19\/02\/2025. \u27a1\ufe0f Duraci\u00f3n: 3 d\u00edas, presencial. M\u00e1s informaci\u00f3n: https:\/\/www.juntadeandalucia.es\/educacion\/secretariavirtual\/consultaCEP\/actividad\/252922GE092\/ \u00a0","rel":"","context":"En \u00abFormaciones\u00bb","block_context":{"text":"Formaciones","link":"https:\/\/cepronda.com\/blog\/category\/formaciones\/"},"img":{"alt_text":"","src":"https:\/\/i0.wp.com\/cepronda.com\/blog\/wp-content\/uploads\/2025\/01\/WhatsApp-Image-2025-01-14-at-08.37.00-1.jpeg?fit=1080%2C1080&ssl=1&resize=350%2C200","width":350,"height":200,"srcset":"https:\/\/i0.wp.com\/cepronda.com\/blog\/wp-content\/uploads\/2025\/01\/WhatsApp-Image-2025-01-14-at-08.37.00-1.jpeg?fit=1080%2C1080&ssl=1&resize=350%2C200 1x, https:\/\/i0.wp.com\/cepronda.com\/blog\/wp-content\/uploads\/2025\/01\/WhatsApp-Image-2025-01-14-at-08.37.00-1.jpeg?fit=1080%2C1080&ssl=1&resize=525%2C300 1.5x, https:\/\/i0.wp.com\/cepronda.com\/blog\/wp-content\/uploads\/2025\/01\/WhatsApp-Image-2025-01-14-at-08.37.00-1.jpeg?fit=1080%2C1080&ssl=1&resize=700%2C400 2x, https:\/\/i0.wp.com\/cepronda.com\/blog\/wp-content\/uploads\/2025\/01\/WhatsApp-Image-2025-01-14-at-08.37.00-1.jpeg?fit=1080%2C1080&ssl=1&resize=1050%2C600 3x"},"classes":[]},{"id":7940,"url":"https:\/\/cepronda.com\/blog\/actualizacion-metodologica-en-aicle-con-codigo-252922ge107\/","url_meta":{"origin":7952,"position":5},"title":"\u00abACTUALIZACI\u00d3N METODOL\u00d3GICA EN AICLE \u00ab, con c\u00f3digo 252922GE107.","author":"Inmaculada Garc\u00eda","date":"16 diciembre, 2024","format":false,"excerpt":"Abierta la inscripci\u00f3n del curso provincial \"ACTUALIZACI\u00d3N METODOL\u00d3GICA EN AICLE \", con c\u00f3digo 252922GE107. Inscripci\u00f3n del 16\/12\/2024 AL 9\/01\/2025 Actividad del 20\/01 al 14\/03\/2025 Duraci\u00f3n: 18 horas (12 h presenciales Webex y 6 h en el AVFP) M\u00e1s informaci\u00f3n: https:\/\/www.juntadeandalucia.es\/educacion\/secretariavirtual\/consultaCEP\/actividad\/252922GE107\/","rel":"","context":"En \u00abFormaciones\u00bb","block_context":{"text":"Formaciones","link":"https:\/\/cepronda.com\/blog\/category\/formaciones\/"},"img":{"alt_text":"","src":"https:\/\/i0.wp.com\/cepronda.com\/blog\/wp-content\/uploads\/2024\/12\/Curso-actualizacion-metodologica-aicle.jpeg?fit=1080%2C1080&ssl=1&resize=350%2C200","width":350,"height":200,"srcset":"https:\/\/i0.wp.com\/cepronda.com\/blog\/wp-content\/uploads\/2024\/12\/Curso-actualizacion-metodologica-aicle.jpeg?fit=1080%2C1080&ssl=1&resize=350%2C200 1x, https:\/\/i0.wp.com\/cepronda.com\/blog\/wp-content\/uploads\/2024\/12\/Curso-actualizacion-metodologica-aicle.jpeg?fit=1080%2C1080&ssl=1&resize=525%2C300 1.5x, https:\/\/i0.wp.com\/cepronda.com\/blog\/wp-content\/uploads\/2024\/12\/Curso-actualizacion-metodologica-aicle.jpeg?fit=1080%2C1080&ssl=1&resize=700%2C400 2x, https:\/\/i0.wp.com\/cepronda.com\/blog\/wp-content\/uploads\/2024\/12\/Curso-actualizacion-metodologica-aicle.jpeg?fit=1080%2C1080&ssl=1&resize=1050%2C600 3x"},"classes":[]}],"jetpack_sharing_enabled":true,"_links":{"self":[{"href":"https:\/\/cepronda.com\/blog\/wp-json\/wp\/v2\/posts\/7952","targetHints":{"allow":["GET"]}}],"collection":[{"href":"https:\/\/cepronda.com\/blog\/wp-json\/wp\/v2\/posts"}],"about":[{"href":"https:\/\/cepronda.com\/blog\/wp-json\/wp\/v2\/types\/post"}],"author":[{"embeddable":true,"href":"https:\/\/cepronda.com\/blog\/wp-json\/wp\/v2\/users\/9"}],"replies":[{"embeddable":true,"href":"https:\/\/cepronda.com\/blog\/wp-json\/wp\/v2\/comments?post=7952"}],"version-history":[{"count":3,"href":"https:\/\/cepronda.com\/blog\/wp-json\/wp\/v2\/posts\/7952\/revisions"}],"predecessor-version":[{"id":8252,"href":"https:\/\/cepronda.com\/blog\/wp-json\/wp\/v2\/posts\/7952\/revisions\/8252"}],"wp:featuredmedia":[{"embeddable":true,"href":"https:\/\/cepronda.com\/blog\/wp-json\/wp\/v2\/media\/7953"}],"wp:attachment":[{"href":"https:\/\/cepronda.com\/blog\/wp-json\/wp\/v2\/media?parent=7952"}],"wp:term":[{"taxonomy":"category","embeddable":true,"href":"https:\/\/cepronda.com\/blog\/wp-json\/wp\/v2\/categories?post=7952"},{"taxonomy":"post_tag","embeddable":true,"href":"https:\/\/cepronda.com\/blog\/wp-json\/wp\/v2\/tags?post=7952"}],"curies":[{"name":"wp","href":"https:\/\/api.w.org\/{rel}","templated":true}]}}