{"id":7950,"date":"2024-12-17T11:36:23","date_gmt":"2024-12-17T10:36:23","guid":{"rendered":"https:\/\/cepronda.com\/blog\/?p=7950"},"modified":"2025-04-28T12:15:17","modified_gmt":"2025-04-28T10:15:17","slug":"actividad-regional-formacion-en-debate-academico-jurados-curso-24-25-con-codigo-259922in007","status":"publish","type":"post","link":"https:\/\/cepronda.com\/blog\/actividad-regional-formacion-en-debate-academico-jurados-curso-24-25-con-codigo-259922in007\/","title":{"rendered":"ACTIVIDAD REGIONAL: FORMACI\u00d3N EN DEBATE ACAD\u00c9MICO: JURADOS. CURSO 24-25, con c\u00f3digo 259922IN007."},"content":{"rendered":"<p>Se encuentra abierto el plazo de inscripci\u00f3n en la ACTIVIDAD REGIONAL: FORMACI\u00d3N EN DEBATE ACAD\u00c9MICO: JURADOS. CURSO 24-25, con c\u00f3digo 259922IN007.<br \/>\n\u270f\ufe0fPlazo de inscripci\u00f3n:17\/12\/2024-14\/01\/2025<br \/>\n Fecha de actividad: 21\/01\/2025-14\/02\/2025. Sesiones presenciales online (Webex): 21 y 28 de enero, 4 de febrero en horario de tarde.<br \/>\n\u23f3Duraci\u00f3n: 12 horas (9 horas presenciales online y 3 horas no presenciales)<br \/>\n\u27a1\ufe0fDirigida al profesorado interesado en participar como jurado en el V Torneo de Debate Educativo de Andaluc\u00eda \u00abHabla bien, habla andaluz\u00bb.<\/p>\n<p>M\u00e1s informaci\u00f3n e inscripci\u00f3n en el siguiente enlace:<br \/>\n<a href=\"https:\/\/www.juntadeandalucia.es\/educacion\/secretariavirtual\/consultaCEP\/actividad\/259922IN007\/\">https:\/\/www.juntadeandalucia.es\/educacion\/secretariavirtual\/consultaCEP\/actividad\/259922IN007\/<\/a><\/p>\n<p><a href=\"https:\/\/www.juntadeandalucia.es\/educacion\/secretariavirtual\/consultaCEP\/actividad\/259922IN007\/\"><img data-recalc-dims=\"1\" loading=\"lazy\" decoding=\"async\" class=\"aligncenter  wp-image-7948\" src=\"https:\/\/i0.wp.com\/cepronda.com\/blog\/wp-content\/uploads\/2024\/12\/WhatsApp-Image-2024-12-17-at-11.11.56.jpeg?resize=311%2C311&#038;ssl=1\" alt=\"\" width=\"311\" height=\"311\" srcset=\"https:\/\/i0.wp.com\/cepronda.com\/blog\/wp-content\/uploads\/2024\/12\/WhatsApp-Image-2024-12-17-at-11.11.56.jpeg?resize=1024%2C1024&amp;ssl=1 1024w, https:\/\/i0.wp.com\/cepronda.com\/blog\/wp-content\/uploads\/2024\/12\/WhatsApp-Image-2024-12-17-at-11.11.56.jpeg?resize=300%2C300&amp;ssl=1 300w, https:\/\/i0.wp.com\/cepronda.com\/blog\/wp-content\/uploads\/2024\/12\/WhatsApp-Image-2024-12-17-at-11.11.56.jpeg?resize=150%2C150&amp;ssl=1 150w, https:\/\/i0.wp.com\/cepronda.com\/blog\/wp-content\/uploads\/2024\/12\/WhatsApp-Image-2024-12-17-at-11.11.56.jpeg?resize=768%2C768&amp;ssl=1 768w, https:\/\/i0.wp.com\/cepronda.com\/blog\/wp-content\/uploads\/2024\/12\/WhatsApp-Image-2024-12-17-at-11.11.56.jpeg?resize=50%2C50&amp;ssl=1 50w, https:\/\/i0.wp.com\/cepronda.com\/blog\/wp-content\/uploads\/2024\/12\/WhatsApp-Image-2024-12-17-at-11.11.56.jpeg?w=1080&amp;ssl=1 1080w\" sizes=\"auto, (max-width: 311px) 100vw, 311px\" \/><\/a><\/p>\n","protected":false},"excerpt":{"rendered":"<p>Se encuentra abierto el plazo de inscripci\u00f3n en la ACTIVIDAD REGIONAL: FORMACI\u00d3N EN DEBATE ACAD\u00c9MICO: JURADOS. CURSO 24-25, con c\u00f3digo 259922IN007. \u270f\ufe0fPlazo de inscripci\u00f3n:17\/12\/2024-14\/01\/2025 Fecha de actividad: 21\/01\/2025-14\/02\/2025. Sesiones presenciales online (Webex): 21 y 28 de enero, 4 de febrero en horario de tarde. \u23f3Duraci\u00f3n: 12 horas (9 horas presenciales online y 3 horas no [&hellip;]<\/p>\n","protected":false},"author":9,"featured_media":7948,"comment_status":"closed","ping_status":"open","sticky":false,"template":"","format":"standard","meta":{"_crdt_document":"","advanced_seo_description":"","jetpack_seo_html_title":"","jetpack_seo_noindex":false,"jetpack_post_was_ever_published":false,"_jetpack_newsletter_access":"","_jetpack_dont_email_post_to_subs":false,"_jetpack_newsletter_tier_id":0,"_jetpack_memberships_contains_paywalled_content":false,"_jetpack_memberships_contains_paid_content":false,"footnotes":"","jetpack_publicize_message":"","jetpack_publicize_feature_enabled":true,"jetpack_social_post_already_shared":false,"jetpack_social_options":{"image_generator_settings":{"template":"highway","default_image_id":0,"font":"","enabled":false},"version":2}},"categories":[3,5],"tags":[],"class_list":{"0":"post-7950","1":"post","2":"type-post","3":"status-publish","4":"format-standard","5":"has-post-thumbnail","7":"category-formaciones","8":"category-noticias","9":"czr-hentry"},"jetpack_publicize_connections":[],"jetpack_featured_media_url":"https:\/\/i0.wp.com\/cepronda.com\/blog\/wp-content\/uploads\/2024\/12\/WhatsApp-Image-2024-12-17-at-11.11.56.jpeg?fit=1080%2C1080&ssl=1","jetpack_shortlink":"https:\/\/wp.me\/p8M4X7-24e","jetpack-related-posts":[{"id":9182,"url":"https:\/\/cepronda.com\/blog\/curso-formacion-en-debate-academico-jurados-curso-25-26\/","url_meta":{"origin":7950,"position":0},"title":"CURSO FORMACI\u00d3N EN DEBATE ACAD\u00c9MICO: JURADOS. CURSO 25-26","author":"Encarni Jim\u00e9nez Rosado","date":"13 enero, 2026","format":false,"excerpt":"Abierto el plazo de inscripci\u00f3n para el curso \"FORMACI\u00d3N EN DEBATE ACAD\u00c9MICO: JURADOS. CURSO 25-26\" Dirigido a: Profesorado de Educaci\u00f3n Secundaria Obligatoria, Bachillerato, FP de Grado Medio. Inscripci\u00f3n: desde 13\/01\/2026 a 23\/01\/2026 Actividad: 27\/01\/2026 a 27\/02\/2026 Duraci\u00f3n: 12 horas (9 presenciales + 3 no presenciales) Lugar: Webex (de 16:00 a\u2026","rel":"","context":"En \u00abNoticias\u00bb","block_context":{"text":"Noticias","link":"https:\/\/cepronda.com\/blog\/category\/noticias\/"},"img":{"alt_text":"","src":"","width":0,"height":0},"classes":[]},{"id":8458,"url":"https:\/\/cepronda.com\/blog\/sistemas-de-gestion-seguridad-y-salud-en-el-trabajo\/","url_meta":{"origin":7950,"position":1},"title":"SISTEMAS DE GESTI\u00d3N SEGURIDAD Y SALUD EN EL TRABAJO","author":"Mamen Moreno","date":"5 abril, 2025","format":false,"excerpt":"Informamos de la apertura de plazo para solicitud de inscripci\u00f3n en la siguiente actividad formativa dirigida a profesorado de centros de las redes IESCA y profesorado de centros CPIFP T\u00edtulo:\u00a0SISTEMAS DE GESTI\u00d3N SEGURIDAD Y SALUD EN EL TRABAJO CONFORME A LA NORMA ISO 45001:2018 EN CENTROS EDUCATIVOS Modalidad:\u00a0Curso Semipresencial Enlace:\u00a0https:\/\/www.juntadeandalucia.es\/educacion\/secretariavirtual\/consultaCEP\/actividad\/251408FP016\/\u2026","rel":"","context":"En \u00abFormaciones\u00bb","block_context":{"text":"Formaciones","link":"https:\/\/cepronda.com\/blog\/category\/formaciones\/"},"img":{"alt_text":"","src":"https:\/\/i0.wp.com\/cepronda.com\/blog\/wp-content\/uploads\/2025\/04\/Post-de-Facebook-Inmobiliaria-Fotografico-Moderno-Azul-y-Gris-1.jpg?fit=940%2C788&ssl=1&resize=350%2C200","width":350,"height":200,"srcset":"https:\/\/i0.wp.com\/cepronda.com\/blog\/wp-content\/uploads\/2025\/04\/Post-de-Facebook-Inmobiliaria-Fotografico-Moderno-Azul-y-Gris-1.jpg?fit=940%2C788&ssl=1&resize=350%2C200 1x, https:\/\/i0.wp.com\/cepronda.com\/blog\/wp-content\/uploads\/2025\/04\/Post-de-Facebook-Inmobiliaria-Fotografico-Moderno-Azul-y-Gris-1.jpg?fit=940%2C788&ssl=1&resize=525%2C300 1.5x, https:\/\/i0.wp.com\/cepronda.com\/blog\/wp-content\/uploads\/2025\/04\/Post-de-Facebook-Inmobiliaria-Fotografico-Moderno-Azul-y-Gris-1.jpg?fit=940%2C788&ssl=1&resize=700%2C400 2x"},"classes":[]},{"id":9148,"url":"https:\/\/cepronda.com\/blog\/liderazgo-efectivo-para-el-exito-de-la-ensenanza-bilingue\/","url_meta":{"origin":7950,"position":2},"title":"LIDERAZGO EFECTIVO PARA EL \u00c9XITO DE LA ENSE\u00d1ANZA BILING\u00dcE","author":"Inmaculada Garc\u00eda","date":"18 diciembre, 2025","format":false,"excerpt":"Se encuentra abierto el plazo de inscripci\u00f3n para la formaci\u00f3n semipresencial: \"LIDERAZGO EFECTIVO PARA EL \u00c9XITO DE LA ENSE\u00d1ANZA BILING\u00dcE\" . C\u00f3digo: 269903QPI442 Curso semipresencial de 30 horas: 10 horas presenciales (5 videoconferencias) 20 horas no presenciales \u00c1mbito: Regional Fechas: 20 de enero al 23 de marzo. M\u00e1s informaci\u00f3n e\u2026","rel":"","context":"En \u00abFormaciones\u00bb","block_context":{"text":"Formaciones","link":"https:\/\/cepronda.com\/blog\/category\/formaciones\/"},"img":{"alt_text":"","src":"https:\/\/i0.wp.com\/cepronda.com\/blog\/wp-content\/uploads\/2025\/12\/Copia-de-Copia-de-IG.-DIFUSION-CURSOS.-HAZ-UNA-COPIA.png?fit=1080%2C1080&ssl=1&resize=350%2C200","width":350,"height":200,"srcset":"https:\/\/i0.wp.com\/cepronda.com\/blog\/wp-content\/uploads\/2025\/12\/Copia-de-Copia-de-IG.-DIFUSION-CURSOS.-HAZ-UNA-COPIA.png?fit=1080%2C1080&ssl=1&resize=350%2C200 1x, https:\/\/i0.wp.com\/cepronda.com\/blog\/wp-content\/uploads\/2025\/12\/Copia-de-Copia-de-IG.-DIFUSION-CURSOS.-HAZ-UNA-COPIA.png?fit=1080%2C1080&ssl=1&resize=525%2C300 1.5x, https:\/\/i0.wp.com\/cepronda.com\/blog\/wp-content\/uploads\/2025\/12\/Copia-de-Copia-de-IG.-DIFUSION-CURSOS.-HAZ-UNA-COPIA.png?fit=1080%2C1080&ssl=1&resize=700%2C400 2x, https:\/\/i0.wp.com\/cepronda.com\/blog\/wp-content\/uploads\/2025\/12\/Copia-de-Copia-de-IG.-DIFUSION-CURSOS.-HAZ-UNA-COPIA.png?fit=1080%2C1080&ssl=1&resize=1050%2C600 3x"},"classes":[]},{"id":9418,"url":"https:\/\/cepronda.com\/blog\/acompanamiento-educativo-en-situacion-de-duelo\/","url_meta":{"origin":7950,"position":3},"title":"ACOMPA\u00d1AMIENTO EDUCATIVO EN SITUACI\u00d3N DE DUELO","author":"Inmaculada Garc\u00eda","date":"2 marzo, 2026","format":false,"excerpt":"Se encuentra abierto el plazo de inscripci\u00f3n para el curso regional: ACOMPA\u00d1AMIENTO EDUCATIVO EN SITUACI\u00d3N DE DUELO, con c\u00f3digo 269928CI547. Curso a Distancia de 30 horas no presenciales. Fecha inscripci\u00f3n: 24\/02\/2026 hasta 03\/03\/2026. Fecha actividad: 16\/03\/2026 hasta 28\/04\/2026. Para m\u00e1s informaci\u00f3n e inscripci\u00f3n: https:\/\/secretariavirtual.juntadeandalucia.es\/secretariavirtual\/consultaCEP\/actividad\/269928CI547\/","rel":"","context":"En \u00abFormaciones\u00bb","block_context":{"text":"Formaciones","link":"https:\/\/cepronda.com\/blog\/category\/formaciones\/"},"img":{"alt_text":"","src":"https:\/\/i0.wp.com\/cepronda.com\/blog\/wp-content\/uploads\/2026\/03\/duelo.jpg?fit=1080%2C1080&ssl=1&resize=350%2C200","width":350,"height":200,"srcset":"https:\/\/i0.wp.com\/cepronda.com\/blog\/wp-content\/uploads\/2026\/03\/duelo.jpg?fit=1080%2C1080&ssl=1&resize=350%2C200 1x, https:\/\/i0.wp.com\/cepronda.com\/blog\/wp-content\/uploads\/2026\/03\/duelo.jpg?fit=1080%2C1080&ssl=1&resize=525%2C300 1.5x, https:\/\/i0.wp.com\/cepronda.com\/blog\/wp-content\/uploads\/2026\/03\/duelo.jpg?fit=1080%2C1080&ssl=1&resize=700%2C400 2x, https:\/\/i0.wp.com\/cepronda.com\/blog\/wp-content\/uploads\/2026\/03\/duelo.jpg?fit=1080%2C1080&ssl=1&resize=1050%2C600 3x"},"classes":[]},{"id":5134,"url":"https:\/\/cepronda.com\/blog\/curso-para-personal-de-puestos-especificos-en-el-entorno-de-aulas-hospitalarias\/","url_meta":{"origin":7950,"position":4},"title":"CURSO PARA PERSONAL DE PUESTOS ESPEC\u00cdFICOS EN EL ENTORNO DE AULAS HOSPITALARIAS","author":"Maribel Mu\u00f1oz","date":"18 febrero, 2022","format":false,"excerpt":"Buenas tardes compa\u00f1eras y compa\u00f1eros Os informamos que est\u00e1 abierto el plazo de\u00a0 inscripci\u00f3n de la actividad formativa CURSO PARA PERSONAL DE PUESTOS ESPEC\u00cdFICOS EN EL ENTORNO DE AULAS HOSPITALARIAS. Se trata de una formaci\u00f3n con las siguientes caracter\u00edsticas: Modalidad: Curso a Distancia \u00c1mbito: Regional C\u00f3digo: 229927KPF392 Fecha actividad: 14\/03\/2022\u2026","rel":"","context":"En \u00abFormaciones\u00bb","block_context":{"text":"Formaciones","link":"https:\/\/cepronda.com\/blog\/category\/formaciones\/"},"img":{"alt_text":"","src":"https:\/\/i0.wp.com\/cepronda.com\/blog\/wp-content\/uploads\/2020\/03\/S%C2%B0mbolo-gen%C3%87rico-RRSS-redondo-negativo.png?fit=1200%2C1200&ssl=1&resize=350%2C200","width":350,"height":200,"srcset":"https:\/\/i0.wp.com\/cepronda.com\/blog\/wp-content\/uploads\/2020\/03\/S%C2%B0mbolo-gen%C3%87rico-RRSS-redondo-negativo.png?fit=1200%2C1200&ssl=1&resize=350%2C200 1x, https:\/\/i0.wp.com\/cepronda.com\/blog\/wp-content\/uploads\/2020\/03\/S%C2%B0mbolo-gen%C3%87rico-RRSS-redondo-negativo.png?fit=1200%2C1200&ssl=1&resize=525%2C300 1.5x, https:\/\/i0.wp.com\/cepronda.com\/blog\/wp-content\/uploads\/2020\/03\/S%C2%B0mbolo-gen%C3%87rico-RRSS-redondo-negativo.png?fit=1200%2C1200&ssl=1&resize=700%2C400 2x, https:\/\/i0.wp.com\/cepronda.com\/blog\/wp-content\/uploads\/2020\/03\/S%C2%B0mbolo-gen%C3%87rico-RRSS-redondo-negativo.png?fit=1200%2C1200&ssl=1&resize=1050%2C600 3x"},"classes":[]},{"id":8356,"url":"https:\/\/cepronda.com\/blog\/iniciacion-al-pensamiento-computacional-con-python\/","url_meta":{"origin":7950,"position":5},"title":"INICIACI\u00d3N AL PENSAMIENTO COMPUTACIONAL CON PYTHON","author":"Inmaculada Garc\u00eda","date":"13 marzo, 2025","format":false,"excerpt":"Abierto el plazo de inscripci\u00f3n en la actividad regional \"INICIACI\u00d3N AL PENSAMIENTO COMPUTACIONAL CON PYTHON\", con c\u00f3digo 251812GE102. \u00a0 Inscripciones: desde el 05\/03\/2025 hasta el 21\/03\/2025 Modalidad: Curso a Distancia. Horas no presenciales totales: 50 N\u00ba de plazas: 120 Dirigido a: Internivelar \u00a0 Enlace a la inscripci\u00f3n: https:\/\/www.juntadeandalucia.es\/educacion\/secretariavirtual\/consultaCEP\/actividad\/251812GE102\/ \u00a0 Para\u2026","rel":"","context":"En \u00abFormaciones\u00bb","block_context":{"text":"Formaciones","link":"https:\/\/cepronda.com\/blog\/category\/formaciones\/"},"img":{"alt_text":"","src":"https:\/\/i0.wp.com\/cepronda.com\/blog\/wp-content\/uploads\/2025\/03\/251812GE102-PYTHON_INICIAL-1.jpg?fit=1080%2C1080&ssl=1&resize=350%2C200","width":350,"height":200,"srcset":"https:\/\/i0.wp.com\/cepronda.com\/blog\/wp-content\/uploads\/2025\/03\/251812GE102-PYTHON_INICIAL-1.jpg?fit=1080%2C1080&ssl=1&resize=350%2C200 1x, https:\/\/i0.wp.com\/cepronda.com\/blog\/wp-content\/uploads\/2025\/03\/251812GE102-PYTHON_INICIAL-1.jpg?fit=1080%2C1080&ssl=1&resize=525%2C300 1.5x, https:\/\/i0.wp.com\/cepronda.com\/blog\/wp-content\/uploads\/2025\/03\/251812GE102-PYTHON_INICIAL-1.jpg?fit=1080%2C1080&ssl=1&resize=700%2C400 2x, https:\/\/i0.wp.com\/cepronda.com\/blog\/wp-content\/uploads\/2025\/03\/251812GE102-PYTHON_INICIAL-1.jpg?fit=1080%2C1080&ssl=1&resize=1050%2C600 3x"},"classes":[]}],"jetpack_sharing_enabled":true,"_links":{"self":[{"href":"https:\/\/cepronda.com\/blog\/wp-json\/wp\/v2\/posts\/7950","targetHints":{"allow":["GET"]}}],"collection":[{"href":"https:\/\/cepronda.com\/blog\/wp-json\/wp\/v2\/posts"}],"about":[{"href":"https:\/\/cepronda.com\/blog\/wp-json\/wp\/v2\/types\/post"}],"author":[{"embeddable":true,"href":"https:\/\/cepronda.com\/blog\/wp-json\/wp\/v2\/users\/9"}],"replies":[{"embeddable":true,"href":"https:\/\/cepronda.com\/blog\/wp-json\/wp\/v2\/comments?post=7950"}],"version-history":[{"count":1,"href":"https:\/\/cepronda.com\/blog\/wp-json\/wp\/v2\/posts\/7950\/revisions"}],"predecessor-version":[{"id":7951,"href":"https:\/\/cepronda.com\/blog\/wp-json\/wp\/v2\/posts\/7950\/revisions\/7951"}],"wp:featuredmedia":[{"embeddable":true,"href":"https:\/\/cepronda.com\/blog\/wp-json\/wp\/v2\/media\/7948"}],"wp:attachment":[{"href":"https:\/\/cepronda.com\/blog\/wp-json\/wp\/v2\/media?parent=7950"}],"wp:term":[{"taxonomy":"category","embeddable":true,"href":"https:\/\/cepronda.com\/blog\/wp-json\/wp\/v2\/categories?post=7950"},{"taxonomy":"post_tag","embeddable":true,"href":"https:\/\/cepronda.com\/blog\/wp-json\/wp\/v2\/tags?post=7950"}],"curies":[{"name":"wp","href":"https:\/\/api.w.org\/{rel}","templated":true}]}}