{"id":7946,"date":"2024-12-17T11:26:57","date_gmt":"2024-12-17T10:26:57","guid":{"rendered":"https:\/\/cepronda.com\/blog\/?p=7946"},"modified":"2025-04-28T12:15:17","modified_gmt":"2025-04-28T10:15:17","slug":"curso-provincial-jornadas-de-formacion-cambridge-con-codigo-259923kpi441","status":"publish","type":"post","link":"https:\/\/cepronda.com\/blog\/curso-provincial-jornadas-de-formacion-cambridge-con-codigo-259923kpi441\/","title":{"rendered":"CURSO PROVINCIAL \u00abJornadas de formaci\u00f3n Cambridge\u00bb, con c\u00f3digo: 259923KPI441."},"content":{"rendered":"<div class=\"\" data-block=\"true\" data-editor=\"91qm2\" data-offset-key=\"7ran0-0-0\">\n<div class=\"_1mf _1mj\" data-offset-key=\"7ran0-0-0\"><span data-offset-key=\"7ran0-0-0\">Abierto el plazo de solicitudes para el<\/span><\/div>\n<\/div>\n<div class=\"\" data-block=\"true\" data-editor=\"91qm2\" data-offset-key=\"flmbj-0-0\">\n<div class=\"_1mf _1mj\" data-offset-key=\"flmbj-0-0\"><\/div>\n<\/div>\n<div class=\"\" data-block=\"true\" data-editor=\"91qm2\" data-offset-key=\"bgi4n-0-0\">\n<div class=\"_1mf _1mj\" data-offset-key=\"bgi4n-0-0\"><span data-offset-key=\"bgi4n-0-0\">PLAZO DE INSCRIPCI\u00d3N:<\/span><\/div>\n<\/div>\n<div class=\"\" data-block=\"true\" data-editor=\"91qm2\" data-offset-key=\"fg8tb-0-0\">\n<div class=\"_1mf _1mj\" data-offset-key=\"fg8tb-0-0\"><span data-offset-key=\"fg8tb-0-0\">Presentaci\u00f3n solicitudes: Inscripciones del 13\/12\/2024 al 08\/01\/2025 <\/span><\/div>\n<\/div>\n<div class=\"\" data-block=\"true\" data-editor=\"91qm2\" data-offset-key=\"ajn9t-0-0\">\n<div class=\"_1mf _1mj\" data-offset-key=\"ajn9t-0-0\"><span data-offset-key=\"ajn9t-0-0\">FECHA DE REALIZACI\u00d3N:<\/span><\/div>\n<\/div>\n<div class=\"\" data-block=\"true\" data-editor=\"91qm2\" data-offset-key=\"1qqff-0-0\">\n<div class=\"_1mf _1mj\" data-offset-key=\"1qqff-0-0\"><span data-offset-key=\"1qqff-0-0\">Fechas de actividad: 16\/01\/2025 al 03\/03\/2025 <\/span><\/div>\n<\/div>\n<div class=\"\" data-block=\"true\" data-editor=\"91qm2\" data-offset-key=\"2ar6k-0-0\">\n<div class=\"_1mf _1mj\" data-offset-key=\"2ar6k-0-0\"><span data-offset-key=\"2ar6k-0-0\">Lugar de realizaci\u00f3n: Aula Virtual de Formaci\u00f3n del Profesorado <\/span><\/div>\n<\/div>\n<div class=\"\" data-block=\"true\" data-editor=\"91qm2\" data-offset-key=\"5vegr-0-0\">\n<div class=\"_1mf _1mj\" data-offset-key=\"5vegr-0-0\"><span data-offset-key=\"5vegr-0-0\">\u270f\ufe0fInscripci\u00f3n: <a href=\"https:\/\/www.juntadeandalucia.es\/educacion\/secretariavirtual\/consultaCEP\/actividad\/259923KPI441\/\">https:\/\/www.juntadeandalucia.es\/educacion\/secretariavirtual\/consultaCEP\/actividad\/259923KPI441\/<\/a><\/span><\/div>\n<\/div>\n<div data-offset-key=\"5vegr-0-0\"><\/div>\n<div data-offset-key=\"5vegr-0-0\"><a href=\"https:\/\/www.juntadeandalucia.es\/educacion\/secretariavirtual\/consultaCEP\/actividad\/259923KPI441\/\"><span data-offset-key=\"7ran0-0-0\"><img data-recalc-dims=\"1\" loading=\"lazy\" decoding=\"async\" class=\"aligncenter wp-image-7947\" src=\"https:\/\/i0.wp.com\/cepronda.com\/blog\/wp-content\/uploads\/2024\/12\/WhatsApp-Image-2024-12-17-at-11.11.55.jpeg?resize=510%2C510&#038;ssl=1\" alt=\"\" width=\"510\" height=\"510\" srcset=\"https:\/\/i0.wp.com\/cepronda.com\/blog\/wp-content\/uploads\/2024\/12\/WhatsApp-Image-2024-12-17-at-11.11.55.jpeg?resize=1024%2C1024&amp;ssl=1 1024w, https:\/\/i0.wp.com\/cepronda.com\/blog\/wp-content\/uploads\/2024\/12\/WhatsApp-Image-2024-12-17-at-11.11.55.jpeg?resize=300%2C300&amp;ssl=1 300w, https:\/\/i0.wp.com\/cepronda.com\/blog\/wp-content\/uploads\/2024\/12\/WhatsApp-Image-2024-12-17-at-11.11.55.jpeg?resize=150%2C150&amp;ssl=1 150w, https:\/\/i0.wp.com\/cepronda.com\/blog\/wp-content\/uploads\/2024\/12\/WhatsApp-Image-2024-12-17-at-11.11.55.jpeg?resize=768%2C768&amp;ssl=1 768w, https:\/\/i0.wp.com\/cepronda.com\/blog\/wp-content\/uploads\/2024\/12\/WhatsApp-Image-2024-12-17-at-11.11.55.jpeg?resize=50%2C50&amp;ssl=1 50w, https:\/\/i0.wp.com\/cepronda.com\/blog\/wp-content\/uploads\/2024\/12\/WhatsApp-Image-2024-12-17-at-11.11.55.jpeg?w=1080&amp;ssl=1 1080w\" sizes=\"auto, (max-width: 510px) 100vw, 510px\" \/><\/span><\/a><\/div>\n<div data-offset-key=\"5vegr-0-0\"><\/div>\n","protected":false},"excerpt":{"rendered":"<p>Abierto el plazo de solicitudes para el PLAZO DE INSCRIPCI\u00d3N: Presentaci\u00f3n solicitudes: Inscripciones del 13\/12\/2024 al 08\/01\/2025 FECHA DE REALIZACI\u00d3N: Fechas de actividad: 16\/01\/2025 al 03\/03\/2025 Lugar de realizaci\u00f3n: Aula Virtual de Formaci\u00f3n del Profesorado \u270f\ufe0fInscripci\u00f3n: https:\/\/www.juntadeandalucia.es\/educacion\/secretariavirtual\/consultaCEP\/actividad\/259923KPI441\/<\/p>\n","protected":false},"author":9,"featured_media":7947,"comment_status":"closed","ping_status":"open","sticky":false,"template":"","format":"standard","meta":{"_crdt_document":"","advanced_seo_description":"","jetpack_seo_html_title":"","jetpack_seo_noindex":false,"jetpack_post_was_ever_published":false,"_jetpack_newsletter_access":"","_jetpack_dont_email_post_to_subs":false,"_jetpack_newsletter_tier_id":0,"_jetpack_memberships_contains_paywalled_content":false,"_jetpack_memberships_contains_paid_content":false,"footnotes":"","jetpack_publicize_message":"","jetpack_publicize_feature_enabled":true,"jetpack_social_post_already_shared":false,"jetpack_social_options":{"image_generator_settings":{"template":"highway","default_image_id":0,"font":"","enabled":false},"version":2}},"categories":[3,5],"tags":[],"class_list":{"0":"post-7946","1":"post","2":"type-post","3":"status-publish","4":"format-standard","5":"has-post-thumbnail","7":"category-formaciones","8":"category-noticias","9":"czr-hentry"},"jetpack_publicize_connections":[],"jetpack_featured_media_url":"https:\/\/i0.wp.com\/cepronda.com\/blog\/wp-content\/uploads\/2024\/12\/WhatsApp-Image-2024-12-17-at-11.11.55.jpeg?fit=1080%2C1080&ssl=1","jetpack_shortlink":"https:\/\/wp.me\/p8M4X7-24a","jetpack-related-posts":[{"id":7775,"url":"https:\/\/cepronda.com\/blog\/gestion-economica-para-secretarias-noveles\/","url_meta":{"origin":7946,"position":0},"title":"GESTI\u00d3N ECON\u00d3MICA PARA SECRETAR\u00cdAS NOVELES\u00a0","author":"Mamen Moreno","date":"8 octubre, 2024","format":false,"excerpt":"Abierto plazo de solicitudes para el\u00a0curso online con videoconferencias en directo, organizado por el CEP de V\u00e9lez-M\u00e1laga: GESTI\u00d3N ECON\u00d3MICA PARA SECRETAR\u00cdAS NOVELES\u00a0 con c\u00f3digo 259926PF001. Sesiones online:\u00a024 y 29 de octubre, 7 y 14 de noviembre. Plazo de solicitudes hasta el 21 de octubre de 2024:\u00a0https:\/\/www.juntadeandalucia.es\/educacion\/secretariavirtual\/consultaCEP\/actividad\/259926PF001\/ \u00a0","rel":"","context":"En \u00abFormaciones\u00bb","block_context":{"text":"Formaciones","link":"https:\/\/cepronda.com\/blog\/category\/formaciones\/"},"img":{"alt_text":"","src":"https:\/\/i0.wp.com\/cepronda.com\/blog\/wp-content\/uploads\/2024\/10\/SECRETARIAS-NOVELES-2024_25.png?fit=1080%2C1080&ssl=1&resize=350%2C200","width":350,"height":200,"srcset":"https:\/\/i0.wp.com\/cepronda.com\/blog\/wp-content\/uploads\/2024\/10\/SECRETARIAS-NOVELES-2024_25.png?fit=1080%2C1080&ssl=1&resize=350%2C200 1x, https:\/\/i0.wp.com\/cepronda.com\/blog\/wp-content\/uploads\/2024\/10\/SECRETARIAS-NOVELES-2024_25.png?fit=1080%2C1080&ssl=1&resize=525%2C300 1.5x, https:\/\/i0.wp.com\/cepronda.com\/blog\/wp-content\/uploads\/2024\/10\/SECRETARIAS-NOVELES-2024_25.png?fit=1080%2C1080&ssl=1&resize=700%2C400 2x, https:\/\/i0.wp.com\/cepronda.com\/blog\/wp-content\/uploads\/2024\/10\/SECRETARIAS-NOVELES-2024_25.png?fit=1080%2C1080&ssl=1&resize=1050%2C600 3x"},"classes":[]},{"id":5785,"url":"https:\/\/cepronda.com\/blog\/curso-para-profesorado-de-area-no-linguistica-en-ingles\/","url_meta":{"origin":7946,"position":1},"title":"CURSO PARA PROFESORADO DE \u00c1REA NO LING\u00dc\u00cdSTICA EN INGL\u00c9S","author":"Mamen Moreno","date":"15 febrero, 2023","format":false,"excerpt":"Abierto plazo de solicitudes para actividad regional a distancia: https:\/\/www.juntadeandalucia.es\/educacion\/secretariavirtual\/consultaCEP\/actividad\/23K9926AV156\/ Dirigido a profesorado de primaria y de secundaria. Inicio del plazo de solicitudes: del 15\/02\/2023 al 06\/03\/2023 Listado definitivos del curso: 10\/03\/2023 Fechas para realizaci\u00f3n de la actividad: del 13\/03\/2023 al 24\/04\/2023 Rogamos difusi\u00f3n al profesorado de ANL del centro\u2026","rel":"","context":"En \u00abFormaciones\u00bb","block_context":{"text":"Formaciones","link":"https:\/\/cepronda.com\/blog\/category\/formaciones\/"},"img":{"alt_text":"","src":"https:\/\/i0.wp.com\/cepronda.com\/blog\/wp-content\/uploads\/2023\/02\/WhatsApp-Image-2023-02-15-at-11.15.43-1.jpeg?fit=1080%2C1080&ssl=1&resize=350%2C200","width":350,"height":200,"srcset":"https:\/\/i0.wp.com\/cepronda.com\/blog\/wp-content\/uploads\/2023\/02\/WhatsApp-Image-2023-02-15-at-11.15.43-1.jpeg?fit=1080%2C1080&ssl=1&resize=350%2C200 1x, https:\/\/i0.wp.com\/cepronda.com\/blog\/wp-content\/uploads\/2023\/02\/WhatsApp-Image-2023-02-15-at-11.15.43-1.jpeg?fit=1080%2C1080&ssl=1&resize=525%2C300 1.5x, https:\/\/i0.wp.com\/cepronda.com\/blog\/wp-content\/uploads\/2023\/02\/WhatsApp-Image-2023-02-15-at-11.15.43-1.jpeg?fit=1080%2C1080&ssl=1&resize=700%2C400 2x, https:\/\/i0.wp.com\/cepronda.com\/blog\/wp-content\/uploads\/2023\/02\/WhatsApp-Image-2023-02-15-at-11.15.43-1.jpeg?fit=1080%2C1080&ssl=1&resize=1050%2C600 3x"},"classes":[]},{"id":5782,"url":"https:\/\/cepronda.com\/blog\/curso-para-profesorado-de-area-no-linguistica-en-frances\/","url_meta":{"origin":7946,"position":2},"title":"CURSO PARA PROFESORADO DE \u00c1REA NO LING\u00dc\u00cdSTICA EN FRANC\u00c9S","author":"Mamen Moreno","date":"15 febrero, 2023","format":false,"excerpt":"Abierto plazo de solicitudes para actividad regional a distancia: https:\/\/www.juntadeandalucia.es\/educacion\/secretariavirtual\/consultaCEP\/actividad\/23K9926AV155\/ Dirigido a profesorado de primaria y de secundaria. Inicio del plazo de solicitudes: del 15\/02\/2023 al 06\/03\/2023 Listado definitivos del curso: 10\/03\/2023 Fechas para realizaci\u00f3n de la actividad: del 13\/03\/2023 al 24\/04\/2023 Rogamos difusi\u00f3n al profesorado de ANL del centro\u2026","rel":"","context":"En \u00abFormaciones\u00bb","block_context":{"text":"Formaciones","link":"https:\/\/cepronda.com\/blog\/category\/formaciones\/"},"img":{"alt_text":"","src":"https:\/\/i0.wp.com\/cepronda.com\/blog\/wp-content\/uploads\/2023\/02\/WhatsApp-Image-2023-02-15-at-11.15.43.jpeg?fit=1080%2C1080&ssl=1&resize=350%2C200","width":350,"height":200,"srcset":"https:\/\/i0.wp.com\/cepronda.com\/blog\/wp-content\/uploads\/2023\/02\/WhatsApp-Image-2023-02-15-at-11.15.43.jpeg?fit=1080%2C1080&ssl=1&resize=350%2C200 1x, https:\/\/i0.wp.com\/cepronda.com\/blog\/wp-content\/uploads\/2023\/02\/WhatsApp-Image-2023-02-15-at-11.15.43.jpeg?fit=1080%2C1080&ssl=1&resize=525%2C300 1.5x, https:\/\/i0.wp.com\/cepronda.com\/blog\/wp-content\/uploads\/2023\/02\/WhatsApp-Image-2023-02-15-at-11.15.43.jpeg?fit=1080%2C1080&ssl=1&resize=700%2C400 2x, https:\/\/i0.wp.com\/cepronda.com\/blog\/wp-content\/uploads\/2023\/02\/WhatsApp-Image-2023-02-15-at-11.15.43.jpeg?fit=1080%2C1080&ssl=1&resize=1050%2C600 3x"},"classes":[]},{"id":5657,"url":"https:\/\/cepronda.com\/blog\/elaboracion-de-proyectos-de-calidad-erasmus-2023\/","url_meta":{"origin":7946,"position":3},"title":"ELABORACI\u00d3N DE PROYECTOS DE CALIDAD ERASMUS 2023","author":"Mamen Moreno","date":"13 diciembre, 2022","format":false,"excerpt":"Se encuentra abierto el plazo de solicitudes de la actividad formativa ELABORACI\u00d3N DE PROYECTOS DE CALIDAD ERASMUS 2023 Curso dirigido a Equipos Directivos y profesorado interesado en participar en el Programa Erasmus+ en los pr\u00f3ximos cursos acad\u00e9micos Curso a distancia en el Aula Virtual de Formaci\u00f3n del Profesorado \u270d\ufe0f Inscripciones\u2026","rel":"","context":"En \u00abFormaciones\u00bb","block_context":{"text":"Formaciones","link":"https:\/\/cepronda.com\/blog\/category\/formaciones\/"},"img":{"alt_text":"","src":"https:\/\/i0.wp.com\/cepronda.com\/blog\/wp-content\/uploads\/2022\/12\/d8f22376-1582-46c4-b762-083e18e67201-2.jpg?fit=1080%2C1080&ssl=1&resize=350%2C200","width":350,"height":200,"srcset":"https:\/\/i0.wp.com\/cepronda.com\/blog\/wp-content\/uploads\/2022\/12\/d8f22376-1582-46c4-b762-083e18e67201-2.jpg?fit=1080%2C1080&ssl=1&resize=350%2C200 1x, https:\/\/i0.wp.com\/cepronda.com\/blog\/wp-content\/uploads\/2022\/12\/d8f22376-1582-46c4-b762-083e18e67201-2.jpg?fit=1080%2C1080&ssl=1&resize=525%2C300 1.5x, https:\/\/i0.wp.com\/cepronda.com\/blog\/wp-content\/uploads\/2022\/12\/d8f22376-1582-46c4-b762-083e18e67201-2.jpg?fit=1080%2C1080&ssl=1&resize=700%2C400 2x, https:\/\/i0.wp.com\/cepronda.com\/blog\/wp-content\/uploads\/2022\/12\/d8f22376-1582-46c4-b762-083e18e67201-2.jpg?fit=1080%2C1080&ssl=1&resize=1050%2C600 3x"},"classes":[]},{"id":7561,"url":"https:\/\/cepronda.com\/blog\/actividades-programa-cima\/","url_meta":{"origin":7946,"position":4},"title":"ACTIVIDADES PROGRAMA CIMA","author":"Mamen Moreno","date":"11 abril, 2024","format":false,"excerpt":"Abierto plazo de solicitudes de tres actividades formativas REGIONALES para docentes participantes en el programa CIMA: \"RECAPACICLA, EDUCACI\u00d3N PARA LA CIRCULARIDAD\": https:\/\/www.juntadeandalucia.es\/educacion\/secretariavirtual\/consultaCEP\/actividad\/249920EA114\/ \"LA AVENTURA DE NUESTRO ECOHUERTO\": https:\/\/www.juntadeandalucia.es\/educacion\/secretariavirtual\/consultaCEP\/actividad\/249907EA144\/ \u00a1T\u00da PUEDES SER OL\u00cdMPIC@! UNA PROPUESTA EDUCATIVA E INTEGRADORA A TRAV\u00c9S DEL OLIMPISMO: https:\/\/www.juntadeandalucia.es\/educacion\/secretariavirtual\/consultaCEP\/actividad\/249932HVS258\/ Solicitudes de inscripci\u00f3n: del 11 al 17 de\u2026","rel":"","context":"En \u00abFormaciones\u00bb","block_context":{"text":"Formaciones","link":"https:\/\/cepronda.com\/blog\/category\/formaciones\/"},"img":{"alt_text":"","src":"https:\/\/i0.wp.com\/cepronda.com\/blog\/wp-content\/uploads\/2024\/04\/Copia-de-TEATRO-SEMIOTICA-1-1.png?fit=1080%2C1080&ssl=1&resize=350%2C200","width":350,"height":200,"srcset":"https:\/\/i0.wp.com\/cepronda.com\/blog\/wp-content\/uploads\/2024\/04\/Copia-de-TEATRO-SEMIOTICA-1-1.png?fit=1080%2C1080&ssl=1&resize=350%2C200 1x, https:\/\/i0.wp.com\/cepronda.com\/blog\/wp-content\/uploads\/2024\/04\/Copia-de-TEATRO-SEMIOTICA-1-1.png?fit=1080%2C1080&ssl=1&resize=525%2C300 1.5x, https:\/\/i0.wp.com\/cepronda.com\/blog\/wp-content\/uploads\/2024\/04\/Copia-de-TEATRO-SEMIOTICA-1-1.png?fit=1080%2C1080&ssl=1&resize=700%2C400 2x, https:\/\/i0.wp.com\/cepronda.com\/blog\/wp-content\/uploads\/2024\/04\/Copia-de-TEATRO-SEMIOTICA-1-1.png?fit=1080%2C1080&ssl=1&resize=1050%2C600 3x"},"classes":[]},{"id":697,"url":"https:\/\/cepronda.com\/blog\/inteligencia-emocional-nivel-i-zona-cortes-de-la-frontera\/","url_meta":{"origin":7946,"position":5},"title":"INTELIGENCIA EMOCIONAL. NIVEL I (ZONA CORTES DE LA FRONTERA)","author":"V\u00edctor Caballero","date":"22 febrero, 2017","format":false,"excerpt":"Abierto el plazo de solicitudes para el curso Inteligencia Emocional. Nivel I en Cortes de la Frontera, que comenzaremos a la vuelta de las vacaciones\u00a0Semana Blanca (mi\u00e9rcoles 8 de marzo) Para saber m\u00e1s e inscribirte pincha AQU\u00cd","rel":"","context":"En \u00abFormaciones\u00bb","block_context":{"text":"Formaciones","link":"https:\/\/cepronda.com\/blog\/category\/formaciones\/"},"img":{"alt_text":"","src":"","width":0,"height":0},"classes":[]}],"jetpack_sharing_enabled":true,"_links":{"self":[{"href":"https:\/\/cepronda.com\/blog\/wp-json\/wp\/v2\/posts\/7946","targetHints":{"allow":["GET"]}}],"collection":[{"href":"https:\/\/cepronda.com\/blog\/wp-json\/wp\/v2\/posts"}],"about":[{"href":"https:\/\/cepronda.com\/blog\/wp-json\/wp\/v2\/types\/post"}],"author":[{"embeddable":true,"href":"https:\/\/cepronda.com\/blog\/wp-json\/wp\/v2\/users\/9"}],"replies":[{"embeddable":true,"href":"https:\/\/cepronda.com\/blog\/wp-json\/wp\/v2\/comments?post=7946"}],"version-history":[{"count":1,"href":"https:\/\/cepronda.com\/blog\/wp-json\/wp\/v2\/posts\/7946\/revisions"}],"predecessor-version":[{"id":7949,"href":"https:\/\/cepronda.com\/blog\/wp-json\/wp\/v2\/posts\/7946\/revisions\/7949"}],"wp:featuredmedia":[{"embeddable":true,"href":"https:\/\/cepronda.com\/blog\/wp-json\/wp\/v2\/media\/7947"}],"wp:attachment":[{"href":"https:\/\/cepronda.com\/blog\/wp-json\/wp\/v2\/media?parent=7946"}],"wp:term":[{"taxonomy":"category","embeddable":true,"href":"https:\/\/cepronda.com\/blog\/wp-json\/wp\/v2\/categories?post=7946"},{"taxonomy":"post_tag","embeddable":true,"href":"https:\/\/cepronda.com\/blog\/wp-json\/wp\/v2\/tags?post=7946"}],"curies":[{"name":"wp","href":"https:\/\/api.w.org\/{rel}","templated":true}]}}