{"id":7940,"date":"2024-12-16T09:45:13","date_gmt":"2024-12-16T08:45:13","guid":{"rendered":"https:\/\/cepronda.com\/blog\/?p=7940"},"modified":"2025-04-28T12:15:17","modified_gmt":"2025-04-28T10:15:17","slug":"actualizacion-metodologica-en-aicle-con-codigo-252922ge107","status":"publish","type":"post","link":"https:\/\/cepronda.com\/blog\/actualizacion-metodologica-en-aicle-con-codigo-252922ge107\/","title":{"rendered":"\u00abACTUALIZACI\u00d3N METODOL\u00d3GICA EN AICLE \u00ab, con c\u00f3digo 252922GE107."},"content":{"rendered":"<div class=\"xdj266r x11i5rnm xat24cr x1mh8g0r x1vvkbs x126k92a\">\n<div dir=\"auto\">Abierta la inscripci\u00f3n del curso provincial \u00abACTUALIZACI\u00d3N METODOL\u00d3GICA EN AICLE \u00ab, con c\u00f3digo 252922GE107.<\/div>\n<\/div>\n<div class=\"x11i5rnm xat24cr x1mh8g0r x1vvkbs xtlvy1s x126k92a\">\n<div dir=\"auto\"><span class=\"html-span xexx8yu x4uap5 x18d9i69 xkhd6sd x1hl2dhg x16tdsg8 x1vvkbs x3nfvp2 x1j61x8r x1fcty0u xdj266r xat24cr xgzva0m xhhsvwb xxymvpz xlup9mm x1kky2od\"><img loading=\"lazy\" decoding=\"async\" class=\"xz74otr\" src=\"https:\/\/static.xx.fbcdn.net\/images\/emoji.php\/v9\/te4\/1\/16\/270f.png\" alt=\"\u270f\" width=\"16\" height=\"16\" \/><\/span> Inscripci\u00f3n del 16\/12\/2024 AL 9\/01\/2025<\/div>\n<div dir=\"auto\"><span class=\"html-span xexx8yu x4uap5 x18d9i69 xkhd6sd x1hl2dhg x16tdsg8 x1vvkbs x3nfvp2 x1j61x8r x1fcty0u xdj266r xat24cr xgzva0m xhhsvwb xxymvpz xlup9mm x1kky2od\"><img loading=\"lazy\" decoding=\"async\" class=\"xz74otr\" src=\"https:\/\/static.xx.fbcdn.net\/images\/emoji.php\/v9\/t7e\/1\/16\/1f4c5.png\" alt=\"\" width=\"16\" height=\"16\" \/><\/span> Actividad del 20\/01 al 14\/03\/2025<\/div>\n<div dir=\"auto\"><span class=\"html-span xexx8yu x4uap5 x18d9i69 xkhd6sd x1hl2dhg x16tdsg8 x1vvkbs x3nfvp2 x1j61x8r x1fcty0u xdj266r xat24cr xgzva0m xhhsvwb xxymvpz xlup9mm x1kky2od\"><img loading=\"lazy\" decoding=\"async\" class=\"xz74otr\" src=\"https:\/\/static.xx.fbcdn.net\/images\/emoji.php\/v9\/t9e\/1\/16\/27a1.png\" alt=\"\u27a1\" width=\"16\" height=\"16\" \/><\/span> Duraci\u00f3n: 18 horas (12 h presenciales Webex y 6 h en el AVFP)<\/div>\n<div dir=\"auto\"><span class=\"html-span xexx8yu x4uap5 x18d9i69 xkhd6sd x1hl2dhg x16tdsg8 x1vvkbs x3nfvp2 x1j61x8r x1fcty0u xdj266r xat24cr xgzva0m xhhsvwb xxymvpz xlup9mm x1kky2od\"><img loading=\"lazy\" decoding=\"async\" class=\"xz74otr\" src=\"https:\/\/static.xx.fbcdn.net\/images\/emoji.php\/v9\/tb3\/1\/16\/1f517.png\" alt=\"\" width=\"16\" height=\"16\" \/><\/span> M\u00e1s informaci\u00f3n:<a href=\"https:\/\/www.juntadeandalucia.es\/educacion\/secretariavirtual\/consultaCEP\/actividad\/252922GE107\/\"><span class=\"html-span xdj266r x11i5rnm xat24cr x1mh8g0r xexx8yu x4uap5 x18d9i69 xkhd6sd x1hl2dhg x16tdsg8 x1vvkbs\"> https:\/\/www.juntadeandalucia.es\/educacion\/secretariavirtual\/consultaCEP\/actividad\/252922GE107<\/span>\/<\/a><\/div>\n<\/div>\n<div dir=\"auto\"><\/div>\n<div dir=\"auto\"><span class=\"html-span xdj266r x11i5rnm xat24cr x1mh8g0r xexx8yu x4uap5 x18d9i69 xkhd6sd x1hl2dhg x16tdsg8 x1vvkbs\"><a class=\"x1i10hfl xjbqb8w x1ejq31n xd10rxx x1sy0etr x17r0tee x972fbf xcfux6l x1qhh985 xm0m39n x9f619 x1ypdohk xt0psk2 xe8uvvx xdj266r x11i5rnm xat24cr x1mh8g0r xexx8yu x4uap5 x18d9i69 xkhd6sd x16tdsg8 x1hl2dhg xggy1nq x1a2a7pz x1sur9pj xkrqix3 x1fey0fg x1s688f\" tabindex=\"0\" role=\"link\" href=\"https:\/\/www.juntadeandalucia.es\/educacion\/secretariavirtual\/consultaCEP\/actividad\/252922GE107\/?fbclid=IwZXh0bgNhZW0CMTAAAR0geDuvQMpmKcIo_8pblpCIpK1BLFSto2DsSQQF1wHK5Zjj6vV3MAseTqU_aem_Fhsy98lChv9LPG7AnuDg1A\" target=\"_blank\" rel=\"nofollow noopener noreferrer\"><img data-recalc-dims=\"1\" loading=\"lazy\" decoding=\"async\" class=\"aligncenter wp-image-7941\" src=\"https:\/\/i0.wp.com\/cepronda.com\/blog\/wp-content\/uploads\/2024\/12\/Curso-actualizacion-metodologica-aicle.jpeg?resize=362%2C362&#038;ssl=1\" alt=\"\" width=\"362\" height=\"362\" srcset=\"https:\/\/i0.wp.com\/cepronda.com\/blog\/wp-content\/uploads\/2024\/12\/Curso-actualizacion-metodologica-aicle.jpeg?resize=1024%2C1024&amp;ssl=1 1024w, https:\/\/i0.wp.com\/cepronda.com\/blog\/wp-content\/uploads\/2024\/12\/Curso-actualizacion-metodologica-aicle.jpeg?resize=300%2C300&amp;ssl=1 300w, https:\/\/i0.wp.com\/cepronda.com\/blog\/wp-content\/uploads\/2024\/12\/Curso-actualizacion-metodologica-aicle.jpeg?resize=150%2C150&amp;ssl=1 150w, https:\/\/i0.wp.com\/cepronda.com\/blog\/wp-content\/uploads\/2024\/12\/Curso-actualizacion-metodologica-aicle.jpeg?resize=768%2C768&amp;ssl=1 768w, https:\/\/i0.wp.com\/cepronda.com\/blog\/wp-content\/uploads\/2024\/12\/Curso-actualizacion-metodologica-aicle.jpeg?resize=50%2C50&amp;ssl=1 50w, https:\/\/i0.wp.com\/cepronda.com\/blog\/wp-content\/uploads\/2024\/12\/Curso-actualizacion-metodologica-aicle.jpeg?w=1080&amp;ssl=1 1080w\" sizes=\"auto, (max-width: 362px) 100vw, 362px\" \/><br \/>\n<\/a><\/span><\/div>\n","protected":false},"excerpt":{"rendered":"<p>Abierta la inscripci\u00f3n del curso provincial \u00abACTUALIZACI\u00d3N METODOL\u00d3GICA EN AICLE \u00ab, con c\u00f3digo 252922GE107. Inscripci\u00f3n del 16\/12\/2024 AL 9\/01\/2025 Actividad del 20\/01 al 14\/03\/2025 Duraci\u00f3n: 18 horas (12 h presenciales Webex y 6 h en el AVFP) M\u00e1s informaci\u00f3n: https:\/\/www.juntadeandalucia.es\/educacion\/secretariavirtual\/consultaCEP\/actividad\/252922GE107\/<\/p>\n","protected":false},"author":9,"featured_media":7941,"comment_status":"closed","ping_status":"open","sticky":false,"template":"","format":"standard","meta":{"_crdt_document":"","advanced_seo_description":"","jetpack_seo_html_title":"","jetpack_seo_noindex":false,"jetpack_post_was_ever_published":false,"_jetpack_newsletter_access":"","_jetpack_dont_email_post_to_subs":false,"_jetpack_newsletter_tier_id":0,"_jetpack_memberships_contains_paywalled_content":false,"_jetpack_memberships_contains_paid_content":false,"footnotes":"","jetpack_publicize_message":"","jetpack_publicize_feature_enabled":true,"jetpack_social_post_already_shared":false,"jetpack_social_options":{"image_generator_settings":{"template":"highway","default_image_id":0,"font":"","enabled":false},"version":2}},"categories":[3,5],"tags":[381],"class_list":{"0":"post-7940","1":"post","2":"type-post","3":"status-publish","4":"format-standard","5":"has-post-thumbnail","7":"category-formaciones","8":"category-noticias","9":"tag-aicle","10":"czr-hentry"},"jetpack_publicize_connections":[],"jetpack_featured_media_url":"https:\/\/i0.wp.com\/cepronda.com\/blog\/wp-content\/uploads\/2024\/12\/Curso-actualizacion-metodologica-aicle.jpeg?fit=1080%2C1080&ssl=1","jetpack_shortlink":"https:\/\/wp.me\/p8M4X7-244","jetpack-related-posts":[{"id":5795,"url":"https:\/\/cepronda.com\/blog\/actualizacion-metodologica-de-la-ensenanza-del-espanol-como-lengua-extranjera\/","url_meta":{"origin":7940,"position":0},"title":"ACTUALIZACI\u00d3N METODOL\u00d3GICA DE LA ENSE\u00d1ANZA DEL ESPA\u00d1OL COMO LENGUA EXTRANJERA","author":"Mamen Moreno","date":"23 febrero, 2023","format":false,"excerpt":"Abierto el plazo de inscripci\u00f3n del curso provincial con videoconferencias en directo: M\u00e1s informaci\u00f3n e inscripci\u00f3n: https:\/\/www.juntadeandalucia.es\/educacion\/secretariavirtual\/consultaCEP\/actividad\/232926GE108\/ Dirigido al profesorado de ATAL. Fechas de inscripci\u00f3n: 23\/02\/2023 hasta 15\/03\/2023. Fechas de realizaci\u00f3n de las sesiones a trav\u00e9s de videoconferencias: 23 y 29 de marzo, 11, 13 y 18 de abril de\u2026","rel":"","context":"En \u00abFormaciones\u00bb","block_context":{"text":"Formaciones","link":"https:\/\/cepronda.com\/blog\/category\/formaciones\/"},"img":{"alt_text":"","src":"https:\/\/i0.wp.com\/cepronda.com\/blog\/wp-content\/uploads\/2023\/02\/WhatsApp-Image-2023-02-23-at-11.16.56.jpeg?fit=848%2C1200&ssl=1&resize=350%2C200","width":350,"height":200,"srcset":"https:\/\/i0.wp.com\/cepronda.com\/blog\/wp-content\/uploads\/2023\/02\/WhatsApp-Image-2023-02-23-at-11.16.56.jpeg?fit=848%2C1200&ssl=1&resize=350%2C200 1x, https:\/\/i0.wp.com\/cepronda.com\/blog\/wp-content\/uploads\/2023\/02\/WhatsApp-Image-2023-02-23-at-11.16.56.jpeg?fit=848%2C1200&ssl=1&resize=525%2C300 1.5x, https:\/\/i0.wp.com\/cepronda.com\/blog\/wp-content\/uploads\/2023\/02\/WhatsApp-Image-2023-02-23-at-11.16.56.jpeg?fit=848%2C1200&ssl=1&resize=700%2C400 2x"},"classes":[]},{"id":2408,"url":"https:\/\/cepronda.com\/blog\/cambio-de-fecha-en-el-curso-de-actualizacion-didactica-y-metodologica-en-el-area-de-ingles\/","url_meta":{"origin":7940,"position":1},"title":"Cambio de fecha en el curso de Actualizaci\u00f3n Did\u00e1ctica y metodol\u00f3gica en el \u00e1rea de Ingl\u00e9s","author":"V\u00edctor Caballero","date":"29 octubre, 2018","format":false,"excerpt":"Por motivos de agenda y para facilitar los desplazamientos previos al puente, el comienzo del CURSO DE ACTUALIZACI\u00d3N DID\u00c1CTICA Y METODOL\u00d3GICA EN EL \u00c1REA DE INGL\u00c9S PARA INFANTIL Y PRIMARIA: DESARROLLO DE LA COMPETENCIA LING\u00dc\u00cdSTICA 192924GE013,\u00a0se aplaza al 7 de noviembre.A su vez, se ampl\u00eda el plazo de inscripci\u00f3n hasta\u2026","rel":"","context":"En \u00abFormaciones\u00bb","block_context":{"text":"Formaciones","link":"https:\/\/cepronda.com\/blog\/category\/formaciones\/"},"img":{"alt_text":"","src":"https:\/\/i0.wp.com\/cepronda.com\/blog\/wp-content\/uploads\/2018\/10\/american-1209605_1920.jpg?resize=350%2C200&ssl=1","width":350,"height":200,"srcset":"https:\/\/i0.wp.com\/cepronda.com\/blog\/wp-content\/uploads\/2018\/10\/american-1209605_1920.jpg?resize=350%2C200&ssl=1 1x, https:\/\/i0.wp.com\/cepronda.com\/blog\/wp-content\/uploads\/2018\/10\/american-1209605_1920.jpg?resize=525%2C300&ssl=1 1.5x, https:\/\/i0.wp.com\/cepronda.com\/blog\/wp-content\/uploads\/2018\/10\/american-1209605_1920.jpg?resize=700%2C400&ssl=1 2x, https:\/\/i0.wp.com\/cepronda.com\/blog\/wp-content\/uploads\/2018\/10\/american-1209605_1920.jpg?resize=1050%2C600&ssl=1 3x, https:\/\/i0.wp.com\/cepronda.com\/blog\/wp-content\/uploads\/2018\/10\/american-1209605_1920.jpg?resize=1400%2C800&ssl=1 4x"},"classes":[]},{"id":8450,"url":"https:\/\/cepronda.com\/blog\/actualizacion-normativa-ensenanzas-artisticas-superiores\/","url_meta":{"origin":7940,"position":2},"title":"ACTUALIZACI\u00d3N NORMATIVA EN ENSE\u00d1ANZAS ART\u00cdSTICAS SUPERIORES:","author":"Mamen Moreno","date":"7 abril, 2025","format":false,"excerpt":"Os informamos que est\u00e1 abierto el plazo de solicitudes para la actividad ACTUALIZACI\u00d3N NORMATIVA EN ENSE\u00d1ANZAS ART\u00cdSTICAS SUPERIORES: NOVEDADES Y ENFOQUE COMPETENCIAL, de 11 horas de formaci\u00f3n online, con c\u00f3digo 252318GE066 dirigido a profesorado de ense\u00f1anzas art\u00edsticas, principalmente en relaci\u00f3n a m\u00fasica y artes esc\u00e9nicas superiores.Fecha de inscripci\u00f3n: hasta el\u2026","rel":"","context":"En \u00abFormaciones\u00bb","block_context":{"text":"Formaciones","link":"https:\/\/cepronda.com\/blog\/category\/formaciones\/"},"img":{"alt_text":"","src":"https:\/\/i0.wp.com\/cepronda.com\/blog\/wp-content\/uploads\/2025\/04\/DIPTICO.png?fit=1080%2C1080&ssl=1&resize=350%2C200","width":350,"height":200,"srcset":"https:\/\/i0.wp.com\/cepronda.com\/blog\/wp-content\/uploads\/2025\/04\/DIPTICO.png?fit=1080%2C1080&ssl=1&resize=350%2C200 1x, https:\/\/i0.wp.com\/cepronda.com\/blog\/wp-content\/uploads\/2025\/04\/DIPTICO.png?fit=1080%2C1080&ssl=1&resize=525%2C300 1.5x, https:\/\/i0.wp.com\/cepronda.com\/blog\/wp-content\/uploads\/2025\/04\/DIPTICO.png?fit=1080%2C1080&ssl=1&resize=700%2C400 2x, https:\/\/i0.wp.com\/cepronda.com\/blog\/wp-content\/uploads\/2025\/04\/DIPTICO.png?fit=1080%2C1080&ssl=1&resize=1050%2C600 3x"},"classes":[]},{"id":8803,"url":"https:\/\/cepronda.com\/blog\/v-congreso-internacional-conmemorativo-del-descubrimiento-de-america-codigo-262115ge002\/","url_meta":{"origin":7940,"position":3},"title":"V CONGRESO INTERNACIONAL CONMEMORATIVO DEL DESCUBRIMIENTO DE AM\u00c9RICA. C\u00f3digo: 262115GE002","author":"Inmaculada Garc\u00eda","date":"18 septiembre, 2025","format":false,"excerpt":"Abierta la inscripci\u00f3n del Congreso regional organizado por el CEP de Huelva- Isla Cristina: V CONGRESO INTERNACIONAL CONMEMORATIVO DEL DESCUBRIMIENTO DE AM\u00c9RICA. C\u00f3digo: 262115GE002 \u00a0 Fecha inscripci\u00f3n: 12\/09\/2025 hasta 06\/10\/2025. Fecha actividad: 10\/10\/2025 hasta 13\/10\/2025. \u00a0 Duraci\u00f3n: 18 horas \u00a0 \u00a0 Detalle e inscripci\u00f3n: https:\/\/www.juntadeandalucia.es\/educacion\/secretariavirtual\/consultaCEP\/actividad\/262115GE002\/","rel":"","context":"En \u00abFormaciones\u00bb","block_context":{"text":"Formaciones","link":"https:\/\/cepronda.com\/blog\/category\/formaciones\/"},"img":{"alt_text":"","src":"https:\/\/i0.wp.com\/cepronda.com\/blog\/wp-content\/uploads\/2025\/09\/cartelVDescubrimiento_programa_ok3.jpg?fit=848%2C1200&ssl=1&resize=350%2C200","width":350,"height":200,"srcset":"https:\/\/i0.wp.com\/cepronda.com\/blog\/wp-content\/uploads\/2025\/09\/cartelVDescubrimiento_programa_ok3.jpg?fit=848%2C1200&ssl=1&resize=350%2C200 1x, https:\/\/i0.wp.com\/cepronda.com\/blog\/wp-content\/uploads\/2025\/09\/cartelVDescubrimiento_programa_ok3.jpg?fit=848%2C1200&ssl=1&resize=525%2C300 1.5x, https:\/\/i0.wp.com\/cepronda.com\/blog\/wp-content\/uploads\/2025\/09\/cartelVDescubrimiento_programa_ok3.jpg?fit=848%2C1200&ssl=1&resize=700%2C400 2x"},"classes":[]},{"id":8845,"url":"https:\/\/cepronda.com\/blog\/musica-y-movimiento-para-are-con-codigo-262922ge010\/","url_meta":{"origin":7940,"position":4},"title":"M\u00daSICA Y MOVIMIENTO PARA ARE, con c\u00f3digo 262922GE010.","author":"Inmaculada Garc\u00eda","date":"26 septiembre, 2025","format":false,"excerpt":"Se abre el plazo de inscripci\u00f3n para la actividad formativa provincial \"M\u00daSICA Y MOVIMIENTO PARA ARE\", con c\u00f3digo 262922GE010, que se desarrollar\u00e1, en el CPM MANUEL CARRA, con un aprovechamiento de 15 horas. \u270f\ufe0f Inscripci\u00f3n: 25\/09\/2025 a 13\/10\/2025 Actividad: 24\/10\/2025 - 07\/11\/2025 \u27a1\ufe0f Duraci\u00f3n: 5 sesiones M\u00e1s informaci\u00f3n: https:\/\/www.juntadeandalucia.es\/educacion\/secretariavirtual\/consultaCEP\/actividad\/262922GE010\/","rel":"","context":"En \u00abFormaciones\u00bb","block_context":{"text":"Formaciones","link":"https:\/\/cepronda.com\/blog\/category\/formaciones\/"},"img":{"alt_text":"","src":"https:\/\/i0.wp.com\/cepronda.com\/blog\/wp-content\/uploads\/2025\/09\/musica-y-movimiento.jpg?fit=1080%2C1080&ssl=1&resize=350%2C200","width":350,"height":200,"srcset":"https:\/\/i0.wp.com\/cepronda.com\/blog\/wp-content\/uploads\/2025\/09\/musica-y-movimiento.jpg?fit=1080%2C1080&ssl=1&resize=350%2C200 1x, https:\/\/i0.wp.com\/cepronda.com\/blog\/wp-content\/uploads\/2025\/09\/musica-y-movimiento.jpg?fit=1080%2C1080&ssl=1&resize=525%2C300 1.5x, https:\/\/i0.wp.com\/cepronda.com\/blog\/wp-content\/uploads\/2025\/09\/musica-y-movimiento.jpg?fit=1080%2C1080&ssl=1&resize=700%2C400 2x, https:\/\/i0.wp.com\/cepronda.com\/blog\/wp-content\/uploads\/2025\/09\/musica-y-movimiento.jpg?fit=1080%2C1080&ssl=1&resize=1050%2C600 3x"},"classes":[]},{"id":8041,"url":"https:\/\/cepronda.com\/blog\/diseno-de-iluminacion-para-ensenanzas-are-con-codigo-252922ge092\/","url_meta":{"origin":7940,"position":5},"title":"DISE\u00d1O DE ILUMINACI\u00d3N PARA ENSE\u00d1ANZAS ARE, con c\u00f3digo 252922GE092.","author":"Inmaculada Garc\u00eda","date":"14 enero, 2025","format":false,"excerpt":"Abierto plazo de inscripci\u00f3n para la actividad provincial,\u00a0DISE\u00d1O DE ILUMINACI\u00d3N PARA ENSE\u00d1ANZAS ARE, con c\u00f3digo 252922GE092. \u270f\ufe0f Plazo de inscripci\u00f3n: del 13\/01\/2025 al 04\/02\/2025. Realizaci\u00f3n de la actividad: del 17\/02\/2025 al 19\/02\/2025. \u27a1\ufe0f Duraci\u00f3n: 3 d\u00edas, presencial. M\u00e1s informaci\u00f3n: https:\/\/www.juntadeandalucia.es\/educacion\/secretariavirtual\/consultaCEP\/actividad\/252922GE092\/ \u00a0","rel":"","context":"En \u00abFormaciones\u00bb","block_context":{"text":"Formaciones","link":"https:\/\/cepronda.com\/blog\/category\/formaciones\/"},"img":{"alt_text":"","src":"https:\/\/i0.wp.com\/cepronda.com\/blog\/wp-content\/uploads\/2025\/01\/WhatsApp-Image-2025-01-14-at-08.37.00-1.jpeg?fit=1080%2C1080&ssl=1&resize=350%2C200","width":350,"height":200,"srcset":"https:\/\/i0.wp.com\/cepronda.com\/blog\/wp-content\/uploads\/2025\/01\/WhatsApp-Image-2025-01-14-at-08.37.00-1.jpeg?fit=1080%2C1080&ssl=1&resize=350%2C200 1x, https:\/\/i0.wp.com\/cepronda.com\/blog\/wp-content\/uploads\/2025\/01\/WhatsApp-Image-2025-01-14-at-08.37.00-1.jpeg?fit=1080%2C1080&ssl=1&resize=525%2C300 1.5x, https:\/\/i0.wp.com\/cepronda.com\/blog\/wp-content\/uploads\/2025\/01\/WhatsApp-Image-2025-01-14-at-08.37.00-1.jpeg?fit=1080%2C1080&ssl=1&resize=700%2C400 2x, https:\/\/i0.wp.com\/cepronda.com\/blog\/wp-content\/uploads\/2025\/01\/WhatsApp-Image-2025-01-14-at-08.37.00-1.jpeg?fit=1080%2C1080&ssl=1&resize=1050%2C600 3x"},"classes":[]}],"jetpack_sharing_enabled":true,"_links":{"self":[{"href":"https:\/\/cepronda.com\/blog\/wp-json\/wp\/v2\/posts\/7940","targetHints":{"allow":["GET"]}}],"collection":[{"href":"https:\/\/cepronda.com\/blog\/wp-json\/wp\/v2\/posts"}],"about":[{"href":"https:\/\/cepronda.com\/blog\/wp-json\/wp\/v2\/types\/post"}],"author":[{"embeddable":true,"href":"https:\/\/cepronda.com\/blog\/wp-json\/wp\/v2\/users\/9"}],"replies":[{"embeddable":true,"href":"https:\/\/cepronda.com\/blog\/wp-json\/wp\/v2\/comments?post=7940"}],"version-history":[{"count":1,"href":"https:\/\/cepronda.com\/blog\/wp-json\/wp\/v2\/posts\/7940\/revisions"}],"predecessor-version":[{"id":7942,"href":"https:\/\/cepronda.com\/blog\/wp-json\/wp\/v2\/posts\/7940\/revisions\/7942"}],"wp:featuredmedia":[{"embeddable":true,"href":"https:\/\/cepronda.com\/blog\/wp-json\/wp\/v2\/media\/7941"}],"wp:attachment":[{"href":"https:\/\/cepronda.com\/blog\/wp-json\/wp\/v2\/media?parent=7940"}],"wp:term":[{"taxonomy":"category","embeddable":true,"href":"https:\/\/cepronda.com\/blog\/wp-json\/wp\/v2\/categories?post=7940"},{"taxonomy":"post_tag","embeddable":true,"href":"https:\/\/cepronda.com\/blog\/wp-json\/wp\/v2\/tags?post=7940"}],"curies":[{"name":"wp","href":"https:\/\/api.w.org\/{rel}","templated":true}]}}