{"id":7932,"date":"2024-12-13T11:26:20","date_gmt":"2024-12-13T10:26:20","guid":{"rendered":"https:\/\/cepronda.com\/blog\/?p=7932"},"modified":"2025-04-28T11:47:30","modified_gmt":"2025-04-28T09:47:30","slug":"actividad-regional-proceso-de-admision-ensenanzas-de-regimen-general-andalucia-oriental-y-occidental","status":"publish","type":"post","link":"https:\/\/cepronda.com\/blog\/actividad-regional-proceso-de-admision-ensenanzas-de-regimen-general-andalucia-oriental-y-occidental\/","title":{"rendered":"ACTIVIDAD REGIONAL: PROCESO DE ADMISI\u00d3N ENSE\u00d1ANZAS DE R\u00c9GIMEN GENERAL (ANDALUC\u00cdA ORIENTAL y OCCIDENTAL)"},"content":{"rendered":"<p>Abierto el plazo de solicitudes para la\u00a0 <strong>ACTIVIDAD REGIONAL:\u00a0 PROCESO DE ADMISI\u00d3N ENSE\u00d1ANZAS DE R\u00c9GIMEN GENERAL (ANDALUC\u00cdA ORIENTAL y OCCIDENTAL)<\/strong><\/p>\n<p>DIRIGIDO A: Destinado a equipos directivos, as\u00ed como aquel personal docente encargado de la gesti\u00f3n del proceso de admisi\u00f3n desde el 2\u00ba ciclo de E. Infantil a Bachillerato y Educaci\u00f3n Especial de Andaluc\u00eda<\/p>\n<p>PLAZO DE INSCRIPCI\u00d3N:<\/p>\n<p>Presentaci\u00f3n solicitudes: hasta el 20 de diciembre de 2024 a las 12:00 horas<\/p>\n<p>Publicaciones listas provisionales: 20 de diciembre de 2024.<\/p>\n<p>Publicaciones listas definitivas: 08 de enero de 2025.<\/p>\n<div class=\"\" data-block=\"true\" data-editor=\"cj5d6\" data-offset-key=\"cid4e-0-0\">\n<div class=\"_1mf _1mj\" data-offset-key=\"cid4e-0-0\"><span data-offset-key=\"cid4e-0-0\">FECHA DE REALIZACI\u00d3N:<\/span><\/div>\n<\/div>\n<div class=\"\" data-block=\"true\" data-editor=\"cj5d6\" data-offset-key=\"fj0a6-0-0\">\n<div class=\"_1mf _1mj\" data-offset-key=\"fj0a6-0-0\"><span data-offset-key=\"fj0a6-0-0\"><strong>Andaluc\u00eda Oriental (Almer\u00eda, Granada, Ja\u00e9n y M\u00e1laga)<\/strong>: 16, 23 y 30 de enero de 2025.<\/span><\/div>\n<\/div>\n<div class=\"\" data-block=\"true\" data-editor=\"cj5d6\" data-offset-key=\"7mt5u-0-0\">\n<div class=\"_1mf _1mj\" data-offset-key=\"7mt5u-0-0\"><span data-offset-key=\"7mt5u-0-0\">\u270f\ufe0fInscripci\u00f3n:<\/span><\/div>\n<\/div>\n<div class=\"\" data-block=\"true\" data-editor=\"cj5d6\" data-offset-key=\"1sm5t-0-0\">\n<div class=\"_1mf _1mj\" data-offset-key=\"1sm5t-0-0\"><a href=\"https:\/\/www.juntadeandalucia.es\/educacion\/secretariavirtual\/consultaCEP\/actividad\/259903KPF549\/\"><span data-offset-key=\"1sm5t-0-0\">https:\/\/www.juntadeandalucia.es\/educacion\/secretariavirtual\/consultaCEP\/actividad\/259903KPF549\/<\/span><\/a><\/div>\n<\/div>\n<div class=\"\" data-block=\"true\" data-editor=\"cj5d6\" data-offset-key=\"72ore-0-0\">\n<div class=\"_1mf _1mj\" data-offset-key=\"72ore-0-0\"><span data-offset-key=\"72ore-0-0\">\u00a0<\/span><\/div>\n<\/div>\n<div class=\"\" data-block=\"true\" data-editor=\"cj5d6\" data-offset-key=\"2bpvm-0-0\">\n<div class=\"_1mf _1mj\" data-offset-key=\"2bpvm-0-0\"><span data-offset-key=\"2bpvm-0-0\">A<strong>ndaluc\u00eda Occidental (Huelva, C\u00e1diz, Sevilla y C\u00f3rdoba)<\/strong>: 6, 13 y 20 de febrero de 2025.<\/span><\/div>\n<\/div>\n<div class=\"\" data-block=\"true\" data-editor=\"cj5d6\" data-offset-key=\"arhs-0-0\">\n<div class=\"_1mf _1mj\" data-offset-key=\"arhs-0-0\"><span data-offset-key=\"arhs-0-0\">\u270f\ufe0fInscripci\u00f3n:<\/span><\/div>\n<\/div>\n<div class=\"\" data-block=\"true\" data-editor=\"cj5d6\" data-offset-key=\"80agt-0-0\">\n<div class=\"_1mf _1mj\" data-offset-key=\"80agt-0-0\"><a href=\"https:\/\/www.juntadeandalucia.es\/educacion\/secretariavirtual\/consultaCEP\/actividad\/259903QPF549\/\"><span data-offset-key=\"80agt-0-0\">https:\/\/www.juntadeandalucia.es\/educacion\/secretariavirtual\/consultaCEP\/actividad\/259903QPF549\/<\/span><\/a><\/div>\n<\/div>\n<div class=\"\" data-block=\"true\" data-editor=\"cj5d6\" data-offset-key=\"4f5vh-0-0\">\n<div class=\"_1mf _1mj\" data-offset-key=\"4f5vh-0-0\"><span data-offset-key=\"4f5vh-0-0\">El resto de observaciones se encuentran en este enlace: <a href=\"https:\/\/acortar.link\/X3FJeL\">https:\/\/acortar.link\/X3FJeL<\/a><\/span><\/div>\n<\/div>\n<p>&nbsp;<\/p>\n<p><img data-recalc-dims=\"1\" loading=\"lazy\" decoding=\"async\" class=\"aligncenter  wp-image-7943\" src=\"https:\/\/i0.wp.com\/cepronda.com\/blog\/wp-content\/uploads\/2024\/12\/PROCESO-DE-ADMISION-ENSENANZAS-DE-REGIMEN-GENERAL-Andalucia-GENERAL-1.jpg?resize=506%2C285&#038;ssl=1\" alt=\"\" width=\"506\" height=\"285\" srcset=\"https:\/\/i0.wp.com\/cepronda.com\/blog\/wp-content\/uploads\/2024\/12\/PROCESO-DE-ADMISION-ENSENANZAS-DE-REGIMEN-GENERAL-Andalucia-GENERAL-1.jpg?resize=1024%2C576&amp;ssl=1 1024w, https:\/\/i0.wp.com\/cepronda.com\/blog\/wp-content\/uploads\/2024\/12\/PROCESO-DE-ADMISION-ENSENANZAS-DE-REGIMEN-GENERAL-Andalucia-GENERAL-1.jpg?resize=300%2C169&amp;ssl=1 300w, https:\/\/i0.wp.com\/cepronda.com\/blog\/wp-content\/uploads\/2024\/12\/PROCESO-DE-ADMISION-ENSENANZAS-DE-REGIMEN-GENERAL-Andalucia-GENERAL-1.jpg?resize=768%2C432&amp;ssl=1 768w, https:\/\/i0.wp.com\/cepronda.com\/blog\/wp-content\/uploads\/2024\/12\/PROCESO-DE-ADMISION-ENSENANZAS-DE-REGIMEN-GENERAL-Andalucia-GENERAL-1.jpg?w=1280&amp;ssl=1 1280w\" sizes=\"auto, (max-width: 506px) 100vw, 506px\" \/><\/p>\n","protected":false},"excerpt":{"rendered":"<p>Abierto el plazo de solicitudes para la\u00a0 ACTIVIDAD REGIONAL:\u00a0 PROCESO DE ADMISI\u00d3N ENSE\u00d1ANZAS DE R\u00c9GIMEN GENERAL (ANDALUC\u00cdA ORIENTAL y OCCIDENTAL) DIRIGIDO A: Destinado a equipos directivos, as\u00ed como aquel personal docente encargado de la gesti\u00f3n del proceso de admisi\u00f3n desde el 2\u00ba ciclo de E. Infantil a Bachillerato y Educaci\u00f3n Especial de Andaluc\u00eda PLAZO DE [&hellip;]<\/p>\n","protected":false},"author":13,"featured_media":7943,"comment_status":"closed","ping_status":"open","sticky":false,"template":"","format":"standard","meta":{"_crdt_document":"","advanced_seo_description":"","jetpack_seo_html_title":"","jetpack_seo_noindex":false,"jetpack_post_was_ever_published":false,"_jetpack_newsletter_access":"","_jetpack_dont_email_post_to_subs":false,"_jetpack_newsletter_tier_id":0,"_jetpack_memberships_contains_paywalled_content":false,"_jetpack_memberships_contains_paid_content":false,"footnotes":"","jetpack_publicize_message":"","jetpack_publicize_feature_enabled":true,"jetpack_social_post_already_shared":false,"jetpack_social_options":{"image_generator_settings":{"template":"highway","default_image_id":0,"font":"","enabled":false},"version":2}},"categories":[3,5],"tags":[],"class_list":{"0":"post-7932","1":"post","2":"type-post","3":"status-publish","4":"format-standard","5":"has-post-thumbnail","7":"category-formaciones","8":"category-noticias","9":"czr-hentry"},"jetpack_publicize_connections":[],"jetpack_featured_media_url":"https:\/\/i0.wp.com\/cepronda.com\/blog\/wp-content\/uploads\/2024\/12\/PROCESO-DE-ADMISION-ENSENANZAS-DE-REGIMEN-GENERAL-Andalucia-GENERAL-1.jpg?fit=1280%2C720&ssl=1","jetpack_shortlink":"https:\/\/wp.me\/p8M4X7-23W","jetpack-related-posts":[{"id":8992,"url":"https:\/\/cepronda.com\/blog\/historia-de-nuestros-simbolos-conmemoracion-del-dia-de-la-bandera-de-andalucia-2\/","url_meta":{"origin":7932,"position":0},"title":"HISTORIA DE NUESTROS S\u00cdMBOLOS: CONMEMORACI\u00d3N DEL D\u00cdA DE LA BANDERA DE ANDALUC\u00cdA","author":"Inmaculada Garc\u00eda","date":"29 octubre, 2025","format":false,"excerpt":"Estimado\/a docente: \u00a0 Hasta el pr\u00f3ximo 7 de noviembre de 2025 se encuentra abierto el plazo de inscripci\u00f3n para la actividad formativa de \u00e1mbito regional: \"HISTORIA DE NUESTROS S\u00cdMBOLOS: CONMEMORACI\u00d3N DEL D\u00cdA DE LA BANDERA DE ANDALUC\u00cdA\", con c\u00f3digo 269919KPF430A. Se trata de un curso a distancia que se realizar\u00e1\u2026","rel":"","context":"En \u00abFormaciones\u00bb","block_context":{"text":"Formaciones","link":"https:\/\/cepronda.com\/blog\/category\/formaciones\/"},"img":{"alt_text":"","src":"https:\/\/i0.wp.com\/cepronda.com\/blog\/wp-content\/uploads\/2025\/10\/image.png?fit=800%2C200&ssl=1&resize=350%2C200","width":350,"height":200,"srcset":"https:\/\/i0.wp.com\/cepronda.com\/blog\/wp-content\/uploads\/2025\/10\/image.png?fit=800%2C200&ssl=1&resize=350%2C200 1x, https:\/\/i0.wp.com\/cepronda.com\/blog\/wp-content\/uploads\/2025\/10\/image.png?fit=800%2C200&ssl=1&resize=525%2C300 1.5x, https:\/\/i0.wp.com\/cepronda.com\/blog\/wp-content\/uploads\/2025\/10\/image.png?fit=800%2C200&ssl=1&resize=700%2C400 2x"},"classes":[]},{"id":7522,"url":"https:\/\/cepronda.com\/blog\/jornadas-formativas-provinciales-de-ensenanzas-de-regimen-especial-para-profesionales-de-la-orientacion-educativa-242922ge253\/","url_meta":{"origin":7932,"position":1},"title":"JORNADAS FORMATIVAS PROVINCIALES DE ENSE\u00d1ANZAS DE R\u00c9GIMEN ESPECIAL PARA PROFESIONALES DE LA ORIENTACI\u00d3N EDUCATIVA. (242922GE253)","author":"Inmaculada Garc\u00eda","date":"18 marzo, 2024","format":false,"excerpt":"Se encuentra abierto el plazo de inscripci\u00f3n de la actividad provincial \u201cJORNADAS FORMATIVAS PROVINCIALES DE ENSE\u00d1ANZAS DE R\u00c9GIMEN ESPECIAL PARA PROFESIONALES DE LA ORIENTACI\u00d3N EDUCATIVA\u201d, dirigida a orientadores y orientadoras de centros p\u00fablicos dependientes de la Junta de Andaluc\u00eda. T\u00edtulo: JORNADAS FORMATIVAS PROVINCIALES DE ENSE\u00d1ANZAS DE R\u00c9GIMEN ESPECIAL PARA PROFESIONALES\u2026","rel":"","context":"En \u00abFormaciones\u00bb","block_context":{"text":"Formaciones","link":"https:\/\/cepronda.com\/blog\/category\/formaciones\/"},"img":{"alt_text":"","src":"https:\/\/i0.wp.com\/cepronda.com\/blog\/wp-content\/uploads\/2024\/03\/WhatsApp-Image-2024-03-18-at-13.32.28.jpeg?fit=1199%2C1200&ssl=1&resize=350%2C200","width":350,"height":200,"srcset":"https:\/\/i0.wp.com\/cepronda.com\/blog\/wp-content\/uploads\/2024\/03\/WhatsApp-Image-2024-03-18-at-13.32.28.jpeg?fit=1199%2C1200&ssl=1&resize=350%2C200 1x, https:\/\/i0.wp.com\/cepronda.com\/blog\/wp-content\/uploads\/2024\/03\/WhatsApp-Image-2024-03-18-at-13.32.28.jpeg?fit=1199%2C1200&ssl=1&resize=525%2C300 1.5x, https:\/\/i0.wp.com\/cepronda.com\/blog\/wp-content\/uploads\/2024\/03\/WhatsApp-Image-2024-03-18-at-13.32.28.jpeg?fit=1199%2C1200&ssl=1&resize=700%2C400 2x, https:\/\/i0.wp.com\/cepronda.com\/blog\/wp-content\/uploads\/2024\/03\/WhatsApp-Image-2024-03-18-at-13.32.28.jpeg?fit=1199%2C1200&ssl=1&resize=1050%2C600 3x"},"classes":[]},{"id":7223,"url":"https:\/\/cepronda.com\/blog\/historia-de-nuestros-simbolos-conmemoracion-del-dia-de-la-bandera-de-andalucia-249919kpf430\/","url_meta":{"origin":7932,"position":2},"title":"HISTORIA DE NUESTROS S\u00cdMBOLOS: CONMEMORACI\u00d3N DEL D\u00cdA DE LA BANDERA DE ANDALUC\u00cdA (249919KPF430)","author":"Inmaculada Garc\u00eda","date":"23 noviembre, 2023","format":false,"excerpt":"Estimado\/a docente: Hasta el pr\u00f3ximo 26 de noviembre de 2023\u00a0se encuentra abierto el plazo de inscripci\u00f3n para la actividad formativa de \u00e1mbito regional\u00a0HISTORIA DE NUESTROS S\u00cdMBOLOS: CONMEMORACI\u00d3N DEL D\u00cdA DE LA BANDERA DE ANDALUC\u00cdA.\u00a0Se trata de un curso a distancia que se realizar\u00e1 a trav\u00e9s del\u00a0Aula Virtual de Formaci\u00f3n del\u2026","rel":"","context":"En \u00abFormaciones\u00bb","block_context":{"text":"Formaciones","link":"https:\/\/cepronda.com\/blog\/category\/formaciones\/"},"img":{"alt_text":"","src":"https:\/\/i0.wp.com\/cepronda.com\/blog\/wp-content\/uploads\/2023\/11\/Post-de-Instagram-Senderismo-Ilustrativo-Verde.png?fit=1200%2C1200&ssl=1&resize=350%2C200","width":350,"height":200,"srcset":"https:\/\/i0.wp.com\/cepronda.com\/blog\/wp-content\/uploads\/2023\/11\/Post-de-Instagram-Senderismo-Ilustrativo-Verde.png?fit=1200%2C1200&ssl=1&resize=350%2C200 1x, https:\/\/i0.wp.com\/cepronda.com\/blog\/wp-content\/uploads\/2023\/11\/Post-de-Instagram-Senderismo-Ilustrativo-Verde.png?fit=1200%2C1200&ssl=1&resize=525%2C300 1.5x, https:\/\/i0.wp.com\/cepronda.com\/blog\/wp-content\/uploads\/2023\/11\/Post-de-Instagram-Senderismo-Ilustrativo-Verde.png?fit=1200%2C1200&ssl=1&resize=700%2C400 2x, https:\/\/i0.wp.com\/cepronda.com\/blog\/wp-content\/uploads\/2023\/11\/Post-de-Instagram-Senderismo-Ilustrativo-Verde.png?fit=1200%2C1200&ssl=1&resize=1050%2C600 3x"},"classes":[]},{"id":8450,"url":"https:\/\/cepronda.com\/blog\/actualizacion-normativa-ensenanzas-artisticas-superiores\/","url_meta":{"origin":7932,"position":3},"title":"ACTUALIZACI\u00d3N NORMATIVA EN ENSE\u00d1ANZAS ART\u00cdSTICAS SUPERIORES:","author":"Mamen Moreno","date":"7 abril, 2025","format":false,"excerpt":"Os informamos que est\u00e1 abierto el plazo de solicitudes para la actividad ACTUALIZACI\u00d3N NORMATIVA EN ENSE\u00d1ANZAS ART\u00cdSTICAS SUPERIORES: NOVEDADES Y ENFOQUE COMPETENCIAL, de 11 horas de formaci\u00f3n online, con c\u00f3digo 252318GE066 dirigido a profesorado de ense\u00f1anzas art\u00edsticas, principalmente en relaci\u00f3n a m\u00fasica y artes esc\u00e9nicas superiores.Fecha de inscripci\u00f3n: hasta el\u2026","rel":"","context":"En \u00abFormaciones\u00bb","block_context":{"text":"Formaciones","link":"https:\/\/cepronda.com\/blog\/category\/formaciones\/"},"img":{"alt_text":"","src":"https:\/\/i0.wp.com\/cepronda.com\/blog\/wp-content\/uploads\/2025\/04\/DIPTICO.png?fit=1080%2C1080&ssl=1&resize=350%2C200","width":350,"height":200,"srcset":"https:\/\/i0.wp.com\/cepronda.com\/blog\/wp-content\/uploads\/2025\/04\/DIPTICO.png?fit=1080%2C1080&ssl=1&resize=350%2C200 1x, https:\/\/i0.wp.com\/cepronda.com\/blog\/wp-content\/uploads\/2025\/04\/DIPTICO.png?fit=1080%2C1080&ssl=1&resize=525%2C300 1.5x, https:\/\/i0.wp.com\/cepronda.com\/blog\/wp-content\/uploads\/2025\/04\/DIPTICO.png?fit=1080%2C1080&ssl=1&resize=700%2C400 2x, https:\/\/i0.wp.com\/cepronda.com\/blog\/wp-content\/uploads\/2025\/04\/DIPTICO.png?fit=1080%2C1080&ssl=1&resize=1050%2C600 3x"},"classes":[]},{"id":9207,"url":"https:\/\/cepronda.com\/blog\/9207-2\/","url_meta":{"origin":7932,"position":4},"title":"CONGRESO NACIONAL PARA LA CONVIVENCIA EN LA ERA DIGITAL. ANDALUC\u00cdA FRENTE AL ACOSO","author":"Encarni Jim\u00e9nez Rosado","date":"13 enero, 2026","format":false,"excerpt":"Abierto plazo de inscripci\u00f3n para el \u201cCONGRESO NACIONAL PARA LA CONVIVENCIA EN LA ERA DIGITAL. ANDALUC\u00cdA FRENTE AL ACOSO, con c\u00f3digo 269908CI006. Actividad regional presencial, que se desarrollar\u00e1 los d\u00edas 29 y 30 de enero de 2026, en el Centro de Exposiciones, Ferias y Convenciones de C\u00f3rdoba. Las inscripciones estar\u00e1n\u2026","rel":"","context":"En \u00abFormaciones\u00bb","block_context":{"text":"Formaciones","link":"https:\/\/cepronda.com\/blog\/category\/formaciones\/"},"img":{"alt_text":"","src":"https:\/\/i0.wp.com\/cepronda.com\/blog\/wp-content\/uploads\/2026\/01\/acoso.jpg?fit=1200%2C962&ssl=1&resize=350%2C200","width":350,"height":200,"srcset":"https:\/\/i0.wp.com\/cepronda.com\/blog\/wp-content\/uploads\/2026\/01\/acoso.jpg?fit=1200%2C962&ssl=1&resize=350%2C200 1x, https:\/\/i0.wp.com\/cepronda.com\/blog\/wp-content\/uploads\/2026\/01\/acoso.jpg?fit=1200%2C962&ssl=1&resize=525%2C300 1.5x, https:\/\/i0.wp.com\/cepronda.com\/blog\/wp-content\/uploads\/2026\/01\/acoso.jpg?fit=1200%2C962&ssl=1&resize=700%2C400 2x, https:\/\/i0.wp.com\/cepronda.com\/blog\/wp-content\/uploads\/2026\/01\/acoso.jpg?fit=1200%2C962&ssl=1&resize=1050%2C600 3x"},"classes":[]},{"id":7950,"url":"https:\/\/cepronda.com\/blog\/actividad-regional-formacion-en-debate-academico-jurados-curso-24-25-con-codigo-259922in007\/","url_meta":{"origin":7932,"position":5},"title":"ACTIVIDAD REGIONAL: FORMACI\u00d3N EN DEBATE ACAD\u00c9MICO: JURADOS. CURSO 24-25, con c\u00f3digo 259922IN007.","author":"Inmaculada Garc\u00eda","date":"17 diciembre, 2024","format":false,"excerpt":"Se encuentra abierto el plazo de inscripci\u00f3n en la ACTIVIDAD REGIONAL: FORMACI\u00d3N EN DEBATE ACAD\u00c9MICO: JURADOS. CURSO 24-25, con c\u00f3digo 259922IN007. \u270f\ufe0fPlazo de inscripci\u00f3n:17\/12\/2024-14\/01\/2025 Fecha de actividad: 21\/01\/2025-14\/02\/2025. Sesiones presenciales online (Webex): 21 y 28 de enero, 4 de febrero en horario de tarde. \u23f3Duraci\u00f3n: 12 horas (9 horas presenciales\u2026","rel":"","context":"En \u00abFormaciones\u00bb","block_context":{"text":"Formaciones","link":"https:\/\/cepronda.com\/blog\/category\/formaciones\/"},"img":{"alt_text":"","src":"https:\/\/i0.wp.com\/cepronda.com\/blog\/wp-content\/uploads\/2024\/12\/WhatsApp-Image-2024-12-17-at-11.11.56.jpeg?fit=1080%2C1080&ssl=1&resize=350%2C200","width":350,"height":200,"srcset":"https:\/\/i0.wp.com\/cepronda.com\/blog\/wp-content\/uploads\/2024\/12\/WhatsApp-Image-2024-12-17-at-11.11.56.jpeg?fit=1080%2C1080&ssl=1&resize=350%2C200 1x, https:\/\/i0.wp.com\/cepronda.com\/blog\/wp-content\/uploads\/2024\/12\/WhatsApp-Image-2024-12-17-at-11.11.56.jpeg?fit=1080%2C1080&ssl=1&resize=525%2C300 1.5x, https:\/\/i0.wp.com\/cepronda.com\/blog\/wp-content\/uploads\/2024\/12\/WhatsApp-Image-2024-12-17-at-11.11.56.jpeg?fit=1080%2C1080&ssl=1&resize=700%2C400 2x, https:\/\/i0.wp.com\/cepronda.com\/blog\/wp-content\/uploads\/2024\/12\/WhatsApp-Image-2024-12-17-at-11.11.56.jpeg?fit=1080%2C1080&ssl=1&resize=1050%2C600 3x"},"classes":[]}],"jetpack_sharing_enabled":true,"_links":{"self":[{"href":"https:\/\/cepronda.com\/blog\/wp-json\/wp\/v2\/posts\/7932","targetHints":{"allow":["GET"]}}],"collection":[{"href":"https:\/\/cepronda.com\/blog\/wp-json\/wp\/v2\/posts"}],"about":[{"href":"https:\/\/cepronda.com\/blog\/wp-json\/wp\/v2\/types\/post"}],"author":[{"embeddable":true,"href":"https:\/\/cepronda.com\/blog\/wp-json\/wp\/v2\/users\/13"}],"replies":[{"embeddable":true,"href":"https:\/\/cepronda.com\/blog\/wp-json\/wp\/v2\/comments?post=7932"}],"version-history":[{"count":3,"href":"https:\/\/cepronda.com\/blog\/wp-json\/wp\/v2\/posts\/7932\/revisions"}],"predecessor-version":[{"id":7945,"href":"https:\/\/cepronda.com\/blog\/wp-json\/wp\/v2\/posts\/7932\/revisions\/7945"}],"wp:featuredmedia":[{"embeddable":true,"href":"https:\/\/cepronda.com\/blog\/wp-json\/wp\/v2\/media\/7943"}],"wp:attachment":[{"href":"https:\/\/cepronda.com\/blog\/wp-json\/wp\/v2\/media?parent=7932"}],"wp:term":[{"taxonomy":"category","embeddable":true,"href":"https:\/\/cepronda.com\/blog\/wp-json\/wp\/v2\/categories?post=7932"},{"taxonomy":"post_tag","embeddable":true,"href":"https:\/\/cepronda.com\/blog\/wp-json\/wp\/v2\/tags?post=7932"}],"curies":[{"name":"wp","href":"https:\/\/api.w.org\/{rel}","templated":true}]}}