{"id":7924,"date":"2024-12-10T09:54:45","date_gmt":"2024-12-10T08:54:45","guid":{"rendered":"https:\/\/cepronda.com\/blog\/?p=7924"},"modified":"2025-04-28T12:15:38","modified_gmt":"2025-04-28T10:15:38","slug":"competencias-docentes-para-la-deteccion-el-tratamiento-y-el-manejo-de-conductas-de-riesgo-en-residencias-escolares-codigo-252923ge859","status":"publish","type":"post","link":"https:\/\/cepronda.com\/blog\/competencias-docentes-para-la-deteccion-el-tratamiento-y-el-manejo-de-conductas-de-riesgo-en-residencias-escolares-codigo-252923ge859\/","title":{"rendered":"COMPETENCIAS DOCENTES PARA LA DETECCI\u00d3N, EL TRATAMIENTO Y EL MANEJO DE CONDUCTAS DE RIESGO EN RESIDENCIAS ESCOLARES. C\u00f3digo: 252923GE859"},"content":{"rendered":"<div class=\"\" data-block=\"true\" data-editor=\"d5q8b\" data-offset-key=\"6a7kg-0-0\">\n<div class=\"_1mf _1mj\" data-offset-key=\"6a7kg-0-0\"><span data-offset-key=\"6a7kg-0-0\">Abierto el plazo de inscripci\u00f3n para la actividad provincial: COMPETENCIAS DOCENTES PARA LA DETECCI\u00d3N, EL TRATAMIENTO Y EL MANEJO DE CONDUCTAS DE RIESGO EN RESIDENCIAS ESCOLARES. C\u00f3digo: 252923GE859<\/span><\/div>\n<\/div>\n<div class=\"\" data-block=\"true\" data-editor=\"d5q8b\" data-offset-key=\"95ejf-0-0\">\n<div class=\"_1mf _1mj\" data-offset-key=\"95ejf-0-0\"><span data-offset-key=\"95ejf-0-0\">\u270f\ufe0fFecha inscripci\u00f3n: 05\/12\/2024 hasta 07\/01\/2025<\/span><\/div>\n<\/div>\n<div class=\"\" data-block=\"true\" data-editor=\"d5q8b\" data-offset-key=\"2efeb-0-0\">\n<div class=\"_1mf _1mj\" data-offset-key=\"2efeb-0-0\"><span data-offset-key=\"2efeb-0-0\">Fecha actividad: 17\/01\/2025 hasta 04\/04\/2025<\/span><\/div>\n<\/div>\n<div class=\"\" data-block=\"true\" data-editor=\"d5q8b\" data-offset-key=\"9r9j8-0-0\">\n<div class=\"_1mf _1mj\" data-offset-key=\"9r9j8-0-0\"><span data-offset-key=\"9r9j8-0-0\">Lugar de realizaci\u00f3n: RESIDENCIA ESCOLAR VIRGEN DE LA FUENSANTA &#8211; CO\u00cdN <\/span><\/div>\n<div class=\"_1mf _1mj\" data-offset-key=\"9r9j8-0-0\"><span data-offset-key=\"9r9j8-0-0\">M\u00e1s informaci\u00f3n e inscripci\u00f3n en:<\/span><\/div>\n<\/div>\n<div class=\"\" data-block=\"true\" data-editor=\"d5q8b\" data-offset-key=\"14hs3-0-0\">\n<div class=\"_1mf _1mj\" data-offset-key=\"14hs3-0-0\"><a href=\"https:\/\/www.juntadeandalucia.es\/educacion\/secretariavirtual\/consultaCEP\/actividad\/252923GE859\/\"><span data-offset-key=\"14hs3-0-0\">https:\/\/www.juntadeandalucia.es\/educacion\/secretariavirtual\/consultaCEP\/actividad\/252923GE859\/<\/span><\/a><\/div>\n<div data-offset-key=\"14hs3-0-0\"><\/div>\n<div data-offset-key=\"14hs3-0-0\"><\/div>\n<div class=\"_1mf _1mj\" data-offset-key=\"14hs3-0-0\"><a href=\"https:\/\/www.juntadeandalucia.es\/educacion\/secretariavirtual\/consultaCEP\/actividad\/252923GE859\/\"><img data-recalc-dims=\"1\" loading=\"lazy\" decoding=\"async\" class=\"aligncenter wp-image-7925\" src=\"https:\/\/i0.wp.com\/cepronda.com\/blog\/wp-content\/uploads\/2024\/12\/WhatsApp-Image-2024-12-10-at-12.42.27.jpeg?resize=428%2C428&#038;ssl=1\" alt=\"COMPETENCIAS DOCENTES PARA LA DETECCI\u00d3N, EL TRATAMIENTO Y EL MANEJO DE CONDUCTAS DE RIESGO EN RESIDENCIAS ESCOLARES\" width=\"428\" height=\"428\" srcset=\"https:\/\/i0.wp.com\/cepronda.com\/blog\/wp-content\/uploads\/2024\/12\/WhatsApp-Image-2024-12-10-at-12.42.27.jpeg?resize=1024%2C1024&amp;ssl=1 1024w, https:\/\/i0.wp.com\/cepronda.com\/blog\/wp-content\/uploads\/2024\/12\/WhatsApp-Image-2024-12-10-at-12.42.27.jpeg?resize=300%2C300&amp;ssl=1 300w, https:\/\/i0.wp.com\/cepronda.com\/blog\/wp-content\/uploads\/2024\/12\/WhatsApp-Image-2024-12-10-at-12.42.27.jpeg?resize=150%2C150&amp;ssl=1 150w, https:\/\/i0.wp.com\/cepronda.com\/blog\/wp-content\/uploads\/2024\/12\/WhatsApp-Image-2024-12-10-at-12.42.27.jpeg?resize=768%2C768&amp;ssl=1 768w, https:\/\/i0.wp.com\/cepronda.com\/blog\/wp-content\/uploads\/2024\/12\/WhatsApp-Image-2024-12-10-at-12.42.27.jpeg?resize=50%2C50&amp;ssl=1 50w, https:\/\/i0.wp.com\/cepronda.com\/blog\/wp-content\/uploads\/2024\/12\/WhatsApp-Image-2024-12-10-at-12.42.27.jpeg?w=1080&amp;ssl=1 1080w\" sizes=\"auto, (max-width: 428px) 100vw, 428px\" \/><\/a><\/div>\n<\/div>\n","protected":false},"excerpt":{"rendered":"<p>Abierto el plazo de inscripci\u00f3n para la actividad provincial: COMPETENCIAS DOCENTES PARA LA DETECCI\u00d3N, EL TRATAMIENTO Y EL MANEJO DE CONDUCTAS DE RIESGO EN RESIDENCIAS ESCOLARES. C\u00f3digo: 252923GE859 \u270f\ufe0fFecha inscripci\u00f3n: 05\/12\/2024 hasta 07\/01\/2025 Fecha actividad: 17\/01\/2025 hasta 04\/04\/2025 Lugar de realizaci\u00f3n: RESIDENCIA ESCOLAR VIRGEN DE LA FUENSANTA &#8211; CO\u00cdN M\u00e1s informaci\u00f3n e inscripci\u00f3n en: https:\/\/www.juntadeandalucia.es\/educacion\/secretariavirtual\/consultaCEP\/actividad\/252923GE859\/<\/p>\n","protected":false},"author":9,"featured_media":7925,"comment_status":"closed","ping_status":"open","sticky":false,"template":"","format":"standard","meta":{"_crdt_document":"","advanced_seo_description":"","jetpack_seo_html_title":"","jetpack_seo_noindex":false,"jetpack_post_was_ever_published":false,"_jetpack_newsletter_access":"","_jetpack_dont_email_post_to_subs":false,"_jetpack_newsletter_tier_id":0,"_jetpack_memberships_contains_paywalled_content":false,"_jetpack_memberships_contains_paid_content":false,"footnotes":"","jetpack_publicize_message":"","jetpack_publicize_feature_enabled":true,"jetpack_social_post_already_shared":false,"jetpack_social_options":{"image_generator_settings":{"template":"highway","default_image_id":0,"font":"","enabled":false},"version":2}},"categories":[3,5],"tags":[380],"class_list":{"0":"post-7924","1":"post","2":"type-post","3":"status-publish","4":"format-standard","5":"has-post-thumbnail","7":"category-formaciones","8":"category-noticias","9":"tag-residencias-escolares","10":"czr-hentry"},"jetpack_publicize_connections":[],"jetpack_featured_media_url":"https:\/\/i0.wp.com\/cepronda.com\/blog\/wp-content\/uploads\/2024\/12\/WhatsApp-Image-2024-12-10-at-12.42.27.jpeg?fit=1080%2C1080&ssl=1","jetpack_shortlink":"https:\/\/wp.me\/p8M4X7-23O","jetpack-related-posts":[{"id":9230,"url":"https:\/\/cepronda.com\/blog\/9230-2\/","url_meta":{"origin":7924,"position":0},"title":"DISCIPLINA POSITIVA, NEUROEDUCACI\u00d3N Y BIENESTAR EMOCIONAL\u201d:  CLAVES PARA LA CONVIVENCIA Y LA GESTI\u00d3N DEL ESTR\u00c9S EN RESIDENCIAS ESCOLARES.","author":"Encarni Jim\u00e9nez Rosado","date":"19 enero, 2026","format":false,"excerpt":"Abierto plazo de inscripci\u00f3n para el curso \u00a0\u201cDISCIPLINA POSITIVA, NEUROEDUCACI\u00d3N Y BIENESTAR EMOCIONAL\u201d: \u00a0CLAVES PARA LA CONVIVENCIA Y LA GESTI\u00d3N DEL ESTR\u00c9S EN RESIDENCIAS ESCOLARES. C\u00f3digo 262922GE107. Curso dirigido exclusivamente a profesorado\/educadores de RESIDENCIAS ESCOLARES. Duraci\u00f3n: 12 horas presenciales de 10:00 a 13:00. Inscripci\u00f3n: 16\/01\/2026 hasta 23\/01\/2026. Realizaci\u00f3n: 06\/02\/2026 hasta\u2026","rel":"","context":"En \u00abFormaciones\u00bb","block_context":{"text":"Formaciones","link":"https:\/\/cepronda.com\/blog\/category\/formaciones\/"},"img":{"alt_text":"","src":"","width":0,"height":0},"classes":[]},{"id":7970,"url":"https:\/\/cepronda.com\/blog\/i-encuentro-de-radios-escolares-de-malaga\/","url_meta":{"origin":7924,"position":1},"title":"I ENCUENTRO DE RADIOS ESCOLARES DE M\u00c1LAGA","author":"Mamen Moreno","date":"20 diciembre, 2024","format":false,"excerpt":"Se encuentra abierto el plazo de inscripci\u00f3n de l a ACTIVIDAD PROVINCIAL: I ENCUENTRO DE RADIOS ESCOLARES DE M\u00c1LAGA. C\u00f3digo 252922GE067 Duraci\u00f3n: 8 horas. \u00c1mbito: PROVINCIAL Fecha de realizaci\u00f3n:\u00a012\/02\/2025\u00a0hasta\u00a013\/02\/2025 Fecha de inscripci\u00f3n:\u00a017\/12\/2024\u00a0hasta\u00a030\/01\/2025 Lugar de realizaci\u00f3n: La T\u00e9rmica (M\u00e1laga). M\u00e1s informaci\u00f3n e inscripciones en:\u00a0 https:\/\/www.juntadeandalucia.es\/educacion\/secretariavirtual\/consultaCEP\/actividad\/252922GE067\/","rel":"","context":"En \u00abFormaciones\u00bb","block_context":{"text":"Formaciones","link":"https:\/\/cepronda.com\/blog\/category\/formaciones\/"},"img":{"alt_text":"","src":"https:\/\/i0.wp.com\/cepronda.com\/blog\/wp-content\/uploads\/2024\/12\/Cartel_cuadrado_encuentro_radios_escolares-1.jpeg?fit=1080%2C1080&ssl=1&resize=350%2C200","width":350,"height":200,"srcset":"https:\/\/i0.wp.com\/cepronda.com\/blog\/wp-content\/uploads\/2024\/12\/Cartel_cuadrado_encuentro_radios_escolares-1.jpeg?fit=1080%2C1080&ssl=1&resize=350%2C200 1x, https:\/\/i0.wp.com\/cepronda.com\/blog\/wp-content\/uploads\/2024\/12\/Cartel_cuadrado_encuentro_radios_escolares-1.jpeg?fit=1080%2C1080&ssl=1&resize=525%2C300 1.5x, https:\/\/i0.wp.com\/cepronda.com\/blog\/wp-content\/uploads\/2024\/12\/Cartel_cuadrado_encuentro_radios_escolares-1.jpeg?fit=1080%2C1080&ssl=1&resize=700%2C400 2x, https:\/\/i0.wp.com\/cepronda.com\/blog\/wp-content\/uploads\/2024\/12\/Cartel_cuadrado_encuentro_radios_escolares-1.jpeg?fit=1080%2C1080&ssl=1&resize=1050%2C600 3x"},"classes":[]},{"id":8034,"url":"https:\/\/cepronda.com\/blog\/aplicacion-del-protocolo-para-la-prevencion-del-riesgo-de-conductas-suicidas-y-autolesiones-del-alumnado-con-codigo-259922ci495\/","url_meta":{"origin":7924,"position":2},"title":"APLICACI\u00d3N DEL PROTOCOLO PARA LA PREVENCI\u00d3N DEL RIESGO DE CONDUCTAS SUICIDAS Y AUTOLESIONES DEL ALUMNADO, con c\u00f3digo 259922CI495.","author":"Inmaculada Garc\u00eda","date":"14 enero, 2025","format":false,"excerpt":"Abierto plazo de inscripci\u00f3n de la siguiente actividad provincial, \u00a0APLICACI\u00d3N DEL PROTOCOLO PARA LA PREVENCI\u00d3N DEL RIESGO DE CONDUCTAS SUICIDAS Y AUTOLESIONES DEL ALUMNADO, con c\u00f3digo 259922CI495. \u00a0Inscripci\u00f3n: 13\/01\/2025 hasta el 21\/01\/25 \u00a0Provincial. Internivelar. Dirigido a: EQUIPOS DIRECTIVOS Y ORIENTADORES\/AS \u00a0Actividad: del 27\/01\/2025 hasta el 05\/03\/2025 \u00a0Duraci\u00f3n:20 h. en AVFP\u2026","rel":"","context":"En \u00abFormaciones\u00bb","block_context":{"text":"Formaciones","link":"https:\/\/cepronda.com\/blog\/category\/formaciones\/"},"img":{"alt_text":"","src":"https:\/\/i0.wp.com\/cepronda.com\/blog\/wp-content\/uploads\/2025\/01\/PROTOCOLO.png?fit=1080%2C1080&ssl=1&resize=350%2C200","width":350,"height":200,"srcset":"https:\/\/i0.wp.com\/cepronda.com\/blog\/wp-content\/uploads\/2025\/01\/PROTOCOLO.png?fit=1080%2C1080&ssl=1&resize=350%2C200 1x, https:\/\/i0.wp.com\/cepronda.com\/blog\/wp-content\/uploads\/2025\/01\/PROTOCOLO.png?fit=1080%2C1080&ssl=1&resize=525%2C300 1.5x, https:\/\/i0.wp.com\/cepronda.com\/blog\/wp-content\/uploads\/2025\/01\/PROTOCOLO.png?fit=1080%2C1080&ssl=1&resize=700%2C400 2x, https:\/\/i0.wp.com\/cepronda.com\/blog\/wp-content\/uploads\/2025\/01\/PROTOCOLO.png?fit=1080%2C1080&ssl=1&resize=1050%2C600 3x"},"classes":[]},{"id":7576,"url":"https:\/\/cepronda.com\/blog\/profundizacion-de-las-competencias-profesionales-de-las-direcciones-escolares\/","url_meta":{"origin":7924,"position":3},"title":"PROFUNDIZACI\u00d3N DE LAS COMPETENCIAS PROFESIONALES DE LAS DIRECCIONES ESCOLARES","author":"Mamen Moreno","date":"16 abril, 2024","format":false,"excerpt":"Jornadas provinciales: \"PROFUNDIZACI\u00d3N DE LAS COMPETENCIAS PROFESIONALES DE LAS DIRECCIONES ESCOLARES (SECUNDARIA, BACHILLERATO, FP, ERE)\" C\u00f3digo 242923GE556. Se desarrollar\u00e1 en el CIO Mijas el lunes 13 de mayo de 2024. Periodo de inscripci\u00f3n del 15\/04\/24 al 05\/05\/24 Informaci\u00f3n e inscripci\u00f3n: https:\/\/www.juntadeandalucia.es\/educacion\/secretariavirtual\/consultaCEP\/actividad\/242923GE556\/","rel":"","context":"En \u00abNoticias\u00bb","block_context":{"text":"Noticias","link":"https:\/\/cepronda.com\/blog\/category\/noticias\/"},"img":{"alt_text":"","src":"https:\/\/i0.wp.com\/cepronda.com\/blog\/wp-content\/uploads\/2024\/04\/cartel-jornadas-ADIAN.png?fit=1080%2C1080&ssl=1&resize=350%2C200","width":350,"height":200,"srcset":"https:\/\/i0.wp.com\/cepronda.com\/blog\/wp-content\/uploads\/2024\/04\/cartel-jornadas-ADIAN.png?fit=1080%2C1080&ssl=1&resize=350%2C200 1x, https:\/\/i0.wp.com\/cepronda.com\/blog\/wp-content\/uploads\/2024\/04\/cartel-jornadas-ADIAN.png?fit=1080%2C1080&ssl=1&resize=525%2C300 1.5x, https:\/\/i0.wp.com\/cepronda.com\/blog\/wp-content\/uploads\/2024\/04\/cartel-jornadas-ADIAN.png?fit=1080%2C1080&ssl=1&resize=700%2C400 2x, https:\/\/i0.wp.com\/cepronda.com\/blog\/wp-content\/uploads\/2024\/04\/cartel-jornadas-ADIAN.png?fit=1080%2C1080&ssl=1&resize=1050%2C600 3x"},"classes":[]},{"id":5200,"url":"https:\/\/cepronda.com\/blog\/reunion-informativa-v-premios-bibliotecas-escolares-y-fomento-de-la-lectura-2\/","url_meta":{"origin":7924,"position":4},"title":"JORNADAS REDES PROVINCIALES DE BIBLIOTECAS ESCOLARES","author":"Maribel Mu\u00f1oz","date":"29 marzo, 2022","format":false,"excerpt":"Buenas tardes compa\u00f1eras y compa\u00f1eros Os informamos que est\u00e1 abierto el plazo de inscripci\u00f3n en las JORNADAS REDES PROVINCIALES DE BIBLIOTECAS ESCOLARES, con c\u00f3digo 229922BE001. Estas jornadas est\u00e1n dirigidas al profesorado de los centros docentes p\u00fablicos que imparten Educaci\u00f3n Infantil, Educaci\u00f3n Primaria y Educaci\u00f3n Secundaria. Las fechas son las siguientes:\u2026","rel":"","context":"En \u00abNoticias\u00bb","block_context":{"text":"Noticias","link":"https:\/\/cepronda.com\/blog\/category\/noticias\/"},"img":{"alt_text":"","src":"https:\/\/i0.wp.com\/cepronda.com\/blog\/wp-content\/uploads\/2022\/03\/Jornadas-provinciales-BBEE-19-20-de-abril.jpg?fit=577%2C824&ssl=1&resize=350%2C200","width":350,"height":200,"srcset":"https:\/\/i0.wp.com\/cepronda.com\/blog\/wp-content\/uploads\/2022\/03\/Jornadas-provinciales-BBEE-19-20-de-abril.jpg?fit=577%2C824&ssl=1&resize=350%2C200 1x, https:\/\/i0.wp.com\/cepronda.com\/blog\/wp-content\/uploads\/2022\/03\/Jornadas-provinciales-BBEE-19-20-de-abril.jpg?fit=577%2C824&ssl=1&resize=525%2C300 1.5x"},"classes":[]},{"id":8825,"url":"https:\/\/cepronda.com\/blog\/gestion-de-la-biblioteca-escolar-en-el-modulo-biblioweb-seneca-codigo-262923ge402\/","url_meta":{"origin":7924,"position":5},"title":"GESTI\u00d3N DE LA BIBLIOTECA ESCOLAR EN EL M\u00d3DULO BIBLIOWEB S\u00c9NECA. C\u00f3digo: 262923GE402.","author":"Inmaculada Garc\u00eda","date":"22 septiembre, 2025","format":false,"excerpt":"Abierto el plazo de inscripci\u00f3n para el curso provincial a distancia: GESTI\u00d3N DE LA BIBLIOTECA ESCOLAR EN EL M\u00d3DULO BIBLIOWEB S\u00c9NECA. C\u00f3digo 262923GE402. \u00a0 Curso a distancia con un aprovechamiento de 30 horas, desarrolladas en el Aula Virtual de Formaci\u00f3n del Profesorado. Este curso de formaci\u00f3n se ha dise\u00f1ado para\u2026","rel":"","context":"En \u00abFormaciones\u00bb","block_context":{"text":"Formaciones","link":"https:\/\/cepronda.com\/blog\/category\/formaciones\/"},"img":{"alt_text":"","src":"https:\/\/i0.wp.com\/cepronda.com\/blog\/wp-content\/uploads\/2025\/09\/Curso-Biblioweb.jpg?fit=500%2C500&ssl=1&resize=350%2C200","width":350,"height":200},"classes":[]}],"jetpack_sharing_enabled":true,"_links":{"self":[{"href":"https:\/\/cepronda.com\/blog\/wp-json\/wp\/v2\/posts\/7924","targetHints":{"allow":["GET"]}}],"collection":[{"href":"https:\/\/cepronda.com\/blog\/wp-json\/wp\/v2\/posts"}],"about":[{"href":"https:\/\/cepronda.com\/blog\/wp-json\/wp\/v2\/types\/post"}],"author":[{"embeddable":true,"href":"https:\/\/cepronda.com\/blog\/wp-json\/wp\/v2\/users\/9"}],"replies":[{"embeddable":true,"href":"https:\/\/cepronda.com\/blog\/wp-json\/wp\/v2\/comments?post=7924"}],"version-history":[{"count":2,"href":"https:\/\/cepronda.com\/blog\/wp-json\/wp\/v2\/posts\/7924\/revisions"}],"predecessor-version":[{"id":7927,"href":"https:\/\/cepronda.com\/blog\/wp-json\/wp\/v2\/posts\/7924\/revisions\/7927"}],"wp:featuredmedia":[{"embeddable":true,"href":"https:\/\/cepronda.com\/blog\/wp-json\/wp\/v2\/media\/7925"}],"wp:attachment":[{"href":"https:\/\/cepronda.com\/blog\/wp-json\/wp\/v2\/media?parent=7924"}],"wp:term":[{"taxonomy":"category","embeddable":true,"href":"https:\/\/cepronda.com\/blog\/wp-json\/wp\/v2\/categories?post=7924"},{"taxonomy":"post_tag","embeddable":true,"href":"https:\/\/cepronda.com\/blog\/wp-json\/wp\/v2\/tags?post=7924"}],"curies":[{"name":"wp","href":"https:\/\/api.w.org\/{rel}","templated":true}]}}