{"id":7921,"date":"2024-12-05T11:59:21","date_gmt":"2024-12-05T10:59:21","guid":{"rendered":"https:\/\/cepronda.com\/blog\/?p=7921"},"modified":"2025-04-25T12:06:12","modified_gmt":"2025-04-25T10:06:12","slug":"concurso-cartel-anunciador-its-ronda-2024-25","status":"publish","type":"post","link":"https:\/\/cepronda.com\/blog\/concurso-cartel-anunciador-its-ronda-2024-25\/","title":{"rendered":"CONCURSO CARTEL ANUNCIADOR   IT\u2019s Ronda 2024\/25"},"content":{"rendered":"<div class=\"\" data-block=\"true\" data-editor=\"3f7s7\" data-offset-key=\"9bj4i-0-0\">\n<div class=\"_1mf _1mj\" data-offset-key=\"9bj4i-0-0\"><span data-offset-key=\"9bj4i-0-0\"> CONCURSO CARTEL ANUNCIADOR. <\/span><\/div>\n<\/div>\n<div class=\"\" data-block=\"true\" data-editor=\"3f7s7\" data-offset-key=\"i163-0-0\">\n<div class=\"_1mf _1mj\" data-offset-key=\"i163-0-0\"><span data-offset-key=\"i163-0-0\">\u00a0<\/span><\/div>\n<\/div>\n<div class=\"\" data-block=\"true\" data-editor=\"3f7s7\" data-offset-key=\"flto0-0-0\">\n<div class=\"_1mf _1mj\" data-offset-key=\"flto0-0-0\"><span data-offset-key=\"flto0-0-0\">Se convoca concurso para elegir el cartel que representar\u00e1 a la IV Feria de Inventos y Talentos, IT&#8217;s Ronda 2025.<\/span><\/div>\n<\/div>\n<div class=\"\" data-block=\"true\" data-editor=\"3f7s7\" data-offset-key=\"309ql-0-0\">\n<div class=\"_1mf _1mj\" data-offset-key=\"309ql-0-0\"><span data-offset-key=\"309ql-0-0\">\u00a0<\/span><\/div>\n<\/div>\n<div class=\"\" data-block=\"true\" data-editor=\"3f7s7\" data-offset-key=\"50i51-0-0\">\n<div class=\"_1mf _1mj\" data-offset-key=\"50i51-0-0\"><span data-offset-key=\"50i51-0-0\">\u00bfEres un joven talento de la Serran\u00eda de Ronda con pasi\u00f3n por el arte y la ciencia? <\/span><\/div>\n<\/div>\n<div class=\"\" data-block=\"true\" data-editor=\"3f7s7\" data-offset-key=\"79qga-0-0\">\n<div class=\"_1mf _1mj\" data-offset-key=\"79qga-0-0\"><span data-offset-key=\"79qga-0-0\">Entonces, el Concurso de Cartel Anunciador para la IV Feria de Inventos y Talentos, IT&#8217;s Ronda 2025, es tu oportunidad para brillar.<\/span><\/div>\n<\/div>\n<div class=\"\" data-block=\"true\" data-editor=\"3f7s7\" data-offset-key=\"f9h7j-0-0\">\n<div class=\"_1mf _1mj\" data-offset-key=\"f9h7j-0-0\"><span data-offset-key=\"f9h7j-0-0\">\u00a0<\/span><\/div>\n<\/div>\n<div class=\"\" data-block=\"true\" data-editor=\"3f7s7\" data-offset-key=\"3lkgb-0-0\">\n<div class=\"_1mf _1mj\" data-offset-key=\"3lkgb-0-0\"><span data-offset-key=\"3lkgb-0-0\">\u26a1\ufe0f\u00bfQui\u00e9n puede participar?<\/span><\/div>\n<\/div>\n<div class=\"\" data-block=\"true\" data-editor=\"3f7s7\" data-offset-key=\"9n76i-0-0\">\n<div class=\"_1mf _1mj\" data-offset-key=\"9n76i-0-0\"><span data-offset-key=\"9n76i-0-0\">Este concurso est\u00e1 abierto para estudiantes de educaci\u00f3n infantil, primaria, secundaria, bachillerato y FP de la Serran\u00eda de Ronda. Cada participante puede enviar un \u00fanico cartel.<\/span><\/div>\n<\/div>\n<div class=\"\" data-block=\"true\" data-editor=\"3f7s7\" data-offset-key=\"1mk5r-0-0\">\n<div class=\"_1mf _1mj\" data-offset-key=\"1mk5r-0-0\"><span data-offset-key=\"1mk5r-0-0\">\u00a0<\/span><\/div>\n<\/div>\n<div class=\"\" data-block=\"true\" data-editor=\"3f7s7\" data-offset-key=\"bqbhe-0-0\">\n<div class=\"_1mf _1mj\" data-offset-key=\"bqbhe-0-0\"><span data-offset-key=\"bqbhe-0-0\">Condiciones del dise\u00f1o<\/span><\/div>\n<\/div>\n<div class=\"\" data-block=\"true\" data-editor=\"3f7s7\" data-offset-key=\"4761h-0-0\">\n<div class=\"_1mf _1mj\" data-offset-key=\"4761h-0-0\"><span data-offset-key=\"4761h-0-0\">El dise\u00f1o debe ser en color, en formato vertical y tama\u00f1o Din A4.<\/span><\/div>\n<\/div>\n<div class=\"\" data-block=\"true\" data-editor=\"3f7s7\" data-offset-key=\"eo3v8-0-0\">\n<div class=\"_1mf _1mj\" data-offset-key=\"eo3v8-0-0\"><span data-offset-key=\"eo3v8-0-0\">El tema es de libre elecci\u00f3n, siempre vinculado a la ciencia y el arte en cualquier \u00e1mbito (pict\u00f3rico, fotogr\u00e1fico o digital).<\/span><\/div>\n<\/div>\n<div class=\"\" data-block=\"true\" data-editor=\"3f7s7\" data-offset-key=\"6hp0b-0-0\">\n<div class=\"_1mf _1mj\" data-offset-key=\"6hp0b-0-0\"><span data-offset-key=\"6hp0b-0-0\">Es esencial incluir en la cabecera del cartel: \u00abIV Show de Inventos y Talentos Ciudad de Ronda\u00bb, \u00abIT\u2019s Ronda\u00bb, y las fechas \u00ab10 y 11 de Abril de 2025\u00bb.<\/span><\/div>\n<\/div>\n<div class=\"\" data-block=\"true\" data-editor=\"3f7s7\" data-offset-key=\"fd74s-0-0\">\n<div class=\"_1mf _1mj\" data-offset-key=\"fd74s-0-0\"><span data-offset-key=\"fd74s-0-0\">Las im\u00e1genes deben ser originales y no estar protegidas por derechos de autor.<\/span><\/div>\n<\/div>\n<div class=\"\" data-block=\"true\" data-editor=\"3f7s7\" data-offset-key=\"4b719-0-0\">\n<div class=\"_1mf _1mj\" data-offset-key=\"4b719-0-0\"><span data-offset-key=\"4b719-0-0\">\u00a0<\/span><\/div>\n<\/div>\n<div class=\"\" data-block=\"true\" data-editor=\"3f7s7\" data-offset-key=\"73tal-0-0\">\n<div class=\"_1mf _1mj\" data-offset-key=\"73tal-0-0\"><span data-offset-key=\"73tal-0-0\">C\u00f3mo participar<\/span><\/div>\n<\/div>\n<div class=\"\" data-block=\"true\" data-editor=\"3f7s7\" data-offset-key=\"72cs2-0-0\">\n<div class=\"_1mf _1mj\" data-offset-key=\"72cs2-0-0\"><span data-offset-key=\"72cs2-0-0\">Env\u00eda tu dise\u00f1o en formato jpg al correo inmaculadagarcia@cepronda.com, con el asunto \u00abConcurso Cartel IT\u2019S Ronda\u00bb. Incluye en el cuerpo del mensaje tu nombre, centro educativo, curso, y el t\u00edtulo de la obra.<\/span><\/div>\n<\/div>\n<div class=\"\" data-block=\"true\" data-editor=\"3f7s7\" data-offset-key=\"79br6-0-0\">\n<div class=\"_1mf _1mj\" data-offset-key=\"79br6-0-0\"><span data-offset-key=\"79br6-0-0\">\u00a0<\/span><\/div>\n<\/div>\n<div class=\"\" data-block=\"true\" data-editor=\"3f7s7\" data-offset-key=\"90cjj-0-0\">\n<div class=\"_1mf _1mj\" data-offset-key=\"90cjj-0-0\"><span data-offset-key=\"90cjj-0-0\">Fecha l\u00edmite<\/span><\/div>\n<\/div>\n<div class=\"\" data-block=\"true\" data-editor=\"3f7s7\" data-offset-key=\"2bt77-0-0\">\n<div class=\"_1mf _1mj\" data-offset-key=\"2bt77-0-0\"><span data-offset-key=\"2bt77-0-0\">\u00a1No te quedes fuera! Tienes hasta el 29 de enero de 2025 a las 23:59 horas para enviar tu propuesta.<\/span><\/div>\n<\/div>\n<div class=\"\" data-block=\"true\" data-editor=\"3f7s7\" data-offset-key=\"4cpon-0-0\">\n<div class=\"_1mf _1mj\" data-offset-key=\"4cpon-0-0\"><span data-offset-key=\"4cpon-0-0\">\u00a0<\/span><\/div>\n<\/div>\n<div class=\"\" data-block=\"true\" data-editor=\"3f7s7\" data-offset-key=\"bjf6l-0-0\">\n<div class=\"_1mf _1mj\" data-offset-key=\"bjf6l-0-0\"><span data-offset-key=\"bjf6l-0-0\">Premios<\/span><\/div>\n<\/div>\n<div class=\"\" data-block=\"true\" data-editor=\"3f7s7\" data-offset-key=\"avt4e-0-0\">\n<div class=\"_1mf _1mj\" data-offset-key=\"avt4e-0-0\"><span data-offset-key=\"avt4e-0-0\">Existen dos categor\u00edas de premios:<\/span><\/div>\n<\/div>\n<div class=\"\" data-block=\"true\" data-editor=\"3f7s7\" data-offset-key=\"1faf0-0-0\">\n<div class=\"_1mf _1mj\" data-offset-key=\"1faf0-0-0\"><span data-offset-key=\"1faf0-0-0\">Categor\u00eda 1 para estudiantes de infantil y primaria.<\/span><\/div>\n<\/div>\n<div class=\"\" data-block=\"true\" data-editor=\"3f7s7\" data-offset-key=\"7b8rf-0-0\">\n<div class=\"_1mf _1mj\" data-offset-key=\"7b8rf-0-0\"><span data-offset-key=\"7b8rf-0-0\">Categor\u00eda 2 para estudiantes de secundaria, FP y bachillerato.<\/span><\/div>\n<\/div>\n<div class=\"\" data-block=\"true\" data-editor=\"3f7s7\" data-offset-key=\"5ueou-0-0\">\n<div class=\"_1mf _1mj\" data-offset-key=\"5ueou-0-0\"><span data-offset-key=\"5ueou-0-0\">El cartel oficial ser\u00e1 elegido entre los ganadores de cada categor\u00eda.<\/span><\/div>\n<\/div>\n<div class=\"\" data-block=\"true\" data-editor=\"3f7s7\" data-offset-key=\"2hnok-0-0\">\n<div class=\"_1mf _1mj\" data-offset-key=\"2hnok-0-0\"><span data-offset-key=\"2hnok-0-0\">\u00a0<\/span><\/div>\n<\/div>\n<div class=\"\" data-block=\"true\" data-editor=\"3f7s7\" data-offset-key=\"tmh2-0-0\">\n<div class=\"_1mf _1mj\" data-offset-key=\"tmh2-0-0\"><span data-offset-key=\"tmh2-0-0\">Aspectos a tener en cuenta<\/span><\/div>\n<\/div>\n<div class=\"\" data-block=\"true\" data-editor=\"3f7s7\" data-offset-key=\"eqdlv-0-0\">\n<div class=\"_1mf _1mj\" data-offset-key=\"eqdlv-0-0\"><span data-offset-key=\"eqdlv-0-0\">El jurado valorar\u00e1 la originalidad, creatividad, impacto visual, est\u00e9tica, mensaje, gram\u00e1tica y ortograf\u00eda del dise\u00f1o.<\/span><\/div>\n<\/div>\n<div class=\"\" data-block=\"true\" data-editor=\"3f7s7\" data-offset-key=\"e102o-0-0\">\n<div class=\"_1mf _1mj\" data-offset-key=\"e102o-0-0\"><span data-offset-key=\"e102o-0-0\">Al participar, aceptas las bases del concurso y el tratamiento de datos conforme a la ley.<\/span><\/div>\n<\/div>\n<div class=\"\" data-block=\"true\" data-editor=\"3f7s7\" data-offset-key=\"53o02-0-0\">\n<div class=\"_1mf _1mj\" data-offset-key=\"53o02-0-0\"><span data-offset-key=\"53o02-0-0\">Para m\u00e1s informaci\u00f3n, visita el blog del CEP de Ronda y sus redes sociales.<\/span><\/div>\n<\/div>\n<div class=\"\" data-block=\"true\" data-editor=\"3f7s7\" data-offset-key=\"blt5s-0-0\">\n<div class=\"_1mf _1mj\" data-offset-key=\"blt5s-0-0\"><span data-offset-key=\"blt5s-0-0\">\u00a1An\u00edmate a participar y deja que tu creatividad destaque en IT\u2019s Ronda 2025!<\/span><\/div>\n<\/div>\n<div class=\"\" data-block=\"true\" data-editor=\"3f7s7\" data-offset-key=\"3c4nv-0-0\">\n<div class=\"_1mf _1mj\" data-offset-key=\"3c4nv-0-0\"><span data-offset-key=\"3c4nv-0-0\">\u00a0<\/span><\/div>\n<\/div>\n<div class=\"\" data-block=\"true\" data-editor=\"3f7s7\" data-offset-key=\"25a3b-0-0\">\n<div class=\"_1mf _1mj\" data-offset-key=\"25a3b-0-0\"><span data-offset-key=\"25a3b-0-0\">ENLACE A LAS BASES: https:\/\/drive.google.com\/file\/d\/138e3fPUKu3Y39NXiVSmKoB0UEryWDmcy\/view?usp=sharing<\/span><\/div>\n<\/div>\n","protected":false},"excerpt":{"rendered":"<p>CONCURSO CARTEL ANUNCIADOR. \u00a0 Se convoca concurso para elegir el cartel que representar\u00e1 a la IV Feria de Inventos y Talentos, IT&#8217;s Ronda 2025. \u00a0 \u00bfEres un joven talento de la Serran\u00eda de Ronda con pasi\u00f3n por el arte y la ciencia? Entonces, el Concurso de Cartel Anunciador para la IV Feria de Inventos y [&hellip;]<\/p>\n","protected":false},"author":9,"featured_media":7922,"comment_status":"closed","ping_status":"open","sticky":false,"template":"","format":"standard","meta":{"_crdt_document":"","advanced_seo_description":"","jetpack_seo_html_title":"","jetpack_seo_noindex":false,"jetpack_post_was_ever_published":false,"_jetpack_newsletter_access":"","_jetpack_dont_email_post_to_subs":false,"_jetpack_newsletter_tier_id":0,"_jetpack_memberships_contains_paywalled_content":false,"_jetpack_memberships_contains_paid_content":false,"footnotes":"","jetpack_publicize_message":"","jetpack_publicize_feature_enabled":true,"jetpack_social_post_already_shared":false,"jetpack_social_options":{"image_generator_settings":{"template":"highway","default_image_id":0,"font":"","enabled":false},"version":2}},"categories":[5],"tags":[180],"class_list":{"0":"post-7921","1":"post","2":"type-post","3":"status-publish","4":"format-standard","5":"has-post-thumbnail","7":"category-noticias","8":"tag-concursos","9":"czr-hentry"},"jetpack_publicize_connections":[],"jetpack_featured_media_url":"https:\/\/i0.wp.com\/cepronda.com\/blog\/wp-content\/uploads\/2024\/12\/de-2.jpg?fit=1080%2C1080&ssl=1","jetpack_shortlink":"https:\/\/wp.me\/p8M4X7-23L","jetpack-related-posts":[{"id":9322,"url":"https:\/\/cepronda.com\/blog\/concurso-cartel-anunciador-its-ronda-2025-26\/","url_meta":{"origin":7921,"position":0},"title":"CONCURSO CARTEL ANUNCIADOR.  IT\u2019s Ronda 2025\/26","author":"Inmaculada Garc\u00eda","date":"29 enero, 2026","format":false,"excerpt":"\u00bfVives en la Serran\u00eda de Ronda y te apasiona crear? Entonces, el Concurso de Cartel Anunciador para la V Feria de Inventos y Talentos, IT's Ronda 2026, es tu oportunidad para brillar. \u00bfQui\u00e9n puede participar? Este concurso est\u00e1 abierto para estudiantes de educaci\u00f3n infantil, primaria, secundaria, bachillerato y FP de\u2026","rel":"","context":"En \u00abNoticias\u00bb","block_context":{"text":"Noticias","link":"https:\/\/cepronda.com\/blog\/category\/noticias\/"},"img":{"alt_text":"","src":"https:\/\/i0.wp.com\/cepronda.com\/blog\/wp-content\/uploads\/2026\/01\/de.jpg?fit=1080%2C1080&ssl=1&resize=350%2C200","width":350,"height":200,"srcset":"https:\/\/i0.wp.com\/cepronda.com\/blog\/wp-content\/uploads\/2026\/01\/de.jpg?fit=1080%2C1080&ssl=1&resize=350%2C200 1x, https:\/\/i0.wp.com\/cepronda.com\/blog\/wp-content\/uploads\/2026\/01\/de.jpg?fit=1080%2C1080&ssl=1&resize=525%2C300 1.5x, https:\/\/i0.wp.com\/cepronda.com\/blog\/wp-content\/uploads\/2026\/01\/de.jpg?fit=1080%2C1080&ssl=1&resize=700%2C400 2x, https:\/\/i0.wp.com\/cepronda.com\/blog\/wp-content\/uploads\/2026\/01\/de.jpg?fit=1080%2C1080&ssl=1&resize=1050%2C600 3x"},"classes":[]},{"id":5726,"url":"https:\/\/cepronda.com\/blog\/convocatoria-de-concurso-de-carteles-its-ronda-2023\/","url_meta":{"origin":7921,"position":1},"title":"CONVOCATORIA DE CONCURSO DE CARTELES. IT\u2019S Ronda 2023","author":"Inmaculada Garc\u00eda","date":"10 diciembre, 2022","format":false,"excerpt":"Estamos calentando motores para la segunda edici\u00f3n de la FERIA DE INVENTOS Y TALENTOS. It\u00b4s Ronda 2023, y necesitamos el cartel para dicho evento, por lo que hemos convocado un concurso para el dise\u00f1o de la carteler\u00eda. FECHA L\u00cdMITE DE PRESENTACI\u00d3N: 30 de enero de 2023 a las 23:59 horas.\u2026","rel":"","context":"En \u00abNoticias\u00bb","block_context":{"text":"Noticias","link":"https:\/\/cepronda.com\/blog\/category\/noticias\/"},"img":{"alt_text":"","src":"https:\/\/i0.wp.com\/cepronda.com\/blog\/wp-content\/uploads\/2022\/03\/It%C2%B4s-Ronda.png?fit=848%2C1200&ssl=1&resize=350%2C200","width":350,"height":200,"srcset":"https:\/\/i0.wp.com\/cepronda.com\/blog\/wp-content\/uploads\/2022\/03\/It%C2%B4s-Ronda.png?fit=848%2C1200&ssl=1&resize=350%2C200 1x, https:\/\/i0.wp.com\/cepronda.com\/blog\/wp-content\/uploads\/2022\/03\/It%C2%B4s-Ronda.png?fit=848%2C1200&ssl=1&resize=525%2C300 1.5x, https:\/\/i0.wp.com\/cepronda.com\/blog\/wp-content\/uploads\/2022\/03\/It%C2%B4s-Ronda.png?fit=848%2C1200&ssl=1&resize=700%2C400 2x"},"classes":[]},{"id":5949,"url":"https:\/\/cepronda.com\/blog\/viii-certamen-de-teatro-en-el-aula-ciudad-de-ronda\/","url_meta":{"origin":7921,"position":2},"title":"VIII CERTAMEN DE TEATRO EN EL AULA \u00abCIUDAD DE RONDA\u00bb","author":"Mamen Moreno","date":"18 abril, 2023","format":false,"excerpt":"Os informamos que el pasado lunes 17 de abril se presento el cartel anunciador del VII Certamen de Teatro en el aula Ciudad de Ronda (TACIR) Este certamen se de desarrollara durante el 26 de mayo al 2 de junio Los teatros se realizaran en el Teatro Vicente Espinel de\u2026","rel":"","context":"En \u00abNoticias\u00bb","block_context":{"text":"Noticias","link":"https:\/\/cepronda.com\/blog\/category\/noticias\/"},"img":{"alt_text":"","src":"https:\/\/i0.wp.com\/cepronda.com\/blog\/wp-content\/uploads\/2023\/04\/CARTEL-CERTAMEN-DEFINITIVO.jpg?fit=1200%2C812&ssl=1&resize=350%2C200","width":350,"height":200,"srcset":"https:\/\/i0.wp.com\/cepronda.com\/blog\/wp-content\/uploads\/2023\/04\/CARTEL-CERTAMEN-DEFINITIVO.jpg?fit=1200%2C812&ssl=1&resize=350%2C200 1x, https:\/\/i0.wp.com\/cepronda.com\/blog\/wp-content\/uploads\/2023\/04\/CARTEL-CERTAMEN-DEFINITIVO.jpg?fit=1200%2C812&ssl=1&resize=525%2C300 1.5x, https:\/\/i0.wp.com\/cepronda.com\/blog\/wp-content\/uploads\/2023\/04\/CARTEL-CERTAMEN-DEFINITIVO.jpg?fit=1200%2C812&ssl=1&resize=700%2C400 2x, https:\/\/i0.wp.com\/cepronda.com\/blog\/wp-content\/uploads\/2023\/04\/CARTEL-CERTAMEN-DEFINITIVO.jpg?fit=1200%2C812&ssl=1&resize=1050%2C600 3x"},"classes":[]},{"id":5644,"url":"https:\/\/cepronda.com\/blog\/actividades-formativas-del-cep-de-ronda-para-el-curso-22-23\/","url_meta":{"origin":7921,"position":3},"title":"ACTIVIDADES FORMATIVAS DEL CEP DE RONDA para el CURSO 22-23","author":"Inmaculada Garc\u00eda","date":"7 diciembre, 2022","format":false,"excerpt":"Buenos d\u00edas, compa\u00f1eros y compa\u00f1eras. Os compartimos nuestro cartel vivo con las ACTIVIDADES FORMATIVAS DEL CEP DE RONDA para el CURSO 22-23 \u00a0Pincha en el enlace 00-Cartel vivo CEP QR o escanea el c\u00f3digo QR para visualizar la relaci\u00f3n de actividades formativas del CEP de Ronda para este curso.","rel":"","context":"En \u00abNoticias\u00bb","block_context":{"text":"Noticias","link":"https:\/\/cepronda.com\/blog\/category\/noticias\/"},"img":{"alt_text":"","src":"https:\/\/i0.wp.com\/cepronda.com\/blog\/wp-content\/uploads\/2022\/12\/Diseno-sin-titulo.png?fit=848%2C1200&ssl=1&resize=350%2C200","width":350,"height":200,"srcset":"https:\/\/i0.wp.com\/cepronda.com\/blog\/wp-content\/uploads\/2022\/12\/Diseno-sin-titulo.png?fit=848%2C1200&ssl=1&resize=350%2C200 1x, https:\/\/i0.wp.com\/cepronda.com\/blog\/wp-content\/uploads\/2022\/12\/Diseno-sin-titulo.png?fit=848%2C1200&ssl=1&resize=525%2C300 1.5x, https:\/\/i0.wp.com\/cepronda.com\/blog\/wp-content\/uploads\/2022\/12\/Diseno-sin-titulo.png?fit=848%2C1200&ssl=1&resize=700%2C400 2x"},"classes":[]},{"id":4740,"url":"https:\/\/cepronda.com\/blog\/cartel-informativo-con-enlaces-de-interes-del-cep-de-ronda-21-22\/","url_meta":{"origin":7921,"position":4},"title":"CARTEL INFORMATIVO CON ENLACES DE INTER\u00c9S DEL CEP DE RONDA 21\/22","author":"V\u00edctor Caballero","date":"11 octubre, 2021","format":false,"excerpt":"Buenas tardes compa\u00f1eras y compa\u00f1eros, Con el presente cartel informativo que hemos repartido en todos los centros de nuestra zona CEP de Ronda, para colocar en las salas del profesorado, pod\u00e9is escanear los c\u00f3digos QR a los distintos enlaces de inter\u00e9s para los docentes. \u00a0 Tambi\u00e9n ten\u00e9is la opci\u00f3n de\u00a0descargarlo\u2026","rel":"","context":"En \u00abFormaciones\u00bb","block_context":{"text":"Formaciones","link":"https:\/\/cepronda.com\/blog\/category\/formaciones\/"},"img":{"alt_text":"","src":"https:\/\/i0.wp.com\/cepronda.com\/blog\/wp-content\/uploads\/2021\/10\/Cartel-bueno.png?resize=350%2C200","width":350,"height":200,"srcset":"https:\/\/i0.wp.com\/cepronda.com\/blog\/wp-content\/uploads\/2021\/10\/Cartel-bueno.png?resize=350%2C200 1x, https:\/\/i0.wp.com\/cepronda.com\/blog\/wp-content\/uploads\/2021\/10\/Cartel-bueno.png?resize=525%2C300 1.5x"},"classes":[]},{"id":7455,"url":"https:\/\/cepronda.com\/blog\/ceip-vicente-espinel-concurso-de-poesia\/","url_meta":{"origin":7921,"position":5},"title":"CEIP VICENTE ESPINEL: CONCURSO DE POES\u00cdA","author":"V\u00edctor Caballero","date":"14 febrero, 2024","format":false,"excerpt":"Muy buenas, Desde el CEP de Ronda queremos dar difusi\u00f3n a esta iniciativa del CEIP Vicente Espinel sobre la conmemoraci\u00f3n del 400 aniversario de la muerte de Vicente Espinel a trav\u00e9s de un Concurso de Poes\u00eda\u00a0 MODALIDADES: Hasta 18 a\u00f1os (Cuartetas y\/o Espinelas) Mayores de 18 a\u00f1os (Espinelas) FECHA FINAL\u2026","rel":"","context":"En \u00abFormaciones\u00bb","block_context":{"text":"Formaciones","link":"https:\/\/cepronda.com\/blog\/category\/formaciones\/"},"img":{"alt_text":"","src":"https:\/\/i0.wp.com\/cepronda.com\/blog\/wp-content\/uploads\/2024\/02\/WhatsApp-Image-2024-02-14-at-11.13.56.jpeg?fit=860%2C1200&ssl=1&resize=350%2C200","width":350,"height":200,"srcset":"https:\/\/i0.wp.com\/cepronda.com\/blog\/wp-content\/uploads\/2024\/02\/WhatsApp-Image-2024-02-14-at-11.13.56.jpeg?fit=860%2C1200&ssl=1&resize=350%2C200 1x, https:\/\/i0.wp.com\/cepronda.com\/blog\/wp-content\/uploads\/2024\/02\/WhatsApp-Image-2024-02-14-at-11.13.56.jpeg?fit=860%2C1200&ssl=1&resize=525%2C300 1.5x, https:\/\/i0.wp.com\/cepronda.com\/blog\/wp-content\/uploads\/2024\/02\/WhatsApp-Image-2024-02-14-at-11.13.56.jpeg?fit=860%2C1200&ssl=1&resize=700%2C400 2x"},"classes":[]}],"jetpack_sharing_enabled":true,"_links":{"self":[{"href":"https:\/\/cepronda.com\/blog\/wp-json\/wp\/v2\/posts\/7921","targetHints":{"allow":["GET"]}}],"collection":[{"href":"https:\/\/cepronda.com\/blog\/wp-json\/wp\/v2\/posts"}],"about":[{"href":"https:\/\/cepronda.com\/blog\/wp-json\/wp\/v2\/types\/post"}],"author":[{"embeddable":true,"href":"https:\/\/cepronda.com\/blog\/wp-json\/wp\/v2\/users\/9"}],"replies":[{"embeddable":true,"href":"https:\/\/cepronda.com\/blog\/wp-json\/wp\/v2\/comments?post=7921"}],"version-history":[{"count":1,"href":"https:\/\/cepronda.com\/blog\/wp-json\/wp\/v2\/posts\/7921\/revisions"}],"predecessor-version":[{"id":7923,"href":"https:\/\/cepronda.com\/blog\/wp-json\/wp\/v2\/posts\/7921\/revisions\/7923"}],"wp:featuredmedia":[{"embeddable":true,"href":"https:\/\/cepronda.com\/blog\/wp-json\/wp\/v2\/media\/7922"}],"wp:attachment":[{"href":"https:\/\/cepronda.com\/blog\/wp-json\/wp\/v2\/media?parent=7921"}],"wp:term":[{"taxonomy":"category","embeddable":true,"href":"https:\/\/cepronda.com\/blog\/wp-json\/wp\/v2\/categories?post=7921"},{"taxonomy":"post_tag","embeddable":true,"href":"https:\/\/cepronda.com\/blog\/wp-json\/wp\/v2\/tags?post=7921"}],"curies":[{"name":"wp","href":"https:\/\/api.w.org\/{rel}","templated":true}]}}