{"id":7916,"date":"2024-12-05T10:12:49","date_gmt":"2024-12-05T09:12:49","guid":{"rendered":"https:\/\/cepronda.com\/blog\/?p=7916"},"modified":"2025-04-25T12:01:37","modified_gmt":"2025-04-25T10:01:37","slug":"actividades-para-el-desarrollo-de-la-competencia-digital-docente","status":"publish","type":"post","link":"https:\/\/cepronda.com\/blog\/actividades-para-el-desarrollo-de-la-competencia-digital-docente\/","title":{"rendered":"ACTIVIDADES PARA EL DESARROLLO DE LA COMPETENCIA DIGITAL DOCENTE"},"content":{"rendered":"<div class=\"\" data-block=\"true\" data-editor=\"9d47o\" data-offset-key=\"1f1f2-0-0\">\n<div class=\"_1mf _1mj\" data-offset-key=\"1f1f2-0-0\"><span data-offset-key=\"1f1f2-0-0\">Abierto el plazo de inscripciones de las<strong> ACTIVIDADES PARA EL DESARROLLO DE LA COMPETENCIA DIGITAL DOCENTE<\/strong><\/span><\/div>\n<\/div>\n<div class=\"\" data-block=\"true\" data-editor=\"9d47o\" data-offset-key=\"d9lqe-0-0\">\n<div class=\"_1mf _1mj\" data-offset-key=\"d9lqe-0-0\"><\/div>\n<\/div>\n<div class=\"\" data-block=\"true\" data-editor=\"9d47o\" data-offset-key=\"4d8e7-0-0\">\n<div class=\"_1mf _1mj\" data-offset-key=\"4d8e7-0-0\"><span data-offset-key=\"4d8e7-0-0\">Inscripci\u00f3n del 5 de diciembre hasta el 8 de enero<\/span><\/div>\n<\/div>\n<div class=\"\" data-block=\"true\" data-editor=\"9d47o\" data-offset-key=\"6bgmh-0-0\">\n<div class=\"_1mf _1mj\" data-offset-key=\"6bgmh-0-0\"><\/div>\n<\/div>\n<div class=\"\" data-block=\"true\" data-editor=\"9d47o\" data-offset-key=\"cbtcl-0-0\">\n<div class=\"_1mf _1mj\" data-offset-key=\"cbtcl-0-0\"><span data-offset-key=\"cbtcl-0-0\">Realizaci\u00f3n entre el 16 de enero y 17 de marzo de 2025 a trav\u00e9s del Aula Virtual de Formaci\u00f3n del Profesorado<\/span><\/div>\n<\/div>\n<div class=\"\" data-block=\"true\" data-editor=\"9d47o\" data-offset-key=\"3nt37-0-0\">\n<div class=\"_1mf _1mj\" data-offset-key=\"3nt37-0-0\"><\/div>\n<\/div>\n<div class=\"\" data-block=\"true\" data-editor=\"9d47o\" data-offset-key=\"3k1st-0-0\">\n<div class=\"_1mf _1mj\" data-offset-key=\"3k1st-0-0\"><span data-offset-key=\"3k1st-0-0\"> M\u00e1s informaci\u00f3n e inscripci\u00f3n: <a href=\"https:\/\/bit.ly\/CDDPROVINCIAMALAGA\">https:\/\/bit.ly\/CDDPROVINCIAMALAGA<\/a><\/span><\/div>\n<div data-offset-key=\"3k1st-0-0\"><\/div>\n<div data-offset-key=\"3k1st-0-0\"><img data-recalc-dims=\"1\" loading=\"lazy\" decoding=\"async\" class=\"size-medium wp-image-7917 aligncenter\" src=\"https:\/\/i0.wp.com\/cepronda.com\/blog\/wp-content\/uploads\/2024\/12\/WhatsApp-Image-2024-12-04-at-18.13.35.jpeg?resize=300%2C300&#038;ssl=1\" alt=\"\" width=\"300\" height=\"300\" srcset=\"https:\/\/i0.wp.com\/cepronda.com\/blog\/wp-content\/uploads\/2024\/12\/WhatsApp-Image-2024-12-04-at-18.13.35.jpeg?resize=300%2C300&amp;ssl=1 300w, https:\/\/i0.wp.com\/cepronda.com\/blog\/wp-content\/uploads\/2024\/12\/WhatsApp-Image-2024-12-04-at-18.13.35.jpeg?resize=150%2C150&amp;ssl=1 150w, https:\/\/i0.wp.com\/cepronda.com\/blog\/wp-content\/uploads\/2024\/12\/WhatsApp-Image-2024-12-04-at-18.13.35.jpeg?resize=768%2C768&amp;ssl=1 768w, https:\/\/i0.wp.com\/cepronda.com\/blog\/wp-content\/uploads\/2024\/12\/WhatsApp-Image-2024-12-04-at-18.13.35.jpeg?resize=50%2C50&amp;ssl=1 50w, https:\/\/i0.wp.com\/cepronda.com\/blog\/wp-content\/uploads\/2024\/12\/WhatsApp-Image-2024-12-04-at-18.13.35.jpeg?w=1000&amp;ssl=1 1000w\" sizes=\"auto, (max-width: 300px) 100vw, 300px\" \/><\/div>\n<\/div>\n","protected":false},"excerpt":{"rendered":"<p>Abierto el plazo de inscripciones de las ACTIVIDADES PARA EL DESARROLLO DE LA COMPETENCIA DIGITAL DOCENTE Inscripci\u00f3n del 5 de diciembre hasta el 8 de enero Realizaci\u00f3n entre el 16 de enero y 17 de marzo de 2025 a trav\u00e9s del Aula Virtual de Formaci\u00f3n del Profesorado M\u00e1s informaci\u00f3n e inscripci\u00f3n: https:\/\/bit.ly\/CDDPROVINCIAMALAGA<\/p>\n","protected":false},"author":13,"featured_media":7917,"comment_status":"closed","ping_status":"open","sticky":false,"template":"","format":"standard","meta":{"_crdt_document":"","advanced_seo_description":"","jetpack_seo_html_title":"","jetpack_seo_noindex":false,"jetpack_post_was_ever_published":false,"_jetpack_newsletter_access":"","_jetpack_dont_email_post_to_subs":false,"_jetpack_newsletter_tier_id":0,"_jetpack_memberships_contains_paywalled_content":false,"_jetpack_memberships_contains_paid_content":false,"footnotes":"","jetpack_publicize_message":"","jetpack_publicize_feature_enabled":true,"jetpack_social_post_already_shared":false,"jetpack_social_options":{"image_generator_settings":{"template":"highway","default_image_id":0,"font":"","enabled":false},"version":2}},"categories":[3],"tags":[],"class_list":{"0":"post-7916","1":"post","2":"type-post","3":"status-publish","4":"format-standard","5":"has-post-thumbnail","7":"category-formaciones","8":"czr-hentry"},"jetpack_publicize_connections":[],"jetpack_featured_media_url":"https:\/\/i0.wp.com\/cepronda.com\/blog\/wp-content\/uploads\/2024\/12\/WhatsApp-Image-2024-12-04-at-18.13.35.jpeg?fit=1000%2C1000&ssl=1","jetpack_shortlink":"https:\/\/wp.me\/p8M4X7-23G","jetpack-related-posts":[{"id":8274,"url":"https:\/\/cepronda.com\/blog\/actividades-para-el-desarrollo-de-la-competencia-digital-docente-2\/","url_meta":{"origin":7916,"position":0},"title":"ACTIVIDADES PARA EL DESARROLLO DE LA COMPETENCIA DIGITAL","author":"Mamen Moreno","date":"6 marzo, 2025","format":false,"excerpt":"Abierto el plazo de inscripciones de las ACTIVIDADES PARA EL DESARROLLO DE LA COMPETENCIA DIGITAL DOCENTE \u00a0 - Inscripci\u00f3n del 6 de marzo hasta el 16 de marzo. \u00a0 - Realizaci\u00f3n entre el 24 de marzo y 25 de mayo de 2025 a trav\u00e9s del Aula Virtual de Formaci\u00f3n del\u2026","rel":"","context":"En \u00abFormaciones\u00bb","block_context":{"text":"Formaciones","link":"https:\/\/cepronda.com\/blog\/category\/formaciones\/"},"img":{"alt_text":"","src":"https:\/\/i0.wp.com\/cepronda.com\/blog\/wp-content\/uploads\/2025\/03\/Post-de-Facebook-Inmobiliaria-Fotografico-Moderno-Azul-y-Gris-1.png?fit=940%2C788&ssl=1&resize=350%2C200","width":350,"height":200,"srcset":"https:\/\/i0.wp.com\/cepronda.com\/blog\/wp-content\/uploads\/2025\/03\/Post-de-Facebook-Inmobiliaria-Fotografico-Moderno-Azul-y-Gris-1.png?fit=940%2C788&ssl=1&resize=350%2C200 1x, https:\/\/i0.wp.com\/cepronda.com\/blog\/wp-content\/uploads\/2025\/03\/Post-de-Facebook-Inmobiliaria-Fotografico-Moderno-Azul-y-Gris-1.png?fit=940%2C788&ssl=1&resize=525%2C300 1.5x, https:\/\/i0.wp.com\/cepronda.com\/blog\/wp-content\/uploads\/2025\/03\/Post-de-Facebook-Inmobiliaria-Fotografico-Moderno-Azul-y-Gris-1.png?fit=940%2C788&ssl=1&resize=700%2C400 2x"},"classes":[]},{"id":5366,"url":"https:\/\/cepronda.com\/blog\/campus-para-el-desarrollo-de-la-competencia-digital-docente\/","url_meta":{"origin":7916,"position":1},"title":"CAMPUS PARA EL DESARROLLO DE LA COMPETENCIA DIGITAL DOCENTE","author":"Maribel Mu\u00f1oz","date":"1 junio, 2022","format":false,"excerpt":"Buenas tardes compa\u00f1eras y compa\u00f1eros, Os recordamos que desde ayer 31 de mayo\u00a0 est\u00e1 abierto el plazo de inscripci\u00f3n en el CAMPUS PARA EL DESARROLLO DE LA COMPETENCIA DIGITAL DOCENTE de \u00e1mbito regional con c\u00f3digo 229901PF407.\u00a0 El plazo de inscripci\u00f3n finaliza el pr\u00f3ximo 7 de junio. El encuentro se realizar\u00e1\u2026","rel":"","context":"En \u00abFormaciones\u00bb","block_context":{"text":"Formaciones","link":"https:\/\/cepronda.com\/blog\/category\/formaciones\/"},"img":{"alt_text":"","src":"https:\/\/i0.wp.com\/cepronda.com\/blog\/wp-content\/uploads\/2020\/03\/S%C2%B0mbolo-gen%C3%87rico-RRSS-redondo-negativo.png?fit=1200%2C1200&ssl=1&resize=350%2C200","width":350,"height":200,"srcset":"https:\/\/i0.wp.com\/cepronda.com\/blog\/wp-content\/uploads\/2020\/03\/S%C2%B0mbolo-gen%C3%87rico-RRSS-redondo-negativo.png?fit=1200%2C1200&ssl=1&resize=350%2C200 1x, https:\/\/i0.wp.com\/cepronda.com\/blog\/wp-content\/uploads\/2020\/03\/S%C2%B0mbolo-gen%C3%87rico-RRSS-redondo-negativo.png?fit=1200%2C1200&ssl=1&resize=525%2C300 1.5x, https:\/\/i0.wp.com\/cepronda.com\/blog\/wp-content\/uploads\/2020\/03\/S%C2%B0mbolo-gen%C3%87rico-RRSS-redondo-negativo.png?fit=1200%2C1200&ssl=1&resize=700%2C400 2x, https:\/\/i0.wp.com\/cepronda.com\/blog\/wp-content\/uploads\/2020\/03\/S%C2%B0mbolo-gen%C3%87rico-RRSS-redondo-negativo.png?fit=1200%2C1200&ssl=1&resize=1050%2C600 3x"},"classes":[]},{"id":5683,"url":"https:\/\/cepronda.com\/blog\/cursos-de-competencia-digital-docente-niveles-a2-b1-y-b2\/","url_meta":{"origin":7916,"position":2},"title":"CURSOS DE COMPETENCIA DIGITAL DOCENTE. NIVELES A2, B1 Y B2.","author":"Inmaculada Garc\u00eda","date":"10 enero, 2023","format":false,"excerpt":"Est\u00e1 abierto el plazo para los siguientes cursos de Competencia Digital Docente: \u00a0 - COMPETENCIA DIGITAL DOCENTE NIVEL A2 (50 horas). Inscripciones: https:\/\/www.juntadeandalucia.es\/...\/actividad\/239923KPF426\/ \u00a0 - COMPETENCIA DIGITAL DOCENTE NIVEL B1 (60 horas). Inscripciones: https:\/\/www.juntadeandalucia.es\/...\/actividad\/239922KPF432\/ \u00a0 - COMPETENCIA DIGITAL DOCENTE NIVEL B2 (80 horas). Inscripciones: https:\/\/www.juntadeandalucia.es\/...\/actividad\/239926KPF429\/ \u00a0 Fecha actividad: 27\/01\/2023 hasta\u2026","rel":"","context":"En \u00abFormaciones\u00bb","block_context":{"text":"Formaciones","link":"https:\/\/cepronda.com\/blog\/category\/formaciones\/"},"img":{"alt_text":"","src":"https:\/\/i0.wp.com\/cepronda.com\/blog\/wp-content\/uploads\/2023\/01\/322102607_691638952677560_6394053168575758545_n.jpg?fit=960%2C540&ssl=1&resize=350%2C200","width":350,"height":200,"srcset":"https:\/\/i0.wp.com\/cepronda.com\/blog\/wp-content\/uploads\/2023\/01\/322102607_691638952677560_6394053168575758545_n.jpg?fit=960%2C540&ssl=1&resize=350%2C200 1x, https:\/\/i0.wp.com\/cepronda.com\/blog\/wp-content\/uploads\/2023\/01\/322102607_691638952677560_6394053168575758545_n.jpg?fit=960%2C540&ssl=1&resize=525%2C300 1.5x, https:\/\/i0.wp.com\/cepronda.com\/blog\/wp-content\/uploads\/2023\/01\/322102607_691638952677560_6394053168575758545_n.jpg?fit=960%2C540&ssl=1&resize=700%2C400 2x"},"classes":[]},{"id":7196,"url":"https:\/\/cepronda.com\/blog\/competencia-digital-docente-nivel-b2-competencias-profesionales-especificas\/","url_meta":{"origin":7916,"position":3},"title":"COMPETENCIA DIGITAL DOCENTE NIVEL B2. COMPETENCIAS PROFESIONALES ESPEC\u00cdFICAS","author":"Mamen Moreno","date":"6 noviembre, 2023","format":false,"excerpt":"Se abre el plazo de inscripci\u00f3n para la formaci\u00f3n online COMPETENCIA DIGITAL DOCENTE NIVEL B2. COMPETENCIAS PROFESIONALES ESPEC\u00cdFICAS. Dicho curso va destinado a personal docente que en la actualidad no se encuentra desempe\u00f1ando labores educativas directas con el alumnado, tales como: 1\u00ba Direcciones y asesor\u00edas de los Centros del Profesorado.\u2026","rel":"","context":"En \u00abFormaciones\u00bb","block_context":{"text":"Formaciones","link":"https:\/\/cepronda.com\/blog\/category\/formaciones\/"},"img":{"alt_text":"","src":"https:\/\/i0.wp.com\/cepronda.com\/blog\/wp-content\/uploads\/2023\/11\/WhatsApp-Image-2023-11-06-at-10.31.56.jpeg?fit=1200%2C675&ssl=1&resize=350%2C200","width":350,"height":200,"srcset":"https:\/\/i0.wp.com\/cepronda.com\/blog\/wp-content\/uploads\/2023\/11\/WhatsApp-Image-2023-11-06-at-10.31.56.jpeg?fit=1200%2C675&ssl=1&resize=350%2C200 1x, https:\/\/i0.wp.com\/cepronda.com\/blog\/wp-content\/uploads\/2023\/11\/WhatsApp-Image-2023-11-06-at-10.31.56.jpeg?fit=1200%2C675&ssl=1&resize=525%2C300 1.5x, https:\/\/i0.wp.com\/cepronda.com\/blog\/wp-content\/uploads\/2023\/11\/WhatsApp-Image-2023-11-06-at-10.31.56.jpeg?fit=1200%2C675&ssl=1&resize=700%2C400 2x, https:\/\/i0.wp.com\/cepronda.com\/blog\/wp-content\/uploads\/2023\/11\/WhatsApp-Image-2023-11-06-at-10.31.56.jpeg?fit=1200%2C675&ssl=1&resize=1050%2C600 3x"},"classes":[]},{"id":6078,"url":"https:\/\/cepronda.com\/blog\/formaciones-en-competancia-digital-docente-niveles-a1-a2-y-b1\/","url_meta":{"origin":7916,"position":4},"title":"FORMACIONES EN COMPETENCIA DIGITAL DOCENTE. NIVELES A1, A2 Y B1","author":"Inmaculada Garc\u00eda","date":"29 septiembre, 2023","format":false,"excerpt":"Est\u00e1 abierto el plazo de inscripci\u00f3n en los siguientes cursos de Competencia Digital Docente: Nivel A1 de Competencia Digital Docente.\u00a0 Fecha actividad: 10\/10\/2023 hasta 01\/12\/2023. Nivel A1 de Competencia Digital Docente para Educaci\u00f3n infantil de 0 a 3 a\u00f1os.\u00a0 Fecha actividad: 10\/10\/2023 hasta 01\/12\/2023. Nivel A2 de Competencia Digital Docente.\u00a0\u2026","rel":"","context":"En \u00abFormaciones\u00bb","block_context":{"text":"Formaciones","link":"https:\/\/cepronda.com\/blog\/category\/formaciones\/"},"img":{"alt_text":"","src":"https:\/\/i0.wp.com\/cepronda.com\/blog\/wp-content\/uploads\/2023\/09\/Purple-and-Pink-Abstract-SEO-Marketing-Infographic-Instagram-Post-5.png?fit=1080%2C1080&ssl=1&resize=350%2C200","width":350,"height":200,"srcset":"https:\/\/i0.wp.com\/cepronda.com\/blog\/wp-content\/uploads\/2023\/09\/Purple-and-Pink-Abstract-SEO-Marketing-Infographic-Instagram-Post-5.png?fit=1080%2C1080&ssl=1&resize=350%2C200 1x, https:\/\/i0.wp.com\/cepronda.com\/blog\/wp-content\/uploads\/2023\/09\/Purple-and-Pink-Abstract-SEO-Marketing-Infographic-Instagram-Post-5.png?fit=1080%2C1080&ssl=1&resize=525%2C300 1.5x, https:\/\/i0.wp.com\/cepronda.com\/blog\/wp-content\/uploads\/2023\/09\/Purple-and-Pink-Abstract-SEO-Marketing-Infographic-Instagram-Post-5.png?fit=1080%2C1080&ssl=1&resize=700%2C400 2x, https:\/\/i0.wp.com\/cepronda.com\/blog\/wp-content\/uploads\/2023\/09\/Purple-and-Pink-Abstract-SEO-Marketing-Infographic-Instagram-Post-5.png?fit=1080%2C1080&ssl=1&resize=1050%2C600 3x"},"classes":[]},{"id":5421,"url":"https:\/\/cepronda.com\/blog\/convocatoria-provincial-para-el-desarrollo-de-la-competencia-digital-docente\/","url_meta":{"origin":7916,"position":5},"title":"CONVOCATORIA PROVINCIAL PARA EL DESARROLLO DE LA COMPETENCIA DIGITAL DOCENTE.","author":"Inmaculada Garc\u00eda","date":"20 septiembre, 2022","format":false,"excerpt":"Os informamos de que el pr\u00f3ximo viernes \u00a023 de septiembre se abrir\u00e1 el plazo para solicitar la inscripci\u00f3n en las formaciones ofertadas en la Convocatoria Provincial para el desarrollo de la Competencia Digital Docente, dentro del plan de formaci\u00f3n del profesorado de la Consejer\u00eda de Desarrollo Educativo y Formaci\u00f3n Profesional.\u2026","rel":"","context":"En \u00abFormaciones\u00bb","block_context":{"text":"Formaciones","link":"https:\/\/cepronda.com\/blog\/category\/formaciones\/"},"img":{"alt_text":"","src":"https:\/\/i0.wp.com\/cepronda.com\/blog\/wp-content\/uploads\/2022\/09\/convocatoria-provincial-para-el-desarrollo-de-la-competencia-digital.png?fit=1200%2C705&ssl=1&resize=350%2C200","width":350,"height":200,"srcset":"https:\/\/i0.wp.com\/cepronda.com\/blog\/wp-content\/uploads\/2022\/09\/convocatoria-provincial-para-el-desarrollo-de-la-competencia-digital.png?fit=1200%2C705&ssl=1&resize=350%2C200 1x, https:\/\/i0.wp.com\/cepronda.com\/blog\/wp-content\/uploads\/2022\/09\/convocatoria-provincial-para-el-desarrollo-de-la-competencia-digital.png?fit=1200%2C705&ssl=1&resize=525%2C300 1.5x, https:\/\/i0.wp.com\/cepronda.com\/blog\/wp-content\/uploads\/2022\/09\/convocatoria-provincial-para-el-desarrollo-de-la-competencia-digital.png?fit=1200%2C705&ssl=1&resize=700%2C400 2x, https:\/\/i0.wp.com\/cepronda.com\/blog\/wp-content\/uploads\/2022\/09\/convocatoria-provincial-para-el-desarrollo-de-la-competencia-digital.png?fit=1200%2C705&ssl=1&resize=1050%2C600 3x"},"classes":[]}],"jetpack_sharing_enabled":true,"_links":{"self":[{"href":"https:\/\/cepronda.com\/blog\/wp-json\/wp\/v2\/posts\/7916","targetHints":{"allow":["GET"]}}],"collection":[{"href":"https:\/\/cepronda.com\/blog\/wp-json\/wp\/v2\/posts"}],"about":[{"href":"https:\/\/cepronda.com\/blog\/wp-json\/wp\/v2\/types\/post"}],"author":[{"embeddable":true,"href":"https:\/\/cepronda.com\/blog\/wp-json\/wp\/v2\/users\/13"}],"replies":[{"embeddable":true,"href":"https:\/\/cepronda.com\/blog\/wp-json\/wp\/v2\/comments?post=7916"}],"version-history":[{"count":3,"href":"https:\/\/cepronda.com\/blog\/wp-json\/wp\/v2\/posts\/7916\/revisions"}],"predecessor-version":[{"id":8400,"href":"https:\/\/cepronda.com\/blog\/wp-json\/wp\/v2\/posts\/7916\/revisions\/8400"}],"wp:featuredmedia":[{"embeddable":true,"href":"https:\/\/cepronda.com\/blog\/wp-json\/wp\/v2\/media\/7917"}],"wp:attachment":[{"href":"https:\/\/cepronda.com\/blog\/wp-json\/wp\/v2\/media?parent=7916"}],"wp:term":[{"taxonomy":"category","embeddable":true,"href":"https:\/\/cepronda.com\/blog\/wp-json\/wp\/v2\/categories?post=7916"},{"taxonomy":"post_tag","embeddable":true,"href":"https:\/\/cepronda.com\/blog\/wp-json\/wp\/v2\/tags?post=7916"}],"curies":[{"name":"wp","href":"https:\/\/api.w.org\/{rel}","templated":true}]}}