{"id":7890,"date":"2024-12-02T12:45:59","date_gmt":"2024-12-02T11:45:59","guid":{"rendered":"https:\/\/cepronda.com\/blog\/?p=7890"},"modified":"2025-04-28T12:00:08","modified_gmt":"2025-04-28T10:00:08","slug":"competencias-linguisticas-en-educacion-infantil","status":"publish","type":"post","link":"https:\/\/cepronda.com\/blog\/competencias-linguisticas-en-educacion-infantil\/","title":{"rendered":"COMPETENCIAS LING\u00dc\u00cdSTICAS EN EDUCACI\u00d3N INFANTIL"},"content":{"rendered":"<div class=\"xdj266r x11i5rnm xat24cr x1mh8g0r x1vvkbs x126k92a\">\n<div dir=\"auto\">Abierto el plazo de solicitudes para el curso: <strong><span class=\"OYPEnA font-feature-liga-off font-feature-clig-off font-feature-calt-off text-decoration-none text-strikethrough-none\">COMPETENCIAS LING\u00dc\u00cdSTICAS EN EDUCACI\u00d3N INFANTIL<\/span> <\/strong>C\u00f3digo: 252922GE251.<\/div>\n<div dir=\"auto\"><strong>Ponente:<\/strong> Mar\u00eda del Mar Qu\u00edrell<\/div>\n<\/div>\n<div class=\"x11i5rnm xat24cr x1mh8g0r x1vvkbs xtlvy1s x126k92a\">\n<div dir=\"auto\"><strong>Curso Semipresencial<\/strong> de 25 horas (2 horas por Webex y 23 horas tareas en el AVFP), dirigido al profesorado de educaci\u00f3n infantil.<\/div>\n<\/div>\n<div class=\"x11i5rnm xat24cr x1mh8g0r x1vvkbs xtlvy1s x126k92a\">\n<div dir=\"auto\"><span class=\"html-span xexx8yu x4uap5 x18d9i69 xkhd6sd x1hl2dhg x16tdsg8 x1vvkbs x3nfvp2 x1j61x8r x1fcty0u xdj266r xat24cr xgzva0m xhhsvwb xxymvpz xlup9mm x1kky2od\">\u00a0<\/span><strong>Inscripci\u00f3n<\/strong>: 02\/12\/2024 al 09\/01\/2025.<\/div>\n<div dir=\"auto\"><strong>Fecha de actividad: <\/strong>14\/01\/2025 hasta 14\/02\/2025 en el AVFP<\/div>\n<div dir=\"auto\"><strong>Fecha de la sesi\u00f3n presencial:<\/strong> 14 de enero de 17:00 a 19:00<\/div>\n<div dir=\"auto\"><strong>M\u00e1s informaci\u00f3n e inscripciones<\/strong><span style=\"font-weight: inherit;\">: <\/span><a style=\"font-weight: inherit;\" href=\"https:\/\/www.juntadeandalucia.es\/educacion\/secretariavirtual\/consultaCEP\/actividad\/252924GE251\/\">https:\/\/www.juntadeandalucia.es\/educacion\/secretariavirtual\/consultaCEP\/actividad\/252924GE251\/<\/a><\/div>\n<p><img data-recalc-dims=\"1\" loading=\"lazy\" decoding=\"async\" class=\"size-medium wp-image-7894 aligncenter\" src=\"https:\/\/i0.wp.com\/cepronda.com\/blog\/wp-content\/uploads\/2024\/12\/LA-COEDUCACION-ATERRIZA-EN-EL-AULA.jpg?resize=300%2C300&#038;ssl=1\" alt=\"\" width=\"300\" height=\"300\" srcset=\"https:\/\/i0.wp.com\/cepronda.com\/blog\/wp-content\/uploads\/2024\/12\/LA-COEDUCACION-ATERRIZA-EN-EL-AULA.jpg?resize=300%2C300&amp;ssl=1 300w, https:\/\/i0.wp.com\/cepronda.com\/blog\/wp-content\/uploads\/2024\/12\/LA-COEDUCACION-ATERRIZA-EN-EL-AULA.jpg?resize=1024%2C1024&amp;ssl=1 1024w, https:\/\/i0.wp.com\/cepronda.com\/blog\/wp-content\/uploads\/2024\/12\/LA-COEDUCACION-ATERRIZA-EN-EL-AULA.jpg?resize=150%2C150&amp;ssl=1 150w, https:\/\/i0.wp.com\/cepronda.com\/blog\/wp-content\/uploads\/2024\/12\/LA-COEDUCACION-ATERRIZA-EN-EL-AULA.jpg?resize=768%2C768&amp;ssl=1 768w, https:\/\/i0.wp.com\/cepronda.com\/blog\/wp-content\/uploads\/2024\/12\/LA-COEDUCACION-ATERRIZA-EN-EL-AULA.jpg?resize=50%2C50&amp;ssl=1 50w, https:\/\/i0.wp.com\/cepronda.com\/blog\/wp-content\/uploads\/2024\/12\/LA-COEDUCACION-ATERRIZA-EN-EL-AULA.jpg?w=1080&amp;ssl=1 1080w\" sizes=\"auto, (max-width: 300px) 100vw, 300px\" \/><\/p>\n<\/div>\n","protected":false},"excerpt":{"rendered":"<p>Abierto el plazo de solicitudes para el curso: COMPETENCIAS LING\u00dc\u00cdSTICAS EN EDUCACI\u00d3N INFANTIL C\u00f3digo: 252922GE251. Ponente: Mar\u00eda del Mar Qu\u00edrell Curso Semipresencial de 25 horas (2 horas por Webex y 23 horas tareas en el AVFP), dirigido al profesorado de educaci\u00f3n infantil. \u00a0Inscripci\u00f3n: 02\/12\/2024 al 09\/01\/2025. Fecha de actividad: 14\/01\/2025 hasta 14\/02\/2025 en el AVFP [&hellip;]<\/p>\n","protected":false},"author":13,"featured_media":7896,"comment_status":"closed","ping_status":"open","sticky":false,"template":"","format":"standard","meta":{"_crdt_document":"","advanced_seo_description":"","jetpack_seo_html_title":"","jetpack_seo_noindex":false,"jetpack_post_was_ever_published":false,"_jetpack_newsletter_access":"","_jetpack_dont_email_post_to_subs":false,"_jetpack_newsletter_tier_id":0,"_jetpack_memberships_contains_paywalled_content":false,"_jetpack_memberships_contains_paid_content":false,"footnotes":"","jetpack_publicize_message":"","jetpack_publicize_feature_enabled":true,"jetpack_social_post_already_shared":false,"jetpack_social_options":{"image_generator_settings":{"template":"highway","default_image_id":0,"font":"","enabled":false},"version":2}},"categories":[3,5],"tags":[],"class_list":{"0":"post-7890","1":"post","2":"type-post","3":"status-publish","4":"format-standard","5":"has-post-thumbnail","7":"category-formaciones","8":"category-noticias","9":"czr-hentry"},"jetpack_publicize_connections":[],"jetpack_featured_media_url":"https:\/\/i0.wp.com\/cepronda.com\/blog\/wp-content\/uploads\/2024\/12\/LA-COEDUCACION-ATERRIZA-EN-EL-AULA-1.jpg?fit=1080%2C1080&ssl=1","jetpack_shortlink":"https:\/\/wp.me\/p8M4X7-23g","jetpack-related-posts":[{"id":8873,"url":"https:\/\/cepronda.com\/blog\/atencion-al-alumnado-tea-en-el-aula-de-educacion-infantil\/","url_meta":{"origin":7890,"position":0},"title":"ATENCI\u00d3N AL ALUMNADO TEA EN EL AULA DE EDUCACI\u00d3N INFANTIL","author":"Mamen Moreno","date":"30 septiembre, 2025","format":false,"excerpt":"Abierto el plazo de inscripci\u00f3n para el curso \"ATENCI\u00d3N AL ALUMNADO TEA EN EL AULA DE EDUCACI\u00d3N INFANTIL\". C\u00f3digo: 262922GE082. Dirigido: a maestros y maestra de Educaci\u00f3n Infantil ( 3- 6 a\u00f1os). Inscripci\u00f3n: del 30\/09\/2025 al 30\/10\/2025. Actividad: del 05\/11\/2025 a 03\/12\/2025 (mi\u00e9rcoles). Duraci\u00f3n: 15 h presenciales. Lugar: V\u00eda webex\u2026","rel":"","context":"En \u00abFormaciones\u00bb","block_context":{"text":"Formaciones","link":"https:\/\/cepronda.com\/blog\/category\/formaciones\/"},"img":{"alt_text":"","src":"https:\/\/i0.wp.com\/cepronda.com\/blog\/wp-content\/uploads\/2025\/10\/Sin-titulo.png?fit=856%2C853&ssl=1&resize=350%2C200","width":350,"height":200,"srcset":"https:\/\/i0.wp.com\/cepronda.com\/blog\/wp-content\/uploads\/2025\/10\/Sin-titulo.png?fit=856%2C853&ssl=1&resize=350%2C200 1x, https:\/\/i0.wp.com\/cepronda.com\/blog\/wp-content\/uploads\/2025\/10\/Sin-titulo.png?fit=856%2C853&ssl=1&resize=525%2C300 1.5x, https:\/\/i0.wp.com\/cepronda.com\/blog\/wp-content\/uploads\/2025\/10\/Sin-titulo.png?fit=856%2C853&ssl=1&resize=700%2C400 2x"},"classes":[]},{"id":8973,"url":"https:\/\/cepronda.com\/blog\/academia-gemini-para-educadores\/","url_meta":{"origin":7890,"position":1},"title":"ACADEMIA GEMINI PARA EDUCADORES","author":"V\u00edctor Caballero","date":"28 octubre, 2025","format":false,"excerpt":"Se encuentra abierto el plazo de inscripci\u00f3n en el curso provincial, \"ACADEMIA GEMINI PARA EDUCADORES\", con los siguientes c\u00f3digos: E. INFANTIL: 269926KPF584 E. PRIMARIA Y CEPER: 269925KPF585 ESO, BACHILLERATO, FP Y ERE: 269924KPF586 E. DIRECTIVOS: 269922KPF587 Inscripciones: del\u00a028\u00a0\u00a0de octubre al\u00a03\u00a0\u00a0de\u00a0noviembre. Publicaci\u00f3n del listado de admisi\u00f3n provisional:\u00a05\u00a0de\u00a0noviembre\u00a0de 2025 a las 10:00\u2026","rel":"","context":"En \u00abFormaciones\u00bb","block_context":{"text":"Formaciones","link":"https:\/\/cepronda.com\/blog\/category\/formaciones\/"},"img":{"alt_text":"","src":"https:\/\/i0.wp.com\/cepronda.com\/blog\/wp-content\/uploads\/2025\/10\/Publi-Gemini-scaled.png?fit=1200%2C675&ssl=1&resize=350%2C200","width":350,"height":200,"srcset":"https:\/\/i0.wp.com\/cepronda.com\/blog\/wp-content\/uploads\/2025\/10\/Publi-Gemini-scaled.png?fit=1200%2C675&ssl=1&resize=350%2C200 1x, https:\/\/i0.wp.com\/cepronda.com\/blog\/wp-content\/uploads\/2025\/10\/Publi-Gemini-scaled.png?fit=1200%2C675&ssl=1&resize=525%2C300 1.5x, https:\/\/i0.wp.com\/cepronda.com\/blog\/wp-content\/uploads\/2025\/10\/Publi-Gemini-scaled.png?fit=1200%2C675&ssl=1&resize=700%2C400 2x, https:\/\/i0.wp.com\/cepronda.com\/blog\/wp-content\/uploads\/2025\/10\/Publi-Gemini-scaled.png?fit=1200%2C675&ssl=1&resize=1050%2C600 3x"},"classes":[]},{"id":8090,"url":"https:\/\/cepronda.com\/blog\/los-cuentos-como-recurso-para-el-desarrollo-de-la-competencia-matematica-en-educacion-infantil\/","url_meta":{"origin":7890,"position":2},"title":"LOS CUENTOS COMO RECURSO PARA EL DESARROLLO DE LA COMPETENCIA MATEM\u00c1TICA EN EDUCACI\u00d3N INFANTIL","author":"Mamen Moreno","date":"30 enero, 2025","format":false,"excerpt":"Abierto el plazo de solicitudes para el curso \u201cLOS CUENTOS COMO RECURSO PARA EL DESARROLLO DE LA COMPETENCIA MATEM\u00c1TICA EN EDUCACI\u00d3N INFANTIL\u201d con c\u00f3digo 252924GE250 Ponente: Mar\u00eda del Mar Qu\u00edrell Jos\u00e9 Dirigido: Profesorado de Educaci\u00f3n Infantil Inscripci\u00f3n: 30\/01\/2025 hasta el 21\/02\/2025 Fecha de la actividad: 04\/03\/2025 hasta el 25\/04\/2025 Duraci\u00f3n:\u2026","rel":"","context":"En \u00abFormaciones\u00bb","block_context":{"text":"Formaciones","link":"https:\/\/cepronda.com\/blog\/category\/formaciones\/"},"img":{"alt_text":"","src":"https:\/\/i0.wp.com\/cepronda.com\/blog\/wp-content\/uploads\/2025\/01\/CARTEL-MATEMATICAS-CUENTOS-2.jpg?fit=1080%2C1080&ssl=1&resize=350%2C200","width":350,"height":200,"srcset":"https:\/\/i0.wp.com\/cepronda.com\/blog\/wp-content\/uploads\/2025\/01\/CARTEL-MATEMATICAS-CUENTOS-2.jpg?fit=1080%2C1080&ssl=1&resize=350%2C200 1x, https:\/\/i0.wp.com\/cepronda.com\/blog\/wp-content\/uploads\/2025\/01\/CARTEL-MATEMATICAS-CUENTOS-2.jpg?fit=1080%2C1080&ssl=1&resize=525%2C300 1.5x, https:\/\/i0.wp.com\/cepronda.com\/blog\/wp-content\/uploads\/2025\/01\/CARTEL-MATEMATICAS-CUENTOS-2.jpg?fit=1080%2C1080&ssl=1&resize=700%2C400 2x, https:\/\/i0.wp.com\/cepronda.com\/blog\/wp-content\/uploads\/2025\/01\/CARTEL-MATEMATICAS-CUENTOS-2.jpg?fit=1080%2C1080&ssl=1&resize=1050%2C600 3x"},"classes":[]},{"id":5758,"url":"https:\/\/cepronda.com\/blog\/programa-neuroeduca-entrenamiento-de-las-funciones-ejecutivas-en-educacion-infantil\/","url_meta":{"origin":7890,"position":3},"title":"PROGRAMA NEUROEDUCA: ENTRENAMIENTO DE LAS FUNCIONES EJECUTIVAS EN EDUCACI\u00d3N INFANTIL","author":"Mamen Moreno","date":"6 febrero, 2023","format":false,"excerpt":"Os informamos que est\u00e1 abierto el plazo de inscripci\u00f3n del curso semipresencial (con videoconferencias en directo) organizado por el CEP de Ronda: PROGRAMA NEUROEDUCA: ENTRENAMIENTO DE LAS FUNCIONES EJECUTIVAS EN EDUCACI\u00d3N INFANTIL con C\u00f3digo 232924GE028 Las fechas de la formaci\u00f3n son las siguientes:\u00a0\u00a0 7 de marzo. 14 de marzo 21\u2026","rel":"","context":"En \u00abFormaciones\u00bb","block_context":{"text":"Formaciones","link":"https:\/\/cepronda.com\/blog\/category\/formaciones\/"},"img":{"alt_text":"","src":"https:\/\/i0.wp.com\/cepronda.com\/blog\/wp-content\/uploads\/2023\/02\/WhatsApp-Image-2023-01-19-at-18.56.48-300x300.jpeg?resize=350%2C200&ssl=1","width":350,"height":200},"classes":[]},{"id":5468,"url":"https:\/\/cepronda.com\/blog\/aproximacion-al-marco-general-de-la-lomloe-educacion-infantil\/","url_meta":{"origin":7890,"position":4},"title":"APROXIMACI\u00d3N AL MARCO GENERAL DE LA LOMLOE.EDUCACI\u00d3N INFANTIL.","author":"Maribel Mu\u00f1oz","date":"16 septiembre, 2022","format":false,"excerpt":"Buenas tardes compa\u00f1eras y compa\u00f1eros, Os\u00a0 informamos que est\u00e1 abierto el plazo de inscripci\u00f3n en el curso a distancia APROXIMACI\u00d3N AL MARCO GENERAL DE LA LOMLOE. EDUCACI\u00d3N INFANTIL con c\u00f3digo 232924PF403. Fechas de inscripci\u00f3n : del 16\/09\/2022 al 03\/10\/2022 Fecha de inicio: 10\/10\/2022 Fecha finalizaci\u00f3n: 10\/11\/2022 Horas: 15\u00a0 ( online\u2026","rel":"","context":"En \u00abFormaciones\u00bb","block_context":{"text":"Formaciones","link":"https:\/\/cepronda.com\/blog\/category\/formaciones\/"},"img":{"alt_text":"","src":"https:\/\/i0.wp.com\/cepronda.com\/blog\/wp-content\/uploads\/2022\/09\/WhatsApp-Image-2022-09-16-at-11.24.09.jpeg?fit=1200%2C675&ssl=1&resize=350%2C200","width":350,"height":200,"srcset":"https:\/\/i0.wp.com\/cepronda.com\/blog\/wp-content\/uploads\/2022\/09\/WhatsApp-Image-2022-09-16-at-11.24.09.jpeg?fit=1200%2C675&ssl=1&resize=350%2C200 1x, https:\/\/i0.wp.com\/cepronda.com\/blog\/wp-content\/uploads\/2022\/09\/WhatsApp-Image-2022-09-16-at-11.24.09.jpeg?fit=1200%2C675&ssl=1&resize=525%2C300 1.5x, https:\/\/i0.wp.com\/cepronda.com\/blog\/wp-content\/uploads\/2022\/09\/WhatsApp-Image-2022-09-16-at-11.24.09.jpeg?fit=1200%2C675&ssl=1&resize=700%2C400 2x, https:\/\/i0.wp.com\/cepronda.com\/blog\/wp-content\/uploads\/2022\/09\/WhatsApp-Image-2022-09-16-at-11.24.09.jpeg?fit=1200%2C675&ssl=1&resize=1050%2C600 3x"},"classes":[]},{"id":4937,"url":"https:\/\/cepronda.com\/blog\/abn-en-infantil-y-educacion-especial-desarrollo-de-la-competencia-matematica\/","url_meta":{"origin":7890,"position":5},"title":"ABN EN INFANTIL Y EDUCACI\u00d3N ESPECIAL: DESARROLLO DE LA COMPETENCIA MATEM\u00c1TICA","author":"V\u00edctor Caballero","date":"10 enero, 2022","format":false,"excerpt":"Buenas tardes compa\u00f1eros y compa\u00f1eras. Os informamos de la apertura de solicitudes para un curso muy interesante sobre: ABN EN INFANTIL Y EDUCACI\u00d3N ESPECIAL: DESARROLLO DE LA COMPETENCIA MATEM\u00c1TICA (222924GE045) Curso de 13 h totales 4 sesiones de 2,5 horas presenciales (2 de ellas por videoconferencias) Y 3 horas no\u2026","rel":"","context":"En \u00abFormaciones\u00bb","block_context":{"text":"Formaciones","link":"https:\/\/cepronda.com\/blog\/category\/formaciones\/"},"img":{"alt_text":"","src":"https:\/\/i0.wp.com\/cepronda.com\/blog\/wp-content\/uploads\/2022\/01\/20220208-Cartel-222924GE045-ABN-Infantil-y-EE.png?fit=848%2C1200&ssl=1&resize=350%2C200","width":350,"height":200,"srcset":"https:\/\/i0.wp.com\/cepronda.com\/blog\/wp-content\/uploads\/2022\/01\/20220208-Cartel-222924GE045-ABN-Infantil-y-EE.png?fit=848%2C1200&ssl=1&resize=350%2C200 1x, https:\/\/i0.wp.com\/cepronda.com\/blog\/wp-content\/uploads\/2022\/01\/20220208-Cartel-222924GE045-ABN-Infantil-y-EE.png?fit=848%2C1200&ssl=1&resize=525%2C300 1.5x, https:\/\/i0.wp.com\/cepronda.com\/blog\/wp-content\/uploads\/2022\/01\/20220208-Cartel-222924GE045-ABN-Infantil-y-EE.png?fit=848%2C1200&ssl=1&resize=700%2C400 2x"},"classes":[]}],"jetpack_sharing_enabled":true,"_links":{"self":[{"href":"https:\/\/cepronda.com\/blog\/wp-json\/wp\/v2\/posts\/7890","targetHints":{"allow":["GET"]}}],"collection":[{"href":"https:\/\/cepronda.com\/blog\/wp-json\/wp\/v2\/posts"}],"about":[{"href":"https:\/\/cepronda.com\/blog\/wp-json\/wp\/v2\/types\/post"}],"author":[{"embeddable":true,"href":"https:\/\/cepronda.com\/blog\/wp-json\/wp\/v2\/users\/13"}],"replies":[{"embeddable":true,"href":"https:\/\/cepronda.com\/blog\/wp-json\/wp\/v2\/comments?post=7890"}],"version-history":[{"count":8,"href":"https:\/\/cepronda.com\/blog\/wp-json\/wp\/v2\/posts\/7890\/revisions"}],"predecessor-version":[{"id":7938,"href":"https:\/\/cepronda.com\/blog\/wp-json\/wp\/v2\/posts\/7890\/revisions\/7938"}],"wp:featuredmedia":[{"embeddable":true,"href":"https:\/\/cepronda.com\/blog\/wp-json\/wp\/v2\/media\/7896"}],"wp:attachment":[{"href":"https:\/\/cepronda.com\/blog\/wp-json\/wp\/v2\/media?parent=7890"}],"wp:term":[{"taxonomy":"category","embeddable":true,"href":"https:\/\/cepronda.com\/blog\/wp-json\/wp\/v2\/categories?post=7890"},{"taxonomy":"post_tag","embeddable":true,"href":"https:\/\/cepronda.com\/blog\/wp-json\/wp\/v2\/tags?post=7890"}],"curies":[{"name":"wp","href":"https:\/\/api.w.org\/{rel}","templated":true}]}}