{"id":7873,"date":"2024-11-28T12:58:38","date_gmt":"2024-11-28T11:58:38","guid":{"rendered":"https:\/\/cepronda.com\/blog\/?p=7873"},"modified":"2025-04-28T12:15:38","modified_gmt":"2025-04-28T10:15:38","slug":"curso-provincial-a-distancia-atencion-al-alumnado-tdah-estrategias-de-intervencion-en-primaria-codigo-252922ge050","status":"publish","type":"post","link":"https:\/\/cepronda.com\/blog\/curso-provincial-a-distancia-atencion-al-alumnado-tdah-estrategias-de-intervencion-en-primaria-codigo-252922ge050\/","title":{"rendered":"CURSO PROVINCIAL A DISTANCIA: ATENCI\u00d3N AL ALUMNADO TDAH: ESTRATEGIAS DE INTERVENCI\u00d3N EN PRIMARIA. C\u00f3digo: 252922GE050."},"content":{"rendered":"<div class=\"\" data-block=\"true\" data-editor=\"6oj1m\" data-offset-key=\"3nbr1-0-0\">\n<div class=\"_1mf _1mj\" data-offset-key=\"3nbr1-0-0\"><span data-offset-key=\"3nbr1-0-0\">Abierto el plazo de solicitudes para el curso provincial a distancia: ATENCI\u00d3N AL ALUMNADO TDAH: ESTRATEGIAS DE INTERVENCI\u00d3N EN PRIMARIA. C\u00f3digo: 252922GE050. <\/span><\/div>\n<\/div>\n<div class=\"\" data-block=\"true\" data-editor=\"6oj1m\" data-offset-key=\"3dnd1-0-0\">\n<div class=\"_1mf _1mj\" data-offset-key=\"3dnd1-0-0\"><span data-offset-key=\"3dnd1-0-0\">Dirigido preferentemente a profesorado de educaci\u00f3n primaria. <\/span><\/div>\n<\/div>\n<div class=\"\" data-block=\"true\" data-editor=\"6oj1m\" data-offset-key=\"6t2sr-0-0\">\n<div class=\"_1mf _1mj\" data-offset-key=\"6t2sr-0-0\"><span data-offset-key=\"6t2sr-0-0\">\u27a1 Curso a distancia de 40 horas, dirigido preferentemente a profesorado de educaci\u00f3n primaria. <\/span><\/div>\n<\/div>\n<div class=\"\" data-block=\"true\" data-editor=\"6oj1m\" data-offset-key=\"7kcpb-0-0\">\n<div class=\"_1mf _1mj\" data-offset-key=\"7kcpb-0-0\"><span data-offset-key=\"7kcpb-0-0\">\u270f Inscripci\u00f3n: 02\/12\/2024 al 15\/12\/2024.<\/span><\/div>\n<\/div>\n<div class=\"\" data-block=\"true\" data-editor=\"6oj1m\" data-offset-key=\"bsknu-0-0\">\n<div class=\"_1mf _1mj\" data-offset-key=\"bsknu-0-0\"><span data-offset-key=\"bsknu-0-0\"> Fecha de actividad 15\/01\/2025 hasta 16\/03\/2025.<\/span><\/div>\n<\/div>\n<div class=\"\" data-block=\"true\" data-editor=\"6oj1m\" data-offset-key=\"5l3h8-0-0\">\n<div class=\"_1mf _1mj\" data-offset-key=\"5l3h8-0-0\"><span data-offset-key=\"5l3h8-0-0\">M\u00e1s informaci\u00f3n e inscripciones: https:\/\/bit.ly\/3B0UkBk<\/span><\/div>\n<\/div>\n<div data-offset-key=\"5l3h8-0-0\"><a href=\"https:\/\/bit.ly\/3B0UkBk\"><img data-recalc-dims=\"1\" loading=\"lazy\" decoding=\"async\" class=\"aligncenter wp-image-7875 size-medium\" src=\"https:\/\/i0.wp.com\/cepronda.com\/blog\/wp-content\/uploads\/2024\/11\/WhatsApp-Image-2024-11-28-at-10.46.36.jpeg?resize=300%2C300&#038;ssl=1\" alt=\"\" width=\"300\" height=\"300\" srcset=\"https:\/\/i0.wp.com\/cepronda.com\/blog\/wp-content\/uploads\/2024\/11\/WhatsApp-Image-2024-11-28-at-10.46.36.jpeg?resize=300%2C300&amp;ssl=1 300w, https:\/\/i0.wp.com\/cepronda.com\/blog\/wp-content\/uploads\/2024\/11\/WhatsApp-Image-2024-11-28-at-10.46.36.jpeg?resize=1024%2C1024&amp;ssl=1 1024w, https:\/\/i0.wp.com\/cepronda.com\/blog\/wp-content\/uploads\/2024\/11\/WhatsApp-Image-2024-11-28-at-10.46.36.jpeg?resize=150%2C150&amp;ssl=1 150w, https:\/\/i0.wp.com\/cepronda.com\/blog\/wp-content\/uploads\/2024\/11\/WhatsApp-Image-2024-11-28-at-10.46.36.jpeg?resize=768%2C768&amp;ssl=1 768w, https:\/\/i0.wp.com\/cepronda.com\/blog\/wp-content\/uploads\/2024\/11\/WhatsApp-Image-2024-11-28-at-10.46.36.jpeg?resize=50%2C50&amp;ssl=1 50w, https:\/\/i0.wp.com\/cepronda.com\/blog\/wp-content\/uploads\/2024\/11\/WhatsApp-Image-2024-11-28-at-10.46.36.jpeg?w=1080&amp;ssl=1 1080w\" sizes=\"auto, (max-width: 300px) 100vw, 300px\" \/><\/a><\/div>\n","protected":false},"excerpt":{"rendered":"<p>Abierto el plazo de solicitudes para el curso provincial a distancia: ATENCI\u00d3N AL ALUMNADO TDAH: ESTRATEGIAS DE INTERVENCI\u00d3N EN PRIMARIA. C\u00f3digo: 252922GE050. Dirigido preferentemente a profesorado de educaci\u00f3n primaria. \u27a1 Curso a distancia de 40 horas, dirigido preferentemente a profesorado de educaci\u00f3n primaria. \u270f Inscripci\u00f3n: 02\/12\/2024 al 15\/12\/2024. Fecha de actividad 15\/01\/2025 hasta 16\/03\/2025. M\u00e1s [&hellip;]<\/p>\n","protected":false},"author":9,"featured_media":7875,"comment_status":"closed","ping_status":"open","sticky":false,"template":"","format":"standard","meta":{"_crdt_document":"","advanced_seo_description":"","jetpack_seo_html_title":"","jetpack_seo_noindex":false,"jetpack_post_was_ever_published":false,"_jetpack_newsletter_access":"","_jetpack_dont_email_post_to_subs":false,"_jetpack_newsletter_tier_id":0,"_jetpack_memberships_contains_paywalled_content":false,"_jetpack_memberships_contains_paid_content":false,"footnotes":"","jetpack_publicize_message":"","jetpack_publicize_feature_enabled":true,"jetpack_social_post_already_shared":false,"jetpack_social_options":{"image_generator_settings":{"template":"highway","default_image_id":0,"font":"","enabled":false},"version":2}},"categories":[3,5],"tags":[377,126,376],"class_list":{"0":"post-7873","1":"post","2":"type-post","3":"status-publish","4":"format-standard","5":"has-post-thumbnail","7":"category-formaciones","8":"category-noticias","9":"tag-alumnado-tdah","10":"tag-atencion-a-la-diversidad","11":"tag-tdah","12":"czr-hentry"},"jetpack_publicize_connections":[],"jetpack_featured_media_url":"https:\/\/i0.wp.com\/cepronda.com\/blog\/wp-content\/uploads\/2024\/11\/WhatsApp-Image-2024-11-28-at-10.46.36.jpeg?fit=1080%2C1080&ssl=1","jetpack_shortlink":"https:\/\/wp.me\/p8M4X7-22Z","jetpack-related-posts":[{"id":9068,"url":"https:\/\/cepronda.com\/blog\/atencion-al-alumnado-tdah-estrategias-de-intervencion-en-primaria\/","url_meta":{"origin":7873,"position":0},"title":"ATENCI\u00d3N AL ALUMNADO TDAH: ESTRATEGIAS DE INTERVENCI\u00d3N EN PRIMARIA.","author":"Inmaculada Garc\u00eda","date":"1 diciembre, 2025","format":false,"excerpt":"Se encuentra abierto el plazo de inscripci\u00f3n en el curso provincial a distancias: ATENCI\u00d3N AL ALUMNADO TDAH: ESTRATEGIAS DE INTERVENCI\u00d3N EN PRIMARIA (40h). C\u00f3digo: 262922GE033. Dirigido preferentemente al profesorado de educaci\u00f3n primaria, con una dedicaci\u00f3n de 40 horas. \u00a0 Inscripci\u00f3n: 01\/12\/2025 al 14\/12\/2025. Fecha de actividad 09\/01\/2026 hasta 19\/03\/2026. \u00a0\u2026","rel":"","context":"En \u00abFormaciones\u00bb","block_context":{"text":"Formaciones","link":"https:\/\/cepronda.com\/blog\/category\/formaciones\/"},"img":{"alt_text":"","src":"https:\/\/i0.wp.com\/cepronda.com\/blog\/wp-content\/uploads\/2025\/12\/WhatsApp-Image-2025-12-01-at-11.15.25.jpeg?fit=1080%2C1080&ssl=1&resize=350%2C200","width":350,"height":200,"srcset":"https:\/\/i0.wp.com\/cepronda.com\/blog\/wp-content\/uploads\/2025\/12\/WhatsApp-Image-2025-12-01-at-11.15.25.jpeg?fit=1080%2C1080&ssl=1&resize=350%2C200 1x, https:\/\/i0.wp.com\/cepronda.com\/blog\/wp-content\/uploads\/2025\/12\/WhatsApp-Image-2025-12-01-at-11.15.25.jpeg?fit=1080%2C1080&ssl=1&resize=525%2C300 1.5x, https:\/\/i0.wp.com\/cepronda.com\/blog\/wp-content\/uploads\/2025\/12\/WhatsApp-Image-2025-12-01-at-11.15.25.jpeg?fit=1080%2C1080&ssl=1&resize=700%2C400 2x, https:\/\/i0.wp.com\/cepronda.com\/blog\/wp-content\/uploads\/2025\/12\/WhatsApp-Image-2025-12-01-at-11.15.25.jpeg?fit=1080%2C1080&ssl=1&resize=1050%2C600 3x"},"classes":[]},{"id":8032,"url":"https:\/\/cepronda.com\/blog\/cerebro-y-corazon-del-alumnado-con-tdah-en-secundaria-con-codigo-252923ge557\/","url_meta":{"origin":7873,"position":1},"title":"CEREBRO Y CORAZ\u00d3N DEL ALUMNADO CON TDAH EN SECUNDARIA\u201d, con c\u00f3digo 252923GE557.","author":"Inmaculada Garc\u00eda","date":"13 enero, 2025","format":false,"excerpt":"Abierto el plazo de solicitudes de la actividad formativa \u201cCEREBRO Y CORAZ\u00d3N DEL ALUMNADO CON TDAH EN SECUNDARIA\u201d, con c\u00f3digo 252923GE557. Curso dirigido a profesorado de EDUCACI\u00d3N SECUNDARIA Y BACHILLERATO Lugar de realizaci\u00f3n: WEBEX Fechas: 4,11 de febrero y 5,11,18 y 25 de marzo. Inscripciones: Del 10 al 28 de\u2026","rel":"","context":"En \u00abFormaciones\u00bb","block_context":{"text":"Formaciones","link":"https:\/\/cepronda.com\/blog\/category\/formaciones\/"},"img":{"alt_text":"","src":"https:\/\/i0.wp.com\/cepronda.com\/blog\/wp-content\/uploads\/2025\/01\/Curso-provincial.jpg?fit=1080%2C1080&ssl=1&resize=350%2C200","width":350,"height":200,"srcset":"https:\/\/i0.wp.com\/cepronda.com\/blog\/wp-content\/uploads\/2025\/01\/Curso-provincial.jpg?fit=1080%2C1080&ssl=1&resize=350%2C200 1x, https:\/\/i0.wp.com\/cepronda.com\/blog\/wp-content\/uploads\/2025\/01\/Curso-provincial.jpg?fit=1080%2C1080&ssl=1&resize=525%2C300 1.5x, https:\/\/i0.wp.com\/cepronda.com\/blog\/wp-content\/uploads\/2025\/01\/Curso-provincial.jpg?fit=1080%2C1080&ssl=1&resize=700%2C400 2x, https:\/\/i0.wp.com\/cepronda.com\/blog\/wp-content\/uploads\/2025\/01\/Curso-provincial.jpg?fit=1080%2C1080&ssl=1&resize=1050%2C600 3x"},"classes":[]},{"id":7878,"url":"https:\/\/cepronda.com\/blog\/curso-provincial-semipresencial-la-escuela-inclusiva-atencion-al-alumnado-tea-y-al-alumnado-con-problemas-de-conducta-en-infantil-codigo-252922ge056\/","url_meta":{"origin":7873,"position":2},"title":"CURSO PROVINCIAL SEMIPRESENCIAL: LA ESCUELA INCLUSIVA: ATENCI\u00d3N AL ALUMNADO TEA Y AL ALUMNADO CON PROBLEMAS DE CONDUCTA EN INFANTIL. C\u00f3digo: 252922GE056.","author":"Inmaculada Garc\u00eda","date":"28 noviembre, 2024","format":false,"excerpt":"Abierto el plazo de solicitudes para el curso provincial semipresencial: LA ESCUELA INCLUSIVA: ATENCI\u00d3N AL ALUMNADO TEA Y AL ALUMNADO CON PROBLEMAS DE CONDUCTA EN INFANTIL. C\u00f3digo: 252922GE056. Curso Semipresencial de 20 horas (12H por Webex y 8h tareas en el AVFP), dirigido preferentemente a profesorado de educaci\u00f3n infantil. Inscripci\u00f3n:\u2026","rel":"","context":"En \u00abFormaciones\u00bb","block_context":{"text":"Formaciones","link":"https:\/\/cepronda.com\/blog\/category\/formaciones\/"},"img":{"alt_text":"","src":"https:\/\/i0.wp.com\/cepronda.com\/blog\/wp-content\/uploads\/2024\/11\/WhatsApp-Image-2024-11-28-at-10.45.31.jpeg?fit=1080%2C1080&ssl=1&resize=350%2C200","width":350,"height":200,"srcset":"https:\/\/i0.wp.com\/cepronda.com\/blog\/wp-content\/uploads\/2024\/11\/WhatsApp-Image-2024-11-28-at-10.45.31.jpeg?fit=1080%2C1080&ssl=1&resize=350%2C200 1x, https:\/\/i0.wp.com\/cepronda.com\/blog\/wp-content\/uploads\/2024\/11\/WhatsApp-Image-2024-11-28-at-10.45.31.jpeg?fit=1080%2C1080&ssl=1&resize=525%2C300 1.5x, https:\/\/i0.wp.com\/cepronda.com\/blog\/wp-content\/uploads\/2024\/11\/WhatsApp-Image-2024-11-28-at-10.45.31.jpeg?fit=1080%2C1080&ssl=1&resize=700%2C400 2x, https:\/\/i0.wp.com\/cepronda.com\/blog\/wp-content\/uploads\/2024\/11\/WhatsApp-Image-2024-11-28-at-10.45.31.jpeg?fit=1080%2C1080&ssl=1&resize=1050%2C600 3x"},"classes":[]},{"id":7315,"url":"https:\/\/cepronda.com\/blog\/formacion-atencion-educativa-al-alumnado-con-discapacidad-fisica-enfermedades-raras-y-neuromusculares-en-el-aula-ordinaria-con-codigo-249905qoe281\/","url_meta":{"origin":7873,"position":3},"title":"FORMACI\u00d3N: \u00abATENCI\u00d3N EDUCATIVA AL ALUMNADO CON DISCAPACIDAD F\u00cdSICA, ENFERMEDADES RARAS Y NEUROMUSCULARES EN EL AULA ORDINARIA\u00bb, con c\u00f3digo 249905QOE281","author":"Inmaculada Garc\u00eda","date":"11 enero, 2024","format":false,"excerpt":"Se encuentra abierto el plazo de solicitudes de la actividad formativa regional en el AVFP: \"ATENCI\u00d3N EDUCATIVA AL ALUMNADO CON DISCAPACIDAD F\u00cdSICA, ENFERMEDADES RARAS Y NEUROMUSCULARES EN EL AULA ORDINARIA\" con c\u00f3digo 249905QOE281, gestionado por el CEP de Jerez de la Frontera. \u00a0 \u00a0 Curso dirigido a: 1. Profesorado que\u2026","rel":"","context":"En \u00abFormaciones\u00bb","block_context":{"text":"Formaciones","link":"https:\/\/cepronda.com\/blog\/category\/formaciones\/"},"img":{"alt_text":"","src":"https:\/\/i0.wp.com\/cepronda.com\/blog\/wp-content\/uploads\/2024\/01\/enfermedades-raras.png?fit=1080%2C1080&ssl=1&resize=350%2C200","width":350,"height":200,"srcset":"https:\/\/i0.wp.com\/cepronda.com\/blog\/wp-content\/uploads\/2024\/01\/enfermedades-raras.png?fit=1080%2C1080&ssl=1&resize=350%2C200 1x, https:\/\/i0.wp.com\/cepronda.com\/blog\/wp-content\/uploads\/2024\/01\/enfermedades-raras.png?fit=1080%2C1080&ssl=1&resize=525%2C300 1.5x, https:\/\/i0.wp.com\/cepronda.com\/blog\/wp-content\/uploads\/2024\/01\/enfermedades-raras.png?fit=1080%2C1080&ssl=1&resize=700%2C400 2x, https:\/\/i0.wp.com\/cepronda.com\/blog\/wp-content\/uploads\/2024\/01\/enfermedades-raras.png?fit=1080%2C1080&ssl=1&resize=1050%2C600 3x"},"classes":[]},{"id":7259,"url":"https:\/\/cepronda.com\/blog\/formacion-intervencion-con-el-alumnado-que-presenta-trastornos-graves-de-conducta-242926ic406\/","url_meta":{"origin":7873,"position":4},"title":"FORMACI\u00d3N: INTERVENCI\u00d3N CON EL ALUMNADO QUE PRESENTA TRASTORNOS GRAVES DE CONDUCTA (242926IC406)","author":"Inmaculada Garc\u00eda","date":"12 diciembre, 2023","format":false,"excerpt":"Abierto el plazo de inscripci\u00f3n para el curso a distancia interceps ( Antequera, Ronda y V\u00e9lez-M\u00e1laga), dirigido al profesorado de primaria y secundaria: Intervenci\u00f3n con el alumnado que presenta trastornos graves de conducta (242926IC406) Duraci\u00f3n: 30 horas Plazo de inscripci\u00f3n: del 12\/12\/2023 hasta 15\/01\/2024 Fechas de realizaci\u00f3n: 29\/01\/2024 hasta 25\/03\/2024.\u2026","rel":"","context":"En \u00abFormaciones\u00bb","block_context":{"text":"Formaciones","link":"https:\/\/cepronda.com\/blog\/category\/formaciones\/"},"img":{"alt_text":"","src":"https:\/\/i0.wp.com\/cepronda.com\/blog\/wp-content\/uploads\/2023\/12\/WhatsApp-Image-2023-12-12-at-09.47.28.jpeg?fit=1080%2C1080&ssl=1&resize=350%2C200","width":350,"height":200,"srcset":"https:\/\/i0.wp.com\/cepronda.com\/blog\/wp-content\/uploads\/2023\/12\/WhatsApp-Image-2023-12-12-at-09.47.28.jpeg?fit=1080%2C1080&ssl=1&resize=350%2C200 1x, https:\/\/i0.wp.com\/cepronda.com\/blog\/wp-content\/uploads\/2023\/12\/WhatsApp-Image-2023-12-12-at-09.47.28.jpeg?fit=1080%2C1080&ssl=1&resize=525%2C300 1.5x, https:\/\/i0.wp.com\/cepronda.com\/blog\/wp-content\/uploads\/2023\/12\/WhatsApp-Image-2023-12-12-at-09.47.28.jpeg?fit=1080%2C1080&ssl=1&resize=700%2C400 2x, https:\/\/i0.wp.com\/cepronda.com\/blog\/wp-content\/uploads\/2023\/12\/WhatsApp-Image-2023-12-12-at-09.47.28.jpeg?fit=1080%2C1080&ssl=1&resize=1050%2C600 3x"},"classes":[]},{"id":7693,"url":"https:\/\/cepronda.com\/blog\/formacion-que-y-como-ensenar-al-alumnado-tea-en-el-aula-ordinaria-de-ed-primaria-codigo\/","url_meta":{"origin":7873,"position":5},"title":"FORMACI\u00d3N: QU\u00c9 Y C\u00d3MO ENSE\u00d1AR AL ALUMNADO TEA EN EL AULA ORDINARIA DE ED. PRIMARIA, c\u00f3digo: 252923GES751.","author":"Inmaculada Garc\u00eda","date":"11 septiembre, 2024","format":false,"excerpt":"Abierto el plazo de inscripci\u00f3n del curso provincial organizado por el CEP Marbella-Co\u00edn: \"QU\u00c9 Y C\u00d3MO ENSE\u00d1AR AL ALUMNADO TEA EN EL AULA ORDINARIA DE ED. PRIMARIA\",\u00a0 con c\u00f3digo 252923GES751, con la ponente Macarena Conesa. Las fechas de realizaci\u00f3n son 10\/17\/24\/31 de Octubre en horario de 16.30h a 19.30h por\u2026","rel":"","context":"En \u00abFormaciones\u00bb","block_context":{"text":"Formaciones","link":"https:\/\/cepronda.com\/blog\/category\/formaciones\/"},"img":{"alt_text":"","src":"https:\/\/i0.wp.com\/cepronda.com\/blog\/wp-content\/uploads\/2024\/09\/CARTEL-TEA-MARBELLA.jpg?fit=1188%2C664&ssl=1&resize=350%2C200","width":350,"height":200,"srcset":"https:\/\/i0.wp.com\/cepronda.com\/blog\/wp-content\/uploads\/2024\/09\/CARTEL-TEA-MARBELLA.jpg?fit=1188%2C664&ssl=1&resize=350%2C200 1x, https:\/\/i0.wp.com\/cepronda.com\/blog\/wp-content\/uploads\/2024\/09\/CARTEL-TEA-MARBELLA.jpg?fit=1188%2C664&ssl=1&resize=525%2C300 1.5x, https:\/\/i0.wp.com\/cepronda.com\/blog\/wp-content\/uploads\/2024\/09\/CARTEL-TEA-MARBELLA.jpg?fit=1188%2C664&ssl=1&resize=700%2C400 2x, https:\/\/i0.wp.com\/cepronda.com\/blog\/wp-content\/uploads\/2024\/09\/CARTEL-TEA-MARBELLA.jpg?fit=1188%2C664&ssl=1&resize=1050%2C600 3x"},"classes":[]}],"jetpack_sharing_enabled":true,"_links":{"self":[{"href":"https:\/\/cepronda.com\/blog\/wp-json\/wp\/v2\/posts\/7873","targetHints":{"allow":["GET"]}}],"collection":[{"href":"https:\/\/cepronda.com\/blog\/wp-json\/wp\/v2\/posts"}],"about":[{"href":"https:\/\/cepronda.com\/blog\/wp-json\/wp\/v2\/types\/post"}],"author":[{"embeddable":true,"href":"https:\/\/cepronda.com\/blog\/wp-json\/wp\/v2\/users\/9"}],"replies":[{"embeddable":true,"href":"https:\/\/cepronda.com\/blog\/wp-json\/wp\/v2\/comments?post=7873"}],"version-history":[{"count":1,"href":"https:\/\/cepronda.com\/blog\/wp-json\/wp\/v2\/posts\/7873\/revisions"}],"predecessor-version":[{"id":7877,"href":"https:\/\/cepronda.com\/blog\/wp-json\/wp\/v2\/posts\/7873\/revisions\/7877"}],"wp:featuredmedia":[{"embeddable":true,"href":"https:\/\/cepronda.com\/blog\/wp-json\/wp\/v2\/media\/7875"}],"wp:attachment":[{"href":"https:\/\/cepronda.com\/blog\/wp-json\/wp\/v2\/media?parent=7873"}],"wp:term":[{"taxonomy":"category","embeddable":true,"href":"https:\/\/cepronda.com\/blog\/wp-json\/wp\/v2\/categories?post=7873"},{"taxonomy":"post_tag","embeddable":true,"href":"https:\/\/cepronda.com\/blog\/wp-json\/wp\/v2\/tags?post=7873"}],"curies":[{"name":"wp","href":"https:\/\/api.w.org\/{rel}","templated":true}]}}