{"id":7870,"date":"2024-11-28T12:18:10","date_gmt":"2024-11-28T11:18:10","guid":{"rendered":"https:\/\/cepronda.com\/blog\/?p=7870"},"modified":"2025-04-28T12:15:39","modified_gmt":"2025-04-28T10:15:39","slug":"curso-proyectos-erasmus-no-acreditados-2025-sector-escolar-y-adultos-con-codigo-259923kpi546","status":"publish","type":"post","link":"https:\/\/cepronda.com\/blog\/curso-proyectos-erasmus-no-acreditados-2025-sector-escolar-y-adultos-con-codigo-259923kpi546\/","title":{"rendered":"CURSO: PROYECTOS ERASMUS+ NO ACREDITADOS 2025 (SECTOR ESCOLAR Y ADULTOS), con c\u00f3digo 259923KPI546."},"content":{"rendered":"<div class=\"\" data-block=\"true\" data-editor=\"34gj8\" data-offset-key=\"fua1a-0-0\">\n<div class=\"_1mf _1mj\" data-offset-key=\"fua1a-0-0\"><span data-offset-key=\"fua1a-0-0\">Abierto el plazo de solicitudes para el curso provincial semipresencial: <\/span><\/div>\n<\/div>\n<div class=\"\" data-block=\"true\" data-editor=\"34gj8\" data-offset-key=\"f23sk-0-0\">\n<div class=\"_1mf _1mj\" data-offset-key=\"f23sk-0-0\"><span data-offset-key=\"f23sk-0-0\">\u00a0<\/span><\/div>\n<\/div>\n<div class=\"\" data-block=\"true\" data-editor=\"34gj8\" data-offset-key=\"9tpi7-0-0\">\n<div class=\"_1mf _1mj\" data-offset-key=\"9tpi7-0-0\"><span data-offset-key=\"9tpi7-0-0\">  PROYECTOS ERASMUS+ NO ACREDITADOS 2025 (SECTOR ESCOLAR Y ADULTOS), con c\u00f3digo 259923KPI546.<\/span><\/div>\n<\/div>\n<div class=\"\" data-block=\"true\" data-editor=\"34gj8\" data-offset-key=\"2ask4-0-0\">\n<div class=\"_1mf _1mj\" data-offset-key=\"2ask4-0-0\"><span data-offset-key=\"2ask4-0-0\">\u270f Inscripci\u00f3n del 28 nov al 13 dic 2024<\/span><\/div>\n<\/div>\n<div class=\"\" data-block=\"true\" data-editor=\"34gj8\" data-offset-key=\"7kigd-0-0\">\n<div class=\"_1mf _1mj\" data-offset-key=\"7kigd-0-0\"><span data-offset-key=\"7kigd-0-0\"> Actividad del 20 dic al 14 feb 2025<\/span><\/div>\n<\/div>\n<div class=\"\" data-block=\"true\" data-editor=\"34gj8\" data-offset-key=\"fpphh-0-0\">\n<div class=\"_1mf _1mj\" data-offset-key=\"fpphh-0-0\"><span data-offset-key=\"fpphh-0-0\">\u27a1 Duraci\u00f3n: 30 horas (6 por Webex y 24 en AVFP)<\/span><\/div>\n<\/div>\n<div class=\"\" data-block=\"true\" data-editor=\"34gj8\" data-offset-key=\"feq4m-0-0\">\n<div class=\"_1mf _1mj\" data-offset-key=\"feq4m-0-0\"><span data-offset-key=\"feq4m-0-0\">M\u00e1s informaci\u00f3n e inscripci\u00f3n:<\/span><\/div>\n<\/div>\n<div class=\"\" data-block=\"true\" data-editor=\"34gj8\" data-offset-key=\"d7aqp-0-0\">\n<div class=\"_1mf _1mj\" data-offset-key=\"d7aqp-0-0\"><span data-offset-key=\"d7aqp-0-0\">https:\/\/www.juntadeandalucia.es\/educacion\/secretariavirtual\/consultaCEP\/actividad\/259923KPI546\/ <\/span><\/div>\n<\/div>\n<div class=\"\" data-block=\"true\" data-editor=\"34gj8\" data-offset-key=\"b8lt5-0-0\">\n<div class=\"_1mf _1mj\" data-offset-key=\"b8lt5-0-0\"><span data-offset-key=\"b8lt5-0-0\">El curso se desarrolla en el Aula virtual del Profesorado. Consta de 2 sesiones presenciales por videoconferencia los d\u00edas 15 y 21 de enero de 17:00 a 20:00. Ambas ponencias ser\u00e1n impartidas por Domingo \u00c1ngel Ruiz G\u00f3mez, experto en proyectos de internacionalizaci\u00f3n Eramus+ del sector de E. Escolar y de Personas Adultas.<\/span><a href=\"https:\/\/www.juntadeandalucia.es\/educacion\/secretariavirtual\/consultaCEP\/actividad\/259923KPI546\/\"><img data-recalc-dims=\"1\" loading=\"lazy\" decoding=\"async\" class=\"aligncenter wp-image-7871 size-medium\" src=\"https:\/\/i0.wp.com\/cepronda.com\/blog\/wp-content\/uploads\/2024\/11\/Cartel-Curso-Erasmus-202425.png?resize=300%2C300&#038;ssl=1\" alt=\"\" width=\"300\" height=\"300\" srcset=\"https:\/\/i0.wp.com\/cepronda.com\/blog\/wp-content\/uploads\/2024\/11\/Cartel-Curso-Erasmus-202425.png?resize=300%2C300&amp;ssl=1 300w, https:\/\/i0.wp.com\/cepronda.com\/blog\/wp-content\/uploads\/2024\/11\/Cartel-Curso-Erasmus-202425.png?resize=150%2C150&amp;ssl=1 150w, https:\/\/i0.wp.com\/cepronda.com\/blog\/wp-content\/uploads\/2024\/11\/Cartel-Curso-Erasmus-202425.png?resize=768%2C768&amp;ssl=1 768w, https:\/\/i0.wp.com\/cepronda.com\/blog\/wp-content\/uploads\/2024\/11\/Cartel-Curso-Erasmus-202425.png?resize=50%2C50&amp;ssl=1 50w, https:\/\/i0.wp.com\/cepronda.com\/blog\/wp-content\/uploads\/2024\/11\/Cartel-Curso-Erasmus-202425.png?w=800&amp;ssl=1 800w\" sizes=\"auto, (max-width: 300px) 100vw, 300px\" \/><\/a><\/div>\n<\/div>\n","protected":false},"excerpt":{"rendered":"<p>Abierto el plazo de solicitudes para el curso provincial semipresencial: \u00a0 PROYECTOS ERASMUS+ NO ACREDITADOS 2025 (SECTOR ESCOLAR Y ADULTOS), con c\u00f3digo 259923KPI546. \u270f Inscripci\u00f3n del 28 nov al 13 dic 2024 Actividad del 20 dic al 14 feb 2025 \u27a1 Duraci\u00f3n: 30 horas (6 por Webex y 24 en AVFP) M\u00e1s informaci\u00f3n e inscripci\u00f3n: [&hellip;]<\/p>\n","protected":false},"author":9,"featured_media":7871,"comment_status":"closed","ping_status":"open","sticky":false,"template":"","format":"standard","meta":{"_crdt_document":"","advanced_seo_description":"","jetpack_seo_html_title":"","jetpack_seo_noindex":false,"jetpack_post_was_ever_published":false,"_jetpack_newsletter_access":"","_jetpack_dont_email_post_to_subs":false,"_jetpack_newsletter_tier_id":0,"_jetpack_memberships_contains_paywalled_content":false,"_jetpack_memberships_contains_paid_content":false,"footnotes":"","jetpack_publicize_message":"","jetpack_publicize_feature_enabled":true,"jetpack_social_post_already_shared":false,"jetpack_social_options":{"image_generator_settings":{"template":"highway","default_image_id":0,"font":"","enabled":false},"version":2}},"categories":[3,5],"tags":[96,367],"class_list":{"0":"post-7870","1":"post","2":"type-post","3":"status-publish","4":"format-standard","5":"has-post-thumbnail","7":"category-formaciones","8":"category-noticias","9":"tag-erasmus","10":"tag-formacion-profesorado","11":"czr-hentry"},"jetpack_publicize_connections":[],"jetpack_featured_media_url":"https:\/\/i0.wp.com\/cepronda.com\/blog\/wp-content\/uploads\/2024\/11\/Cartel-Curso-Erasmus-202425.png?fit=800%2C800&ssl=1","jetpack_shortlink":"https:\/\/wp.me\/p8M4X7-22W","jetpack-related-posts":[{"id":9116,"url":"https:\/\/cepronda.com\/blog\/proyectos-erasmus-no-acreditados-2026-sector-escolar-y-adultos\/","url_meta":{"origin":7870,"position":0},"title":"PROYECTOS ERASMUS+ NO ACREDITADOS 2026 (SECTOR ESCOLAR Y ADULTOS)","author":"Inmaculada Garc\u00eda","date":"5 diciembre, 2025","format":false,"excerpt":"Se encuentra abierto el plazo de inscripci\u00f3n en el curso: PROYECTOS ERASMUS+ NO ACREDITADOS 2026 (SECTOR ESCOLAR Y ADULTOS). C\u00f3digo: 269923KPI546. Inscripci\u00f3n del 4 al 15 de diciembre 2025 Actividad del 19 de diciembre 2025 al 13 de febrero 2026 Duraci\u00f3n: 30 horas (6 por Webex y 24 en AVFP)\u2026","rel":"","context":"En \u00abFormaciones\u00bb","block_context":{"text":"Formaciones","link":"https:\/\/cepronda.com\/blog\/category\/formaciones\/"},"img":{"alt_text":"","src":"https:\/\/i0.wp.com\/cepronda.com\/blog\/wp-content\/uploads\/2025\/12\/erasmus-no-acreditados.png?fit=800%2C800&ssl=1&resize=350%2C200","width":350,"height":200,"srcset":"https:\/\/i0.wp.com\/cepronda.com\/blog\/wp-content\/uploads\/2025\/12\/erasmus-no-acreditados.png?fit=800%2C800&ssl=1&resize=350%2C200 1x, https:\/\/i0.wp.com\/cepronda.com\/blog\/wp-content\/uploads\/2025\/12\/erasmus-no-acreditados.png?fit=800%2C800&ssl=1&resize=525%2C300 1.5x, https:\/\/i0.wp.com\/cepronda.com\/blog\/wp-content\/uploads\/2025\/12\/erasmus-no-acreditados.png?fit=800%2C800&ssl=1&resize=700%2C400 2x"},"classes":[]},{"id":7861,"url":"https:\/\/cepronda.com\/blog\/formacion-proyectos-erasmus-de-corta-duracion-ka122-vet-2025-sector-formacion-profesional-codigo-259922kpi496\/","url_meta":{"origin":7870,"position":1},"title":"Formaci\u00f3n: PROYECTOS ERASMUS+ DE CORTA DURACI\u00d3N KA122-VET 2025 (SECTOR FORMACI\u00d3N PROFESIONAL), c\u00f3digo 259922KPI496.","author":"Inmaculada Garc\u00eda","date":"22 noviembre, 2024","format":false,"excerpt":"Se encuentra abierto el plazo de inscripci\u00f3n al curso PROYECTOS ERASMUS+ DE CORTA DURACI\u00d3N KA122-VET 2025 (SECTOR FORMACI\u00d3N PROFESIONAL), c\u00f3digo 259922KPI496. \u270f Inscripci\u00f3n del 28 nov al 13 dic 2024 Actividad del 20 dic al 14 feb 2025 \u27a1 Duraci\u00f3n: 30 horas (6 por Webex y 24 en AVFP) M\u00e1s\u2026","rel":"","context":"En \u00abFormaciones\u00bb","block_context":{"text":"Formaciones","link":"https:\/\/cepronda.com\/blog\/category\/formaciones\/"},"img":{"alt_text":"","src":"https:\/\/i0.wp.com\/cepronda.com\/blog\/wp-content\/uploads\/2024\/11\/WhatsApp-Image-2024-11-22-at-12.27.02.jpeg?fit=1080%2C1080&ssl=1&resize=350%2C200","width":350,"height":200,"srcset":"https:\/\/i0.wp.com\/cepronda.com\/blog\/wp-content\/uploads\/2024\/11\/WhatsApp-Image-2024-11-22-at-12.27.02.jpeg?fit=1080%2C1080&ssl=1&resize=350%2C200 1x, https:\/\/i0.wp.com\/cepronda.com\/blog\/wp-content\/uploads\/2024\/11\/WhatsApp-Image-2024-11-22-at-12.27.02.jpeg?fit=1080%2C1080&ssl=1&resize=525%2C300 1.5x, https:\/\/i0.wp.com\/cepronda.com\/blog\/wp-content\/uploads\/2024\/11\/WhatsApp-Image-2024-11-22-at-12.27.02.jpeg?fit=1080%2C1080&ssl=1&resize=700%2C400 2x, https:\/\/i0.wp.com\/cepronda.com\/blog\/wp-content\/uploads\/2024\/11\/WhatsApp-Image-2024-11-22-at-12.27.02.jpeg?fit=1080%2C1080&ssl=1&resize=1050%2C600 3x"},"classes":[]},{"id":9113,"url":"https:\/\/cepronda.com\/blog\/proyectos-erasmus-de-corta-duracion-ka122-vet-2026-sector-formacion-profesional\/","url_meta":{"origin":7870,"position":2},"title":"PROYECTOS ERASMUS+ DE CORTA DURACI\u00d3N KA122-VET 2026 (SECTOR FORMACI\u00d3N PROFESIONAL).","author":"Inmaculada Garc\u00eda","date":"5 diciembre, 2025","format":false,"excerpt":"Se encuentra abierto el plazo de inscripci\u00f3n en el curso: PROYECTOS ERASMUS+ DE CORTA DURACI\u00d3N KA122-VET 2026 (SECTOR FORMACI\u00d3N PROFESIONAL). C\u00f3digo: 269922KFP496. \u00a0 \u270f Inscripci\u00f3n del 4 al 15 de diciembre 2025 \ud83d\udcc5 Actividad del 19 de diciembre 2025 al 13 de febrero 2026 \u27a1 Duraci\u00f3n: 30 horas (6 por\u2026","rel":"","context":"En \u00abFormaciones\u00bb","block_context":{"text":"Formaciones","link":"https:\/\/cepronda.com\/blog\/category\/formaciones\/"},"img":{"alt_text":"","src":"https:\/\/i0.wp.com\/cepronda.com\/blog\/wp-content\/uploads\/2025\/12\/WhatsApp-Image-2025-12-05-at-08.48.57.jpeg?fit=1080%2C1080&ssl=1&resize=350%2C200","width":350,"height":200,"srcset":"https:\/\/i0.wp.com\/cepronda.com\/blog\/wp-content\/uploads\/2025\/12\/WhatsApp-Image-2025-12-05-at-08.48.57.jpeg?fit=1080%2C1080&ssl=1&resize=350%2C200 1x, https:\/\/i0.wp.com\/cepronda.com\/blog\/wp-content\/uploads\/2025\/12\/WhatsApp-Image-2025-12-05-at-08.48.57.jpeg?fit=1080%2C1080&ssl=1&resize=525%2C300 1.5x, https:\/\/i0.wp.com\/cepronda.com\/blog\/wp-content\/uploads\/2025\/12\/WhatsApp-Image-2025-12-05-at-08.48.57.jpeg?fit=1080%2C1080&ssl=1&resize=700%2C400 2x, https:\/\/i0.wp.com\/cepronda.com\/blog\/wp-content\/uploads\/2025\/12\/WhatsApp-Image-2025-12-05-at-08.48.57.jpeg?fit=1080%2C1080&ssl=1&resize=1050%2C600 3x"},"classes":[]},{"id":4423,"url":"https:\/\/cepronda.com\/blog\/gestion-administrativa-de-proyectos-erasmus\/","url_meta":{"origin":7870,"position":3},"title":"GESTI\u00d3N ADMINISTRATIVA DE PROYECTOS ERASMUS.","author":"Maribel Mu\u00f1oz","date":"15 abril, 2021","format":false,"excerpt":"Buenas tardes\u00a0 compa\u00f1eras y compa\u00f1eros, Os informamos que est\u00e1 abierto el plazo de inscripci\u00f3n del curso a distancia de \u00e1mbito provincial GESTI\u00d3N ADMINISTRATIVA DE PROYECTOS ERASMUS. Este curso est\u00e1 especialmente dirigido a las coordinaciones de proyectos Erasmus de escolar y adultos. C\u00f3digo: 219922KPI296.\u00a0 Es una formaci\u00f3n PROVINCIAL, gestionada por el\u2026","rel":"","context":"En \u00abFormaciones\u00bb","block_context":{"text":"Formaciones","link":"https:\/\/cepronda.com\/blog\/category\/formaciones\/"},"img":{"alt_text":"","src":"https:\/\/i0.wp.com\/cepronda.com\/blog\/wp-content\/uploads\/2021\/03\/bandera-europea.jpg?resize=350%2C200","width":350,"height":200},"classes":[]},{"id":3798,"url":"https:\/\/cepronda.com\/blog\/acreditacion-erasmus-educacion-escolar-y-adultos\/","url_meta":{"origin":7870,"position":4},"title":"ACREDITACI\u00d3N ERASMUS. EDUCACI\u00d3N ESCOLAR Y ADULTOS.","author":"Maribel Mu\u00f1oz","date":"5 octubre, 2020","format":false,"excerpt":"Buenos d\u00edas compa\u00f1eras y compa\u00f1eros, Os informamos que\u00a0desde hoy y hasta el pr\u00f3ximo\u00a008 de octubre de 2020, a las 10:00 de la ma\u00f1ana, se encuentra abierto el plazo de inscripci\u00f3n para la actividad formativa\u00a0ACREDITACI\u00d3N ERASMUS EN EL \u00c1MBITO DE LA EDUCACI\u00d3N ESCOLAR Y DE ADULTOS. Se trata de una actividad\u2026","rel":"","context":"En \u00abFormaciones\u00bb","block_context":{"text":"Formaciones","link":"https:\/\/cepronda.com\/blog\/category\/formaciones\/"},"img":{"alt_text":"","src":"https:\/\/i0.wp.com\/cepronda.com\/blog\/wp-content\/uploads\/2020\/10\/erasmus-300x300.jpg?resize=350%2C200","width":350,"height":200},"classes":[]},{"id":8965,"url":"https:\/\/cepronda.com\/blog\/gestion-administrativa-y-economica-de-proyectos-erasmus-2\/","url_meta":{"origin":7870,"position":5},"title":"GESTI\u00d3N ADMINISTRATIVA Y ECON\u00d3MICA DE PROYECTOS ERASMUS+","author":"Maribel Mu\u00f1oz","date":"22 octubre, 2025","format":false,"excerpt":"Se encuentra abierto el plazo de inscripci\u00f3n en el curso provincial, \"GESTI\u00d3N ADMINISTRATIVA Y ECON\u00d3MICA DE PROYECTOS ERASMUS+\", con c\u00f3digo: 269924KPI461. Inscripciones: del 22\u00a0 de octubre al 30\u00a0 de octubre. Publicaci\u00f3n del listado de admisi\u00f3n provisional:\u00a031 de octubre de 2025 a las 10:00 horas. Publicaci\u00f3n del listado de admisi\u00f3n definitiva:\u2026","rel":"","context":"En \u00abFormaciones\u00bb","block_context":{"text":"Formaciones","link":"https:\/\/cepronda.com\/blog\/category\/formaciones\/"},"img":{"alt_text":"","src":"https:\/\/i0.wp.com\/cepronda.com\/blog\/wp-content\/uploads\/2025\/10\/WhatsApp-Image-2025-10-23-at-10.24.03.jpeg?fit=960%2C1200&ssl=1&resize=350%2C200","width":350,"height":200,"srcset":"https:\/\/i0.wp.com\/cepronda.com\/blog\/wp-content\/uploads\/2025\/10\/WhatsApp-Image-2025-10-23-at-10.24.03.jpeg?fit=960%2C1200&ssl=1&resize=350%2C200 1x, https:\/\/i0.wp.com\/cepronda.com\/blog\/wp-content\/uploads\/2025\/10\/WhatsApp-Image-2025-10-23-at-10.24.03.jpeg?fit=960%2C1200&ssl=1&resize=525%2C300 1.5x, https:\/\/i0.wp.com\/cepronda.com\/blog\/wp-content\/uploads\/2025\/10\/WhatsApp-Image-2025-10-23-at-10.24.03.jpeg?fit=960%2C1200&ssl=1&resize=700%2C400 2x"},"classes":[]}],"jetpack_sharing_enabled":true,"_links":{"self":[{"href":"https:\/\/cepronda.com\/blog\/wp-json\/wp\/v2\/posts\/7870","targetHints":{"allow":["GET"]}}],"collection":[{"href":"https:\/\/cepronda.com\/blog\/wp-json\/wp\/v2\/posts"}],"about":[{"href":"https:\/\/cepronda.com\/blog\/wp-json\/wp\/v2\/types\/post"}],"author":[{"embeddable":true,"href":"https:\/\/cepronda.com\/blog\/wp-json\/wp\/v2\/users\/9"}],"replies":[{"embeddable":true,"href":"https:\/\/cepronda.com\/blog\/wp-json\/wp\/v2\/comments?post=7870"}],"version-history":[{"count":1,"href":"https:\/\/cepronda.com\/blog\/wp-json\/wp\/v2\/posts\/7870\/revisions"}],"predecessor-version":[{"id":7872,"href":"https:\/\/cepronda.com\/blog\/wp-json\/wp\/v2\/posts\/7870\/revisions\/7872"}],"wp:featuredmedia":[{"embeddable":true,"href":"https:\/\/cepronda.com\/blog\/wp-json\/wp\/v2\/media\/7871"}],"wp:attachment":[{"href":"https:\/\/cepronda.com\/blog\/wp-json\/wp\/v2\/media?parent=7870"}],"wp:term":[{"taxonomy":"category","embeddable":true,"href":"https:\/\/cepronda.com\/blog\/wp-json\/wp\/v2\/categories?post=7870"},{"taxonomy":"post_tag","embeddable":true,"href":"https:\/\/cepronda.com\/blog\/wp-json\/wp\/v2\/tags?post=7870"}],"curies":[{"name":"wp","href":"https:\/\/api.w.org\/{rel}","templated":true}]}}