{"id":7867,"date":"2024-11-22T13:47:23","date_gmt":"2024-11-22T12:47:23","guid":{"rendered":"https:\/\/cepronda.com\/blog\/?p=7867"},"modified":"2025-04-28T11:47:30","modified_gmt":"2025-04-28T09:47:30","slug":"la-coeducacion-aterriza-en-el-aula-estrategias-para-promover-la-igualdad","status":"publish","type":"post","link":"https:\/\/cepronda.com\/blog\/la-coeducacion-aterriza-en-el-aula-estrategias-para-promover-la-igualdad\/","title":{"rendered":"LA COEDUCACI\u00d3N ATERRIZA EN EL AULA: ESTRATEGIAS PARA PROMOVER LA IGUALDAD"},"content":{"rendered":"<p>Abierto el plazo de inscripci\u00f3n para el curso \u00ab<strong>LA COEDUCACI\u00d3N ATERRIZA EN EL AULA: ESTRATEGIAS PARA PROMOVER LA IGUALDAD\u00bb<\/strong> con c\u00f3digo 252924GE015<br \/>\n<strong>Profesorado destinatario:<\/strong> Internivelar<br \/>\n<strong>Inscripciones<\/strong> desde el 22\/11\/2024 hasta el 17\/12\/2024<br \/>\n<strong>Duraci\u00f3n:<\/strong> 20 horas (16 horas presenciales por videoconferencias y 4 horas no presenciales)<br \/>\n<strong>Fechas de realizaci\u00f3n:<\/strong><br \/>\n15 de enero de 16:30 a 19:30<br \/>\n22 de enero de 16:30 a 19:30<br \/>\n29 de enero de 16:30 a 19:30<br \/>\n5 de febrero de 16:30 a 19:30<br \/>\n12 de febrero de 16:00 a 20:00<br \/>\n<strong>Enlace para inscripci\u00f3n y m\u00e1s informaci\u00f3n<\/strong>:<a href=\"https:\/\/www.juntadeandalucia.es\/educacion\/secretariavirtual\/consultaCEP\/actividad\/252924GE015\/\"> https:\/\/www.juntadeandalucia.es\/educacion\/secretariavirtual\/consultaCEP\/actividad\/252924GE015\/<\/a><\/p>\n<p>&nbsp;<\/p>\n<p><img data-recalc-dims=\"1\" loading=\"lazy\" decoding=\"async\" class=\"size-medium wp-image-7868 aligncenter\" src=\"https:\/\/i0.wp.com\/cepronda.com\/blog\/wp-content\/uploads\/2024\/11\/Invitacion-vertical-Boda-Nos-casamos-Floral-Verde-y-Beige-Post-de-Instagram-1.jpg?resize=300%2C300&#038;ssl=1\" alt=\"\" width=\"300\" height=\"300\" srcset=\"https:\/\/i0.wp.com\/cepronda.com\/blog\/wp-content\/uploads\/2024\/11\/Invitacion-vertical-Boda-Nos-casamos-Floral-Verde-y-Beige-Post-de-Instagram-1.jpg?resize=300%2C300&amp;ssl=1 300w, https:\/\/i0.wp.com\/cepronda.com\/blog\/wp-content\/uploads\/2024\/11\/Invitacion-vertical-Boda-Nos-casamos-Floral-Verde-y-Beige-Post-de-Instagram-1.jpg?resize=1024%2C1024&amp;ssl=1 1024w, https:\/\/i0.wp.com\/cepronda.com\/blog\/wp-content\/uploads\/2024\/11\/Invitacion-vertical-Boda-Nos-casamos-Floral-Verde-y-Beige-Post-de-Instagram-1.jpg?resize=150%2C150&amp;ssl=1 150w, https:\/\/i0.wp.com\/cepronda.com\/blog\/wp-content\/uploads\/2024\/11\/Invitacion-vertical-Boda-Nos-casamos-Floral-Verde-y-Beige-Post-de-Instagram-1.jpg?resize=768%2C768&amp;ssl=1 768w, https:\/\/i0.wp.com\/cepronda.com\/blog\/wp-content\/uploads\/2024\/11\/Invitacion-vertical-Boda-Nos-casamos-Floral-Verde-y-Beige-Post-de-Instagram-1.jpg?resize=50%2C50&amp;ssl=1 50w, https:\/\/i0.wp.com\/cepronda.com\/blog\/wp-content\/uploads\/2024\/11\/Invitacion-vertical-Boda-Nos-casamos-Floral-Verde-y-Beige-Post-de-Instagram-1.jpg?w=1080&amp;ssl=1 1080w\" sizes=\"auto, (max-width: 300px) 100vw, 300px\" \/><\/p>\n<p>&nbsp;<\/p>\n<p>&nbsp;<\/p>\n","protected":false},"excerpt":{"rendered":"<p>Abierto el plazo de inscripci\u00f3n para el curso \u00abLA COEDUCACI\u00d3N ATERRIZA EN EL AULA: ESTRATEGIAS PARA PROMOVER LA IGUALDAD\u00bb con c\u00f3digo 252924GE015 Profesorado destinatario: Internivelar Inscripciones desde el 22\/11\/2024 hasta el 17\/12\/2024 Duraci\u00f3n: 20 horas (16 horas presenciales por videoconferencias y 4 horas no presenciales) Fechas de realizaci\u00f3n: 15 de enero de 16:30 a 19:30 [&hellip;]<\/p>\n","protected":false},"author":13,"featured_media":7868,"comment_status":"closed","ping_status":"open","sticky":false,"template":"","format":"standard","meta":{"_crdt_document":"","advanced_seo_description":"","jetpack_seo_html_title":"","jetpack_seo_noindex":false,"jetpack_post_was_ever_published":false,"_jetpack_newsletter_access":"","_jetpack_dont_email_post_to_subs":false,"_jetpack_newsletter_tier_id":0,"_jetpack_memberships_contains_paywalled_content":false,"_jetpack_memberships_contains_paid_content":false,"footnotes":"","jetpack_publicize_message":"","jetpack_publicize_feature_enabled":true,"jetpack_social_post_already_shared":false,"jetpack_social_options":{"image_generator_settings":{"template":"highway","default_image_id":0,"font":"","enabled":false},"version":2}},"categories":[3,5],"tags":[],"class_list":{"0":"post-7867","1":"post","2":"type-post","3":"status-publish","4":"format-standard","5":"has-post-thumbnail","7":"category-formaciones","8":"category-noticias","9":"czr-hentry"},"jetpack_publicize_connections":[],"jetpack_featured_media_url":"https:\/\/i0.wp.com\/cepronda.com\/blog\/wp-content\/uploads\/2024\/11\/Invitacion-vertical-Boda-Nos-casamos-Floral-Verde-y-Beige-Post-de-Instagram-1.jpg?fit=1080%2C1080&ssl=1","jetpack_shortlink":"https:\/\/wp.me\/p8M4X7-22T","jetpack-related-posts":[{"id":7955,"url":"https:\/\/cepronda.com\/blog\/la-coeducacion-aterriza-en-el-aula-estrategias-para-promover-la-igualdad-2\/","url_meta":{"origin":7867,"position":0},"title":"LA COEDUCACI\u00d3N ATERRIZA EN EL AULA: ESTRATEGIAS PARA PROMOVER LA IGUALDAD","author":"Mamen Moreno","date":"19 diciembre, 2024","format":false,"excerpt":"SE AMPLIA EL PLAZO DE INSCRIPCI\u00d3N HASTA EL 10 DE ENERO DE 2025 para el curso provincial\u00a0 \"LA COEDUCACI\u00d3N ATERRIZA EN EL AULA: ESTRATEGIAS PARA PROMOVER LA IGUALDAD\" con c\u00f3digo 252924GE015.\u00a0 Profesorado destinatario: Internivelar Inscripciones desde el 22\/11\/2024 hasta el 10\/01\/2025 Duraci\u00f3n: 20 horas (16 horas presenciales por videoconferencias y\u2026","rel":"","context":"En \u00abFormaciones\u00bb","block_context":{"text":"Formaciones","link":"https:\/\/cepronda.com\/blog\/category\/formaciones\/"},"img":{"alt_text":"","src":"https:\/\/i0.wp.com\/cepronda.com\/blog\/wp-content\/uploads\/2024\/12\/LA-COEDUCACION-ATERRIZA-EN-EL-AULA-2-1.jpg?fit=1080%2C1080&ssl=1&resize=350%2C200","width":350,"height":200,"srcset":"https:\/\/i0.wp.com\/cepronda.com\/blog\/wp-content\/uploads\/2024\/12\/LA-COEDUCACION-ATERRIZA-EN-EL-AULA-2-1.jpg?fit=1080%2C1080&ssl=1&resize=350%2C200 1x, https:\/\/i0.wp.com\/cepronda.com\/blog\/wp-content\/uploads\/2024\/12\/LA-COEDUCACION-ATERRIZA-EN-EL-AULA-2-1.jpg?fit=1080%2C1080&ssl=1&resize=525%2C300 1.5x, https:\/\/i0.wp.com\/cepronda.com\/blog\/wp-content\/uploads\/2024\/12\/LA-COEDUCACION-ATERRIZA-EN-EL-AULA-2-1.jpg?fit=1080%2C1080&ssl=1&resize=700%2C400 2x, https:\/\/i0.wp.com\/cepronda.com\/blog\/wp-content\/uploads\/2024\/12\/LA-COEDUCACION-ATERRIZA-EN-EL-AULA-2-1.jpg?fit=1080%2C1080&ssl=1&resize=1050%2C600 3x"},"classes":[]},{"id":7327,"url":"https:\/\/cepronda.com\/blog\/gestion-economica-para-secretarias-3\/","url_meta":{"origin":7867,"position":1},"title":"GESTI\u00d3N ECON\u00d3MICA PARA SECRETAR\u00cdAS","author":"Mamen Moreno","date":"12 enero, 2024","format":false,"excerpt":"Os informamos que se encuentra abierta la inscripci\u00f3n en el curso Provincial\u00a0GESTI\u00d3N ECON\u00d3MICA PARA SECRETAR\u00cdAS con c\u00f3digo 242924KPF230, organizado por el CEP de Ronda: Inscripciones:\u00a0 12\/01\/2024 al 26\/01\/2024 Fecha actividad: 30 de enero hasta el 11 de marzo de 2024 Fechas de las videoconferencias: \u00a030 de enero, 6 y 13\u2026","rel":"","context":"En \u00abFormaciones\u00bb","block_context":{"text":"Formaciones","link":"https:\/\/cepronda.com\/blog\/category\/formaciones\/"},"img":{"alt_text":"","src":"https:\/\/i0.wp.com\/cepronda.com\/blog\/wp-content\/uploads\/2024\/01\/WhatsApp-Image-2024-01-12-at-11.03.42.jpeg?fit=848%2C1200&ssl=1&resize=350%2C200","width":350,"height":200,"srcset":"https:\/\/i0.wp.com\/cepronda.com\/blog\/wp-content\/uploads\/2024\/01\/WhatsApp-Image-2024-01-12-at-11.03.42.jpeg?fit=848%2C1200&ssl=1&resize=350%2C200 1x, https:\/\/i0.wp.com\/cepronda.com\/blog\/wp-content\/uploads\/2024\/01\/WhatsApp-Image-2024-01-12-at-11.03.42.jpeg?fit=848%2C1200&ssl=1&resize=525%2C300 1.5x, https:\/\/i0.wp.com\/cepronda.com\/blog\/wp-content\/uploads\/2024\/01\/WhatsApp-Image-2024-01-12-at-11.03.42.jpeg?fit=848%2C1200&ssl=1&resize=700%2C400 2x"},"classes":[]},{"id":7284,"url":"https:\/\/cepronda.com\/blog\/que-y-como-ensenar-al-alumnado-tea-en-el-aula-ordinaria\/","url_meta":{"origin":7867,"position":2},"title":"QU\u00c9 Y C\u00d3MO ENSE\u00d1AR AL ALUMNADO TEA EN EL AULA ORDINARIA","author":"V\u00edctor Caballero","date":"22 diciembre, 2023","format":false,"excerpt":"Se encuentra abierto el plazo de inscripci\u00f3n para la formaci\u00f3n \u201cQU\u00c9 Y C\u00d3MO ENSE\u00d1AR AL ALUMNADO TEA EN EL AULA ORDINARIA.\" C\u00d3DIGO 242924GE042. Ponente:\u00a0 Macarena Conesa Duraci\u00f3n de la actividad 10 horas presenciales + 2 horas de tareas. Fecha actividad: X10 enero (16:30 a 19:00h) ONLINE X17 enero (16:30 a\u2026","rel":"","context":"En \u00abFormaciones\u00bb","block_context":{"text":"Formaciones","link":"https:\/\/cepronda.com\/blog\/category\/formaciones\/"},"img":{"alt_text":"","src":"https:\/\/i0.wp.com\/cepronda.com\/blog\/wp-content\/uploads\/2023\/12\/242924GE042-Cartel-TEA.png?fit=1080%2C1080&ssl=1&resize=350%2C200","width":350,"height":200,"srcset":"https:\/\/i0.wp.com\/cepronda.com\/blog\/wp-content\/uploads\/2023\/12\/242924GE042-Cartel-TEA.png?fit=1080%2C1080&ssl=1&resize=350%2C200 1x, https:\/\/i0.wp.com\/cepronda.com\/blog\/wp-content\/uploads\/2023\/12\/242924GE042-Cartel-TEA.png?fit=1080%2C1080&ssl=1&resize=525%2C300 1.5x, https:\/\/i0.wp.com\/cepronda.com\/blog\/wp-content\/uploads\/2023\/12\/242924GE042-Cartel-TEA.png?fit=1080%2C1080&ssl=1&resize=700%2C400 2x, https:\/\/i0.wp.com\/cepronda.com\/blog\/wp-content\/uploads\/2023\/12\/242924GE042-Cartel-TEA.png?fit=1080%2C1080&ssl=1&resize=1050%2C600 3x"},"classes":[]},{"id":8821,"url":"https:\/\/cepronda.com\/blog\/coeducar-como-herramienta-de-transformacion-social\/","url_meta":{"origin":7867,"position":3},"title":"COEDUCAR COMO HERRAMIENTA DE TRANSFORMACI\u00d3N SOCIAL","author":"Mamen Moreno","date":"19 septiembre, 2025","format":false,"excerpt":"Abierto el plazo de inscripci\u00f3n para el curso \"COEDUCAR COMO HERRAMIENTA DE TRANSFORMACI\u00d3N SOCIAL\" c\u00f3digo 262924GE252 Este curso semipresencial te ofrece 15 horas de formaci\u00f3n para dotarte de herramientas y estrategias que te permitir\u00e1n incorporar la perspectiva de igualdad en el aula. Aprender\u00e1s a reflexionar sobre estereotipos de g\u00e9nero y\u2026","rel":"","context":"En \u00abFormaciones\u00bb","block_context":{"text":"Formaciones","link":"https:\/\/cepronda.com\/blog\/category\/formaciones\/"},"img":{"alt_text":"","src":"https:\/\/i0.wp.com\/cepronda.com\/blog\/wp-content\/uploads\/2025\/09\/Post-de-Instagram-Evento-de-Networking-Relaciones-Publicas-Corporativo-Geometrico-2.png?fit=960%2C1200&ssl=1&resize=350%2C200","width":350,"height":200,"srcset":"https:\/\/i0.wp.com\/cepronda.com\/blog\/wp-content\/uploads\/2025\/09\/Post-de-Instagram-Evento-de-Networking-Relaciones-Publicas-Corporativo-Geometrico-2.png?fit=960%2C1200&ssl=1&resize=350%2C200 1x, https:\/\/i0.wp.com\/cepronda.com\/blog\/wp-content\/uploads\/2025\/09\/Post-de-Instagram-Evento-de-Networking-Relaciones-Publicas-Corporativo-Geometrico-2.png?fit=960%2C1200&ssl=1&resize=525%2C300 1.5x, https:\/\/i0.wp.com\/cepronda.com\/blog\/wp-content\/uploads\/2025\/09\/Post-de-Instagram-Evento-de-Networking-Relaciones-Publicas-Corporativo-Geometrico-2.png?fit=960%2C1200&ssl=1&resize=700%2C400 2x"},"classes":[]},{"id":7356,"url":"https:\/\/cepronda.com\/blog\/gestion-administrativa-y-economica-de-proyectos-erasmus\/","url_meta":{"origin":7867,"position":4},"title":"GESTI\u00d3N ADMINISTRATIVA Y ECON\u00d3MICA DE PROYECTOS ERASMUS+","author":"Maribel Mu\u00f1oz","date":"15 enero, 2024","format":false,"excerpt":"Os informamos que se encuentra abierta la inscripci\u00f3n en el curso Provincial GESTI\u00d3N ADMINISTRATIVA Y ECON\u00d3MICA DE PROYECTOS ERASMUS+\u00a0con c\u00f3digo\u00a0249924KPI461, organizado por el CEP de Ronda: Inscripciones:\u00a0\u00a015\/01\/2024 al 23\/01\/2024 Fecha actividad:\u00a030 de enero hasta el 15 de marzo de 2024 Fechas de las videoconferencias:\u00a0 21 de febrero y 6\u00a0 de\u2026","rel":"","context":"En \u00abFormaciones\u00bb","block_context":{"text":"Formaciones","link":"https:\/\/cepronda.com\/blog\/category\/formaciones\/"},"img":{"alt_text":"","src":"https:\/\/i0.wp.com\/cepronda.com\/blog\/wp-content\/uploads\/2024\/01\/Gestion-Economica-y-Administrativa-de-Proyectos-Erasmus-249924KPI461.png?fit=1080%2C1080&ssl=1&resize=350%2C200","width":350,"height":200,"srcset":"https:\/\/i0.wp.com\/cepronda.com\/blog\/wp-content\/uploads\/2024\/01\/Gestion-Economica-y-Administrativa-de-Proyectos-Erasmus-249924KPI461.png?fit=1080%2C1080&ssl=1&resize=350%2C200 1x, https:\/\/i0.wp.com\/cepronda.com\/blog\/wp-content\/uploads\/2024\/01\/Gestion-Economica-y-Administrativa-de-Proyectos-Erasmus-249924KPI461.png?fit=1080%2C1080&ssl=1&resize=525%2C300 1.5x, https:\/\/i0.wp.com\/cepronda.com\/blog\/wp-content\/uploads\/2024\/01\/Gestion-Economica-y-Administrativa-de-Proyectos-Erasmus-249924KPI461.png?fit=1080%2C1080&ssl=1&resize=700%2C400 2x, https:\/\/i0.wp.com\/cepronda.com\/blog\/wp-content\/uploads\/2024\/01\/Gestion-Economica-y-Administrativa-de-Proyectos-Erasmus-249924KPI461.png?fit=1080%2C1080&ssl=1&resize=1050%2C600 3x"},"classes":[]},{"id":7782,"url":"https:\/\/cepronda.com\/blog\/entrenamiento-de-las-funciones-ejecutivas-en-el-aula-de-educacion-primaria\/","url_meta":{"origin":7867,"position":5},"title":"ENTRENAMIENTO DE LAS FUNCIONES EJECUTIVAS EN EL AULA DE EDUCACI\u00d3N PRIMARIA","author":"Mamen Moreno","date":"9 octubre, 2024","format":false,"excerpt":"Se abre el plazo de inscripci\u00f3n para la actividad ENTRENAMIENTO DE LAS FUNCIONES EJECUTIVAS EN EL AULA DE EDUCACI\u00d3N PRIMARIA\u00a0con c\u00f3digo 252924GE014 , destinado al profesorado de Educaci\u00f3n Primaria, profesorado PT y AL, Orientadores\/as y profesorado de apoyo. Fecha actividad: 30 octubre, 6, 13, 20 y 27 de noviembre de\u2026","rel":"","context":"En \u00abFormaciones\u00bb","block_context":{"text":"Formaciones","link":"https:\/\/cepronda.com\/blog\/category\/formaciones\/"},"img":{"alt_text":"","src":"https:\/\/i0.wp.com\/cepronda.com\/blog\/wp-content\/uploads\/2024\/10\/IMG-20241010-WA0001.jpg?fit=1080%2C1080&ssl=1&resize=350%2C200","width":350,"height":200,"srcset":"https:\/\/i0.wp.com\/cepronda.com\/blog\/wp-content\/uploads\/2024\/10\/IMG-20241010-WA0001.jpg?fit=1080%2C1080&ssl=1&resize=350%2C200 1x, https:\/\/i0.wp.com\/cepronda.com\/blog\/wp-content\/uploads\/2024\/10\/IMG-20241010-WA0001.jpg?fit=1080%2C1080&ssl=1&resize=525%2C300 1.5x, https:\/\/i0.wp.com\/cepronda.com\/blog\/wp-content\/uploads\/2024\/10\/IMG-20241010-WA0001.jpg?fit=1080%2C1080&ssl=1&resize=700%2C400 2x, https:\/\/i0.wp.com\/cepronda.com\/blog\/wp-content\/uploads\/2024\/10\/IMG-20241010-WA0001.jpg?fit=1080%2C1080&ssl=1&resize=1050%2C600 3x"},"classes":[]}],"jetpack_sharing_enabled":true,"_links":{"self":[{"href":"https:\/\/cepronda.com\/blog\/wp-json\/wp\/v2\/posts\/7867","targetHints":{"allow":["GET"]}}],"collection":[{"href":"https:\/\/cepronda.com\/blog\/wp-json\/wp\/v2\/posts"}],"about":[{"href":"https:\/\/cepronda.com\/blog\/wp-json\/wp\/v2\/types\/post"}],"author":[{"embeddable":true,"href":"https:\/\/cepronda.com\/blog\/wp-json\/wp\/v2\/users\/13"}],"replies":[{"embeddable":true,"href":"https:\/\/cepronda.com\/blog\/wp-json\/wp\/v2\/comments?post=7867"}],"version-history":[{"count":1,"href":"https:\/\/cepronda.com\/blog\/wp-json\/wp\/v2\/posts\/7867\/revisions"}],"predecessor-version":[{"id":7869,"href":"https:\/\/cepronda.com\/blog\/wp-json\/wp\/v2\/posts\/7867\/revisions\/7869"}],"wp:featuredmedia":[{"embeddable":true,"href":"https:\/\/cepronda.com\/blog\/wp-json\/wp\/v2\/media\/7868"}],"wp:attachment":[{"href":"https:\/\/cepronda.com\/blog\/wp-json\/wp\/v2\/media?parent=7867"}],"wp:term":[{"taxonomy":"category","embeddable":true,"href":"https:\/\/cepronda.com\/blog\/wp-json\/wp\/v2\/categories?post=7867"},{"taxonomy":"post_tag","embeddable":true,"href":"https:\/\/cepronda.com\/blog\/wp-json\/wp\/v2\/tags?post=7867"}],"curies":[{"name":"wp","href":"https:\/\/api.w.org\/{rel}","templated":true}]}}