{"id":7851,"date":"2024-11-06T13:26:52","date_gmt":"2024-11-06T12:26:52","guid":{"rendered":"https:\/\/cepronda.com\/blog\/?p=7851"},"modified":"2025-04-28T12:15:39","modified_gmt":"2025-04-28T10:15:39","slug":"formaciones-para-ensenanzas-artisticas-danza","status":"publish","type":"post","link":"https:\/\/cepronda.com\/blog\/formaciones-para-ensenanzas-artisticas-danza\/","title":{"rendered":"FORMACIONES PARA ENSE\u00d1ANZAS ART\u00cdSTICAS. DANZA."},"content":{"rendered":"<div><img data-recalc-dims=\"1\" decoding=\"async\" class=\"an1\" draggable=\"false\" src=\"https:\/\/i0.wp.com\/fonts.gstatic.com\/s\/e\/notoemoji\/15.1\/1f4cc\/32.png?w=1170&#038;ssl=1\" alt=\"\" data-emoji=\"\" aria-label=\"\" \/>\u00a0III JORNADAS DE INVESTIGACI\u00d3N EN DANZA DEL CONSERVATORIO SUPERIOR \u00c1NGEL PERICET<br \/>\n<img data-recalc-dims=\"1\" decoding=\"async\" class=\"an1\" draggable=\"false\" src=\"https:\/\/i0.wp.com\/fonts.gstatic.com\/s\/e\/notoemoji\/15.1\/270f_fe0f\/32.png?w=1170&#038;ssl=1\" alt=\"\u270f\ufe0f\" data-emoji=\"\u270f\ufe0f\" aria-label=\"\u270f\ufe0f\" \/>\u00a0Inscripci\u00f3n: hasta el 14\/11\/2024<br \/>\n<img data-recalc-dims=\"1\" decoding=\"async\" class=\"an1\" draggable=\"false\" src=\"https:\/\/i0.wp.com\/fonts.gstatic.com\/s\/e\/notoemoji\/15.1\/1f4c5\/32.png?w=1170&#038;ssl=1\" alt=\"\" data-emoji=\"\" aria-label=\"\" \/>\u00a0Actividad: 27\/11\/2024 &#8211; 28\/11\/2024<br \/>\n<img data-recalc-dims=\"1\" decoding=\"async\" class=\"an1\" draggable=\"false\" src=\"https:\/\/i0.wp.com\/fonts.gstatic.com\/s\/e\/notoemoji\/15.1\/27a1_fe0f\/32.png?w=1170&#038;ssl=1\" alt=\"\u27a1\ufe0f\" data-emoji=\"\u27a1\ufe0f\" aria-label=\"\u27a1\ufe0f\" \/>\u00a0Duraci\u00f3n: 10 horas presenciales<br \/>\n<img data-recalc-dims=\"1\" decoding=\"async\" class=\"an1\" draggable=\"false\" src=\"https:\/\/i0.wp.com\/fonts.gstatic.com\/s\/e\/notoemoji\/15.1\/1f6a9\/32.png?w=1170&#038;ssl=1\" alt=\"\" data-emoji=\"\" aria-label=\"\" \/>\u00a0M\u00e1s informaci\u00f3n:\u00a0<a href=\"https:\/\/www.juntadeandalucia.es\/educacion\/secretariavirtual\/consultaCEP\/actividad\/252922GE080\/\" target=\"_blank\" rel=\"noopener\" data-saferedirecturl=\"https:\/\/www.google.com\/url?q=https:\/\/www.juntadeandalucia.es\/educacion\/secretariavirtual\/consultaCEP\/actividad\/252922GE080\/&amp;source=gmail&amp;ust=1731063733934000&amp;usg=AOvVaw2AjfNuJRSEJKXKsaVsKDBb\">https:\/\/www.juntadeandalucia.<wbr \/>es\/educacion\/<wbr \/>secretariavirtual\/consultaCEP\/<wbr \/>actividad\/252922GE080\/<\/a><\/div>\n<div><\/div>\n<div><\/div>\n<div><img data-recalc-dims=\"1\" decoding=\"async\" class=\"an1\" draggable=\"false\" src=\"https:\/\/i0.wp.com\/fonts.gstatic.com\/s\/e\/notoemoji\/15.1\/1f4cc\/32.png?w=1170&#038;ssl=1\" alt=\"\" data-emoji=\"\" aria-label=\"\" \/>\u00a0RECOPILACI\u00d3N DEL REPERTORIO DE LA DANZA ESPA\u00d1OLA<br \/>\n<img data-recalc-dims=\"1\" decoding=\"async\" class=\"an1\" draggable=\"false\" src=\"https:\/\/i0.wp.com\/fonts.gstatic.com\/s\/e\/notoemoji\/15.1\/270f_fe0f\/32.png?w=1170&#038;ssl=1\" alt=\"\u270f\ufe0f\" data-emoji=\"\u270f\ufe0f\" aria-label=\"\u270f\ufe0f\" \/>\u00a0Inscripci\u00f3n: hasta el 11\/11\/2024<br \/>\n<img data-recalc-dims=\"1\" decoding=\"async\" class=\"an1\" draggable=\"false\" src=\"https:\/\/i0.wp.com\/fonts.gstatic.com\/s\/e\/notoemoji\/15.1\/1f4c5\/32.png?w=1170&#038;ssl=1\" alt=\"\" data-emoji=\"\" aria-label=\"\" \/>\u00a0Actividad: 19\/11\/2024 &#8211; 22\/11\/2024<br \/>\n<img data-recalc-dims=\"1\" decoding=\"async\" class=\"an1\" draggable=\"false\" src=\"https:\/\/i0.wp.com\/fonts.gstatic.com\/s\/e\/notoemoji\/15.1\/27a1_fe0f\/32.png?w=1170&#038;ssl=1\" alt=\"\u27a1\ufe0f\" data-emoji=\"\u27a1\ufe0f\" aria-label=\"\u27a1\ufe0f\" \/>\u00a0Duraci\u00f3n: 12 Presenciales<br \/>\n<img data-recalc-dims=\"1\" decoding=\"async\" class=\"an1\" draggable=\"false\" src=\"https:\/\/i0.wp.com\/fonts.gstatic.com\/s\/e\/notoemoji\/15.1\/1f6a9\/32.png?w=1170&#038;ssl=1\" alt=\"\" data-emoji=\"\" aria-label=\"\" \/>\u00a0M\u00e1s informaci\u00f3n:\u00a0<a href=\"https:\/\/www.juntadeandalucia.es\/educacion\/secretariavirtual\/consultaCEP\/actividad\/252922GE081\/\" target=\"_blank\" rel=\"noopener\" data-saferedirecturl=\"https:\/\/www.google.com\/url?q=https:\/\/www.juntadeandalucia.es\/educacion\/secretariavirtual\/consultaCEP\/actividad\/252922GE081\/&amp;source=gmail&amp;ust=1731063733934000&amp;usg=AOvVaw1h20WV-9vJcr64sZ_GvL2W\">https:\/\/www.juntadeandalucia.<wbr \/>es\/educacion\/<wbr \/>secretariavirtual\/consultaCEP\/<wbr \/>actividad\/252922GE081\/<\/a><\/div>\n<div>\n<p>&nbsp;<\/p>\n<p><img data-recalc-dims=\"1\" decoding=\"async\" class=\"an1\" draggable=\"false\" src=\"https:\/\/i0.wp.com\/fonts.gstatic.com\/s\/e\/notoemoji\/15.1\/1f4cc\/32.png?w=1170&#038;ssl=1\" alt=\"\" data-emoji=\"\" aria-label=\"\" \/>\u00a0METODOLOG\u00cdA DE LA DANZA CL\u00c1SICA EN LAS ENSE\u00d1ANZAS PROFESIONALES<br \/>\n<img data-recalc-dims=\"1\" decoding=\"async\" class=\"an1\" draggable=\"false\" src=\"https:\/\/i0.wp.com\/fonts.gstatic.com\/s\/e\/notoemoji\/15.1\/270f_fe0f\/32.png?w=1170&#038;ssl=1\" alt=\"\u270f\ufe0f\" data-emoji=\"\u270f\ufe0f\" aria-label=\"\u270f\ufe0f\" \/>\u00a0Inscripci\u00f3n: hasta el 11\/11\/2024<br \/>\n<img data-recalc-dims=\"1\" decoding=\"async\" class=\"an1\" draggable=\"false\" src=\"https:\/\/i0.wp.com\/fonts.gstatic.com\/s\/e\/notoemoji\/15.1\/1f4c5\/32.png?w=1170&#038;ssl=1\" alt=\"\" data-emoji=\"\" aria-label=\"\" \/>\u00a0Actividad: 19\/11\/2024 &#8211; 21\/11\/2024<br \/>\n<img data-recalc-dims=\"1\" decoding=\"async\" class=\"an1\" draggable=\"false\" src=\"https:\/\/i0.wp.com\/fonts.gstatic.com\/s\/e\/notoemoji\/15.1\/27a1_fe0f\/32.png?w=1170&#038;ssl=1\" alt=\"\u27a1\ufe0f\" data-emoji=\"\u27a1\ufe0f\" aria-label=\"\u27a1\ufe0f\" \/>\u00a0Duraci\u00f3n: 12 Presenciales<br \/>\n<img data-recalc-dims=\"1\" decoding=\"async\" class=\"an1\" draggable=\"false\" src=\"https:\/\/i0.wp.com\/fonts.gstatic.com\/s\/e\/notoemoji\/15.1\/1f6a9\/32.png?w=1170&#038;ssl=1\" alt=\"\" data-emoji=\"\" aria-label=\"\" \/>\u00a0M\u00e1s informaci\u00f3n:\u00a0<a href=\"https:\/\/www.juntadeandalucia.es\/educacion\/secretariavirtual\/consultaCEP\/actividad\/252922GE082\/\" target=\"_blank\" rel=\"noopener\" data-saferedirecturl=\"https:\/\/www.google.com\/url?q=https:\/\/www.juntadeandalucia.es\/educacion\/secretariavirtual\/consultaCEP\/actividad\/252922GE082\/&amp;source=gmail&amp;ust=1731063733934000&amp;usg=AOvVaw2VGFrBPQqSZK1NlfiDiUqn\">https:\/\/www.juntadeandalucia.<wbr \/>es\/educacion\/<wbr \/>secretariavirtual\/consultaCEP\/<wbr \/>actividad\/252922GE082\/<\/a><\/p>\n<\/div>\n<div>\n<div class=\"tiled-gallery type-rectangular tiled-gallery-unresized\" data-original-width=\"1170\" data-carousel-extra='null' itemscope itemtype=\"http:\/\/schema.org\/ImageGallery\" > <div class=\"gallery-row\" style=\"width: 1170px; height: 780px;\" data-original-width=\"1170\" data-original-height=\"780\" > <div class=\"gallery-group images-1\" style=\"width: 780px; height: 780px;\" data-original-width=\"780\" data-original-height=\"780\" > <div class=\"tiled-gallery-item tiled-gallery-item-large\" itemprop=\"associatedMedia\" itemscope itemtype=\"http:\/\/schema.org\/ImageObject\"> <a href=\"https:\/\/cepronda.com\/blog\/formaciones-para-ensenanzas-artisticas-danza\/whatsapp-image-2024-10-31-at-12-46-27\/\" border=\"0\" itemprop=\"url\"> <meta itemprop=\"width\" content=\"776\"> <meta itemprop=\"height\" content=\"776\"> <img decoding=\"async\" class=\"\" data-attachment-id=\"7856\" data-orig-file=\"https:\/\/cepronda.com\/blog\/wp-content\/uploads\/2024\/11\/WhatsApp-Image-2024-10-31-at-12.46.27.jpeg\" data-orig-size=\"1080,1080\" data-comments-opened=\"\" data-image-meta=\"{&quot;aperture&quot;:&quot;0&quot;,&quot;credit&quot;:&quot;&quot;,&quot;camera&quot;:&quot;&quot;,&quot;caption&quot;:&quot;&quot;,&quot;created_timestamp&quot;:&quot;0&quot;,&quot;copyright&quot;:&quot;&quot;,&quot;focal_length&quot;:&quot;0&quot;,&quot;iso&quot;:&quot;0&quot;,&quot;shutter_speed&quot;:&quot;0&quot;,&quot;title&quot;:&quot;&quot;,&quot;orientation&quot;:&quot;0&quot;}\" data-image-title=\"WhatsApp Image 2024-10-31 at 12.46.27\" data-image-description=\"\" data-medium-file=\"https:\/\/i0.wp.com\/cepronda.com\/blog\/wp-content\/uploads\/2024\/11\/WhatsApp-Image-2024-10-31-at-12.46.27.jpeg?fit=300%2C300&#038;ssl=1\" data-large-file=\"https:\/\/i0.wp.com\/cepronda.com\/blog\/wp-content\/uploads\/2024\/11\/WhatsApp-Image-2024-10-31-at-12.46.27.jpeg?fit=1024%2C1024&#038;ssl=1\" src=\"https:\/\/i0.wp.com\/cepronda.com\/blog\/wp-content\/uploads\/2024\/11\/WhatsApp-Image-2024-10-31-at-12.46.27.jpeg?w=776&#038;h=776&#038;crop=1&#038;ssl=1\" srcset=\"https:\/\/i0.wp.com\/cepronda.com\/blog\/wp-content\/uploads\/2024\/11\/WhatsApp-Image-2024-10-31-at-12.46.27.jpeg?w=1080&amp;ssl=1 1080w, https:\/\/i0.wp.com\/cepronda.com\/blog\/wp-content\/uploads\/2024\/11\/WhatsApp-Image-2024-10-31-at-12.46.27.jpeg?resize=300%2C300&amp;ssl=1 300w, https:\/\/i0.wp.com\/cepronda.com\/blog\/wp-content\/uploads\/2024\/11\/WhatsApp-Image-2024-10-31-at-12.46.27.jpeg?resize=1024%2C1024&amp;ssl=1 1024w, https:\/\/i0.wp.com\/cepronda.com\/blog\/wp-content\/uploads\/2024\/11\/WhatsApp-Image-2024-10-31-at-12.46.27.jpeg?resize=150%2C150&amp;ssl=1 150w, https:\/\/i0.wp.com\/cepronda.com\/blog\/wp-content\/uploads\/2024\/11\/WhatsApp-Image-2024-10-31-at-12.46.27.jpeg?resize=768%2C768&amp;ssl=1 768w, https:\/\/i0.wp.com\/cepronda.com\/blog\/wp-content\/uploads\/2024\/11\/WhatsApp-Image-2024-10-31-at-12.46.27.jpeg?resize=50%2C50&amp;ssl=1 50w\" width=\"776\" height=\"776\" loading=\"lazy\" data-original-width=\"776\" data-original-height=\"776\" itemprop=\"http:\/\/schema.org\/image\" title=\"WhatsApp Image 2024-10-31 at 12.46.27\" alt=\"WhatsApp Image 2024-10-31 at 12.46.27\" style=\"width: 776px; height: 776px;\" \/> <\/a> <\/div> <\/div> <!-- close group --> <div class=\"gallery-group images-2\" style=\"width: 390px; height: 780px;\" data-original-width=\"390\" data-original-height=\"780\" > <div class=\"tiled-gallery-item tiled-gallery-item-large\" itemprop=\"associatedMedia\" itemscope itemtype=\"http:\/\/schema.org\/ImageObject\"> <a href=\"https:\/\/cepronda.com\/blog\/formaciones-para-ensenanzas-artisticas-danza\/whatsapp-image-2024-10-31-at-12-46-41\/\" border=\"0\" itemprop=\"url\"> <meta itemprop=\"width\" content=\"386\"> <meta itemprop=\"height\" content=\"386\"> <img decoding=\"async\" class=\"\" data-attachment-id=\"7858\" data-orig-file=\"https:\/\/cepronda.com\/blog\/wp-content\/uploads\/2024\/11\/WhatsApp-Image-2024-10-31-at-12.46.41.jpeg\" data-orig-size=\"1080,1080\" data-comments-opened=\"\" data-image-meta=\"{&quot;aperture&quot;:&quot;0&quot;,&quot;credit&quot;:&quot;&quot;,&quot;camera&quot;:&quot;&quot;,&quot;caption&quot;:&quot;&quot;,&quot;created_timestamp&quot;:&quot;0&quot;,&quot;copyright&quot;:&quot;&quot;,&quot;focal_length&quot;:&quot;0&quot;,&quot;iso&quot;:&quot;0&quot;,&quot;shutter_speed&quot;:&quot;0&quot;,&quot;title&quot;:&quot;&quot;,&quot;orientation&quot;:&quot;0&quot;}\" data-image-title=\"WhatsApp Image 2024-10-31 at 12.46.41\" data-image-description=\"\" data-medium-file=\"https:\/\/i0.wp.com\/cepronda.com\/blog\/wp-content\/uploads\/2024\/11\/WhatsApp-Image-2024-10-31-at-12.46.41.jpeg?fit=300%2C300&#038;ssl=1\" data-large-file=\"https:\/\/i0.wp.com\/cepronda.com\/blog\/wp-content\/uploads\/2024\/11\/WhatsApp-Image-2024-10-31-at-12.46.41.jpeg?fit=1024%2C1024&#038;ssl=1\" src=\"https:\/\/i0.wp.com\/cepronda.com\/blog\/wp-content\/uploads\/2024\/11\/WhatsApp-Image-2024-10-31-at-12.46.41.jpeg?w=386&#038;h=386&#038;crop=1&#038;ssl=1\" srcset=\"https:\/\/i0.wp.com\/cepronda.com\/blog\/wp-content\/uploads\/2024\/11\/WhatsApp-Image-2024-10-31-at-12.46.41.jpeg?w=1080&amp;ssl=1 1080w, https:\/\/i0.wp.com\/cepronda.com\/blog\/wp-content\/uploads\/2024\/11\/WhatsApp-Image-2024-10-31-at-12.46.41.jpeg?resize=300%2C300&amp;ssl=1 300w, https:\/\/i0.wp.com\/cepronda.com\/blog\/wp-content\/uploads\/2024\/11\/WhatsApp-Image-2024-10-31-at-12.46.41.jpeg?resize=1024%2C1024&amp;ssl=1 1024w, https:\/\/i0.wp.com\/cepronda.com\/blog\/wp-content\/uploads\/2024\/11\/WhatsApp-Image-2024-10-31-at-12.46.41.jpeg?resize=150%2C150&amp;ssl=1 150w, https:\/\/i0.wp.com\/cepronda.com\/blog\/wp-content\/uploads\/2024\/11\/WhatsApp-Image-2024-10-31-at-12.46.41.jpeg?resize=768%2C768&amp;ssl=1 768w, https:\/\/i0.wp.com\/cepronda.com\/blog\/wp-content\/uploads\/2024\/11\/WhatsApp-Image-2024-10-31-at-12.46.41.jpeg?resize=50%2C50&amp;ssl=1 50w\" width=\"386\" height=\"386\" loading=\"lazy\" data-original-width=\"386\" data-original-height=\"386\" itemprop=\"http:\/\/schema.org\/image\" title=\"WhatsApp Image 2024-10-31 at 12.46.41\" alt=\"WhatsApp Image 2024-10-31 at 12.46.41\" style=\"width: 386px; height: 386px;\" \/> <\/a> <\/div> <div class=\"tiled-gallery-item tiled-gallery-item-large\" itemprop=\"associatedMedia\" itemscope itemtype=\"http:\/\/schema.org\/ImageObject\"> <a href=\"https:\/\/cepronda.com\/blog\/formaciones-para-ensenanzas-artisticas-danza\/whatsapp-image-2024-10-31-at-12-46-34\/\" border=\"0\" itemprop=\"url\"> <meta itemprop=\"width\" content=\"386\"> <meta itemprop=\"height\" content=\"386\"> <img decoding=\"async\" class=\"\" data-attachment-id=\"7857\" data-orig-file=\"https:\/\/cepronda.com\/blog\/wp-content\/uploads\/2024\/11\/WhatsApp-Image-2024-10-31-at-12.46.34.jpeg\" data-orig-size=\"1080,1080\" data-comments-opened=\"\" data-image-meta=\"{&quot;aperture&quot;:&quot;0&quot;,&quot;credit&quot;:&quot;&quot;,&quot;camera&quot;:&quot;&quot;,&quot;caption&quot;:&quot;&quot;,&quot;created_timestamp&quot;:&quot;0&quot;,&quot;copyright&quot;:&quot;&quot;,&quot;focal_length&quot;:&quot;0&quot;,&quot;iso&quot;:&quot;0&quot;,&quot;shutter_speed&quot;:&quot;0&quot;,&quot;title&quot;:&quot;&quot;,&quot;orientation&quot;:&quot;0&quot;}\" data-image-title=\"WhatsApp Image 2024-10-31 at 12.46.34\" data-image-description=\"\" data-medium-file=\"https:\/\/i0.wp.com\/cepronda.com\/blog\/wp-content\/uploads\/2024\/11\/WhatsApp-Image-2024-10-31-at-12.46.34.jpeg?fit=300%2C300&#038;ssl=1\" data-large-file=\"https:\/\/i0.wp.com\/cepronda.com\/blog\/wp-content\/uploads\/2024\/11\/WhatsApp-Image-2024-10-31-at-12.46.34.jpeg?fit=1024%2C1024&#038;ssl=1\" src=\"https:\/\/i0.wp.com\/cepronda.com\/blog\/wp-content\/uploads\/2024\/11\/WhatsApp-Image-2024-10-31-at-12.46.34.jpeg?w=386&#038;h=386&#038;crop=1&#038;ssl=1\" srcset=\"https:\/\/i0.wp.com\/cepronda.com\/blog\/wp-content\/uploads\/2024\/11\/WhatsApp-Image-2024-10-31-at-12.46.34.jpeg?w=1080&amp;ssl=1 1080w, https:\/\/i0.wp.com\/cepronda.com\/blog\/wp-content\/uploads\/2024\/11\/WhatsApp-Image-2024-10-31-at-12.46.34.jpeg?resize=300%2C300&amp;ssl=1 300w, https:\/\/i0.wp.com\/cepronda.com\/blog\/wp-content\/uploads\/2024\/11\/WhatsApp-Image-2024-10-31-at-12.46.34.jpeg?resize=1024%2C1024&amp;ssl=1 1024w, https:\/\/i0.wp.com\/cepronda.com\/blog\/wp-content\/uploads\/2024\/11\/WhatsApp-Image-2024-10-31-at-12.46.34.jpeg?resize=150%2C150&amp;ssl=1 150w, https:\/\/i0.wp.com\/cepronda.com\/blog\/wp-content\/uploads\/2024\/11\/WhatsApp-Image-2024-10-31-at-12.46.34.jpeg?resize=768%2C768&amp;ssl=1 768w, https:\/\/i0.wp.com\/cepronda.com\/blog\/wp-content\/uploads\/2024\/11\/WhatsApp-Image-2024-10-31-at-12.46.34.jpeg?resize=50%2C50&amp;ssl=1 50w\" width=\"386\" height=\"386\" loading=\"lazy\" data-original-width=\"386\" data-original-height=\"386\" itemprop=\"http:\/\/schema.org\/image\" title=\"WhatsApp Image 2024-10-31 at 12.46.34\" alt=\"WhatsApp Image 2024-10-31 at 12.46.34\" style=\"width: 386px; height: 386px;\" \/> <\/a> <\/div> <\/div> <!-- close group --> <\/div> <!-- close row --> <\/div>\n<\/div>\n","protected":false},"excerpt":{"rendered":"<p>\u00a0III JORNADAS DE INVESTIGACI\u00d3N EN DANZA DEL CONSERVATORIO SUPERIOR \u00c1NGEL PERICET \u00a0Inscripci\u00f3n: hasta el 14\/11\/2024 \u00a0Actividad: 27\/11\/2024 &#8211; 28\/11\/2024 \u00a0Duraci\u00f3n: 10 horas presenciales \u00a0M\u00e1s informaci\u00f3n:\u00a0https:\/\/www.juntadeandalucia.es\/educacion\/secretariavirtual\/consultaCEP\/actividad\/252922GE080\/ \u00a0RECOPILACI\u00d3N DEL REPERTORIO DE LA DANZA ESPA\u00d1OLA \u00a0Inscripci\u00f3n: hasta el 11\/11\/2024 \u00a0Actividad: 19\/11\/2024 &#8211; 22\/11\/2024 \u00a0Duraci\u00f3n: 12 Presenciales \u00a0M\u00e1s informaci\u00f3n:\u00a0https:\/\/www.juntadeandalucia.es\/educacion\/secretariavirtual\/consultaCEP\/actividad\/252922GE081\/ &nbsp; \u00a0METODOLOG\u00cdA DE LA DANZA CL\u00c1SICA EN LAS ENSE\u00d1ANZAS PROFESIONALES [&hellip;]<\/p>\n","protected":false},"author":13,"featured_media":7856,"comment_status":"closed","ping_status":"open","sticky":false,"template":"","format":"standard","meta":{"_crdt_document":"","advanced_seo_description":"","jetpack_seo_html_title":"","jetpack_seo_noindex":false,"jetpack_post_was_ever_published":false,"_jetpack_newsletter_access":"","_jetpack_dont_email_post_to_subs":false,"_jetpack_newsletter_tier_id":0,"_jetpack_memberships_contains_paywalled_content":false,"_jetpack_memberships_contains_paid_content":false,"footnotes":"","jetpack_publicize_message":"","jetpack_publicize_feature_enabled":true,"jetpack_social_post_already_shared":false,"jetpack_social_options":{"image_generator_settings":{"template":"highway","default_image_id":0,"font":"","enabled":false},"version":2}},"categories":[3,5],"tags":[108,375],"class_list":{"0":"post-7851","1":"post","2":"type-post","3":"status-publish","4":"format-standard","5":"has-post-thumbnail","7":"category-formaciones","8":"category-noticias","9":"tag-danza","10":"tag-ensenanzas-artisticas","11":"czr-hentry"},"jetpack_publicize_connections":[],"jetpack_featured_media_url":"https:\/\/i0.wp.com\/cepronda.com\/blog\/wp-content\/uploads\/2024\/11\/WhatsApp-Image-2024-10-31-at-12.46.27.jpeg?fit=1080%2C1080&ssl=1","jetpack_shortlink":"https:\/\/wp.me\/p8M4X7-22D","jetpack-related-posts":[{"id":8450,"url":"https:\/\/cepronda.com\/blog\/actualizacion-normativa-ensenanzas-artisticas-superiores\/","url_meta":{"origin":7851,"position":0},"title":"ACTUALIZACI\u00d3N NORMATIVA EN ENSE\u00d1ANZAS ART\u00cdSTICAS SUPERIORES:","author":"Mamen Moreno","date":"7 abril, 2025","format":false,"excerpt":"Os informamos que est\u00e1 abierto el plazo de solicitudes para la actividad ACTUALIZACI\u00d3N NORMATIVA EN ENSE\u00d1ANZAS ART\u00cdSTICAS SUPERIORES: NOVEDADES Y ENFOQUE COMPETENCIAL, de 11 horas de formaci\u00f3n online, con c\u00f3digo 252318GE066 dirigido a profesorado de ense\u00f1anzas art\u00edsticas, principalmente en relaci\u00f3n a m\u00fasica y artes esc\u00e9nicas superiores.Fecha de inscripci\u00f3n: hasta el\u2026","rel":"","context":"En \u00abFormaciones\u00bb","block_context":{"text":"Formaciones","link":"https:\/\/cepronda.com\/blog\/category\/formaciones\/"},"img":{"alt_text":"","src":"https:\/\/i0.wp.com\/cepronda.com\/blog\/wp-content\/uploads\/2025\/04\/DIPTICO.png?fit=1080%2C1080&ssl=1&resize=350%2C200","width":350,"height":200,"srcset":"https:\/\/i0.wp.com\/cepronda.com\/blog\/wp-content\/uploads\/2025\/04\/DIPTICO.png?fit=1080%2C1080&ssl=1&resize=350%2C200 1x, https:\/\/i0.wp.com\/cepronda.com\/blog\/wp-content\/uploads\/2025\/04\/DIPTICO.png?fit=1080%2C1080&ssl=1&resize=525%2C300 1.5x, https:\/\/i0.wp.com\/cepronda.com\/blog\/wp-content\/uploads\/2025\/04\/DIPTICO.png?fit=1080%2C1080&ssl=1&resize=700%2C400 2x, https:\/\/i0.wp.com\/cepronda.com\/blog\/wp-content\/uploads\/2025\/04\/DIPTICO.png?fit=1080%2C1080&ssl=1&resize=1050%2C600 3x"},"classes":[]},{"id":5610,"url":"https:\/\/cepronda.com\/blog\/plataforma-iseneca-ipasen-ensenanzas-artisticas-de-musica-cuaderno-de-clase\/","url_meta":{"origin":7851,"position":1},"title":"PLATAFORMA ISENECA\/IPASEN ENSE\u00d1ANZAS ART\u00cdSTICAS DE M\u00daSICA. CUADERNO DE CLASE.","author":"Maribel Mu\u00f1oz","date":"11 noviembre, 2022","format":false,"excerpt":"Buenas tardes compa\u00f1eras y compa\u00f1eros, Os\u00a0 informamos que est\u00e1 abierto el plazo de inscripci\u00f3n en el curso provincial\u00a0 PLATAFORMA ISENECA\/IPASEN ENSE\u00d1ANZAS ART\u00cdSTICAS DE M\u00daSICA. CUADERNO DE CLASE con c\u00f3digo 232924GE031. Fechas de inscripci\u00f3n : del 11\/11\/2022 al 25\/11\/2022 Fecha de inicio: 1\/12\/2022 Fecha finalizaci\u00f3n: 23\/01\/2023 Horas: 15\u00a0 ( 8h de\u2026","rel":"","context":"En \u00abFormaciones\u00bb","block_context":{"text":"Formaciones","link":"https:\/\/cepronda.com\/blog\/category\/formaciones\/"},"img":{"alt_text":"","src":"https:\/\/i0.wp.com\/cepronda.com\/blog\/wp-content\/uploads\/2022\/11\/WhatsApp-Image-2022-11-10-at-17.04.44.jpeg?fit=848%2C1200&ssl=1&resize=350%2C200","width":350,"height":200,"srcset":"https:\/\/i0.wp.com\/cepronda.com\/blog\/wp-content\/uploads\/2022\/11\/WhatsApp-Image-2022-11-10-at-17.04.44.jpeg?fit=848%2C1200&ssl=1&resize=350%2C200 1x, https:\/\/i0.wp.com\/cepronda.com\/blog\/wp-content\/uploads\/2022\/11\/WhatsApp-Image-2022-11-10-at-17.04.44.jpeg?fit=848%2C1200&ssl=1&resize=525%2C300 1.5x, https:\/\/i0.wp.com\/cepronda.com\/blog\/wp-content\/uploads\/2022\/11\/WhatsApp-Image-2022-11-10-at-17.04.44.jpeg?fit=848%2C1200&ssl=1&resize=700%2C400 2x"},"classes":[]},{"id":2776,"url":"https:\/\/cepronda.com\/blog\/xxxiv-premios-francisco-giner-de-los-rios-a-la-mejora-de-la-calidad-educativa\/","url_meta":{"origin":7851,"position":2},"title":"XXXIV Premios Francisco Giner de los R\u00edos a la Mejora de la Calidad Educativa.","author":"V\u00edctor Caballero","date":"2 mayo, 2019","format":false,"excerpt":"Hola de nuevo, Compartimos con vosotros y vosotras la convocatoria de estos premios, donde el Ministerio de Educaci\u00f3n y Formaci\u00f3n Profesional, en colaboraci\u00f3n con la Fundaci\u00f3n BBVA, convoca los XXXIV Premios Francisco Giner de los R\u00edos a la Mejora de la Calidad Educativa, para los trabajos y experiencias pedag\u00f3gicas que\u2026","rel":"","context":"En \u00abFormaciones\u00bb","block_context":{"text":"Formaciones","link":"https:\/\/cepronda.com\/blog\/category\/formaciones\/"},"img":{"alt_text":"","src":"https:\/\/i0.wp.com\/cepronda.com\/blog\/wp-content\/uploads\/2019\/05\/ministerio.jpg?resize=350%2C200","width":350,"height":200},"classes":[]},{"id":7958,"url":"https:\/\/cepronda.com\/blog\/edicion-digital-sonora-con-video-para-ensenanzas-are\/","url_meta":{"origin":7851,"position":3},"title":"EDICI\u00d3N DIGITAL SONORA CON V\u00cdDEO PARA ENSE\u00d1ANZAS ARE","author":"Mamen Moreno","date":"19 diciembre, 2024","format":false,"excerpt":"Abierto el plazo de inscripci\u00f3n para la formaci\u00f3n a nivel provincial: EDICI\u00d3N DIGITAL SONORA CON V\u00cdDEO PARA ENSE\u00d1ANZAS ARE Inscripci\u00f3n: 19\/12\/2024 a 20\/01\/2025 Actividad: 31\/01\/2025 - 21\/02\/2025 Duraci\u00f3n: 4 semanas M\u00e1s informaci\u00f3n: https:\/\/www.juntadeandalucia.es\/educacion\/secretariavirtual\/consultaCEP\/actividad\/252922GE086\/","rel":"","context":"En \u00abFormaciones\u00bb","block_context":{"text":"Formaciones","link":"https:\/\/cepronda.com\/blog\/category\/formaciones\/"},"img":{"alt_text":"","src":"https:\/\/i0.wp.com\/cepronda.com\/blog\/wp-content\/uploads\/2024\/12\/Imagen-de-WhatsApp-2024-12-18-a-las-17.49.40_2a4403c8-300x300.jpg?resize=350%2C200&ssl=1","width":350,"height":200},"classes":[]},{"id":8961,"url":"https:\/\/cepronda.com\/blog\/jornadas-de-investigacion-en-danza-del-conservatorio-superior-angel-pericet\/","url_meta":{"origin":7851,"position":4},"title":"JORNADAS DE INVESTIGACI\u00d3N EN DANZA DEL CONSERVATORIO SUPERIOR \u00c1NGEL PERICET","author":"Mamen Moreno","date":"23 octubre, 2025","format":false,"excerpt":"Se abre el plazo de inscripciones a las IV JORNADAS DE INVESTIGACI\u00d3N EN DANZA DEL CONSERVATORIO SUPERIOR \u00c1NGEL PERICET \u270f\ufe0f Inscripci\u00f3n: 23\/10\/2025 a 16\/11\/2025 Actividad: 26\/11\/2025 - 27\/11\/2025 \u27a1\ufe0f Duraci\u00f3n: 2 sesiones. Lugar: D\u00eda 26 en el Conservatorio Superior de Danza \u00c1ngel Pericet, d\u00eda 27 presencial online en WEBEX. M\u00e1s\u2026","rel":"","context":"En \u00abFormaciones\u00bb","block_context":{"text":"Formaciones","link":"https:\/\/cepronda.com\/blog\/category\/formaciones\/"},"img":{"alt_text":"","src":"https:\/\/i0.wp.com\/cepronda.com\/blog\/wp-content\/uploads\/2025\/10\/WhatsApp-Image-2025-10-23-at-12.48.58.jpeg?fit=1080%2C1080&ssl=1&resize=350%2C200","width":350,"height":200,"srcset":"https:\/\/i0.wp.com\/cepronda.com\/blog\/wp-content\/uploads\/2025\/10\/WhatsApp-Image-2025-10-23-at-12.48.58.jpeg?fit=1080%2C1080&ssl=1&resize=350%2C200 1x, https:\/\/i0.wp.com\/cepronda.com\/blog\/wp-content\/uploads\/2025\/10\/WhatsApp-Image-2025-10-23-at-12.48.58.jpeg?fit=1080%2C1080&ssl=1&resize=525%2C300 1.5x, https:\/\/i0.wp.com\/cepronda.com\/blog\/wp-content\/uploads\/2025\/10\/WhatsApp-Image-2025-10-23-at-12.48.58.jpeg?fit=1080%2C1080&ssl=1&resize=700%2C400 2x, https:\/\/i0.wp.com\/cepronda.com\/blog\/wp-content\/uploads\/2025\/10\/WhatsApp-Image-2025-10-23-at-12.48.58.jpeg?fit=1080%2C1080&ssl=1&resize=1050%2C600 3x"},"classes":[]},{"id":4136,"url":"https:\/\/cepronda.com\/blog\/formacion-introduccion-al-metodo-adapt-para-el-profesorado-de-danza\/","url_meta":{"origin":7851,"position":5},"title":"Formaci\u00f3n: INTRODUCCI\u00d3N AL M\u00c9TODO ADAPT PARA EL PROFESORADO DE DANZA","author":"Maribel Mu\u00f1oz","date":"1 febrero, 2021","format":false,"excerpt":"Buenas tardes compa\u00f1eras y compa\u00f1eros, Os informamos que est\u00e1 abierto el plazo de inscripci\u00f3n de la formaci\u00f3n regional \"INTRODUCCI\u00d3N AL M\u00c9TODO ADAPT PARA EL PROFESORADO DE DANZA\" con c\u00f3digo 211104FEDAP026 dirigida al profesorado de Danza de Conservatorio. El plazo de inscripci\u00f3n finaliza el 22 de febrero. Adjuntamos enlace : https:\/\/www.juntadeandalucia.es\/educacion\/secretariavirtual\/consultaCEP\/actividad\/211104FEDAP026\/\u2026","rel":"","context":"En \u00abFormaciones\u00bb","block_context":{"text":"Formaciones","link":"https:\/\/cepronda.com\/blog\/category\/formaciones\/"},"img":{"alt_text":"","src":"https:\/\/i0.wp.com\/cepronda.com\/blog\/wp-content\/uploads\/2021\/02\/Cartel-formacion-de-danza.jpg?fit=683%2C955&ssl=1&resize=350%2C200","width":350,"height":200,"srcset":"https:\/\/i0.wp.com\/cepronda.com\/blog\/wp-content\/uploads\/2021\/02\/Cartel-formacion-de-danza.jpg?fit=683%2C955&ssl=1&resize=350%2C200 1x, https:\/\/i0.wp.com\/cepronda.com\/blog\/wp-content\/uploads\/2021\/02\/Cartel-formacion-de-danza.jpg?fit=683%2C955&ssl=1&resize=525%2C300 1.5x"},"classes":[]}],"jetpack_sharing_enabled":true,"_links":{"self":[{"href":"https:\/\/cepronda.com\/blog\/wp-json\/wp\/v2\/posts\/7851","targetHints":{"allow":["GET"]}}],"collection":[{"href":"https:\/\/cepronda.com\/blog\/wp-json\/wp\/v2\/posts"}],"about":[{"href":"https:\/\/cepronda.com\/blog\/wp-json\/wp\/v2\/types\/post"}],"author":[{"embeddable":true,"href":"https:\/\/cepronda.com\/blog\/wp-json\/wp\/v2\/users\/13"}],"replies":[{"embeddable":true,"href":"https:\/\/cepronda.com\/blog\/wp-json\/wp\/v2\/comments?post=7851"}],"version-history":[{"count":4,"href":"https:\/\/cepronda.com\/blog\/wp-json\/wp\/v2\/posts\/7851\/revisions"}],"predecessor-version":[{"id":7859,"href":"https:\/\/cepronda.com\/blog\/wp-json\/wp\/v2\/posts\/7851\/revisions\/7859"}],"wp:featuredmedia":[{"embeddable":true,"href":"https:\/\/cepronda.com\/blog\/wp-json\/wp\/v2\/media\/7856"}],"wp:attachment":[{"href":"https:\/\/cepronda.com\/blog\/wp-json\/wp\/v2\/media?parent=7851"}],"wp:term":[{"taxonomy":"category","embeddable":true,"href":"https:\/\/cepronda.com\/blog\/wp-json\/wp\/v2\/categories?post=7851"},{"taxonomy":"post_tag","embeddable":true,"href":"https:\/\/cepronda.com\/blog\/wp-json\/wp\/v2\/tags?post=7851"}],"curies":[{"name":"wp","href":"https:\/\/api.w.org\/{rel}","templated":true}]}}