{"id":7848,"date":"2024-11-06T13:38:34","date_gmt":"2024-11-06T12:38:34","guid":{"rendered":"https:\/\/cepronda.com\/blog\/?p=7848"},"modified":"2025-04-28T12:07:02","modified_gmt":"2025-04-28T10:07:02","slug":"conoce-herramientas-digitales-aplicadas-al-area-de-geografia-e-historia","status":"publish","type":"post","link":"https:\/\/cepronda.com\/blog\/conoce-herramientas-digitales-aplicadas-al-area-de-geografia-e-historia\/","title":{"rendered":"CONOCE HERRAMIENTAS DIGITALES APLICADAS AL \u00c1REA DE GEOGRAF\u00cdA E HISTORIA"},"content":{"rendered":"<div>Le informamos que se encuentra abierto el plazo de solicitudes de la actividad formativa:\u00a0<b>CONOCE HERRAMIENTAS DIGITALES APLICADAS AL \u00c1REA DE GEOGRAF\u00cdA E HISTORIA. <\/b><span style=\"font-weight: inherit;\">C\u00f3digo:\u00a0259920KPF541<\/span><\/div>\n<div><b>\u00a0<\/b><\/div>\n<div>\u00c1MBITO REGIONAL<\/div>\n<div>Destinado a docentes del \u00e1rea de\u00a0<b>Geograf\u00eda e Historia <\/b>que imparten docencia en centros financiados con fondos p\u00fablicos.<\/div>\n<div><\/div>\n<div>N\u00ba de horas: 50 horas en el Aula Virtual de Formaci\u00f3n del Profesorado.<\/div>\n<div>N\u00ba de plazas: 200.<\/div>\n<div><\/div>\n<div><b>Plazo de solicitudes: del 5 al 10 de noviembre<\/b>.<\/div>\n<div>Publicaci\u00f3n listas provisionales: 11 de noviembre.<\/div>\n<div>Publicaci\u00f3n listas definitivas: 13 de noviembre.<\/div>\n<div><u>Fechas de realizaci\u00f3n<\/u>\u00a0del curso: del 18 de noviembre al 20 de diciembre.<\/div>\n<div><\/div>\n<div>Con la realizaci\u00f3n de esta actividad se consigue la certificaci\u00f3n para un\u00a0<b>nivel A2 de CDD.<\/b><\/div>\n<div><\/div>\n<div>Para m\u00e1s informaci\u00f3n e inscripci\u00f3n:<\/div>\n<div><a href=\"https:\/\/www.juntadeandalucia.es\/educacion\/secretariavirtual\/consultaCEP\/actividad\/259920KPF541\/\" target=\"_blank\" rel=\"noopener\" data-saferedirecturl=\"https:\/\/www.google.com\/url?q=https:\/\/www.juntadeandalucia.es\/educacion\/secretariavirtual\/consultaCEP\/actividad\/259920KPF541\/&amp;source=gmail&amp;ust=1730978999195000&amp;usg=AOvVaw1P3x_0NCIC7K1lrUwfYeyY\">https:\/\/www.juntadeandalucia.<wbr \/>es\/educacion\/<wbr \/>secretariavirtual\/consultaCEP\/<wbr \/>actividad\/259920KPF541\/<\/a><\/div>\n<div><\/div>\n<div><img data-recalc-dims=\"1\" loading=\"lazy\" decoding=\"async\" class=\"size-medium wp-image-7849 aligncenter\" src=\"https:\/\/i0.wp.com\/cepronda.com\/blog\/wp-content\/uploads\/2024\/11\/465965964_8712274245503368_7021311457035245855_n.jpg?resize=300%2C171&#038;ssl=1\" alt=\"\" width=\"300\" height=\"171\" srcset=\"https:\/\/i0.wp.com\/cepronda.com\/blog\/wp-content\/uploads\/2024\/11\/465965964_8712274245503368_7021311457035245855_n.jpg?resize=300%2C171&amp;ssl=1 300w, https:\/\/i0.wp.com\/cepronda.com\/blog\/wp-content\/uploads\/2024\/11\/465965964_8712274245503368_7021311457035245855_n.jpg?w=700&amp;ssl=1 700w\" sizes=\"auto, (max-width: 300px) 100vw, 300px\" \/><\/div>\n","protected":false},"excerpt":{"rendered":"<p>Le informamos que se encuentra abierto el plazo de solicitudes de la actividad formativa:\u00a0CONOCE HERRAMIENTAS DIGITALES APLICADAS AL \u00c1REA DE GEOGRAF\u00cdA E HISTORIA. C\u00f3digo:\u00a0259920KPF541 \u00a0 \u00c1MBITO REGIONAL Destinado a docentes del \u00e1rea de\u00a0Geograf\u00eda e Historia que imparten docencia en centros financiados con fondos p\u00fablicos. N\u00ba de horas: 50 horas en el Aula Virtual de Formaci\u00f3n [&hellip;]<\/p>\n","protected":false},"author":13,"featured_media":7849,"comment_status":"closed","ping_status":"open","sticky":false,"template":"","format":"standard","meta":{"_crdt_document":"","advanced_seo_description":"","jetpack_seo_html_title":"","jetpack_seo_noindex":false,"jetpack_post_was_ever_published":false,"_jetpack_newsletter_access":"","_jetpack_dont_email_post_to_subs":false,"_jetpack_newsletter_tier_id":0,"_jetpack_memberships_contains_paywalled_content":false,"_jetpack_memberships_contains_paid_content":false,"footnotes":"","jetpack_publicize_message":"","jetpack_publicize_feature_enabled":true,"jetpack_social_post_already_shared":false,"jetpack_social_options":{"image_generator_settings":{"template":"highway","default_image_id":0,"font":"","enabled":false},"version":2}},"categories":[3],"tags":[408],"class_list":{"0":"post-7848","1":"post","2":"type-post","3":"status-publish","4":"format-standard","5":"has-post-thumbnail","7":"category-formaciones","8":"tag-geografia-historia-secundaria","9":"czr-hentry"},"jetpack_publicize_connections":[],"jetpack_featured_media_url":"https:\/\/i0.wp.com\/cepronda.com\/blog\/wp-content\/uploads\/2024\/11\/465965964_8712274245503368_7021311457035245855_n.jpg?fit=700%2C400&ssl=1","jetpack_shortlink":"https:\/\/wp.me\/p8M4X7-22A","jetpack-related-posts":[{"id":7838,"url":"https:\/\/cepronda.com\/blog\/conoce-herramientas-digitales-aplicadas-al-area-de-lengua-y-literatura\/","url_meta":{"origin":7848,"position":0},"title":"CONOCE HERRAMIENTAS DIGITALES APLICADAS AL \u00c1REA DE LENGUA Y LITERATURA","author":"Mamen Moreno","date":"6 noviembre, 2024","format":false,"excerpt":"Abierto plazo de solicitudes del curso: CONOCE HERRAMIENTAS DIGITALES APLICADAS AL \u00c1REA DE LENGUA Y LITERATURA. C\u00f3digo: 259902KPF539 Destinado a docentes del \u00e1rea de lengua que imparten docencia en centros financiados con fondos p\u00fablicos. \u00c1mbito: Regional N\u00ba de horas: 50 horas AVFP. N\u00ba Plazas: 200 Fechas Realizaci\u00f3n del 18\/11\/2024 al\u2026","rel":"","context":"En \u00abFormaciones\u00bb","block_context":{"text":"Formaciones","link":"https:\/\/cepronda.com\/blog\/category\/formaciones\/"},"img":{"alt_text":"","src":"https:\/\/i0.wp.com\/cepronda.com\/blog\/wp-content\/uploads\/2024\/11\/1.png?fit=1080%2C1080&ssl=1&resize=350%2C200","width":350,"height":200,"srcset":"https:\/\/i0.wp.com\/cepronda.com\/blog\/wp-content\/uploads\/2024\/11\/1.png?fit=1080%2C1080&ssl=1&resize=350%2C200 1x, https:\/\/i0.wp.com\/cepronda.com\/blog\/wp-content\/uploads\/2024\/11\/1.png?fit=1080%2C1080&ssl=1&resize=525%2C300 1.5x, https:\/\/i0.wp.com\/cepronda.com\/blog\/wp-content\/uploads\/2024\/11\/1.png?fit=1080%2C1080&ssl=1&resize=700%2C400 2x, https:\/\/i0.wp.com\/cepronda.com\/blog\/wp-content\/uploads\/2024\/11\/1.png?fit=1080%2C1080&ssl=1&resize=1050%2C600 3x"},"classes":[]},{"id":6046,"url":"https:\/\/cepronda.com\/blog\/ii-kit-de-herramientas-digitales-para-centros-rurales-y-aulas-multinivel\/","url_meta":{"origin":7848,"position":1},"title":"II KIT DE HERRAMIENTAS DIGITALES PARA CENTROS RURALES Y AULAS MULTINIVEL","author":"Mamen Moreno","date":"14 septiembre, 2023","format":false,"excerpt":"Abierto el plazo de inscripci\u00f3n para el curso online provincial II KIT DE HERRAMIENTAS DIGITALES PARA CENTROS RURALES Y AULAS MULTINIVEL con c\u00f3digo 242924GE006 \u00a0 Dirigida al\u00a0Profesorado de Centro Rurales\u00a0 Fechas de inscripci\u00f3n: 14\/09\/2023 hasta 27\/09\/2023 Fecha actividad:\u00a0 3 de octubre hasta el 13 de noviembre Lugar de realizaci\u00f3n: AVFP\u2026","rel":"","context":"En \u00abFormaciones\u00bb","block_context":{"text":"Formaciones","link":"https:\/\/cepronda.com\/blog\/category\/formaciones\/"},"img":{"alt_text":"","src":"https:\/\/i0.wp.com\/cepronda.com\/blog\/wp-content\/uploads\/2023\/09\/Diseno-sin-titulo-2.jpg?fit=1080%2C1080&ssl=1&resize=350%2C200","width":350,"height":200,"srcset":"https:\/\/i0.wp.com\/cepronda.com\/blog\/wp-content\/uploads\/2023\/09\/Diseno-sin-titulo-2.jpg?fit=1080%2C1080&ssl=1&resize=350%2C200 1x, https:\/\/i0.wp.com\/cepronda.com\/blog\/wp-content\/uploads\/2023\/09\/Diseno-sin-titulo-2.jpg?fit=1080%2C1080&ssl=1&resize=525%2C300 1.5x, https:\/\/i0.wp.com\/cepronda.com\/blog\/wp-content\/uploads\/2023\/09\/Diseno-sin-titulo-2.jpg?fit=1080%2C1080&ssl=1&resize=700%2C400 2x, https:\/\/i0.wp.com\/cepronda.com\/blog\/wp-content\/uploads\/2023\/09\/Diseno-sin-titulo-2.jpg?fit=1080%2C1080&ssl=1&resize=1050%2C600 3x"},"classes":[]},{"id":9457,"url":"https:\/\/cepronda.com\/blog\/jjjj-2\/","url_meta":{"origin":7848,"position":2},"title":"DID\u00c1CTICA DE LA GEOGRAF\u00cdA E HISTORIA A TRAV\u00c9S DEL PAISAJE. EL GEOPARQUE DE GRANADA UN RECURSO POR DESCUBRIR","author":"Encarni Jim\u00e9nez Rosado","date":"12 marzo, 2026","format":false,"excerpt":"Abierto el plazo de inscripci\u00f3n:\u00a0Congreso\u00a0\"DID\u00c1CTICA DE LA GEOGRAF\u00cdA E HISTORIA A TRAV\u00c9S DEL PAISAJE. EL GEOPARQUE DE GRANADA UN RECURSO POR DESCUBRIR\"\u00a0 Organizado por el CEP de Baza y la Asociaci\u00f3n Hesp\u00e9rides \u00a0de car\u00e1cter internivelar Plazo de inscripci\u00f3n: del 24\/03 al 16 de abril de 2026 Desarrollo: 23, 24 y\u2026","rel":"","context":"En \u00abFormaciones\u00bb","block_context":{"text":"Formaciones","link":"https:\/\/cepronda.com\/blog\/category\/formaciones\/"},"img":{"alt_text":"","src":"","width":0,"height":0},"classes":[]},{"id":5072,"url":"https:\/\/cepronda.com\/blog\/funcion-asesora-y-liderazgo-docente\/","url_meta":{"origin":7848,"position":3},"title":"FUNCI\u00d3N ASESORA Y LIDERAZGO DOCENTE","author":"Maribel Mu\u00f1oz","date":"2 febrero, 2022","format":false,"excerpt":"Buenos d\u00edas compa\u00f1eras y compa\u00f1eros Os informamos que est\u00e1 abierto el plazo de solicitudes para\u00a0 el curso FUNCI\u00d3N ASESORA Y LIDERAZGO DOCENTE: ASESORAR PARA INNOVAR 229902PF383 Este curso va dirigido a aquel profesorado de centros de titularidad p\u00fablica que quiera conocer en qu\u00e9 consiste la funci\u00f3n asesora, cu\u00e1l es el\u2026","rel":"","context":"En \u00abFormaciones\u00bb","block_context":{"text":"Formaciones","link":"https:\/\/cepronda.com\/blog\/category\/formaciones\/"},"img":{"alt_text":"","src":"https:\/\/i0.wp.com\/cepronda.com\/blog\/wp-content\/uploads\/2020\/03\/S%C2%B0mbolo-gen%C3%87rico-RRSS-redondo-negativo.png?fit=1200%2C1200&ssl=1&resize=350%2C200","width":350,"height":200,"srcset":"https:\/\/i0.wp.com\/cepronda.com\/blog\/wp-content\/uploads\/2020\/03\/S%C2%B0mbolo-gen%C3%87rico-RRSS-redondo-negativo.png?fit=1200%2C1200&ssl=1&resize=350%2C200 1x, https:\/\/i0.wp.com\/cepronda.com\/blog\/wp-content\/uploads\/2020\/03\/S%C2%B0mbolo-gen%C3%87rico-RRSS-redondo-negativo.png?fit=1200%2C1200&ssl=1&resize=525%2C300 1.5x, https:\/\/i0.wp.com\/cepronda.com\/blog\/wp-content\/uploads\/2020\/03\/S%C2%B0mbolo-gen%C3%87rico-RRSS-redondo-negativo.png?fit=1200%2C1200&ssl=1&resize=700%2C400 2x, https:\/\/i0.wp.com\/cepronda.com\/blog\/wp-content\/uploads\/2020\/03\/S%C2%B0mbolo-gen%C3%87rico-RRSS-redondo-negativo.png?fit=1200%2C1200&ssl=1&resize=1050%2C600 3x"},"classes":[]},{"id":5785,"url":"https:\/\/cepronda.com\/blog\/curso-para-profesorado-de-area-no-linguistica-en-ingles\/","url_meta":{"origin":7848,"position":4},"title":"CURSO PARA PROFESORADO DE \u00c1REA NO LING\u00dc\u00cdSTICA EN INGL\u00c9S","author":"Mamen Moreno","date":"15 febrero, 2023","format":false,"excerpt":"Abierto plazo de solicitudes para actividad regional a distancia: https:\/\/www.juntadeandalucia.es\/educacion\/secretariavirtual\/consultaCEP\/actividad\/23K9926AV156\/ Dirigido a profesorado de primaria y de secundaria. Inicio del plazo de solicitudes: del 15\/02\/2023 al 06\/03\/2023 Listado definitivos del curso: 10\/03\/2023 Fechas para realizaci\u00f3n de la actividad: del 13\/03\/2023 al 24\/04\/2023 Rogamos difusi\u00f3n al profesorado de ANL del centro\u2026","rel":"","context":"En \u00abFormaciones\u00bb","block_context":{"text":"Formaciones","link":"https:\/\/cepronda.com\/blog\/category\/formaciones\/"},"img":{"alt_text":"","src":"https:\/\/i0.wp.com\/cepronda.com\/blog\/wp-content\/uploads\/2023\/02\/WhatsApp-Image-2023-02-15-at-11.15.43-1.jpeg?fit=1080%2C1080&ssl=1&resize=350%2C200","width":350,"height":200,"srcset":"https:\/\/i0.wp.com\/cepronda.com\/blog\/wp-content\/uploads\/2023\/02\/WhatsApp-Image-2023-02-15-at-11.15.43-1.jpeg?fit=1080%2C1080&ssl=1&resize=350%2C200 1x, https:\/\/i0.wp.com\/cepronda.com\/blog\/wp-content\/uploads\/2023\/02\/WhatsApp-Image-2023-02-15-at-11.15.43-1.jpeg?fit=1080%2C1080&ssl=1&resize=525%2C300 1.5x, https:\/\/i0.wp.com\/cepronda.com\/blog\/wp-content\/uploads\/2023\/02\/WhatsApp-Image-2023-02-15-at-11.15.43-1.jpeg?fit=1080%2C1080&ssl=1&resize=700%2C400 2x, https:\/\/i0.wp.com\/cepronda.com\/blog\/wp-content\/uploads\/2023\/02\/WhatsApp-Image-2023-02-15-at-11.15.43-1.jpeg?fit=1080%2C1080&ssl=1&resize=1050%2C600 3x"},"classes":[]},{"id":8450,"url":"https:\/\/cepronda.com\/blog\/actualizacion-normativa-ensenanzas-artisticas-superiores\/","url_meta":{"origin":7848,"position":5},"title":"ACTUALIZACI\u00d3N NORMATIVA EN ENSE\u00d1ANZAS ART\u00cdSTICAS SUPERIORES:","author":"Mamen Moreno","date":"7 abril, 2025","format":false,"excerpt":"Os informamos que est\u00e1 abierto el plazo de solicitudes para la actividad ACTUALIZACI\u00d3N NORMATIVA EN ENSE\u00d1ANZAS ART\u00cdSTICAS SUPERIORES: NOVEDADES Y ENFOQUE COMPETENCIAL, de 11 horas de formaci\u00f3n online, con c\u00f3digo 252318GE066 dirigido a profesorado de ense\u00f1anzas art\u00edsticas, principalmente en relaci\u00f3n a m\u00fasica y artes esc\u00e9nicas superiores.Fecha de inscripci\u00f3n: hasta el\u2026","rel":"","context":"En \u00abFormaciones\u00bb","block_context":{"text":"Formaciones","link":"https:\/\/cepronda.com\/blog\/category\/formaciones\/"},"img":{"alt_text":"","src":"https:\/\/i0.wp.com\/cepronda.com\/blog\/wp-content\/uploads\/2025\/04\/DIPTICO.png?fit=1080%2C1080&ssl=1&resize=350%2C200","width":350,"height":200,"srcset":"https:\/\/i0.wp.com\/cepronda.com\/blog\/wp-content\/uploads\/2025\/04\/DIPTICO.png?fit=1080%2C1080&ssl=1&resize=350%2C200 1x, https:\/\/i0.wp.com\/cepronda.com\/blog\/wp-content\/uploads\/2025\/04\/DIPTICO.png?fit=1080%2C1080&ssl=1&resize=525%2C300 1.5x, https:\/\/i0.wp.com\/cepronda.com\/blog\/wp-content\/uploads\/2025\/04\/DIPTICO.png?fit=1080%2C1080&ssl=1&resize=700%2C400 2x, https:\/\/i0.wp.com\/cepronda.com\/blog\/wp-content\/uploads\/2025\/04\/DIPTICO.png?fit=1080%2C1080&ssl=1&resize=1050%2C600 3x"},"classes":[]}],"jetpack_sharing_enabled":true,"_links":{"self":[{"href":"https:\/\/cepronda.com\/blog\/wp-json\/wp\/v2\/posts\/7848","targetHints":{"allow":["GET"]}}],"collection":[{"href":"https:\/\/cepronda.com\/blog\/wp-json\/wp\/v2\/posts"}],"about":[{"href":"https:\/\/cepronda.com\/blog\/wp-json\/wp\/v2\/types\/post"}],"author":[{"embeddable":true,"href":"https:\/\/cepronda.com\/blog\/wp-json\/wp\/v2\/users\/13"}],"replies":[{"embeddable":true,"href":"https:\/\/cepronda.com\/blog\/wp-json\/wp\/v2\/comments?post=7848"}],"version-history":[{"count":1,"href":"https:\/\/cepronda.com\/blog\/wp-json\/wp\/v2\/posts\/7848\/revisions"}],"predecessor-version":[{"id":7850,"href":"https:\/\/cepronda.com\/blog\/wp-json\/wp\/v2\/posts\/7848\/revisions\/7850"}],"wp:featuredmedia":[{"embeddable":true,"href":"https:\/\/cepronda.com\/blog\/wp-json\/wp\/v2\/media\/7849"}],"wp:attachment":[{"href":"https:\/\/cepronda.com\/blog\/wp-json\/wp\/v2\/media?parent=7848"}],"wp:term":[{"taxonomy":"category","embeddable":true,"href":"https:\/\/cepronda.com\/blog\/wp-json\/wp\/v2\/categories?post=7848"},{"taxonomy":"post_tag","embeddable":true,"href":"https:\/\/cepronda.com\/blog\/wp-json\/wp\/v2\/tags?post=7848"}],"curies":[{"name":"wp","href":"https:\/\/api.w.org\/{rel}","templated":true}]}}