{"id":784,"date":"2017-04-27T12:38:06","date_gmt":"2017-04-27T10:38:06","guid":{"rendered":"http:\/\/cepronda.com\/blog\/?p=784"},"modified":"2017-05-25T11:41:42","modified_gmt":"2017-05-25T11:41:42","slug":"la-vuelta-al-mundo-en-80-dias","status":"publish","type":"post","link":"https:\/\/cepronda.com\/blog\/la-vuelta-al-mundo-en-80-dias\/","title":{"rendered":"La vuelta al mundo en 80 d\u00edas"},"content":{"rendered":"<p>Muy buenas familia,<\/p>\n<p>La semana pasada termin\u00f3 uno de los cursos que ten\u00edamos en marcha, sobre el aprendizaje basado en proyectos, dirigido fundamentalmente a los claustros de los centros de Nuestra Se\u00f1ora de la Paz y al CPR Alto Genal. Ayer tarde dos compa\u00f1eras del cole de Ronda, Nuestra Se\u00f1ora de la PAz, me dijeron que me pasara esta ma\u00f1ana por el centro, que tendr\u00edan una jornada de puertas abiertas a las familias sobre todo lo trabajado desde el mes de diciembre.<\/p>\n<p>Y dicho y hecho, me he llegado esta ma\u00f1ana, y deciros que ha sido s\u00faper gratificante. Han hecho grandes trabajos, tanto alumnado como profesorado, y estoy segura de que \u00e9sta ser\u00e1 una semillita de lo que van a realizar en cursos posteriores. Desde el CEP darles la enhorabuena a toda la comunidad educativa del centro.<\/p>\n<p>Para poder ver fotos de los trabajos s\u00f3lo ten\u00e9is que hacer clic en la imagen.<\/p>\n<p><a href=\"https:\/\/sites.google.com\/cepronda.com\/virgendelapaz\/p%C3%A1gina-principal\" target=\"_blank\" rel=\"noopener noreferrer\"><img loading=\"lazy\" decoding=\"async\" class=\"aligncenter\" src=\"https:\/\/lh3.googleusercontent.com\/KzzEJDEVVY8T0hQRFraHpJ1uY39jTUu-45b8p_4JieNCsWGslhm4hpW14x0IdclS8Lrab04UdLpVWX9c95V7IqU26i_yuWNByRQE_B8OtkKfPmknj6zYb56dU3JWW94GZ1Eqi_1iXEhvj6oHGHyOljXzw7dWW7BvXySOUuSWy6s8LTbRHV9n79JTKU67_zO9ULS27gyJ7WlIqb8Eu_i53sHYZlkVm5fcYBNVnsaPUnj-Y_bdAb_pyrLLh-5GEcwwzI60m-zF3QaXUbicc0l_8ItaOJAobkQx0HytVXuZi8XQUK7a2C3Rpy54BoOg22ADz-HnR4F6LgjCUWke6Ms9spz8riZJ7-oj9LWNPOZZfx5nDygbzQar4vsqCHIGmoPzlSP97axZ5eU6WEysYqiORRsm0jk1duPolIEuD3HXQC_4jE12c1FmsIqI-ExtqpdB_RlzY6pjQN72Hk-znIKi3tT5mOoIeIWNKpVizR7rvIyGrAsXf2B5FB9RQr9QeM6SoU8LB34skTy5cxz0iUza68yaA3NkGkKgQ6n-pa7ZQZruba7tj9Poh22XcBZCbZ3wPwZ4Q3CpQbzf5PC5NRcHZbE8pY3vlS4YngWGovYit6Kb9S5Ng8lJGTuzhDSu0jAA2vcQO2h4ada5AqbYJUQsoVTA2VLiTiTAfW5zO-DQxg=w1192-h894-no\" alt=\"\" width=\"558\" height=\"419\" \/><\/a><\/p>\n<p>&nbsp;<\/p>\n<p>&nbsp;<\/p>\n","protected":false},"excerpt":{"rendered":"<p>Muy buenas familia, La semana pasada termin\u00f3 uno de los cursos que ten\u00edamos en marcha, sobre el aprendizaje basado en proyectos, dirigido fundamentalmente a los claustros de los centros de Nuestra Se\u00f1ora de la Paz y al CPR Alto Genal. Ayer tarde dos compa\u00f1eras del cole de Ronda, Nuestra Se\u00f1ora de la PAz, me dijeron [&hellip;]<\/p>\n","protected":false},"author":3,"featured_media":898,"comment_status":"open","ping_status":"open","sticky":false,"template":"","format":"standard","meta":{"_crdt_document":"","advanced_seo_description":"","jetpack_seo_html_title":"","jetpack_seo_noindex":false,"jetpack_post_was_ever_published":false,"_jetpack_newsletter_access":"","_jetpack_dont_email_post_to_subs":false,"_jetpack_newsletter_tier_id":0,"_jetpack_memberships_contains_paywalled_content":false,"_jetpack_memberships_contains_paid_content":false,"footnotes":"","jetpack_publicize_message":"","jetpack_publicize_feature_enabled":true,"jetpack_social_post_already_shared":false,"jetpack_social_options":{"image_generator_settings":{"template":"highway","default_image_id":0,"font":"","enabled":false},"version":2}},"categories":[5],"tags":[13],"class_list":{"0":"post-784","1":"post","2":"type-post","3":"status-publish","4":"format-standard","5":"has-post-thumbnail","7":"category-noticias","8":"tag-buenas-practicas","9":"czr-hentry"},"jetpack_publicize_connections":[],"jetpack_featured_media_url":"https:\/\/i0.wp.com\/cepronda.com\/blog\/wp-content\/uploads\/2017\/05\/virgen-de-la-paz.jpg?fit=446%2C312&ssl=1","jetpack_shortlink":"https:\/\/wp.me\/p8M4X7-cE","jetpack-related-posts":[{"id":1102,"url":"https:\/\/cepronda.com\/blog\/tu-escribes-yo-leo\/","url_meta":{"origin":784,"position":0},"title":"\u00abT\u00fa escribes&#8230;yo leo\u00bb","author":"V\u00edctor Caballero","date":"31 mayo, 2017","format":false,"excerpt":"Muy buenas familia, La otra ma\u00f1ana nos lleg\u00f3 desde el CEP de Bollullos un libro publicado por el CEIP Zenobia Camprub\u00ed de Moguer. Se trata de una publicaci\u00f3n, llamada \"T\u00fa escribes...yo leo\", \u00a0que hacen todos los cursos escolares desde este centro con ocasi\u00f3n de unas Jornadas de animaci\u00f3n a la\u2026","rel":"","context":"En \u00abNoticias\u00bb","block_context":{"text":"Noticias","link":"https:\/\/cepronda.com\/blog\/category\/noticias\/"},"img":{"alt_text":"","src":"https:\/\/i0.wp.com\/cepronda.com\/blog\/wp-content\/uploads\/2017\/05\/IMG_20170531_165742.jpg?fit=900%2C1200&ssl=1&resize=350%2C200","width":350,"height":200,"srcset":"https:\/\/i0.wp.com\/cepronda.com\/blog\/wp-content\/uploads\/2017\/05\/IMG_20170531_165742.jpg?fit=900%2C1200&ssl=1&resize=350%2C200 1x, https:\/\/i0.wp.com\/cepronda.com\/blog\/wp-content\/uploads\/2017\/05\/IMG_20170531_165742.jpg?fit=900%2C1200&ssl=1&resize=525%2C300 1.5x, https:\/\/i0.wp.com\/cepronda.com\/blog\/wp-content\/uploads\/2017\/05\/IMG_20170531_165742.jpg?fit=900%2C1200&ssl=1&resize=700%2C400 2x"},"classes":[]},{"id":2186,"url":"https:\/\/cepronda.com\/blog\/uno-de-nuestros-docentes-premiado-con-el-merito-educativo-provincial\/","url_meta":{"origin":784,"position":1},"title":"Uno de nuestros docentes premiado con el M\u00e9rito Educativo Provincial","author":"V\u00edctor Caballero","date":"22 junio, 2018","format":false,"excerpt":"\u00a1Hola familia! Seguimos con buenas noticias para los centros y el profesorado de nuestra zona. en este caso, se le ha concedido un premio al M\u00e9rito Educativo Provincial a Antonio Marcos Naz Lucena, docente del IES Mart\u00edn Rivero. Desde el CEP queremos felicitarle y darle nuestra enhorabuena por el gran\u2026","rel":"","context":"En \u00abNoticias\u00bb","block_context":{"text":"Noticias","link":"https:\/\/cepronda.com\/blog\/category\/noticias\/"},"img":{"alt_text":"","src":"https:\/\/i0.wp.com\/cepronda.com\/blog\/wp-content\/uploads\/2018\/06\/INVITACION-M%C3%89RITO-EDUCATIVO-1.jpg?fit=1024%2C714&ssl=1&resize=350%2C200","width":350,"height":200,"srcset":"https:\/\/i0.wp.com\/cepronda.com\/blog\/wp-content\/uploads\/2018\/06\/INVITACION-M%C3%89RITO-EDUCATIVO-1.jpg?fit=1024%2C714&ssl=1&resize=350%2C200 1x, https:\/\/i0.wp.com\/cepronda.com\/blog\/wp-content\/uploads\/2018\/06\/INVITACION-M%C3%89RITO-EDUCATIVO-1.jpg?fit=1024%2C714&ssl=1&resize=525%2C300 1.5x, https:\/\/i0.wp.com\/cepronda.com\/blog\/wp-content\/uploads\/2018\/06\/INVITACION-M%C3%89RITO-EDUCATIVO-1.jpg?fit=1024%2C714&ssl=1&resize=700%2C400 2x"},"classes":[]},{"id":1659,"url":"https:\/\/cepronda.com\/blog\/un-relato-premiado-en-el-ies-profesor-gonzalo-huesa\/","url_meta":{"origin":784,"position":2},"title":"Un relato premiado en el IES Profesor Gonzalo Huesa","author":"V\u00edctor Caballero","date":"2 abril, 2018","format":false,"excerpt":"Muy buenas, compartimos con todas y todos vosotros esta noticia recibida desde el instituto Profesor Gonzalo Huesa.\u00a0 \"El pasado 22 de febrero recibimos una grata noticia desde la Fundaci\u00f3n Manuel Alc\u00e1ntara. Nuestra alumna Mar\u00eda Guerrero Garc\u00eda de 1\u00ba de Bachillerato obten\u00eda el primer premio en el II Certamen Literario de\u2026","rel":"","context":"En \u00abNoticias\u00bb","block_context":{"text":"Noticias","link":"https:\/\/cepronda.com\/blog\/category\/noticias\/"},"img":{"alt_text":"","src":"https:\/\/i0.wp.com\/cepronda.com\/blog\/wp-content\/uploads\/2018\/04\/Libertad.jpg?fit=1200%2C900&ssl=1&resize=350%2C200","width":350,"height":200,"srcset":"https:\/\/i0.wp.com\/cepronda.com\/blog\/wp-content\/uploads\/2018\/04\/Libertad.jpg?fit=1200%2C900&ssl=1&resize=350%2C200 1x, https:\/\/i0.wp.com\/cepronda.com\/blog\/wp-content\/uploads\/2018\/04\/Libertad.jpg?fit=1200%2C900&ssl=1&resize=525%2C300 1.5x, https:\/\/i0.wp.com\/cepronda.com\/blog\/wp-content\/uploads\/2018\/04\/Libertad.jpg?fit=1200%2C900&ssl=1&resize=700%2C400 2x, https:\/\/i0.wp.com\/cepronda.com\/blog\/wp-content\/uploads\/2018\/04\/Libertad.jpg?fit=1200%2C900&ssl=1&resize=1050%2C600 3x"},"classes":[]},{"id":2848,"url":"https:\/\/cepronda.com\/blog\/premios-andalucia-sobre-migraciones-xv-edicion-2019\/","url_meta":{"origin":784,"position":3},"title":"Premios Andaluc\u00eda sobre Migraciones. XV edici\u00f3n (2019)","author":"V\u00edctor Caballero","date":"20 mayo, 2019","format":false,"excerpt":"Hola de nuevo, Queremos compartir con todos los centros de nuestra zona la convocatoria de estos premios, ya que una de las modalidades de los mismos est\u00e1 dedicada a la Modalidad Programas Educativos de Fomento de la Interculturalidad, y sabemos que muchos y muchas de nuestras docentes est\u00e1is haciendo grandes\u2026","rel":"","context":"En \u00abFormaciones\u00bb","block_context":{"text":"Formaciones","link":"https:\/\/cepronda.com\/blog\/category\/formaciones\/"},"img":{"alt_text":"","src":"https:\/\/i0.wp.com\/cepronda.com\/blog\/wp-content\/uploads\/2019\/05\/logo-nuevo.jpg?fit=531%2C342&ssl=1&resize=350%2C200","width":350,"height":200,"srcset":"https:\/\/i0.wp.com\/cepronda.com\/blog\/wp-content\/uploads\/2019\/05\/logo-nuevo.jpg?fit=531%2C342&ssl=1&resize=350%2C200 1x, https:\/\/i0.wp.com\/cepronda.com\/blog\/wp-content\/uploads\/2019\/05\/logo-nuevo.jpg?fit=531%2C342&ssl=1&resize=525%2C300 1.5x"},"classes":[]},{"id":2237,"url":"https:\/\/cepronda.com\/blog\/bienvenida-al-nuevo-curso\/","url_meta":{"origin":784,"position":4},"title":"Bienvenida al nuevo curso","author":"V\u00edctor Caballero","date":"3 septiembre, 2018","format":false,"excerpt":"Muy buenas familia, \u00bfQu\u00e9 tal han ido esas vacaciones? Esperamos desde el CEP que hayan ido muy bien, y sobre todo queremos escribiros esta entrada para daros la bienvenida, desearos todo lo mejor en este nuevo curso escolar, y como siempre deciros que ten\u00e9is nuestras puertas abiertas para todo aquello\u2026","rel":"","context":"En \u00abNoticias\u00bb","block_context":{"text":"Noticias","link":"https:\/\/cepronda.com\/blog\/category\/noticias\/"},"img":{"alt_text":"","src":"https:\/\/i0.wp.com\/cepronda.com\/blog\/wp-content\/uploads\/2018\/09\/road-1668916_640.jpg?fit=640%2C360&ssl=1&resize=350%2C200","width":350,"height":200,"srcset":"https:\/\/i0.wp.com\/cepronda.com\/blog\/wp-content\/uploads\/2018\/09\/road-1668916_640.jpg?fit=640%2C360&ssl=1&resize=350%2C200 1x, https:\/\/i0.wp.com\/cepronda.com\/blog\/wp-content\/uploads\/2018\/09\/road-1668916_640.jpg?fit=640%2C360&ssl=1&resize=525%2C300 1.5x"},"classes":[]},{"id":9157,"url":"https:\/\/cepronda.com\/blog\/creacion-artistica-compartida-desde-el-aula-a-los-espacios-publicos\/","url_meta":{"origin":784,"position":5},"title":"CREACI\u00d3N ART\u00cdSTICA COMPARTIDA: DESDE EL AULA A LOS ESPACIOS P\u00daBLICOS","author":"Inmaculada Garc\u00eda","date":"18 diciembre, 2025","format":false,"excerpt":"Se encuentra abierto el plazo de inscripci\u00f3n para el curso provincial: CREACI\u00d3N ART\u00cdSTICA COMPARTIDA: DESDE EL AULA A LOS ESPACIOS P\u00daBLICOS, con c\u00f3digo 262926GE704. Dirigido al profesorado PES DIBUJO de centros p\u00fablicos. Inscripci\u00f3n: desde 18\/12\/2025 hasta 14\/01\/2026. \u00a0Sesiones: 20\/01, 27\/02, 3\/02, 10\/02 y 10\/03\/2026. Duraci\u00f3n: 15 horas. Lugar: Centro cultural\u2026","rel":"","context":"En \u00abNoticias\u00bb","block_context":{"text":"Noticias","link":"https:\/\/cepronda.com\/blog\/category\/noticias\/"},"img":{"alt_text":"\u27a1\ufe0f","src":"https:\/\/static.xx.fbcdn.net\/images\/emoji.php\/v9\/t9e\/1\/16\/27a1.png","width":350,"height":200},"classes":[]}],"jetpack_sharing_enabled":true,"_links":{"self":[{"href":"https:\/\/cepronda.com\/blog\/wp-json\/wp\/v2\/posts\/784","targetHints":{"allow":["GET"]}}],"collection":[{"href":"https:\/\/cepronda.com\/blog\/wp-json\/wp\/v2\/posts"}],"about":[{"href":"https:\/\/cepronda.com\/blog\/wp-json\/wp\/v2\/types\/post"}],"author":[{"embeddable":true,"href":"https:\/\/cepronda.com\/blog\/wp-json\/wp\/v2\/users\/3"}],"replies":[{"embeddable":true,"href":"https:\/\/cepronda.com\/blog\/wp-json\/wp\/v2\/comments?post=784"}],"version-history":[{"count":1,"href":"https:\/\/cepronda.com\/blog\/wp-json\/wp\/v2\/posts\/784\/revisions"}],"predecessor-version":[{"id":999,"href":"https:\/\/cepronda.com\/blog\/wp-json\/wp\/v2\/posts\/784\/revisions\/999"}],"wp:featuredmedia":[{"embeddable":true,"href":"https:\/\/cepronda.com\/blog\/wp-json\/wp\/v2\/media\/898"}],"wp:attachment":[{"href":"https:\/\/cepronda.com\/blog\/wp-json\/wp\/v2\/media?parent=784"}],"wp:term":[{"taxonomy":"category","embeddable":true,"href":"https:\/\/cepronda.com\/blog\/wp-json\/wp\/v2\/categories?post=784"},{"taxonomy":"post_tag","embeddable":true,"href":"https:\/\/cepronda.com\/blog\/wp-json\/wp\/v2\/tags?post=784"}],"curies":[{"name":"wp","href":"https:\/\/api.w.org\/{rel}","templated":true}]}}