{"id":7838,"date":"2024-11-06T12:30:20","date_gmt":"2024-11-06T11:30:20","guid":{"rendered":"https:\/\/cepronda.com\/blog\/?p=7838"},"modified":"2025-04-28T11:47:30","modified_gmt":"2025-04-28T09:47:30","slug":"conoce-herramientas-digitales-aplicadas-al-area-de-lengua-y-literatura","status":"publish","type":"post","link":"https:\/\/cepronda.com\/blog\/conoce-herramientas-digitales-aplicadas-al-area-de-lengua-y-literatura\/","title":{"rendered":"CONOCE HERRAMIENTAS DIGITALES APLICADAS AL \u00c1REA DE LENGUA Y LITERATURA"},"content":{"rendered":"<p>Abierto plazo de solicitudes del curso: <strong>CONOCE HERRAMIENTAS DIGITALES APLICADAS AL \u00c1REA DE LENGUA Y LITERATURA. <\/strong>C\u00f3digo: 259902KPF539<\/p>\n<p><span style=\"font-weight: inherit;\">Destinado a docentes del \u00e1rea de lengua que imparten docencia en centros financiados con fondos p\u00fablicos. <\/span><\/p>\n<p>\u00c1mbito: Regional<br \/>\nN\u00ba de horas: 50 horas AVFP.<br \/>\nN\u00ba Plazas: 200<br \/>\nFechas Realizaci\u00f3n del 18\/11\/2024 al 20\/12\/2024<\/p>\n<p>Fechas de la actividad:<br \/>\nInicio y fin de solicitudes: del 04\/11\/2024 al 11\/11\/2024 a las 00:01h.<br \/>\nListado provisional: 11\/11\/2024 a partir de las 13:00h.<br \/>\nListado definitivo: 13\/11\/2024.<\/p>\n<p>Enlace a la convocatoria:\u00a0<a href=\"https:\/\/www.juntadeandalucia.es\/educacion\/secretariavirtual\/consultaCEP\/actividad\/259902KPF539\/\" target=\"_blank\" rel=\"noopener\" data-saferedirecturl=\"https:\/\/www.google.com\/url?q=https:\/\/www.juntadeandalucia.es\/educacion\/secretariavirtual\/consultaCEP\/actividad\/259902KPF539\/&amp;source=gmail&amp;ust=1730978555942000&amp;usg=AOvVaw2wWb4Nbi4MPWO__N7xP1UK\">https:\/\/www.juntadeandalucia.<wbr \/>es\/educacion\/<wbr \/>secretariavirtual\/consultaCEP\/<wbr \/>actividad\/259902KPF539\/<\/a><\/p>\n<p><img data-recalc-dims=\"1\" loading=\"lazy\" decoding=\"async\" class=\"wp-image-7839 aligncenter\" style=\"font-weight: inherit;\" src=\"https:\/\/i0.wp.com\/cepronda.com\/blog\/wp-content\/uploads\/2024\/11\/1.png?resize=300%2C300&#038;ssl=1\" alt=\"\" width=\"300\" height=\"300\" srcset=\"https:\/\/i0.wp.com\/cepronda.com\/blog\/wp-content\/uploads\/2024\/11\/1.png?resize=300%2C300&amp;ssl=1 300w, https:\/\/i0.wp.com\/cepronda.com\/blog\/wp-content\/uploads\/2024\/11\/1.png?resize=1024%2C1024&amp;ssl=1 1024w, https:\/\/i0.wp.com\/cepronda.com\/blog\/wp-content\/uploads\/2024\/11\/1.png?resize=150%2C150&amp;ssl=1 150w, https:\/\/i0.wp.com\/cepronda.com\/blog\/wp-content\/uploads\/2024\/11\/1.png?resize=768%2C768&amp;ssl=1 768w, https:\/\/i0.wp.com\/cepronda.com\/blog\/wp-content\/uploads\/2024\/11\/1.png?resize=50%2C50&amp;ssl=1 50w, https:\/\/i0.wp.com\/cepronda.com\/blog\/wp-content\/uploads\/2024\/11\/1.png?w=1080&amp;ssl=1 1080w\" sizes=\"auto, (max-width: 300px) 100vw, 300px\" \/><\/p>\n","protected":false},"excerpt":{"rendered":"<p>Abierto plazo de solicitudes del curso: CONOCE HERRAMIENTAS DIGITALES APLICADAS AL \u00c1REA DE LENGUA Y LITERATURA. C\u00f3digo: 259902KPF539 Destinado a docentes del \u00e1rea de lengua que imparten docencia en centros financiados con fondos p\u00fablicos. \u00c1mbito: Regional N\u00ba de horas: 50 horas AVFP. N\u00ba Plazas: 200 Fechas Realizaci\u00f3n del 18\/11\/2024 al 20\/12\/2024 Fechas de la actividad: [&hellip;]<\/p>\n","protected":false},"author":13,"featured_media":7839,"comment_status":"closed","ping_status":"open","sticky":false,"template":"","format":"standard","meta":{"_crdt_document":"","advanced_seo_description":"","jetpack_seo_html_title":"","jetpack_seo_noindex":false,"jetpack_post_was_ever_published":false,"_jetpack_newsletter_access":"","_jetpack_dont_email_post_to_subs":false,"_jetpack_newsletter_tier_id":0,"_jetpack_memberships_contains_paywalled_content":false,"_jetpack_memberships_contains_paid_content":false,"footnotes":"","jetpack_publicize_message":"","jetpack_publicize_feature_enabled":true,"jetpack_social_post_already_shared":false,"jetpack_social_options":{"image_generator_settings":{"template":"highway","default_image_id":0,"font":"","enabled":false},"version":2}},"categories":[3,5],"tags":[389],"class_list":{"0":"post-7838","1":"post","2":"type-post","3":"status-publish","4":"format-standard","5":"has-post-thumbnail","7":"category-formaciones","8":"category-noticias","9":"tag-linguistico","10":"czr-hentry"},"jetpack_publicize_connections":[],"jetpack_featured_media_url":"https:\/\/i0.wp.com\/cepronda.com\/blog\/wp-content\/uploads\/2024\/11\/1.png?fit=1080%2C1080&ssl=1","jetpack_shortlink":"https:\/\/wp.me\/p8M4X7-22q","jetpack-related-posts":[{"id":7848,"url":"https:\/\/cepronda.com\/blog\/conoce-herramientas-digitales-aplicadas-al-area-de-geografia-e-historia\/","url_meta":{"origin":7838,"position":0},"title":"CONOCE HERRAMIENTAS DIGITALES APLICADAS AL \u00c1REA DE GEOGRAF\u00cdA E HISTORIA","author":"Mamen Moreno","date":"6 noviembre, 2024","format":false,"excerpt":"Le informamos que se encuentra abierto el plazo de solicitudes de la actividad formativa:\u00a0CONOCE HERRAMIENTAS DIGITALES APLICADAS AL \u00c1REA DE GEOGRAF\u00cdA E HISTORIA. C\u00f3digo:\u00a0259920KPF541 \u00a0 \u00c1MBITO REGIONAL Destinado a docentes del \u00e1rea de\u00a0Geograf\u00eda e Historia que imparten docencia en centros financiados con fondos p\u00fablicos. N\u00ba de horas: 50 horas en\u2026","rel":"","context":"En \u00abFormaciones\u00bb","block_context":{"text":"Formaciones","link":"https:\/\/cepronda.com\/blog\/category\/formaciones\/"},"img":{"alt_text":"","src":"https:\/\/i0.wp.com\/cepronda.com\/blog\/wp-content\/uploads\/2024\/11\/465965964_8712274245503368_7021311457035245855_n.jpg?fit=700%2C400&ssl=1&resize=350%2C200","width":350,"height":200,"srcset":"https:\/\/i0.wp.com\/cepronda.com\/blog\/wp-content\/uploads\/2024\/11\/465965964_8712274245503368_7021311457035245855_n.jpg?fit=700%2C400&ssl=1&resize=350%2C200 1x, https:\/\/i0.wp.com\/cepronda.com\/blog\/wp-content\/uploads\/2024\/11\/465965964_8712274245503368_7021311457035245855_n.jpg?fit=700%2C400&ssl=1&resize=525%2C300 1.5x, https:\/\/i0.wp.com\/cepronda.com\/blog\/wp-content\/uploads\/2024\/11\/465965964_8712274245503368_7021311457035245855_n.jpg?fit=700%2C400&ssl=1&resize=700%2C400 2x"},"classes":[]},{"id":5782,"url":"https:\/\/cepronda.com\/blog\/curso-para-profesorado-de-area-no-linguistica-en-frances\/","url_meta":{"origin":7838,"position":1},"title":"CURSO PARA PROFESORADO DE \u00c1REA NO LING\u00dc\u00cdSTICA EN FRANC\u00c9S","author":"Mamen Moreno","date":"15 febrero, 2023","format":false,"excerpt":"Abierto plazo de solicitudes para actividad regional a distancia: https:\/\/www.juntadeandalucia.es\/educacion\/secretariavirtual\/consultaCEP\/actividad\/23K9926AV155\/ Dirigido a profesorado de primaria y de secundaria. Inicio del plazo de solicitudes: del 15\/02\/2023 al 06\/03\/2023 Listado definitivos del curso: 10\/03\/2023 Fechas para realizaci\u00f3n de la actividad: del 13\/03\/2023 al 24\/04\/2023 Rogamos difusi\u00f3n al profesorado de ANL del centro\u2026","rel":"","context":"En \u00abFormaciones\u00bb","block_context":{"text":"Formaciones","link":"https:\/\/cepronda.com\/blog\/category\/formaciones\/"},"img":{"alt_text":"","src":"https:\/\/i0.wp.com\/cepronda.com\/blog\/wp-content\/uploads\/2023\/02\/WhatsApp-Image-2023-02-15-at-11.15.43.jpeg?fit=1080%2C1080&ssl=1&resize=350%2C200","width":350,"height":200,"srcset":"https:\/\/i0.wp.com\/cepronda.com\/blog\/wp-content\/uploads\/2023\/02\/WhatsApp-Image-2023-02-15-at-11.15.43.jpeg?fit=1080%2C1080&ssl=1&resize=350%2C200 1x, https:\/\/i0.wp.com\/cepronda.com\/blog\/wp-content\/uploads\/2023\/02\/WhatsApp-Image-2023-02-15-at-11.15.43.jpeg?fit=1080%2C1080&ssl=1&resize=525%2C300 1.5x, https:\/\/i0.wp.com\/cepronda.com\/blog\/wp-content\/uploads\/2023\/02\/WhatsApp-Image-2023-02-15-at-11.15.43.jpeg?fit=1080%2C1080&ssl=1&resize=700%2C400 2x, https:\/\/i0.wp.com\/cepronda.com\/blog\/wp-content\/uploads\/2023\/02\/WhatsApp-Image-2023-02-15-at-11.15.43.jpeg?fit=1080%2C1080&ssl=1&resize=1050%2C600 3x"},"classes":[]},{"id":7845,"url":"https:\/\/cepronda.com\/blog\/kit-de-herramientas-digitales-para-conservatorios-especialidades-instrumentales-y-de-conjunto\/","url_meta":{"origin":7838,"position":2},"title":"KIT\u00a0DE\u00a0HERRAMIENTAS\u00a0DIGITALES\u00a0PARA\u00a0CONSERVATORIOS: ESPECIALIDADES\u00a0INSTRUMENTALES\u00a0Y\u00a0DE\u00a0CONJUNTO","author":"Mamen Moreno","date":"6 noviembre, 2024","format":false,"excerpt":"Se abre el plazo de inscripci\u00f3n para el curso regional: KIT DE HERRAMIENTAS DIGITALES PARA CONSERVATORIOS: ESPECIALIDADES INSTRUMENTALES Y DE CONJUNTO. Con c\u00f3digo 25992KPF535 \u00a0Inscripci\u00f3n: \u00a004\/11\/2024 hasta el 10\/11\/2024 \u00a0Actividad: 18\/11\/2024 - 20\/12\/2024 Duraci\u00f3n:\u00a0 50 horas \u00a0M\u00e1s informaci\u00f3n:\u00a0https:\/\/www.juntadeandalucia.es\/educacion\/secretariavirtual\/consultaCEP\/actividad\/259922KPF535\/","rel":"","context":"En \u00abFormaciones\u00bb","block_context":{"text":"Formaciones","link":"https:\/\/cepronda.com\/blog\/category\/formaciones\/"},"img":{"alt_text":"","src":"https:\/\/i0.wp.com\/cepronda.com\/blog\/wp-content\/uploads\/2024\/11\/curso-1-scaled.jpg?fit=1200%2C675&ssl=1&resize=350%2C200","width":350,"height":200,"srcset":"https:\/\/i0.wp.com\/cepronda.com\/blog\/wp-content\/uploads\/2024\/11\/curso-1-scaled.jpg?fit=1200%2C675&ssl=1&resize=350%2C200 1x, https:\/\/i0.wp.com\/cepronda.com\/blog\/wp-content\/uploads\/2024\/11\/curso-1-scaled.jpg?fit=1200%2C675&ssl=1&resize=525%2C300 1.5x, https:\/\/i0.wp.com\/cepronda.com\/blog\/wp-content\/uploads\/2024\/11\/curso-1-scaled.jpg?fit=1200%2C675&ssl=1&resize=700%2C400 2x, https:\/\/i0.wp.com\/cepronda.com\/blog\/wp-content\/uploads\/2024\/11\/curso-1-scaled.jpg?fit=1200%2C675&ssl=1&resize=1050%2C600 3x"},"classes":[]},{"id":7432,"url":"https:\/\/cepronda.com\/blog\/metodologias-innovadoras-en-la-clase-de-idiomas\/","url_meta":{"origin":7838,"position":3},"title":"METODOLOG\u00cdAS INNOVADORAS EN LA CLASE DE IDIOMAS.","author":"Maribel Mu\u00f1oz","date":"5 febrero, 2024","format":false,"excerpt":"Os informamos que se encuentra abierta la inscripci\u00f3n en el curso METODOLOG\u00cdAS INNOVADORAS EN LA CLASE DE IDIOMAS.\u00a0con c\u00f3digo\u00a0242924GE019, organizado por el CEP de Ronda: Inscripciones:\u00a0 05\/02\/2024 al 04\/03\/2024 Fecha actividad: 7 de marzo hasta el 22 de marzo de 2024. Fechas de las sesiones presenciales :\u00a0 7, 14 y\u2026","rel":"","context":"En \u00abFormaciones\u00bb","block_context":{"text":"Formaciones","link":"https:\/\/cepronda.com\/blog\/category\/formaciones\/"},"img":{"alt_text":"","src":"https:\/\/i0.wp.com\/cepronda.com\/blog\/wp-content\/uploads\/2024\/02\/Metodologias-Innovadoras-en-la-clase-de-Idiomas-codigo-242924GE019-2.png?fit=1080%2C1080&ssl=1&resize=350%2C200","width":350,"height":200,"srcset":"https:\/\/i0.wp.com\/cepronda.com\/blog\/wp-content\/uploads\/2024\/02\/Metodologias-Innovadoras-en-la-clase-de-Idiomas-codigo-242924GE019-2.png?fit=1080%2C1080&ssl=1&resize=350%2C200 1x, https:\/\/i0.wp.com\/cepronda.com\/blog\/wp-content\/uploads\/2024\/02\/Metodologias-Innovadoras-en-la-clase-de-Idiomas-codigo-242924GE019-2.png?fit=1080%2C1080&ssl=1&resize=525%2C300 1.5x, https:\/\/i0.wp.com\/cepronda.com\/blog\/wp-content\/uploads\/2024\/02\/Metodologias-Innovadoras-en-la-clase-de-Idiomas-codigo-242924GE019-2.png?fit=1080%2C1080&ssl=1&resize=700%2C400 2x, https:\/\/i0.wp.com\/cepronda.com\/blog\/wp-content\/uploads\/2024\/02\/Metodologias-Innovadoras-en-la-clase-de-Idiomas-codigo-242924GE019-2.png?fit=1080%2C1080&ssl=1&resize=1050%2C600 3x"},"classes":[]},{"id":5785,"url":"https:\/\/cepronda.com\/blog\/curso-para-profesorado-de-area-no-linguistica-en-ingles\/","url_meta":{"origin":7838,"position":4},"title":"CURSO PARA PROFESORADO DE \u00c1REA NO LING\u00dc\u00cdSTICA EN INGL\u00c9S","author":"Mamen Moreno","date":"15 febrero, 2023","format":false,"excerpt":"Abierto plazo de solicitudes para actividad regional a distancia: https:\/\/www.juntadeandalucia.es\/educacion\/secretariavirtual\/consultaCEP\/actividad\/23K9926AV156\/ Dirigido a profesorado de primaria y de secundaria. Inicio del plazo de solicitudes: del 15\/02\/2023 al 06\/03\/2023 Listado definitivos del curso: 10\/03\/2023 Fechas para realizaci\u00f3n de la actividad: del 13\/03\/2023 al 24\/04\/2023 Rogamos difusi\u00f3n al profesorado de ANL del centro\u2026","rel":"","context":"En \u00abFormaciones\u00bb","block_context":{"text":"Formaciones","link":"https:\/\/cepronda.com\/blog\/category\/formaciones\/"},"img":{"alt_text":"","src":"https:\/\/i0.wp.com\/cepronda.com\/blog\/wp-content\/uploads\/2023\/02\/WhatsApp-Image-2023-02-15-at-11.15.43-1.jpeg?fit=1080%2C1080&ssl=1&resize=350%2C200","width":350,"height":200,"srcset":"https:\/\/i0.wp.com\/cepronda.com\/blog\/wp-content\/uploads\/2023\/02\/WhatsApp-Image-2023-02-15-at-11.15.43-1.jpeg?fit=1080%2C1080&ssl=1&resize=350%2C200 1x, https:\/\/i0.wp.com\/cepronda.com\/blog\/wp-content\/uploads\/2023\/02\/WhatsApp-Image-2023-02-15-at-11.15.43-1.jpeg?fit=1080%2C1080&ssl=1&resize=525%2C300 1.5x, https:\/\/i0.wp.com\/cepronda.com\/blog\/wp-content\/uploads\/2023\/02\/WhatsApp-Image-2023-02-15-at-11.15.43-1.jpeg?fit=1080%2C1080&ssl=1&resize=700%2C400 2x, https:\/\/i0.wp.com\/cepronda.com\/blog\/wp-content\/uploads\/2023\/02\/WhatsApp-Image-2023-02-15-at-11.15.43-1.jpeg?fit=1080%2C1080&ssl=1&resize=1050%2C600 3x"},"classes":[]},{"id":7712,"url":"https:\/\/cepronda.com\/blog\/convocatoria-regional-de-cursos-avfp-curso-2024-25\/","url_meta":{"origin":7838,"position":5},"title":"CONVOCATORIA REGIONAL DE CURSOS AVFP. CURSO 2024\/25.","author":"Inmaculada Garc\u00eda","date":"19 septiembre, 2024","format":false,"excerpt":"\u00a0 \u00a0 CONVOCATORIA REGIONAL DE CURSOS AVFP \u00a0 Os informamos que se encuentra abierto el plazo de inscripci\u00f3n en la convocatoria de cursos regional. La superaci\u00f3n de estos cursos supone la certificaci\u00f3n de diversos niveles de Competencia Digital Docente. - HERRAMIENTAS DIGITALES APLICADAS A LA DOCENCIA EN LA FORMACI\u00d3N PROFESIONAL,\u2026","rel":"","context":"En \u00abFormaciones\u00bb","block_context":{"text":"Formaciones","link":"https:\/\/cepronda.com\/blog\/category\/formaciones\/"},"img":{"alt_text":"","src":"https:\/\/i0.wp.com\/cepronda.com\/blog\/wp-content\/uploads\/2024\/09\/CURSOS.png?fit=1200%2C1200&ssl=1&resize=350%2C200","width":350,"height":200,"srcset":"https:\/\/i0.wp.com\/cepronda.com\/blog\/wp-content\/uploads\/2024\/09\/CURSOS.png?fit=1200%2C1200&ssl=1&resize=350%2C200 1x, https:\/\/i0.wp.com\/cepronda.com\/blog\/wp-content\/uploads\/2024\/09\/CURSOS.png?fit=1200%2C1200&ssl=1&resize=525%2C300 1.5x, https:\/\/i0.wp.com\/cepronda.com\/blog\/wp-content\/uploads\/2024\/09\/CURSOS.png?fit=1200%2C1200&ssl=1&resize=700%2C400 2x, https:\/\/i0.wp.com\/cepronda.com\/blog\/wp-content\/uploads\/2024\/09\/CURSOS.png?fit=1200%2C1200&ssl=1&resize=1050%2C600 3x"},"classes":[]}],"jetpack_sharing_enabled":true,"_links":{"self":[{"href":"https:\/\/cepronda.com\/blog\/wp-json\/wp\/v2\/posts\/7838","targetHints":{"allow":["GET"]}}],"collection":[{"href":"https:\/\/cepronda.com\/blog\/wp-json\/wp\/v2\/posts"}],"about":[{"href":"https:\/\/cepronda.com\/blog\/wp-json\/wp\/v2\/types\/post"}],"author":[{"embeddable":true,"href":"https:\/\/cepronda.com\/blog\/wp-json\/wp\/v2\/users\/13"}],"replies":[{"embeddable":true,"href":"https:\/\/cepronda.com\/blog\/wp-json\/wp\/v2\/comments?post=7838"}],"version-history":[{"count":1,"href":"https:\/\/cepronda.com\/blog\/wp-json\/wp\/v2\/posts\/7838\/revisions"}],"predecessor-version":[{"id":7840,"href":"https:\/\/cepronda.com\/blog\/wp-json\/wp\/v2\/posts\/7838\/revisions\/7840"}],"wp:featuredmedia":[{"embeddable":true,"href":"https:\/\/cepronda.com\/blog\/wp-json\/wp\/v2\/media\/7839"}],"wp:attachment":[{"href":"https:\/\/cepronda.com\/blog\/wp-json\/wp\/v2\/media?parent=7838"}],"wp:term":[{"taxonomy":"category","embeddable":true,"href":"https:\/\/cepronda.com\/blog\/wp-json\/wp\/v2\/categories?post=7838"},{"taxonomy":"post_tag","embeddable":true,"href":"https:\/\/cepronda.com\/blog\/wp-json\/wp\/v2\/tags?post=7838"}],"curies":[{"name":"wp","href":"https:\/\/api.w.org\/{rel}","templated":true}]}}