{"id":7798,"date":"2024-10-15T12:47:37","date_gmt":"2024-10-15T10:47:37","guid":{"rendered":"https:\/\/cepronda.com\/blog\/?p=7798"},"modified":"2025-04-28T12:15:39","modified_gmt":"2025-04-28T10:15:39","slug":"como-atender-la-dislexia-en-el-aula-ordinaria-de-la-e-s-o-mejorando-el-vocabulario-el-lenguaje-oral-y-la-comprension-lectora","status":"publish","type":"post","link":"https:\/\/cepronda.com\/blog\/como-atender-la-dislexia-en-el-aula-ordinaria-de-la-e-s-o-mejorando-el-vocabulario-el-lenguaje-oral-y-la-comprension-lectora\/","title":{"rendered":"C\u00d3MO ATENDER LA DISLEXIA EN EL AULA ORDINARIA DE LA E.S.O MEJORANDO EL VOCABULARIO, EL LENGUAJE ORAL Y LA COMPRENSI\u00d3N LECTORA"},"content":{"rendered":"<div>Informamos que se ha abierto el plazo de inscripci\u00f3n en el curso provincial:\u00a0 \u00abC\u00d3MO ATENDER LA DISLEXIA EN EL AULA ORDINARIA DE LA E.S.O MEJORANDO EL VOCABULARIO, EL LENGUAJE ORAL Y LA COMPRENSI\u00d3N LECTORA\u00bb, con c\u00f3digo\u00a0 252923GE405. Se realizar\u00e1 mediante videoconferencia.<\/div>\n<div><\/div>\n<div>Inscripciones:\u00a0 del 11 al 25 de octubre.<\/div>\n<div>Lugar: Sala de videoconferencias Webex.<\/div>\n<div>Fechas: 7, 14, 21 y 28 de noviembre (de 16:30-19:30h.)<\/div>\n<div>Duraci\u00f3n del curso: 12 horas<\/div>\n<div>\n<img data-recalc-dims=\"1\" decoding=\"async\" class=\"an1\" draggable=\"false\" src=\"https:\/\/i0.wp.com\/fonts.gstatic.com\/s\/e\/notoemoji\/15.1\/1f517\/32.png?w=1170&#038;ssl=1\" alt=\"\" data-emoji=\"\" aria-label=\"\" \/>\u00a0M\u00e1s informaci\u00f3n e inscripci\u00f3n:\u00a0<a href=\"https:\/\/www.juntadeandalucia.es\/educacion\/secretariavirtual\/consultaCEP\/actividad\/252923GE405\/\" target=\"_blank\" rel=\"noopener\" data-saferedirecturl=\"https:\/\/www.google.com\/url?q=https:\/\/www.juntadeandalucia.es\/educacion\/secretariavirtual\/consultaCEP\/actividad\/252923GE405\/&amp;source=gmail&amp;ust=1729072180553000&amp;usg=AOvVaw2YpnjdgEsNzv8MYLiyLjEj\">https:\/\/www.juntadeandalucia.<wbr \/>es\/educacion\/<wbr \/>secretariavirtual\/consultaCEP\/<wbr \/>actividad\/252923GE405\/<\/a><\/div>\n<div><\/div>\n<div><img data-recalc-dims=\"1\" loading=\"lazy\" decoding=\"async\" class=\"size-medium wp-image-7800 aligncenter\" src=\"https:\/\/i0.wp.com\/cepronda.com\/blog\/wp-content\/uploads\/2024\/10\/CURSO-DISLEXIA-SECUNDARIA-1.jpg?resize=300%2C300&#038;ssl=1\" alt=\"\" width=\"300\" height=\"300\" srcset=\"https:\/\/i0.wp.com\/cepronda.com\/blog\/wp-content\/uploads\/2024\/10\/CURSO-DISLEXIA-SECUNDARIA-1.jpg?resize=300%2C300&amp;ssl=1 300w, https:\/\/i0.wp.com\/cepronda.com\/blog\/wp-content\/uploads\/2024\/10\/CURSO-DISLEXIA-SECUNDARIA-1.jpg?resize=150%2C150&amp;ssl=1 150w, https:\/\/i0.wp.com\/cepronda.com\/blog\/wp-content\/uploads\/2024\/10\/CURSO-DISLEXIA-SECUNDARIA-1.jpg?resize=768%2C768&amp;ssl=1 768w, https:\/\/i0.wp.com\/cepronda.com\/blog\/wp-content\/uploads\/2024\/10\/CURSO-DISLEXIA-SECUNDARIA-1.jpg?resize=50%2C50&amp;ssl=1 50w, https:\/\/i0.wp.com\/cepronda.com\/blog\/wp-content\/uploads\/2024\/10\/CURSO-DISLEXIA-SECUNDARIA-1.jpg?w=800&amp;ssl=1 800w\" sizes=\"auto, (max-width: 300px) 100vw, 300px\" \/><\/div>\n","protected":false},"excerpt":{"rendered":"<p>Informamos que se ha abierto el plazo de inscripci\u00f3n en el curso provincial:\u00a0 \u00abC\u00d3MO ATENDER LA DISLEXIA EN EL AULA ORDINARIA DE LA E.S.O MEJORANDO EL VOCABULARIO, EL LENGUAJE ORAL Y LA COMPRENSI\u00d3N LECTORA\u00bb, con c\u00f3digo\u00a0 252923GE405. Se realizar\u00e1 mediante videoconferencia. Inscripciones:\u00a0 del 11 al 25 de octubre. Lugar: Sala de videoconferencias Webex. Fechas: 7, [&hellip;]<\/p>\n","protected":false},"author":13,"featured_media":7799,"comment_status":"closed","ping_status":"open","sticky":false,"template":"","format":"standard","meta":{"_crdt_document":"","advanced_seo_description":"","jetpack_seo_html_title":"","jetpack_seo_noindex":false,"jetpack_post_was_ever_published":false,"_jetpack_newsletter_access":"","_jetpack_dont_email_post_to_subs":false,"_jetpack_newsletter_tier_id":0,"_jetpack_memberships_contains_paywalled_content":false,"_jetpack_memberships_contains_paid_content":false,"footnotes":"","jetpack_publicize_message":"","jetpack_publicize_feature_enabled":true,"jetpack_social_post_already_shared":false,"jetpack_social_options":{"image_generator_settings":{"template":"highway","default_image_id":0,"font":"","enabled":false},"version":2}},"categories":[3,5],"tags":[150],"class_list":{"0":"post-7798","1":"post","2":"type-post","3":"status-publish","4":"format-standard","5":"has-post-thumbnail","7":"category-formaciones","8":"category-noticias","9":"tag-dislexia","10":"czr-hentry"},"jetpack_publicize_connections":[],"jetpack_featured_media_url":"https:\/\/i0.wp.com\/cepronda.com\/blog\/wp-content\/uploads\/2024\/10\/CURSO-DISLEXIA-SECUNDARIA.jpg?fit=800%2C800&ssl=1","jetpack_shortlink":"https:\/\/wp.me\/p8M4X7-21M","jetpack-related-posts":[{"id":5639,"url":"https:\/\/cepronda.com\/blog\/curso-provincial-respuesta-educativa-para-el-alumnado-con-dislexia-en-el-aula-ordinaria\/","url_meta":{"origin":7798,"position":0},"title":"CURSO PROVINCIAL \u201cRESPUESTA\u00a0EDUCATIVA\u00a0PARA\u00a0EL\u00a0ALUMNADO\u00a0CON\u00a0DISLEXIA\u00a0EN\u00a0EL\u00a0AULA\u00a0ORDINARIA\u201d\u00a0","author":"Inmaculada Garc\u00eda","date":"5 diciembre, 2022","format":false,"excerpt":"Os informamos que est\u00e1 abierto el plazo de inscripci\u00f3n para el curso de \u00e1mbito provincial: \u201cRESPUESTA EDUCATIVA PARA EL ALUMNADO CON DISLEXIA EN EL AULA ORDINARIA\u201d\u00a0 con c\u00f3digo 232925GE604, que tendr\u00e1 lugar mediante videoconferencia, con Gracia Jim\u00e9nez como ponente. Fechas de realizaci\u00f3n: 12, 18, 24 de enero y 1 de\u2026","rel":"","context":"En \u00abFormaciones\u00bb","block_context":{"text":"Formaciones","link":"https:\/\/cepronda.com\/blog\/category\/formaciones\/"},"img":{"alt_text":"","src":"https:\/\/i0.wp.com\/cepronda.com\/blog\/wp-content\/uploads\/2022\/12\/WhatsApp-Image-2022-12-05-at-13.07.20.jpeg?fit=848%2C1200&ssl=1&resize=350%2C200","width":350,"height":200,"srcset":"https:\/\/i0.wp.com\/cepronda.com\/blog\/wp-content\/uploads\/2022\/12\/WhatsApp-Image-2022-12-05-at-13.07.20.jpeg?fit=848%2C1200&ssl=1&resize=350%2C200 1x, https:\/\/i0.wp.com\/cepronda.com\/blog\/wp-content\/uploads\/2022\/12\/WhatsApp-Image-2022-12-05-at-13.07.20.jpeg?fit=848%2C1200&ssl=1&resize=525%2C300 1.5x, https:\/\/i0.wp.com\/cepronda.com\/blog\/wp-content\/uploads\/2022\/12\/WhatsApp-Image-2022-12-05-at-13.07.20.jpeg?fit=848%2C1200&ssl=1&resize=700%2C400 2x"},"classes":[]},{"id":4851,"url":"https:\/\/cepronda.com\/blog\/dificultades-especificas-de-aprendizaje-dislexia-disgrafia-disortografia-y-discalculia-enfoque-e-intervencion-en-el-aula-ordinaria\/","url_meta":{"origin":7798,"position":1},"title":"DIFICULTADES ESPEC\u00cdFICAS DE APRENDIZAJE: DISLEXIA, DISGRAF\u00cdA, DISORTOGRAF\u00cdA Y DISCALCULIA. ENFOQUE E INTERVENCI\u00d3N EN EL AULA ORDINARIA","author":"V\u00edctor Caballero","date":"2 noviembre, 2021","format":false,"excerpt":"Buenas tardes compa\u00f1eras y compa\u00f1eros, \u00a1\u00a1\u00a1SOLO PARA LA ZONA DE EL BURGO Y YUNQUERA!!! Os informamos que est\u00e1 abierto el plazo de inscripci\u00f3n en la actividad \u00a0\"DIFICULTADES ESPEC\u00cdFICAS DE APRENDIZAJE: DISLEXIA, DISGRAF\u00cdA, DISORTOGRAF\u00cdA Y DISCALCULIA. ENFOQUE E INTERVENCI\u00d3N EN EL AULA ORDINARIA\" con c\u00f3digo 222924FC050. Es una actividad destinada al\u2026","rel":"","context":"En \u00abFormaciones\u00bb","block_context":{"text":"Formaciones","link":"https:\/\/cepronda.com\/blog\/category\/formaciones\/"},"img":{"alt_text":"","src":"https:\/\/i0.wp.com\/cepronda.com\/blog\/wp-content\/uploads\/2021\/11\/Captura-de-pantalla-2021-11-02-a-las-14.26.17.png?fit=597%2C843&ssl=1&resize=350%2C200","width":350,"height":200,"srcset":"https:\/\/i0.wp.com\/cepronda.com\/blog\/wp-content\/uploads\/2021\/11\/Captura-de-pantalla-2021-11-02-a-las-14.26.17.png?fit=597%2C843&ssl=1&resize=350%2C200 1x, https:\/\/i0.wp.com\/cepronda.com\/blog\/wp-content\/uploads\/2021\/11\/Captura-de-pantalla-2021-11-02-a-las-14.26.17.png?fit=597%2C843&ssl=1&resize=525%2C300 1.5x"},"classes":[]},{"id":7685,"url":"https:\/\/cepronda.com\/blog\/formacion-dislexia-ensenanza-de-la-lectura-basada-en-evidencias-prevencion-en-infantil-e-intervencion-en-primaria-con-codigo-252925ge601\/","url_meta":{"origin":7798,"position":2},"title":"FORMACI\u00d3N: DISLEXIA: ENSE\u00d1ANZA DE LA LECTURA BASADA EN EVIDENCIAS, PREVENCI\u00d3N EN INFANTIL E INTERVENCI\u00d3N EN PRIMARIA, con c\u00f3digo 252925GE601.","author":"Inmaculada Garc\u00eda","date":"9 septiembre, 2024","format":false,"excerpt":"Os informamos que se encuentra abierta la inscripci\u00f3n en el curso provincial, organizado por el CEP de Antequera: \"DISLEXIA: ENSE\u00d1ANZA DE LA LECTURA BASADA EN EVIDENCIAS, PREVENCI\u00d3N EN INFANTIL E INTERVENCI\u00d3N EN PRIMARIA\", con c\u00f3digo 252925GE601, con Juli\u00e1n Palaz\u00f3n y Auxiliadora S\u00e1nchez como ponentes. Este curso est\u00e1 dirigido a maestros\u2026","rel":"","context":"En \u00abFormaciones\u00bb","block_context":{"text":"Formaciones","link":"https:\/\/cepronda.com\/blog\/category\/formaciones\/"},"img":{"alt_text":"","src":"https:\/\/i0.wp.com\/cepronda.com\/blog\/wp-content\/uploads\/2024\/09\/CURSO-DISLEXIA-ANTEQUERA-CARTEL.jpeg?fit=1080%2C1080&ssl=1&resize=350%2C200","width":350,"height":200,"srcset":"https:\/\/i0.wp.com\/cepronda.com\/blog\/wp-content\/uploads\/2024\/09\/CURSO-DISLEXIA-ANTEQUERA-CARTEL.jpeg?fit=1080%2C1080&ssl=1&resize=350%2C200 1x, https:\/\/i0.wp.com\/cepronda.com\/blog\/wp-content\/uploads\/2024\/09\/CURSO-DISLEXIA-ANTEQUERA-CARTEL.jpeg?fit=1080%2C1080&ssl=1&resize=525%2C300 1.5x, https:\/\/i0.wp.com\/cepronda.com\/blog\/wp-content\/uploads\/2024\/09\/CURSO-DISLEXIA-ANTEQUERA-CARTEL.jpeg?fit=1080%2C1080&ssl=1&resize=700%2C400 2x, https:\/\/i0.wp.com\/cepronda.com\/blog\/wp-content\/uploads\/2024\/09\/CURSO-DISLEXIA-ANTEQUERA-CARTEL.jpeg?fit=1080%2C1080&ssl=1&resize=1050%2C600 3x"},"classes":[]},{"id":7420,"url":"https:\/\/cepronda.com\/blog\/7420-2\/","url_meta":{"origin":7798,"position":3},"title":"DISLEXIA:\u00a0ENSE\u00d1ANZA\u00a0DE\u00a0LA\u00a0LECTURA BASADA EN EVIDENCIAS,\u00a0PREVENCI\u00d3N\u00a0EN INFANTIL\u00a0E\u00a0INTERVENCI\u00d3N\u00a0EN\u00a0PRIMARIA","author":"Mamen Moreno","date":"31 enero, 2024","format":false,"excerpt":"Os informamos que se encuentra abierta la inscripci\u00f3n en el curso provincial, organizado por el CEP de Antequera;\u00a0 DISLEXIA:\u00a0ENSE\u00d1ANZA\u00a0DE\u00a0LA\u00a0LECTURA BASADA EN EVIDENCIAS,\u00a0PREVENCI\u00d3N\u00a0EN INFANTIL\u00a0E\u00a0INTERVENCI\u00d3N\u00a0EN\u00a0PRIMARIA,\u00a0con\u00a0c\u00f3digo 242925GE603, con Juli\u00e1n Palaz\u00f3n como ponente principal y Auxiliadora S\u00e1nchez en la aplicaci\u00f3n al aula. Dirigido al profesorado de Infantil y Primaria de centros p\u00fablicos. Sesiones presenciales\u2026","rel":"","context":"En \u00abFormaciones\u00bb","block_context":{"text":"Formaciones","link":"https:\/\/cepronda.com\/blog\/category\/formaciones\/"},"img":{"alt_text":"","src":"https:\/\/i0.wp.com\/cepronda.com\/blog\/wp-content\/uploads\/2024\/01\/Cartel-curso-DISLEXIA.png?fit=1080%2C1080&ssl=1&resize=350%2C200","width":350,"height":200,"srcset":"https:\/\/i0.wp.com\/cepronda.com\/blog\/wp-content\/uploads\/2024\/01\/Cartel-curso-DISLEXIA.png?fit=1080%2C1080&ssl=1&resize=350%2C200 1x, https:\/\/i0.wp.com\/cepronda.com\/blog\/wp-content\/uploads\/2024\/01\/Cartel-curso-DISLEXIA.png?fit=1080%2C1080&ssl=1&resize=525%2C300 1.5x, https:\/\/i0.wp.com\/cepronda.com\/blog\/wp-content\/uploads\/2024\/01\/Cartel-curso-DISLEXIA.png?fit=1080%2C1080&ssl=1&resize=700%2C400 2x, https:\/\/i0.wp.com\/cepronda.com\/blog\/wp-content\/uploads\/2024\/01\/Cartel-curso-DISLEXIA.png?fit=1080%2C1080&ssl=1&resize=1050%2C600 3x"},"classes":[]},{"id":5123,"url":"https:\/\/cepronda.com\/blog\/intervencion-en-el-aula-ordinaria-con-el-alumnado-con-tea\/","url_meta":{"origin":7798,"position":4},"title":"INTERVENCI\u00d3N EN EL AULA ORDINARIA CON EL ALUMNADO CON TEA","author":"Maribel Mu\u00f1oz","date":"16 febrero, 2022","format":false,"excerpt":"Buenas tardes compa\u00f1eras y compa\u00f1eros Os informamos que est\u00e1 abierto el plazo de\u00a0 inscripci\u00f3n del CURSO PROVINCIAL : INTERVENCI\u00d3N EN EL AULA ORDINARIA CON EL ALUMNADO CON TEA C\u00f3digo: 222923KOE757 Inscripciones: 17\/02\/2022 hasta 07\/03\/2022\u00a0 Duraci\u00f3n del curso: 28\/03\/2022 hasta 06\/04\/2022 Lugar de realizaci\u00f3n: AVFP (Aula virtual de formaci\u00f3n del Profesorado)\u2026","rel":"","context":"En \u00abFormaciones\u00bb","block_context":{"text":"Formaciones","link":"https:\/\/cepronda.com\/blog\/category\/formaciones\/"},"img":{"alt_text":"","src":"https:\/\/i0.wp.com\/cepronda.com\/blog\/wp-content\/uploads\/2022\/02\/WhatsApp-Image-2022-02-16-at-17.18.03-1.jpeg?fit=848%2C1200&ssl=1&resize=350%2C200","width":350,"height":200,"srcset":"https:\/\/i0.wp.com\/cepronda.com\/blog\/wp-content\/uploads\/2022\/02\/WhatsApp-Image-2022-02-16-at-17.18.03-1.jpeg?fit=848%2C1200&ssl=1&resize=350%2C200 1x, https:\/\/i0.wp.com\/cepronda.com\/blog\/wp-content\/uploads\/2022\/02\/WhatsApp-Image-2022-02-16-at-17.18.03-1.jpeg?fit=848%2C1200&ssl=1&resize=525%2C300 1.5x, https:\/\/i0.wp.com\/cepronda.com\/blog\/wp-content\/uploads\/2022\/02\/WhatsApp-Image-2022-02-16-at-17.18.03-1.jpeg?fit=848%2C1200&ssl=1&resize=700%2C400 2x"},"classes":[]},{"id":5220,"url":"https:\/\/cepronda.com\/blog\/intervencion-en-el-aula-ordinaria-con-el-alumnado-con-tea-ii-edicion\/","url_meta":{"origin":7798,"position":5},"title":"INTERVENCI\u00d3N EN EL AULA ORDINARIA CON EL ALUMNADO CON TEA (II EDICI\u00d3N)","author":"Inmaculada Garc\u00eda","date":"6 abril, 2022","format":false,"excerpt":"Buenas tardes compa\u00f1eras y compa\u00f1eros Os informamos que est\u00e1 abierto el plazo de\u00a0 inscripci\u00f3n del CURSO PROVINCIAL : INTERVENCI\u00d3N EN EL AULA ORDINARIA CON EL ALUMNADO CON TEA (II EDICI\u00d3N) C\u00f3digo: 222923QOE249 Inscripciones: 01\/04\/2022 hasta 18\/04\/2022 Duraci\u00f3n del curso: 09\/05\/2022 hasta 10\/06\/2022 Lugar de realizaci\u00f3n: AVFP (Aula virtual de formaci\u00f3n\u2026","rel":"","context":"En \u00abNoticias\u00bb","block_context":{"text":"Noticias","link":"https:\/\/cepronda.com\/blog\/category\/noticias\/"},"img":{"alt_text":"","src":"https:\/\/i0.wp.com\/cepronda.com\/blog\/wp-content\/uploads\/2022\/04\/TEA-2.jpg?fit=848%2C1200&ssl=1&resize=350%2C200","width":350,"height":200,"srcset":"https:\/\/i0.wp.com\/cepronda.com\/blog\/wp-content\/uploads\/2022\/04\/TEA-2.jpg?fit=848%2C1200&ssl=1&resize=350%2C200 1x, https:\/\/i0.wp.com\/cepronda.com\/blog\/wp-content\/uploads\/2022\/04\/TEA-2.jpg?fit=848%2C1200&ssl=1&resize=525%2C300 1.5x, https:\/\/i0.wp.com\/cepronda.com\/blog\/wp-content\/uploads\/2022\/04\/TEA-2.jpg?fit=848%2C1200&ssl=1&resize=700%2C400 2x"},"classes":[]}],"jetpack_sharing_enabled":true,"_links":{"self":[{"href":"https:\/\/cepronda.com\/blog\/wp-json\/wp\/v2\/posts\/7798","targetHints":{"allow":["GET"]}}],"collection":[{"href":"https:\/\/cepronda.com\/blog\/wp-json\/wp\/v2\/posts"}],"about":[{"href":"https:\/\/cepronda.com\/blog\/wp-json\/wp\/v2\/types\/post"}],"author":[{"embeddable":true,"href":"https:\/\/cepronda.com\/blog\/wp-json\/wp\/v2\/users\/13"}],"replies":[{"embeddable":true,"href":"https:\/\/cepronda.com\/blog\/wp-json\/wp\/v2\/comments?post=7798"}],"version-history":[{"count":1,"href":"https:\/\/cepronda.com\/blog\/wp-json\/wp\/v2\/posts\/7798\/revisions"}],"predecessor-version":[{"id":7801,"href":"https:\/\/cepronda.com\/blog\/wp-json\/wp\/v2\/posts\/7798\/revisions\/7801"}],"wp:featuredmedia":[{"embeddable":true,"href":"https:\/\/cepronda.com\/blog\/wp-json\/wp\/v2\/media\/7799"}],"wp:attachment":[{"href":"https:\/\/cepronda.com\/blog\/wp-json\/wp\/v2\/media?parent=7798"}],"wp:term":[{"taxonomy":"category","embeddable":true,"href":"https:\/\/cepronda.com\/blog\/wp-json\/wp\/v2\/categories?post=7798"},{"taxonomy":"post_tag","embeddable":true,"href":"https:\/\/cepronda.com\/blog\/wp-json\/wp\/v2\/tags?post=7798"}],"curies":[{"name":"wp","href":"https:\/\/api.w.org\/{rel}","templated":true}]}}