{"id":7782,"date":"2024-10-09T09:00:30","date_gmt":"2024-10-09T07:00:30","guid":{"rendered":"https:\/\/cepronda.com\/blog\/?p=7782"},"modified":"2025-04-28T12:13:22","modified_gmt":"2025-04-28T10:13:22","slug":"entrenamiento-de-las-funciones-ejecutivas-en-el-aula-de-educacion-primaria","status":"publish","type":"post","link":"https:\/\/cepronda.com\/blog\/entrenamiento-de-las-funciones-ejecutivas-en-el-aula-de-educacion-primaria\/","title":{"rendered":"ENTRENAMIENTO DE LAS FUNCIONES EJECUTIVAS EN EL AULA DE EDUCACI\u00d3N PRIMARIA"},"content":{"rendered":"<div class=\"xdj266r x11i5rnm xat24cr x1mh8g0r x1vvkbs x126k92a\">\n<div dir=\"auto\">Se abre el plazo de inscripci\u00f3n para la actividad <strong>ENTRENAMIENTO DE LAS FUNCIONES EJECUTIVAS EN EL AULA DE EDUCACI\u00d3N PRIMARIA\u00a0<\/strong>con c\u00f3digo <strong>252924GE014<\/strong> , destinado al profesorado de Educaci\u00f3n Primaria, profesorado PT y AL, Orientadores\/as y profesorado de apoyo.<\/div>\n<div dir=\"auto\">\n<ul class=\"list-group\">\n<li class=\"list-group-item\"><b>Fecha actividad:<\/b> 30 octubre, 6, 13, 20 y 27 de noviembre de 2024 de <span style=\"font-weight: inherit;\">16:30 a 19:30 h<\/span><span style=\"font-weight: inherit;\">\u00a0<\/span><\/li>\n<\/ul>\n<p><b>Fecha inscripci\u00f3n:<\/b> 08\/10\/2024 hasta 28\/10\/2024<\/p>\n<ul class=\"list-group\">\n<li class=\"list-group-item\"><b>Horas totales:<\/b> 30 horas\u00a0 (15 Horas presenciales y 15\u00a0Horas no presenciales)<\/li>\n<li class=\"list-group-item\"><strong>Lugar de realizaci\u00f3n<\/strong><span style=\"font-weight: inherit;\">: AVFP en la sala de videoconferencia de webex<\/span><\/li>\n<\/ul>\n<\/div>\n<\/div>\n<div class=\"x11i5rnm xat24cr x1mh8g0r x1vvkbs xtlvy1s x126k92a\">\n<div dir=\"auto\"><\/div>\n<\/div>\n<div class=\"x11i5rnm xat24cr x1mh8g0r x1vvkbs xtlvy1s x126k92a\">\n<div dir=\"auto\"><strong>Para m\u00e1s informaci\u00f3n e inscripciones pinchar aqu\u00ed:<\/strong><\/div>\n<div dir=\"auto\"><a href=\"https:\/\/www.juntadeandalucia.es\/educacion\/secretariavirtual\/consultaCEP\/actividad\/252924GE014\/\">https:\/\/www.juntadeandalucia.es\/educacion\/secretariavirtual\/consultaCEP\/actividad\/252924GE014\/<\/a><\/div>\n<div dir=\"auto\"><\/div>\n<\/div>\n<div dir=\"auto\" style=\"padding-left: 40px;\"><img data-recalc-dims=\"1\" loading=\"lazy\" decoding=\"async\" class=\"alignnone size-medium wp-image-7792\" src=\"https:\/\/i0.wp.com\/cepronda.com\/blog\/wp-content\/uploads\/2024\/10\/IMG-20241010-WA0001.jpg?resize=300%2C300&#038;ssl=1\" alt=\"\" width=\"300\" height=\"300\" srcset=\"https:\/\/i0.wp.com\/cepronda.com\/blog\/wp-content\/uploads\/2024\/10\/IMG-20241010-WA0001.jpg?resize=300%2C300&amp;ssl=1 300w, https:\/\/i0.wp.com\/cepronda.com\/blog\/wp-content\/uploads\/2024\/10\/IMG-20241010-WA0001.jpg?resize=1024%2C1024&amp;ssl=1 1024w, https:\/\/i0.wp.com\/cepronda.com\/blog\/wp-content\/uploads\/2024\/10\/IMG-20241010-WA0001.jpg?resize=150%2C150&amp;ssl=1 150w, https:\/\/i0.wp.com\/cepronda.com\/blog\/wp-content\/uploads\/2024\/10\/IMG-20241010-WA0001.jpg?resize=768%2C768&amp;ssl=1 768w, https:\/\/i0.wp.com\/cepronda.com\/blog\/wp-content\/uploads\/2024\/10\/IMG-20241010-WA0001.jpg?resize=50%2C50&amp;ssl=1 50w, https:\/\/i0.wp.com\/cepronda.com\/blog\/wp-content\/uploads\/2024\/10\/IMG-20241010-WA0001.jpg?w=1080&amp;ssl=1 1080w\" sizes=\"auto, (max-width: 300px) 100vw, 300px\" \/><\/div>\n","protected":false},"excerpt":{"rendered":"<p>Se abre el plazo de inscripci\u00f3n para la actividad ENTRENAMIENTO DE LAS FUNCIONES EJECUTIVAS EN EL AULA DE EDUCACI\u00d3N PRIMARIA\u00a0con c\u00f3digo 252924GE014 , destinado al profesorado de Educaci\u00f3n Primaria, profesorado PT y AL, Orientadores\/as y profesorado de apoyo. Fecha actividad: 30 octubre, 6, 13, 20 y 27 de noviembre de 2024 de 16:30 a 19:30 [&hellip;]<\/p>\n","protected":false},"author":13,"featured_media":7792,"comment_status":"closed","ping_status":"open","sticky":false,"template":"","format":"standard","meta":{"_crdt_document":"","advanced_seo_description":"","jetpack_seo_html_title":"","jetpack_seo_noindex":false,"jetpack_post_was_ever_published":false,"_jetpack_newsletter_access":"","_jetpack_dont_email_post_to_subs":false,"_jetpack_newsletter_tier_id":0,"_jetpack_memberships_contains_paywalled_content":false,"_jetpack_memberships_contains_paid_content":false,"footnotes":"","jetpack_publicize_message":"","jetpack_publicize_feature_enabled":true,"jetpack_social_post_already_shared":false,"jetpack_social_options":{"image_generator_settings":{"template":"highway","default_image_id":0,"font":"","enabled":false},"version":2}},"categories":[3,5],"tags":[399],"class_list":{"0":"post-7782","1":"post","2":"type-post","3":"status-publish","4":"format-standard","5":"has-post-thumbnail","7":"category-formaciones","8":"category-noticias","9":"tag-neurociencia","10":"czr-hentry"},"jetpack_publicize_connections":[],"jetpack_featured_media_url":"https:\/\/i0.wp.com\/cepronda.com\/blog\/wp-content\/uploads\/2024\/10\/IMG-20241010-WA0001.jpg?fit=1080%2C1080&ssl=1","jetpack_shortlink":"https:\/\/wp.me\/p8M4X7-21w","jetpack-related-posts":[{"id":5758,"url":"https:\/\/cepronda.com\/blog\/programa-neuroeduca-entrenamiento-de-las-funciones-ejecutivas-en-educacion-infantil\/","url_meta":{"origin":7782,"position":0},"title":"PROGRAMA NEUROEDUCA: ENTRENAMIENTO DE LAS FUNCIONES EJECUTIVAS EN EDUCACI\u00d3N INFANTIL","author":"Mamen Moreno","date":"6 febrero, 2023","format":false,"excerpt":"Os informamos que est\u00e1 abierto el plazo de inscripci\u00f3n del curso semipresencial (con videoconferencias en directo) organizado por el CEP de Ronda: PROGRAMA NEUROEDUCA: ENTRENAMIENTO DE LAS FUNCIONES EJECUTIVAS EN EDUCACI\u00d3N INFANTIL con C\u00f3digo 232924GE028 Las fechas de la formaci\u00f3n son las siguientes:\u00a0\u00a0 7 de marzo. 14 de marzo 21\u2026","rel":"","context":"En \u00abFormaciones\u00bb","block_context":{"text":"Formaciones","link":"https:\/\/cepronda.com\/blog\/category\/formaciones\/"},"img":{"alt_text":"","src":"https:\/\/i0.wp.com\/cepronda.com\/blog\/wp-content\/uploads\/2023\/02\/WhatsApp-Image-2023-01-19-at-18.56.48-300x300.jpeg?resize=350%2C200&ssl=1","width":350,"height":200},"classes":[]},{"id":7591,"url":"https:\/\/cepronda.com\/blog\/i-jornadas-provinciales-profesorado-de-educacion-plastica-visual-y-audiovisual\/","url_meta":{"origin":7782,"position":1},"title":"I JORNADAS PROVINCIALES PROFESORADO DE EDUCACI\u00d3N PL\u00c1STICA, VISUAL Y AUDIOVISUAL.","author":"Mamen Moreno","date":"22 abril, 2024","format":false,"excerpt":"Abierto el plazo de solicitudes de las I JORNADAS PROVINCIALES PROFESORADO DE EDUCACI\u00d3N PL\u00c1STICA, VISUAL Y AUDIOVISUAL. 8 horas presenciales (Lugar: Colecci\u00f3n del Museo Ruso de M\u00e1laga). Fecha inscripci\u00f3n: 22\/04\/2024 hasta 06\/05\/2024. Fecha actividad: 16\/05\/2024. M\u00e1s informaci\u00f3n e inscripci\u00f3n: https:\/\/www.juntadeandalucia.es\/educacion\/secretariavirtual\/consultaCEP\/actividad\/242922GE257\/","rel":"","context":"En \u00abNoticias\u00bb","block_context":{"text":"Noticias","link":"https:\/\/cepronda.com\/blog\/category\/noticias\/"},"img":{"alt_text":"","src":"https:\/\/i0.wp.com\/cepronda.com\/blog\/wp-content\/uploads\/2024\/04\/WhatsApp-Image-2024-04-20-at-11.09.52.jpeg?fit=942%2C787&ssl=1&resize=350%2C200","width":350,"height":200,"srcset":"https:\/\/i0.wp.com\/cepronda.com\/blog\/wp-content\/uploads\/2024\/04\/WhatsApp-Image-2024-04-20-at-11.09.52.jpeg?fit=942%2C787&ssl=1&resize=350%2C200 1x, https:\/\/i0.wp.com\/cepronda.com\/blog\/wp-content\/uploads\/2024\/04\/WhatsApp-Image-2024-04-20-at-11.09.52.jpeg?fit=942%2C787&ssl=1&resize=525%2C300 1.5x, https:\/\/i0.wp.com\/cepronda.com\/blog\/wp-content\/uploads\/2024\/04\/WhatsApp-Image-2024-04-20-at-11.09.52.jpeg?fit=942%2C787&ssl=1&resize=700%2C400 2x"},"classes":[]},{"id":4186,"url":"https:\/\/cepronda.com\/blog\/recursos-digitales-on-line-para-educacion-primaria-nivel-ii\/","url_meta":{"origin":7782,"position":2},"title":"RECURSOS DIGITALES ON-LINE PARA EDUCACI\u00d3N PRIMARIA. NIVEL II","author":"V\u00edctor Caballero","date":"11 febrero, 2021","format":false,"excerpt":"Muy buenas, compa\u00f1eros y compa\u00f1eras. Se abre el plazo para participar en la actividad formativa dirigida especialmente a docentes de Primaria:\u00a0 \" RECURSOS DIGITALES ON-LINE PARA EDUCACI\u00d3N PRIMARIA. NIVEL II\", con Jos\u00e9 Antonio Gelo como ponente. Esperamos que sea de vuestro inter\u00e9s. Un saludo. Fecha actividad:\u00a002\/03\/2021 hasta 30\/03\/2021 Fecha inscripci\u00f3n:\u00a011\/02\/2021\u2026","rel":"","context":"En \u00abFormaciones\u00bb","block_context":{"text":"Formaciones","link":"https:\/\/cepronda.com\/blog\/category\/formaciones\/"},"img":{"alt_text":"","src":"https:\/\/i0.wp.com\/cepronda.com\/blog\/wp-content\/uploads\/2021\/02\/212924GE012-Recursos-digitales-Primaria-II.png?fit=848%2C1200&ssl=1&resize=350%2C200","width":350,"height":200,"srcset":"https:\/\/i0.wp.com\/cepronda.com\/blog\/wp-content\/uploads\/2021\/02\/212924GE012-Recursos-digitales-Primaria-II.png?fit=848%2C1200&ssl=1&resize=350%2C200 1x, https:\/\/i0.wp.com\/cepronda.com\/blog\/wp-content\/uploads\/2021\/02\/212924GE012-Recursos-digitales-Primaria-II.png?fit=848%2C1200&ssl=1&resize=525%2C300 1.5x, https:\/\/i0.wp.com\/cepronda.com\/blog\/wp-content\/uploads\/2021\/02\/212924GE012-Recursos-digitales-Primaria-II.png?fit=848%2C1200&ssl=1&resize=700%2C400 2x"},"classes":[]},{"id":4085,"url":"https:\/\/cepronda.com\/blog\/recursos-digitales-on-line-para-educacion-primaria-nivel-i-2\/","url_meta":{"origin":7782,"position":3},"title":"RECURSOS DIGITALES ON-LINE PARA EDUCACI\u00d3N PRIMARIA. NIVEL I","author":"V\u00edctor Caballero","date":"7 enero, 2021","format":false,"excerpt":"Muy buenas, compa\u00f1eros y compa\u00f1eras. Primero desearos Feliz a\u00f1o y que hay\u00e1is descansado en vuestras merecidas vacaciones. Recordaros que el plazo de inscripci\u00f3n para participar en la actividad formativa a nivel provincial que lleva el CEP de Ronda:\u00a0 \" RECURSOS DIGITALES ON-LINE PARA EDUCACI\u00d3N PRIMARIA. NIVEL I\", finaliza el martes\u2026","rel":"","context":"En \u00abFormaciones\u00bb","block_context":{"text":"Formaciones","link":"https:\/\/cepronda.com\/blog\/category\/formaciones\/"},"img":{"alt_text":"","src":"https:\/\/i0.wp.com\/cepronda.com\/blog\/wp-content\/uploads\/2020\/12\/20210114-Recursos-digitales-Primaria-I.jpg?fit=848%2C1200&ssl=1&resize=350%2C200","width":350,"height":200,"srcset":"https:\/\/i0.wp.com\/cepronda.com\/blog\/wp-content\/uploads\/2020\/12\/20210114-Recursos-digitales-Primaria-I.jpg?fit=848%2C1200&ssl=1&resize=350%2C200 1x, https:\/\/i0.wp.com\/cepronda.com\/blog\/wp-content\/uploads\/2020\/12\/20210114-Recursos-digitales-Primaria-I.jpg?fit=848%2C1200&ssl=1&resize=525%2C300 1.5x, https:\/\/i0.wp.com\/cepronda.com\/blog\/wp-content\/uploads\/2020\/12\/20210114-Recursos-digitales-Primaria-I.jpg?fit=848%2C1200&ssl=1&resize=700%2C400 2x"},"classes":[]},{"id":7712,"url":"https:\/\/cepronda.com\/blog\/convocatoria-regional-de-cursos-avfp-curso-2024-25\/","url_meta":{"origin":7782,"position":4},"title":"CONVOCATORIA REGIONAL DE CURSOS AVFP. CURSO 2024\/25.","author":"Inmaculada Garc\u00eda","date":"19 septiembre, 2024","format":false,"excerpt":"\u00a0 \u00a0 CONVOCATORIA REGIONAL DE CURSOS AVFP \u00a0 Os informamos que se encuentra abierto el plazo de inscripci\u00f3n en la convocatoria de cursos regional. La superaci\u00f3n de estos cursos supone la certificaci\u00f3n de diversos niveles de Competencia Digital Docente. - HERRAMIENTAS DIGITALES APLICADAS A LA DOCENCIA EN LA FORMACI\u00d3N PROFESIONAL,\u2026","rel":"","context":"En \u00abFormaciones\u00bb","block_context":{"text":"Formaciones","link":"https:\/\/cepronda.com\/blog\/category\/formaciones\/"},"img":{"alt_text":"","src":"https:\/\/i0.wp.com\/cepronda.com\/blog\/wp-content\/uploads\/2024\/09\/CURSOS.png?fit=1200%2C1200&ssl=1&resize=350%2C200","width":350,"height":200,"srcset":"https:\/\/i0.wp.com\/cepronda.com\/blog\/wp-content\/uploads\/2024\/09\/CURSOS.png?fit=1200%2C1200&ssl=1&resize=350%2C200 1x, https:\/\/i0.wp.com\/cepronda.com\/blog\/wp-content\/uploads\/2024\/09\/CURSOS.png?fit=1200%2C1200&ssl=1&resize=525%2C300 1.5x, https:\/\/i0.wp.com\/cepronda.com\/blog\/wp-content\/uploads\/2024\/09\/CURSOS.png?fit=1200%2C1200&ssl=1&resize=700%2C400 2x, https:\/\/i0.wp.com\/cepronda.com\/blog\/wp-content\/uploads\/2024\/09\/CURSOS.png?fit=1200%2C1200&ssl=1&resize=1050%2C600 3x"},"classes":[]},{"id":7511,"url":"https:\/\/cepronda.com\/blog\/feria-steam-fantec-2024\/","url_meta":{"origin":7782,"position":5},"title":"FERIA STEAM FANTEC 2024","author":"Mamen Moreno","date":"15 marzo, 2024","format":false,"excerpt":"CURSO SEMIPRESENCIAL REGIONAL \"FERIA STEAM FANTEC 2024\", organizado por el CEP de M\u00e1laga. C\u00f3digo:\u00a0242922GE027 Horas Presenciales: 7 h (en el Palacio de Congresos de Torremolinos, el d\u00eda 17 de Mayo) Horas No Presenciales: 23 h (en el Aula Virtual de Formaci\u00f3n del Profesorado - AVFP) Total de horas: 30 horas.\u2026","rel":"","context":"En \u00abFormaciones\u00bb","block_context":{"text":"Formaciones","link":"https:\/\/cepronda.com\/blog\/category\/formaciones\/"},"img":{"alt_text":"","src":"https:\/\/i0.wp.com\/cepronda.com\/blog\/wp-content\/uploads\/2024\/03\/CARTEL_FANTEC.jpg?fit=848%2C1200&ssl=1&resize=350%2C200","width":350,"height":200,"srcset":"https:\/\/i0.wp.com\/cepronda.com\/blog\/wp-content\/uploads\/2024\/03\/CARTEL_FANTEC.jpg?fit=848%2C1200&ssl=1&resize=350%2C200 1x, https:\/\/i0.wp.com\/cepronda.com\/blog\/wp-content\/uploads\/2024\/03\/CARTEL_FANTEC.jpg?fit=848%2C1200&ssl=1&resize=525%2C300 1.5x, https:\/\/i0.wp.com\/cepronda.com\/blog\/wp-content\/uploads\/2024\/03\/CARTEL_FANTEC.jpg?fit=848%2C1200&ssl=1&resize=700%2C400 2x"},"classes":[]}],"jetpack_sharing_enabled":true,"_links":{"self":[{"href":"https:\/\/cepronda.com\/blog\/wp-json\/wp\/v2\/posts\/7782","targetHints":{"allow":["GET"]}}],"collection":[{"href":"https:\/\/cepronda.com\/blog\/wp-json\/wp\/v2\/posts"}],"about":[{"href":"https:\/\/cepronda.com\/blog\/wp-json\/wp\/v2\/types\/post"}],"author":[{"embeddable":true,"href":"https:\/\/cepronda.com\/blog\/wp-json\/wp\/v2\/users\/13"}],"replies":[{"embeddable":true,"href":"https:\/\/cepronda.com\/blog\/wp-json\/wp\/v2\/comments?post=7782"}],"version-history":[{"count":6,"href":"https:\/\/cepronda.com\/blog\/wp-json\/wp\/v2\/posts\/7782\/revisions"}],"predecessor-version":[{"id":7793,"href":"https:\/\/cepronda.com\/blog\/wp-json\/wp\/v2\/posts\/7782\/revisions\/7793"}],"wp:featuredmedia":[{"embeddable":true,"href":"https:\/\/cepronda.com\/blog\/wp-json\/wp\/v2\/media\/7792"}],"wp:attachment":[{"href":"https:\/\/cepronda.com\/blog\/wp-json\/wp\/v2\/media?parent=7782"}],"wp:term":[{"taxonomy":"category","embeddable":true,"href":"https:\/\/cepronda.com\/blog\/wp-json\/wp\/v2\/categories?post=7782"},{"taxonomy":"post_tag","embeddable":true,"href":"https:\/\/cepronda.com\/blog\/wp-json\/wp\/v2\/tags?post=7782"}],"curies":[{"name":"wp","href":"https:\/\/api.w.org\/{rel}","templated":true}]}}