{"id":7765,"date":"2024-09-27T13:46:24","date_gmt":"2024-09-27T11:46:24","guid":{"rendered":"https:\/\/cepronda.com\/blog\/?p=7765"},"modified":"2025-04-28T12:17:26","modified_gmt":"2025-04-28T10:17:26","slug":"herramientas-de-gestion-de-la-evaluacion-competencial-del-alumnado-en-aulas-multinivel","status":"publish","type":"post","link":"https:\/\/cepronda.com\/blog\/herramientas-de-gestion-de-la-evaluacion-competencial-del-alumnado-en-aulas-multinivel\/","title":{"rendered":"HERRAMIENTAS DE GESTI\u00d3N DE LA EVALUACI\u00d3N COMPETENCIAL DEL ALUMNADO EN AULAS MULTINIVEL"},"content":{"rendered":"<div class=\"xdj266r x11i5rnm xat24cr x1mh8g0r x1vvkbs x126k92a\">\n<div dir=\"auto\">Se abre el plazo de inscripci\u00f3n para la actividad presencial \u201cHERRAMIENTAS DE GESTI\u00d3N DE LA EVALUACI\u00d3N COMPETENCIAL DEL ALUMNADO EN AULAS MULTINIVEL\u201d con c\u00f3digo 252924GE011.<\/div>\n<\/div>\n<div class=\"x11i5rnm xat24cr x1mh8g0r x1vvkbs xtlvy1s x126k92a\">\n<div dir=\"auto\">Duraci\u00f3n de la actividad: 12 horas. 9 horas presenciales y 3 horas de tareas.<\/div>\n<div dir=\"auto\">Fecha de inscripci\u00f3n: 27\/09\/2024 hasta 10\/10\/2024<\/div>\n<div dir=\"auto\">Fecha de la actividad: 15, 24 y 29 de octubre.<\/div>\n<div dir=\"auto\">Profesorado destinatario: Centro rurales y aulas multinivel.<\/div>\n<div dir=\"auto\">Lugar de realizaci\u00f3n: CEP de Ronda<\/div>\n<\/div>\n<div class=\"x11i5rnm xat24cr x1mh8g0r x1vvkbs xtlvy1s x126k92a\">\n<div dir=\"auto\">Enlace para la inscripci\u00f3n y m\u00e1s informaci\u00f3n:<a href=\"https:\/\/www.juntadeandalucia.es\/educacion\/secretariavirtual\/consultaCEP\/actividad\/252924GE011\/\">https:\/\/www.juntadeandalucia.es\/educacion\/secretariavirtual\/consultaCEP\/actividad\/252924GE011\/<\/a><\/div>\n<\/div>\n<div dir=\"auto\"><img data-recalc-dims=\"1\" loading=\"lazy\" decoding=\"async\" class=\"alignnone size-medium wp-image-7766 aligncenter\" src=\"https:\/\/i0.wp.com\/cepronda.com\/blog\/wp-content\/uploads\/2024\/09\/Physical-Assessment.jpg?resize=300%2C300&#038;ssl=1\" alt=\"\" width=\"300\" height=\"300\" srcset=\"https:\/\/i0.wp.com\/cepronda.com\/blog\/wp-content\/uploads\/2024\/09\/Physical-Assessment.jpg?resize=300%2C300&amp;ssl=1 300w, https:\/\/i0.wp.com\/cepronda.com\/blog\/wp-content\/uploads\/2024\/09\/Physical-Assessment.jpg?resize=1024%2C1024&amp;ssl=1 1024w, https:\/\/i0.wp.com\/cepronda.com\/blog\/wp-content\/uploads\/2024\/09\/Physical-Assessment.jpg?resize=150%2C150&amp;ssl=1 150w, https:\/\/i0.wp.com\/cepronda.com\/blog\/wp-content\/uploads\/2024\/09\/Physical-Assessment.jpg?resize=768%2C768&amp;ssl=1 768w, https:\/\/i0.wp.com\/cepronda.com\/blog\/wp-content\/uploads\/2024\/09\/Physical-Assessment.jpg?resize=50%2C50&amp;ssl=1 50w, https:\/\/i0.wp.com\/cepronda.com\/blog\/wp-content\/uploads\/2024\/09\/Physical-Assessment.jpg?w=1080&amp;ssl=1 1080w\" sizes=\"auto, (max-width: 300px) 100vw, 300px\" \/><\/div>\n","protected":false},"excerpt":{"rendered":"<p>Se abre el plazo de inscripci\u00f3n para la actividad presencial \u201cHERRAMIENTAS DE GESTI\u00d3N DE LA EVALUACI\u00d3N COMPETENCIAL DEL ALUMNADO EN AULAS MULTINIVEL\u201d con c\u00f3digo 252924GE011. Duraci\u00f3n de la actividad: 12 horas. 9 horas presenciales y 3 horas de tareas. Fecha de inscripci\u00f3n: 27\/09\/2024 hasta 10\/10\/2024 Fecha de la actividad: 15, 24 y 29 de octubre. [&hellip;]<\/p>\n","protected":false},"author":13,"featured_media":7766,"comment_status":"closed","ping_status":"open","sticky":false,"template":"","format":"standard","meta":{"_crdt_document":"","advanced_seo_description":"","jetpack_seo_html_title":"","jetpack_seo_noindex":false,"jetpack_post_was_ever_published":false,"_jetpack_newsletter_access":"","_jetpack_dont_email_post_to_subs":false,"_jetpack_newsletter_tier_id":0,"_jetpack_memberships_contains_paywalled_content":false,"_jetpack_memberships_contains_paid_content":false,"footnotes":"","jetpack_publicize_message":"","jetpack_publicize_feature_enabled":true,"jetpack_social_post_already_shared":false,"jetpack_social_options":{"image_generator_settings":{"template":"highway","default_image_id":0,"font":"","enabled":false},"version":2}},"categories":[3,5],"tags":[411],"class_list":{"0":"post-7765","1":"post","2":"type-post","3":"status-publish","4":"format-standard","5":"has-post-thumbnail","7":"category-formaciones","8":"category-noticias","9":"tag-cuaderno-seneca-internivelar-rurales","10":"czr-hentry"},"jetpack_publicize_connections":[],"jetpack_featured_media_url":"https:\/\/i0.wp.com\/cepronda.com\/blog\/wp-content\/uploads\/2024\/09\/Physical-Assessment.jpg?fit=1080%2C1080&ssl=1","jetpack_shortlink":"https:\/\/wp.me\/p8M4X7-21f","jetpack-related-posts":[{"id":6046,"url":"https:\/\/cepronda.com\/blog\/ii-kit-de-herramientas-digitales-para-centros-rurales-y-aulas-multinivel\/","url_meta":{"origin":7765,"position":0},"title":"II KIT DE HERRAMIENTAS DIGITALES PARA CENTROS RURALES Y AULAS MULTINIVEL","author":"Mamen Moreno","date":"14 septiembre, 2023","format":false,"excerpt":"Abierto el plazo de inscripci\u00f3n para el curso online provincial II KIT DE HERRAMIENTAS DIGITALES PARA CENTROS RURALES Y AULAS MULTINIVEL con c\u00f3digo 242924GE006 \u00a0 Dirigida al\u00a0Profesorado de Centro Rurales\u00a0 Fechas de inscripci\u00f3n: 14\/09\/2023 hasta 27\/09\/2023 Fecha actividad:\u00a0 3 de octubre hasta el 13 de noviembre Lugar de realizaci\u00f3n: AVFP\u2026","rel":"","context":"En \u00abFormaciones\u00bb","block_context":{"text":"Formaciones","link":"https:\/\/cepronda.com\/blog\/category\/formaciones\/"},"img":{"alt_text":"","src":"https:\/\/i0.wp.com\/cepronda.com\/blog\/wp-content\/uploads\/2023\/09\/Diseno-sin-titulo-2.jpg?fit=1080%2C1080&ssl=1&resize=350%2C200","width":350,"height":200,"srcset":"https:\/\/i0.wp.com\/cepronda.com\/blog\/wp-content\/uploads\/2023\/09\/Diseno-sin-titulo-2.jpg?fit=1080%2C1080&ssl=1&resize=350%2C200 1x, https:\/\/i0.wp.com\/cepronda.com\/blog\/wp-content\/uploads\/2023\/09\/Diseno-sin-titulo-2.jpg?fit=1080%2C1080&ssl=1&resize=525%2C300 1.5x, https:\/\/i0.wp.com\/cepronda.com\/blog\/wp-content\/uploads\/2023\/09\/Diseno-sin-titulo-2.jpg?fit=1080%2C1080&ssl=1&resize=700%2C400 2x, https:\/\/i0.wp.com\/cepronda.com\/blog\/wp-content\/uploads\/2023\/09\/Diseno-sin-titulo-2.jpg?fit=1080%2C1080&ssl=1&resize=1050%2C600 3x"},"classes":[]},{"id":8883,"url":"https:\/\/cepronda.com\/blog\/escuelas-rurales-y-aulas-multinivel-metodologia-programacion-y-evaluacion\/","url_meta":{"origin":7765,"position":1},"title":"ESCUELAS RURALES Y AULAS MULTINIVEL: METODOLOG\u00cdA, PROGRAMACI\u00d3N Y EVALUACI\u00d3N","author":"Mamen Moreno","date":"6 octubre, 2025","format":false,"excerpt":"Se encuentra abierto el plazo de inscripciones para el curso provincial \u201cEscuelas Rurales y Aulas Multinivel: Metodolog\u00eda, Programaci\u00f3n y Evaluaci\u00f3n\u201d, c\u00f3digo 262924GE254 destinado al profesorado de centros rurales y aulas multinivel. Fechas: \u00a05, 12, 19 y 26 de noviembre de 2025Sesiones por videoconferencia:\u00a016:30 a 19:30 hLugar: Sala de videoconferencia Webex\u2026","rel":"","context":"En \u00abFormaciones\u00bb","block_context":{"text":"Formaciones","link":"https:\/\/cepronda.com\/blog\/category\/formaciones\/"},"img":{"alt_text":"","src":"https:\/\/i0.wp.com\/cepronda.com\/blog\/wp-content\/uploads\/2025\/10\/Post-Instagram-Dia-del-Maestro-Verde-1-1.png?fit=960%2C1200&ssl=1&resize=350%2C200","width":350,"height":200,"srcset":"https:\/\/i0.wp.com\/cepronda.com\/blog\/wp-content\/uploads\/2025\/10\/Post-Instagram-Dia-del-Maestro-Verde-1-1.png?fit=960%2C1200&ssl=1&resize=350%2C200 1x, https:\/\/i0.wp.com\/cepronda.com\/blog\/wp-content\/uploads\/2025\/10\/Post-Instagram-Dia-del-Maestro-Verde-1-1.png?fit=960%2C1200&ssl=1&resize=525%2C300 1.5x, https:\/\/i0.wp.com\/cepronda.com\/blog\/wp-content\/uploads\/2025\/10\/Post-Instagram-Dia-del-Maestro-Verde-1-1.png?fit=960%2C1200&ssl=1&resize=700%2C400 2x"},"classes":[]},{"id":5885,"url":"https:\/\/cepronda.com\/blog\/5885-2\/","url_meta":{"origin":7765,"position":2},"title":"KIT DE HERRAMIENTAS DIGITALES PARA CENTROS RURALES Y AULAS MULTINIVEL (232924GE046)","author":"Mamen Moreno","date":"28 marzo, 2023","format":false,"excerpt":"Se encuentra abierto el plazo de inscripci\u00f3n del CURSO PROVINCIAL A DISTANCIA: KIT DE HERRAMIENTAS DIGITALES PARA CENTROS RURALES Y AULAS MULTINIVEL\u00a0(232924GE046) M\u00e1s informaci\u00f3n e inscripci\u00f3n: https:\/\/www.juntadeandalucia.es\/educacion\/secretariavirtual\/consultaCEP\/actividad\/232924GE046\/ Fechas de inscripci\u00f3n: 28\/03\/2023 hasta 12\/04\/2023 Fecha actividad: 18\/04\/2023 hasta 30\/05\/2023","rel":"","context":"En \u00abFormaciones\u00bb","block_context":{"text":"Formaciones","link":"https:\/\/cepronda.com\/blog\/category\/formaciones\/"},"img":{"alt_text":"","src":"https:\/\/i0.wp.com\/cepronda.com\/blog\/wp-content\/uploads\/2023\/03\/PROVINCIAL-3.jpg?fit=848%2C1200&ssl=1&resize=350%2C200","width":350,"height":200,"srcset":"https:\/\/i0.wp.com\/cepronda.com\/blog\/wp-content\/uploads\/2023\/03\/PROVINCIAL-3.jpg?fit=848%2C1200&ssl=1&resize=350%2C200 1x, https:\/\/i0.wp.com\/cepronda.com\/blog\/wp-content\/uploads\/2023\/03\/PROVINCIAL-3.jpg?fit=848%2C1200&ssl=1&resize=525%2C300 1.5x, https:\/\/i0.wp.com\/cepronda.com\/blog\/wp-content\/uploads\/2023\/03\/PROVINCIAL-3.jpg?fit=848%2C1200&ssl=1&resize=700%2C400 2x"},"classes":[]},{"id":4113,"url":"https:\/\/cepronda.com\/blog\/dua-y-ensenanza-multinivel-en-centros-rurales\/","url_meta":{"origin":7765,"position":3},"title":"DUA Y ENSE\u00d1ANZA MULTINIVEL EN CENTROS RURALES.","author":"Inmaculada Garc\u00eda","date":"19 enero, 2021","format":false,"excerpt":"Hola compa\u00f1eros y compa\u00f1eras, os informamos que son los \u00faltimos d\u00edas para realizar vuestra inscripci\u00f3n en la actividad formativa \"DUA Y ENSE\u00d1ANZA MULTINIVEL PARA CENTROS RURALES\". Esta actividad forma parte de nuestro I ITINERARIO FORMATIVO PARA CENTROS RURALES y nos acercar\u00e1 a una metodolog\u00eda id\u00f3nea tanto para grupos multinivel como\u2026","rel":"","context":"En \u00abNoticias\u00bb","block_context":{"text":"Noticias","link":"https:\/\/cepronda.com\/blog\/category\/noticias\/"},"img":{"alt_text":"","src":"https:\/\/i0.wp.com\/cepronda.com\/blog\/wp-content\/uploads\/2021\/01\/dua-y-ens-multinivel.jpg?fit=848%2C1200&ssl=1&resize=350%2C200","width":350,"height":200,"srcset":"https:\/\/i0.wp.com\/cepronda.com\/blog\/wp-content\/uploads\/2021\/01\/dua-y-ens-multinivel.jpg?fit=848%2C1200&ssl=1&resize=350%2C200 1x, https:\/\/i0.wp.com\/cepronda.com\/blog\/wp-content\/uploads\/2021\/01\/dua-y-ens-multinivel.jpg?fit=848%2C1200&ssl=1&resize=525%2C300 1.5x, https:\/\/i0.wp.com\/cepronda.com\/blog\/wp-content\/uploads\/2021\/01\/dua-y-ens-multinivel.jpg?fit=848%2C1200&ssl=1&resize=700%2C400 2x"},"classes":[]},{"id":5594,"url":"https:\/\/cepronda.com\/blog\/aulas-multinivel-planificacion-situaciones-de-aprendizaje-y-evaluacion\/","url_meta":{"origin":7765,"position":4},"title":"AULAS MULTINIVEL: PLANIFICACI\u00d3N, SITUACIONES DE APRENDIZAJE Y EVALUACI\u00d3N.","author":"Mamen Moreno","date":"8 noviembre, 2022","format":false,"excerpt":"Os informamos que ma\u00f1ana comienza el curso online correspondiente al Itinerario Formativo para Centros Rurales a nivel Provincial.\u00a0AULAS MULTINIVEL: PLANIFICACI\u00d3N, SITUACIONES DE APRENDIZAJE Y EVALUACI\u00d3N. C\u00f3digo 232924GE018. Enlace a la actividad. Ponente:\u00a0 Jos\u00e9 Luis Murillo Garc\u00eda. Lugar de realizaci\u00f3n: Sala de videoconferencia del Cep de Ronda. Hora: 16:30 a 18:30.\u2026","rel":"","context":"En \u00abFormaciones\u00bb","block_context":{"text":"Formaciones","link":"https:\/\/cepronda.com\/blog\/category\/formaciones\/"},"img":{"alt_text":"","src":"https:\/\/i0.wp.com\/cepronda.com\/blog\/wp-content\/uploads\/2022\/11\/AULAS-MULTINIVEL-PLANIFICACION-SITUACIONES-DE-APRENDIZAJE-Y-EVALUACION..jpg?fit=848%2C1200&ssl=1&resize=350%2C200","width":350,"height":200,"srcset":"https:\/\/i0.wp.com\/cepronda.com\/blog\/wp-content\/uploads\/2022\/11\/AULAS-MULTINIVEL-PLANIFICACION-SITUACIONES-DE-APRENDIZAJE-Y-EVALUACION..jpg?fit=848%2C1200&ssl=1&resize=350%2C200 1x, https:\/\/i0.wp.com\/cepronda.com\/blog\/wp-content\/uploads\/2022\/11\/AULAS-MULTINIVEL-PLANIFICACION-SITUACIONES-DE-APRENDIZAJE-Y-EVALUACION..jpg?fit=848%2C1200&ssl=1&resize=525%2C300 1.5x, https:\/\/i0.wp.com\/cepronda.com\/blog\/wp-content\/uploads\/2022\/11\/AULAS-MULTINIVEL-PLANIFICACION-SITUACIONES-DE-APRENDIZAJE-Y-EVALUACION..jpg?fit=848%2C1200&ssl=1&resize=700%2C400 2x"},"classes":[]},{"id":7762,"url":"https:\/\/cepronda.com\/blog\/cuaderno-de-clase-de-seneca-para-la-evaluacion-competencial-online\/","url_meta":{"origin":7765,"position":5},"title":"CUADERNO DE CLASE DE S\u00c9NECA PARA LA EVALUACI\u00d3N COMPETENCIAL (ONLINE)","author":"V\u00edctor Caballero","date":"27 septiembre, 2024","format":false,"excerpt":"Abierto el plazo de inscripciones en la actividad online \"CUADERNO DE CLASE DE S\u00c9NECA PARA LA EVALUACI\u00d3N COMPETENCIAL\"\u00a0 con c\u00f3digo 259924KPF470 Duraci\u00f3n de la actividad: 40 horas no presenciales Fecha de inscripci\u00f3n: 27\/09\/2024 hasta 10\/10\/2024 Fecha de la actividad:\u00a0 11\/10\/2024 hasta 09\/12\/2024 Profesorado destinatario: Internivelar. Lugar de realizaci\u00f3n:\u00a0 AVFP Enlace\u2026","rel":"","context":"En \u00abFormaciones\u00bb","block_context":{"text":"Formaciones","link":"https:\/\/cepronda.com\/blog\/category\/formaciones\/"},"img":{"alt_text":"","src":"https:\/\/i0.wp.com\/cepronda.com\/blog\/wp-content\/uploads\/2024\/09\/259924KPF470_Cartel-Cuaderno-Seneca.png?fit=1080%2C1080&ssl=1&resize=350%2C200","width":350,"height":200,"srcset":"https:\/\/i0.wp.com\/cepronda.com\/blog\/wp-content\/uploads\/2024\/09\/259924KPF470_Cartel-Cuaderno-Seneca.png?fit=1080%2C1080&ssl=1&resize=350%2C200 1x, https:\/\/i0.wp.com\/cepronda.com\/blog\/wp-content\/uploads\/2024\/09\/259924KPF470_Cartel-Cuaderno-Seneca.png?fit=1080%2C1080&ssl=1&resize=525%2C300 1.5x, https:\/\/i0.wp.com\/cepronda.com\/blog\/wp-content\/uploads\/2024\/09\/259924KPF470_Cartel-Cuaderno-Seneca.png?fit=1080%2C1080&ssl=1&resize=700%2C400 2x, https:\/\/i0.wp.com\/cepronda.com\/blog\/wp-content\/uploads\/2024\/09\/259924KPF470_Cartel-Cuaderno-Seneca.png?fit=1080%2C1080&ssl=1&resize=1050%2C600 3x"},"classes":[]}],"jetpack_sharing_enabled":true,"_links":{"self":[{"href":"https:\/\/cepronda.com\/blog\/wp-json\/wp\/v2\/posts\/7765","targetHints":{"allow":["GET"]}}],"collection":[{"href":"https:\/\/cepronda.com\/blog\/wp-json\/wp\/v2\/posts"}],"about":[{"href":"https:\/\/cepronda.com\/blog\/wp-json\/wp\/v2\/types\/post"}],"author":[{"embeddable":true,"href":"https:\/\/cepronda.com\/blog\/wp-json\/wp\/v2\/users\/13"}],"replies":[{"embeddable":true,"href":"https:\/\/cepronda.com\/blog\/wp-json\/wp\/v2\/comments?post=7765"}],"version-history":[{"count":1,"href":"https:\/\/cepronda.com\/blog\/wp-json\/wp\/v2\/posts\/7765\/revisions"}],"predecessor-version":[{"id":7767,"href":"https:\/\/cepronda.com\/blog\/wp-json\/wp\/v2\/posts\/7765\/revisions\/7767"}],"wp:featuredmedia":[{"embeddable":true,"href":"https:\/\/cepronda.com\/blog\/wp-json\/wp\/v2\/media\/7766"}],"wp:attachment":[{"href":"https:\/\/cepronda.com\/blog\/wp-json\/wp\/v2\/media?parent=7765"}],"wp:term":[{"taxonomy":"category","embeddable":true,"href":"https:\/\/cepronda.com\/blog\/wp-json\/wp\/v2\/categories?post=7765"},{"taxonomy":"post_tag","embeddable":true,"href":"https:\/\/cepronda.com\/blog\/wp-json\/wp\/v2\/tags?post=7765"}],"curies":[{"name":"wp","href":"https:\/\/api.w.org\/{rel}","templated":true}]}}