{"id":7757,"date":"2024-09-27T11:24:49","date_gmt":"2024-09-27T09:24:49","guid":{"rendered":"https:\/\/cepronda.com\/blog\/?p=7757"},"modified":"2025-02-21T11:06:12","modified_gmt":"2025-02-21T10:06:12","slug":"curso-estrategias-de-implementacion-de-un-saac-nivel-ii-con-codigo-252925ic001","status":"publish","type":"post","link":"https:\/\/cepronda.com\/blog\/curso-estrategias-de-implementacion-de-un-saac-nivel-ii-con-codigo-252925ic001\/","title":{"rendered":"CURSO: \u00abESTRATEGIAS\u00a0DE\u00a0IMPLEMENTACI\u00d3N\u00a0DE\u00a0UN\u00a0SAAC\u00a0NIVEL\u00a0II\u00bb,\u00a0con\u00a0c\u00f3digo 252925IC001."},"content":{"rendered":"<div class=\"gmail_attr\" dir=\"ltr\"><\/div>\n<div class=\"gmail_attr\" dir=\"ltr\">Os informamos que se encuentra abierta la inscripci\u00f3n en el\u00a0curso InterCEP, organizado por el CEP de Antequera:<b>\u00a0<\/b><\/div>\n<p><b>\u00abESTRATEGIAS\u00a0DE\u00a0<wbr \/>IMPLEMENTACI\u00d3N\u00a0DE\u00a0UN\u00a0SAAC\u00a0NIVE<wbr \/>L\u00a0II\u00bb<\/b>,\u00a0con\u00a0c\u00f3digo 252925IC001, que se desarrollar\u00e1 en modalidad a distancia en el Aula Virtual de Formaci\u00f3n del Profesorado.<\/p>\n<div><span style=\"font-family: Verdana, Geneva, sans-serif;\">\u00a0<\/span><\/div>\n<div><span style=\"font-family: Verdana, Geneva, sans-serif;\">Curso dirigido al profesorado de las zonas de los CEPs de Ronda, Velez-M\u00e1laga y Antequera.<br \/>\n<\/span><\/p>\n<div dir=\"ltr\">\n<div class=\"gmail_quote\">\n<div>\n<p>&#8211; Inscripciones:\u00a0 del 25\/09\/2024 al 09\/10\/2024.<\/p>\n<p>&#8211; Periodo de realizaci\u00f3n de la actividad:\u00a0\u00a0del14\/10\/2024 al 10\/12\/2024.<\/p>\n<p>Duraci\u00f3n: 30 horas no presenciales (en el aula virtual)<\/p>\n<p>Detalle e inscripci\u00f3n en el siguiente enlace:<br \/>\n<a href=\"https:\/\/www.juntadeandalucia.es\/educacion\/secretariavirtual\/consultaCEP\/actividad\/252925IC001\/\" target=\"_blank\" rel=\"noopener\" data-saferedirecturl=\"https:\/\/www.google.com\/url?q=https:\/\/www.juntadeandalucia.es\/educacion\/secretariavirtual\/consultaCEP\/actividad\/252925IC001\/&amp;source=gmail&amp;ust=1727512698782000&amp;usg=AOvVaw1WO6y6M_Yt-YGE8o76e_Zt\">https:\/\/www.juntadeandalucia.<wbr \/>es\/educacion\/<wbr \/>secretariavirtual\/consultaCEP\/<wbr \/>actividad\/252925IC001\/<\/a><\/p>\n<div><\/div>\n<div>Para cualquier duda, puede contactar con las asesor\u00edas responsables:<\/div>\n<div>&#8211; CEP Antequera: Mar Espejo Duarte (671565070) \/ Carmen L\u00f3pez Pi\u00f1a (671591513)<\/div>\n<div>&#8211; CEP Ronda: Inmaculada Garc\u00eda Dur\u00e1n (671599321)<\/div>\n<div>&#8211; CEP V\u00e9lez-M\u00e1laga: Yolanda Mart\u00edn Moya (697951189)<\/div>\n<\/div>\n<\/div>\n<\/div>\n<\/div>\n<div style=\"text-align: center;\"><\/div>\n<div style=\"text-align: center;\"><a href=\"https:\/\/cepronda.com\/blog\/wp-content\/uploads\/2024\/09\/SAAC-NIVEL-II.pdf\">SAAC NIVEL II<\/a><a href=\"https:\/\/www.juntadeandalucia.es\/educacion\/secretariavirtual\/consultaCEP\/actividad\/252925IC001\/\"><img data-recalc-dims=\"1\" loading=\"lazy\" decoding=\"async\" class=\"aligncenter wp-image-7758\" src=\"https:\/\/i0.wp.com\/cepronda.com\/blog\/wp-content\/uploads\/2024\/09\/SAAC-NIVEL-II.png?resize=500%2C625&#038;ssl=1\" alt=\"\" width=\"500\" height=\"625\" srcset=\"https:\/\/i0.wp.com\/cepronda.com\/blog\/wp-content\/uploads\/2024\/09\/SAAC-NIVEL-II.png?resize=240%2C300&amp;ssl=1 240w, https:\/\/i0.wp.com\/cepronda.com\/blog\/wp-content\/uploads\/2024\/09\/SAAC-NIVEL-II.png?resize=819%2C1024&amp;ssl=1 819w, https:\/\/i0.wp.com\/cepronda.com\/blog\/wp-content\/uploads\/2024\/09\/SAAC-NIVEL-II.png?resize=768%2C960&amp;ssl=1 768w, https:\/\/i0.wp.com\/cepronda.com\/blog\/wp-content\/uploads\/2024\/09\/SAAC-NIVEL-II.png?w=1080&amp;ssl=1 1080w\" sizes=\"auto, (max-width: 500px) 100vw, 500px\" \/><\/a><\/div>\n","protected":false},"excerpt":{"rendered":"<p>Os informamos que se encuentra abierta la inscripci\u00f3n en el\u00a0curso InterCEP, organizado por el CEP de Antequera:\u00a0 \u00abESTRATEGIAS\u00a0DE\u00a0IMPLEMENTACI\u00d3N\u00a0DE\u00a0UN\u00a0SAAC\u00a0NIVEL\u00a0II\u00bb,\u00a0con\u00a0c\u00f3digo 252925IC001, que se desarrollar\u00e1 en modalidad a distancia en el Aula Virtual de Formaci\u00f3n del Profesorado. \u00a0 Curso dirigido al profesorado de las zonas de los CEPs de Ronda, Velez-M\u00e1laga y Antequera. &#8211; Inscripciones:\u00a0 del 25\/09\/2024 al [&hellip;]<\/p>\n","protected":false},"author":9,"featured_media":7758,"comment_status":"closed","ping_status":"open","sticky":false,"template":"","format":"standard","meta":{"_crdt_document":"","advanced_seo_description":"","jetpack_seo_html_title":"","jetpack_seo_noindex":false,"jetpack_post_was_ever_published":false,"_jetpack_newsletter_access":"","_jetpack_dont_email_post_to_subs":false,"_jetpack_newsletter_tier_id":0,"_jetpack_memberships_contains_paywalled_content":false,"_jetpack_memberships_contains_paid_content":false,"footnotes":"","jetpack_publicize_message":"","jetpack_publicize_feature_enabled":true,"jetpack_social_post_already_shared":false,"jetpack_social_options":{"image_generator_settings":{"template":"highway","default_image_id":0,"font":"","enabled":false},"version":2}},"categories":[3],"tags":[126,364,363],"class_list":{"0":"post-7757","1":"post","2":"type-post","3":"status-publish","4":"format-standard","5":"has-post-thumbnail","7":"category-formaciones","8":"tag-atencion-a-la-diversidad","9":"tag-cursos-intercep","10":"tag-ssaa-comunicacion","11":"czr-hentry"},"jetpack_publicize_connections":[],"jetpack_featured_media_url":"https:\/\/i0.wp.com\/cepronda.com\/blog\/wp-content\/uploads\/2024\/09\/SAAC-NIVEL-II.png?fit=1080%2C1350&ssl=1","jetpack_shortlink":"https:\/\/wp.me\/p8M4X7-217","jetpack-related-posts":[{"id":7262,"url":"https:\/\/cepronda.com\/blog\/formacion-estrategias-de-implementacion-de-un-saac-nivel-ii-242922ge048\/","url_meta":{"origin":7757,"position":0},"title":"FORMACI\u00d3N: ESTRATEGIAS DE IMPLEMENTACI\u00d3N DE UN SAAC NIVEL II (242922GE048)","author":"Inmaculada Garc\u00eda","date":"11 diciembre, 2023","format":false,"excerpt":"Abierto el plazo de inscripci\u00f3n para el curso a distancia, provincial: ESTRATEGIAS DE IMPLEMENTACI\u00d3N DE UN SAAC NIVEL II (242922GE048) Duraci\u00f3n: 30 horas Fecha actividad:\u00a022\/01\/2024 hasta 22\/03\/2024 Fecha inscripci\u00f3n: 11\/12\/2023 hasta 11\/01\/2024 Lugar: AVFP( aula virtual de formaci\u00f3n de profesorado) M\u00e1s informaci\u00f3n e inscripci\u00f3n en: https:\/\/bit.ly\/40WsnTT","rel":"","context":"En \u00abFormaciones\u00bb","block_context":{"text":"Formaciones","link":"https:\/\/cepronda.com\/blog\/category\/formaciones\/"},"img":{"alt_text":"","src":"https:\/\/i0.wp.com\/cepronda.com\/blog\/wp-content\/uploads\/2023\/12\/WhatsApp-Image-2023-12-11-at-09.52.45.jpeg?fit=1080%2C1080&ssl=1&resize=350%2C200","width":350,"height":200,"srcset":"https:\/\/i0.wp.com\/cepronda.com\/blog\/wp-content\/uploads\/2023\/12\/WhatsApp-Image-2023-12-11-at-09.52.45.jpeg?fit=1080%2C1080&ssl=1&resize=350%2C200 1x, https:\/\/i0.wp.com\/cepronda.com\/blog\/wp-content\/uploads\/2023\/12\/WhatsApp-Image-2023-12-11-at-09.52.45.jpeg?fit=1080%2C1080&ssl=1&resize=525%2C300 1.5x, https:\/\/i0.wp.com\/cepronda.com\/blog\/wp-content\/uploads\/2023\/12\/WhatsApp-Image-2023-12-11-at-09.52.45.jpeg?fit=1080%2C1080&ssl=1&resize=700%2C400 2x, https:\/\/i0.wp.com\/cepronda.com\/blog\/wp-content\/uploads\/2023\/12\/WhatsApp-Image-2023-12-11-at-09.52.45.jpeg?fit=1080%2C1080&ssl=1&resize=1050%2C600 3x"},"classes":[]},{"id":7230,"url":"https:\/\/cepronda.com\/blog\/estrategias-de-implementacion-de-un-saac-desde-la-metodologia-del-lenguaje-natural-asistido-software-verbo-nivel-i-242925ic001\/","url_meta":{"origin":7757,"position":1},"title":"ESTRATEGIAS DE IMPLEMENTACI\u00d3N DE UN SAAC DESDE LA METODOLOG\u00cdA DEL LENGUAJE NATURAL ASISTIDO (software VERBO). Nivel I. 242925IC001","author":"Inmaculada Garc\u00eda","date":"28 noviembre, 2023","format":false,"excerpt":"Se ha abierto el plazo de inscripci\u00f3n para el curso a distancia \"Estrategias de implementaci\u00f3n de un SAAC desde la metodolog\u00eda del lenguaje natural asistido (software VERBO) Nivel I\", de 30 horas, que se realizar\u00e1 en el Aula Virtual de Formaci\u00f3n del Profesorado. C\u00f3digo: 242925IC001 Plazo de inscripci\u00f3n: del 28\u2026","rel":"","context":"En \u00abFormaciones\u00bb","block_context":{"text":"Formaciones","link":"https:\/\/cepronda.com\/blog\/category\/formaciones\/"},"img":{"alt_text":"","src":"https:\/\/i0.wp.com\/cepronda.com\/blog\/wp-content\/uploads\/2023\/11\/CURSO-SAAC-I.png?fit=960%2C1200&ssl=1&resize=350%2C200","width":350,"height":200,"srcset":"https:\/\/i0.wp.com\/cepronda.com\/blog\/wp-content\/uploads\/2023\/11\/CURSO-SAAC-I.png?fit=960%2C1200&ssl=1&resize=350%2C200 1x, https:\/\/i0.wp.com\/cepronda.com\/blog\/wp-content\/uploads\/2023\/11\/CURSO-SAAC-I.png?fit=960%2C1200&ssl=1&resize=525%2C300 1.5x, https:\/\/i0.wp.com\/cepronda.com\/blog\/wp-content\/uploads\/2023\/11\/CURSO-SAAC-I.png?fit=960%2C1200&ssl=1&resize=700%2C400 2x"},"classes":[]},{"id":8018,"url":"https:\/\/cepronda.com\/blog\/curso-estrategias-de-implementacion-de-un-saac-desde-la-metodologia-del-lenguaje-natural-asistido-software-verbo-nivel-i-con-codigo-252923ge802\/","url_meta":{"origin":7757,"position":2},"title":"CURSO ESTRATEGIAS DE IMPLEMENTACI\u00d3N DE UN SAAC DESDE LA METODOLOG\u00cdA DEL LENGUAJE NATURAL ASISTIDO (Software verbo) NIVEL I, con c\u00f3digo 252923GE802.","author":"Inmaculada Garc\u00eda","date":"9 enero, 2025","format":false,"excerpt":"Abierto el plazo de inscripci\u00f3n para la actividad a distancia provincial: ESTRATEGIAS DE IMPLEMENTACI\u00d3N DE UN SAAC DESDE LA METODOLOG\u00cdA DEL LENGUAJE NATURAL ASISTIDO (Software verbo) NIVEL I, con c\u00f3digo 252923GE802. Lugar de realizaci\u00f3n: AVFP. \u00a0 Fecha actividad: 30\/01\/2025 hasta 27\/03\/2025 Fecha inscripci\u00f3n: 09\/01\/2025 hasta 22\/01\/2025 \u00a0 M\u00e1s informaci\u00f3n e\u2026","rel":"","context":"En \u00abFormaciones\u00bb","block_context":{"text":"Formaciones","link":"https:\/\/cepronda.com\/blog\/category\/formaciones\/"},"img":{"alt_text":"","src":"https:\/\/i0.wp.com\/cepronda.com\/blog\/wp-content\/uploads\/2025\/01\/cartel-estrategias-saac.jpeg?fit=1000%2C1000&ssl=1&resize=350%2C200","width":350,"height":200,"srcset":"https:\/\/i0.wp.com\/cepronda.com\/blog\/wp-content\/uploads\/2025\/01\/cartel-estrategias-saac.jpeg?fit=1000%2C1000&ssl=1&resize=350%2C200 1x, https:\/\/i0.wp.com\/cepronda.com\/blog\/wp-content\/uploads\/2025\/01\/cartel-estrategias-saac.jpeg?fit=1000%2C1000&ssl=1&resize=525%2C300 1.5x, https:\/\/i0.wp.com\/cepronda.com\/blog\/wp-content\/uploads\/2025\/01\/cartel-estrategias-saac.jpeg?fit=1000%2C1000&ssl=1&resize=700%2C400 2x"},"classes":[]},{"id":5515,"url":"https:\/\/cepronda.com\/blog\/estrategias-de-implementacion-de-un-saac-desde-la-metodologia-del-lenguaje-natural-asistido-software-verbo-nivel-1\/","url_meta":{"origin":7757,"position":3},"title":"Estrategias de implementaci\u00f3n de un SAAC desde la metodolog\u00eda del lenguaje natural asistido (Software VERBO). Nivel 1","author":"Inmaculada Garc\u00eda","date":"28 septiembre, 2022","format":false,"excerpt":"Buenas d\u00edas, compa\u00f1eras y compa\u00f1eros. Os\u00a0 informamos que est\u00e1 abierto el plazo de inscripci\u00f3n en el curso provincial presencial:\u00a0 \"Estrategias de implementaci\u00f3n de un SAAC desde la metodolog\u00eda del lenguaje natural asistido (Software VERBO). Nivel 1\", con c\u00f3digo 232922GE064, de 30 horas de duraci\u00f3n. Fecha inscripci\u00f3n: 19\/09\/22 al 30\/09\/22 Fecha\u2026","rel":"","context":"En \u00abFormaciones\u00bb","block_context":{"text":"Formaciones","link":"https:\/\/cepronda.com\/blog\/category\/formaciones\/"},"img":{"alt_text":"","src":"https:\/\/i0.wp.com\/cepronda.com\/blog\/wp-content\/uploads\/2022\/09\/WhatsApp-Image-2022-09-16-at-13.18.39.jpeg?fit=1080%2C1080&ssl=1&resize=350%2C200","width":350,"height":200,"srcset":"https:\/\/i0.wp.com\/cepronda.com\/blog\/wp-content\/uploads\/2022\/09\/WhatsApp-Image-2022-09-16-at-13.18.39.jpeg?fit=1080%2C1080&ssl=1&resize=350%2C200 1x, https:\/\/i0.wp.com\/cepronda.com\/blog\/wp-content\/uploads\/2022\/09\/WhatsApp-Image-2022-09-16-at-13.18.39.jpeg?fit=1080%2C1080&ssl=1&resize=525%2C300 1.5x, https:\/\/i0.wp.com\/cepronda.com\/blog\/wp-content\/uploads\/2022\/09\/WhatsApp-Image-2022-09-16-at-13.18.39.jpeg?fit=1080%2C1080&ssl=1&resize=700%2C400 2x, https:\/\/i0.wp.com\/cepronda.com\/blog\/wp-content\/uploads\/2022\/09\/WhatsApp-Image-2022-09-16-at-13.18.39.jpeg?fit=1080%2C1080&ssl=1&resize=1050%2C600 3x"},"classes":[]},{"id":7334,"url":"https:\/\/cepronda.com\/blog\/el-aprendizaje-cooperativo-como-estrategia-de-gestion-del-aula\/","url_meta":{"origin":7757,"position":4},"title":"\u00abEL APRENDIZAJE COOPERATIVO COMO ESTRATEGIA DE GESTI\u00d3N DEL AULA\u00bb","author":"Mamen Moreno","date":"12 enero, 2024","format":false,"excerpt":"Abierto el plazo para la inscripci\u00f3n de la actividad provincial, organizada por el CEP de Antequera: \"EL APRENDIZAJE COOPERATIVO COMO ESTRATEGIA DE GESTI\u00d3N DEL AULA\" , c\u00f3digo: 242925GE206, dirigido a docentes de centros p\u00fablicos. El curso, de modalidad a distancia, se desarrollar\u00e1 en el Aula Virtual de Formaci\u00f3n del Profesorado,\u2026","rel":"","context":"En \u00abFormaciones\u00bb","block_context":{"text":"Formaciones","link":"https:\/\/cepronda.com\/blog\/category\/formaciones\/"},"img":{"alt_text":"","src":"https:\/\/i0.wp.com\/cepronda.com\/blog\/wp-content\/uploads\/2024\/01\/WhatsApp-Image-2024-01-12-at-13.05.43.jpeg?fit=1080%2C1080&ssl=1&resize=350%2C200","width":350,"height":200,"srcset":"https:\/\/i0.wp.com\/cepronda.com\/blog\/wp-content\/uploads\/2024\/01\/WhatsApp-Image-2024-01-12-at-13.05.43.jpeg?fit=1080%2C1080&ssl=1&resize=350%2C200 1x, https:\/\/i0.wp.com\/cepronda.com\/blog\/wp-content\/uploads\/2024\/01\/WhatsApp-Image-2024-01-12-at-13.05.43.jpeg?fit=1080%2C1080&ssl=1&resize=525%2C300 1.5x, https:\/\/i0.wp.com\/cepronda.com\/blog\/wp-content\/uploads\/2024\/01\/WhatsApp-Image-2024-01-12-at-13.05.43.jpeg?fit=1080%2C1080&ssl=1&resize=700%2C400 2x, https:\/\/i0.wp.com\/cepronda.com\/blog\/wp-content\/uploads\/2024\/01\/WhatsApp-Image-2024-01-12-at-13.05.43.jpeg?fit=1080%2C1080&ssl=1&resize=1050%2C600 3x"},"classes":[]},{"id":7834,"url":"https:\/\/cepronda.com\/blog\/curso-provincial-gestion-economica-para-secretarias-con-codigo-259924kpf230\/","url_meta":{"origin":7757,"position":5},"title":"Curso provincial: \u00abGESTI\u00d3N ECON\u00d3MICA PARA SECRETAR\u00cdAS\u00bb, con c\u00f3digo 259924KPF230.","author":"Inmaculada Garc\u00eda","date":"4 noviembre, 2024","format":false,"excerpt":"Informamos que se ha abierto el plazo de inscripci\u00f3n en el curso provincial: \"GESTI\u00d3N ECON\u00d3MICA PARA SECRETAR\u00cdAS\", con c\u00f3digo 259924KPF230. \u270f\ufe0fFecha inscripci\u00f3n: 04\/11\/2024 hasta 22\/11\/2024. Fecha actividad: 26\/11\/2024 hasta 21\/01\/2025 \u27a1\ufe0fLugar: Aula Virtual de Formaci\u00f3n del Profesorado. Duraci\u00f3n del curso: 40 horas M\u00e1s informaci\u00f3n e inscripci\u00f3n:\u00a0https:\/\/www.juntadeandalucia.es\/educacion\/secretariavirtual\/consultaCEP\/actividad\/259924KPF230\/","rel":"","context":"En \u00abFormaciones\u00bb","block_context":{"text":"Formaciones","link":"https:\/\/cepronda.com\/blog\/category\/formaciones\/"},"img":{"alt_text":"","src":"https:\/\/i0.wp.com\/cepronda.com\/blog\/wp-content\/uploads\/2024\/11\/CARTEL-GESTION-ECONOMICA-PARA-SECRETARIAS.jpg?fit=848%2C1200&ssl=1&resize=350%2C200","width":350,"height":200,"srcset":"https:\/\/i0.wp.com\/cepronda.com\/blog\/wp-content\/uploads\/2024\/11\/CARTEL-GESTION-ECONOMICA-PARA-SECRETARIAS.jpg?fit=848%2C1200&ssl=1&resize=350%2C200 1x, https:\/\/i0.wp.com\/cepronda.com\/blog\/wp-content\/uploads\/2024\/11\/CARTEL-GESTION-ECONOMICA-PARA-SECRETARIAS.jpg?fit=848%2C1200&ssl=1&resize=525%2C300 1.5x, https:\/\/i0.wp.com\/cepronda.com\/blog\/wp-content\/uploads\/2024\/11\/CARTEL-GESTION-ECONOMICA-PARA-SECRETARIAS.jpg?fit=848%2C1200&ssl=1&resize=700%2C400 2x"},"classes":[]}],"jetpack_sharing_enabled":true,"_links":{"self":[{"href":"https:\/\/cepronda.com\/blog\/wp-json\/wp\/v2\/posts\/7757","targetHints":{"allow":["GET"]}}],"collection":[{"href":"https:\/\/cepronda.com\/blog\/wp-json\/wp\/v2\/posts"}],"about":[{"href":"https:\/\/cepronda.com\/blog\/wp-json\/wp\/v2\/types\/post"}],"author":[{"embeddable":true,"href":"https:\/\/cepronda.com\/blog\/wp-json\/wp\/v2\/users\/9"}],"replies":[{"embeddable":true,"href":"https:\/\/cepronda.com\/blog\/wp-json\/wp\/v2\/comments?post=7757"}],"version-history":[{"count":1,"href":"https:\/\/cepronda.com\/blog\/wp-json\/wp\/v2\/posts\/7757\/revisions"}],"predecessor-version":[{"id":7760,"href":"https:\/\/cepronda.com\/blog\/wp-json\/wp\/v2\/posts\/7757\/revisions\/7760"}],"wp:featuredmedia":[{"embeddable":true,"href":"https:\/\/cepronda.com\/blog\/wp-json\/wp\/v2\/media\/7758"}],"wp:attachment":[{"href":"https:\/\/cepronda.com\/blog\/wp-json\/wp\/v2\/media?parent=7757"}],"wp:term":[{"taxonomy":"category","embeddable":true,"href":"https:\/\/cepronda.com\/blog\/wp-json\/wp\/v2\/categories?post=7757"},{"taxonomy":"post_tag","embeddable":true,"href":"https:\/\/cepronda.com\/blog\/wp-json\/wp\/v2\/tags?post=7757"}],"curies":[{"name":"wp","href":"https:\/\/api.w.org\/{rel}","templated":true}]}}