{"id":775,"date":"2017-04-17T17:33:31","date_gmt":"2017-04-17T15:33:31","guid":{"rendered":"http:\/\/cepronda.com\/blog\/?p=775"},"modified":"2025-04-28T12:06:21","modified_gmt":"2025-04-28T10:06:21","slug":"orquideas-de-ronda","status":"publish","type":"post","link":"https:\/\/cepronda.com\/blog\/orquideas-de-ronda\/","title":{"rendered":"Orqu\u00eddeas de Ronda"},"content":{"rendered":"<p>Buenas<\/p>\n<p>El s\u00e1bado 22 de abril, en la Finca Algaba de Ronda, se realizar\u00e1n unas Jornadas sobre orqu\u00eddeas de la zona de Ronda.<\/p>\n<p>Empezaremos con una conferencia, a cargo de D. Jos\u00e9 Antonio D\u00edaz Romera y terminaremos con una salida en busca de algunas especies.<\/p>\n<p>Se recomienda llevar ropa y calzado adecuado.<\/p>\n<p>M\u00e1s informaci\u00f3n e inscripci\u00f3n pinchando <a href=\"https:\/\/www.juntadeandalucia.es\/educacion\/secretariavirtual\/consultaCEP\/actividad\/172924GE053\/\" target=\"_blank\" rel=\"noopener noreferrer\">AQU\u00cd<\/a><\/p>\n","protected":false},"excerpt":{"rendered":"<p>Buenas El s\u00e1bado 22 de abril, en la Finca Algaba de Ronda, se realizar\u00e1n unas Jornadas sobre orqu\u00eddeas de la zona de Ronda. Empezaremos con una conferencia, a cargo de D. Jos\u00e9 Antonio D\u00edaz Romera y terminaremos con una salida en busca de algunas especies. Se recomienda llevar ropa y calzado adecuado. M\u00e1s informaci\u00f3n e [&hellip;]<\/p>\n","protected":false},"author":3,"featured_media":1001,"comment_status":"open","ping_status":"open","sticky":false,"template":"","format":"standard","meta":{"_crdt_document":"","advanced_seo_description":"","jetpack_seo_html_title":"","jetpack_seo_noindex":false,"jetpack_post_was_ever_published":false,"_jetpack_newsletter_access":"","_jetpack_dont_email_post_to_subs":false,"_jetpack_newsletter_tier_id":0,"_jetpack_memberships_contains_paywalled_content":false,"_jetpack_memberships_contains_paid_content":false,"footnotes":"","jetpack_publicize_message":"","jetpack_publicize_feature_enabled":true,"jetpack_social_post_already_shared":false,"jetpack_social_options":{"image_generator_settings":{"template":"highway","default_image_id":0,"font":"","enabled":false},"version":2}},"categories":[5],"tags":[14,174,50,55],"class_list":{"0":"post-775","1":"post","2":"type-post","3":"status-publish","4":"format-standard","5":"has-post-thumbnail","7":"category-noticias","8":"tag-ciencias","9":"tag-jornadas","10":"tag-naturaleza","11":"tag-orquideas","12":"czr-hentry"},"jetpack_publicize_connections":[],"jetpack_featured_media_url":"https:\/\/i0.wp.com\/cepronda.com\/blog\/wp-content\/uploads\/2017\/04\/orchid-233425_640-e1495712671573.jpg?fit=500%2C334&ssl=1","jetpack_shortlink":"https:\/\/wp.me\/p8M4X7-cv","jetpack-related-posts":[{"id":282,"url":"https:\/\/cepronda.com\/blog\/i-jornadas-cpr-serrania-de-ronda\/","url_meta":{"origin":775,"position":0},"title":"I Jornadas CPR Serran\u00eda de Ronda","author":"V\u00edctor Caballero","date":"8 noviembre, 2016","format":false,"excerpt":"Ayer lunes por la tarde tuvimos la gran suerte de poder asistir a la primera sesi\u00f3n de las I Jornadas de CPR de la Serran\u00eda de Ronda. Fu\u00e9 un gran \u00e9xito de asistencia, ya que tuvimos a 50 asistentes a la misma, y creemos que los ponentes que tuvimos la\u2026","rel":"","context":"En \u00abNoticias\u00bb","block_context":{"text":"Noticias","link":"https:\/\/cepronda.com\/blog\/category\/noticias\/"},"img":{"alt_text":"","src":"","width":0,"height":0},"classes":[]},{"id":3156,"url":"https:\/\/cepronda.com\/blog\/bienal-internacional-de-cine-cientifico-ronda-madrid-mexico\/","url_meta":{"origin":775,"position":1},"title":"Bienal internacional de cine cient\u00edfico Ronda-Madrid M\u00e9xico","author":"V\u00edctor Caballero","date":"19 noviembre, 2019","format":false,"excerpt":"Desde la Asociaci\u00f3n Astron\u00f3mica Abb\u00e1s Ibn Firn\u00e1s de Ronda, Grupo de Conservadores del Legado de Cayetano Arroyo y Grupo de Conservadores de Legado de Paco Marin.\u00a0 Os invitamos a participar en las \"Jornadas de la Previa al Certamen de Cine Cient\u00edfico 2020\", que tendr\u00e1n lugar los d\u00edas 27, 28 y\u2026","rel":"","context":"En \u00abNoticias\u00bb","block_context":{"text":"Noticias","link":"https:\/\/cepronda.com\/blog\/category\/noticias\/"},"img":{"alt_text":"","src":"","width":0,"height":0},"classes":[]},{"id":222,"url":"https:\/\/cepronda.com\/blog\/i-jornada-cpr-serrania-de-ronda\/","url_meta":{"origin":775,"position":2},"title":"I Jornada CPR Serran\u00eda de Ronda","author":"V\u00edctor Caballero","date":"17 octubre, 2016","format":false,"excerpt":"Hola \"compis\", \u00bfQu\u00e9 tal vuestro fin de semana? Seguro que hab\u00e9is recargado pilas... Para todo el profesorado que trabaje en centros rurales, tanto CPR como centros que tengan al alumnado agrupado por ciclos en clase, hemos preparado las I Jornadas CPR Serran\u00eda de Ronda, donde queremos crear ese espacio de\u2026","rel":"","context":"En \u00abNoticias\u00bb","block_context":{"text":"Noticias","link":"https:\/\/cepronda.com\/blog\/category\/noticias\/"},"img":{"alt_text":"tree-996311_640","src":"https:\/\/i0.wp.com\/cepronda.com\/blog\/wp-content\/uploads\/2016\/10\/tree-996311_640-300x153.jpg?resize=350%2C200","width":350,"height":200},"classes":[]},{"id":9259,"url":"https:\/\/cepronda.com\/blog\/jornadas-provinciales-asadipre-genesis-de-la-direccion-escolar\/","url_meta":{"origin":775,"position":3},"title":"JORNADAS PROVINCIALES ASADIPRE: G\u00c9NESIS DE LA DIRECCI\u00d3N ESCOLAR","author":"Inmaculada Garc\u00eda","date":"27 enero, 2026","format":false,"excerpt":"En breve se abre el plazo de inscripci\u00f3n a las jornadas provinciales: JORNADAS PROVINCIALES ASADIPRE: G\u00c9NESIS DE LA DIRECCI\u00d3N ESCOLAR, c\u00f3digo: 262924GE003. Actividad presencial con una dedicaci\u00f3n de 8h, dirigida a Equipos Directivos. Las jornadas tendr\u00e1n lugar en el Palacio de Ferias y Congresos Convento de Santo Domingo en Ronda,\u2026","rel":"","context":"En \u00abFormaciones\u00bb","block_context":{"text":"Formaciones","link":"https:\/\/cepronda.com\/blog\/category\/formaciones\/"},"img":{"alt_text":"","src":"https:\/\/i0.wp.com\/cepronda.com\/blog\/wp-content\/uploads\/2026\/01\/jornadas-provinciales-de-asadipre-malaga.jpg?fit=960%2C1200&ssl=1&resize=350%2C200","width":350,"height":200,"srcset":"https:\/\/i0.wp.com\/cepronda.com\/blog\/wp-content\/uploads\/2026\/01\/jornadas-provinciales-de-asadipre-malaga.jpg?fit=960%2C1200&ssl=1&resize=350%2C200 1x, https:\/\/i0.wp.com\/cepronda.com\/blog\/wp-content\/uploads\/2026\/01\/jornadas-provinciales-de-asadipre-malaga.jpg?fit=960%2C1200&ssl=1&resize=525%2C300 1.5x, https:\/\/i0.wp.com\/cepronda.com\/blog\/wp-content\/uploads\/2026\/01\/jornadas-provinciales-de-asadipre-malaga.jpg?fit=960%2C1200&ssl=1&resize=700%2C400 2x"},"classes":[]},{"id":373,"url":"https:\/\/cepronda.com\/blog\/fotos-de-la-sesion-final-de-ayer-en-algatocin\/","url_meta":{"origin":775,"position":4},"title":"Fotos de la sesi\u00f3n final de ayer en Algatoc\u00edn","author":"V\u00edctor Caballero","date":"22 noviembre, 2016","format":false,"excerpt":"\u00a1Hola familia! Os dejo con algunas de las fotos que hicimos en la jornada de ayer, donde concluimos las I Jornadas de CPR de la Serran\u00eda de Ronda. \u00a0Fue una tarde dif\u00edcil meteorol\u00f3gicamente, pero creemos sinceramente que fue muy productiva. Desde aqu\u00ed agradecer tanto a los ponentes de ayer, como\u2026","rel":"","context":"En \u00abNoticias\u00bb","block_context":{"text":"Noticias","link":"https:\/\/cepronda.com\/blog\/category\/noticias\/"},"img":{"alt_text":"","src":"","width":0,"height":0},"classes":[]},{"id":3000,"url":"https:\/\/cepronda.com\/blog\/aplazada-la-jornada-informativa-sobre-las-formaciones-en-centro-y-los-grupos-de-trabajo\/","url_meta":{"origin":775,"position":5},"title":"Aplazada la Jornada informativa sobre las Formaciones en Centro y los Grupos de Trabajo","author":"V\u00edctor Caballero","date":"17 septiembre, 2019","format":false,"excerpt":"Desde el CEP de Ronda, se informa a todos los Centros que se aplaza al jueves 26\/09\/2019 las JORNADAS GRUPOS DE TRABAJO, FORMACI\u00d3N EN CENTROS, PLANES Y PROGRAMAS que ten\u00edan fecha el 19\/09\/2019 por no salir las instrucciones normativas que la regulan. Esperamos a que salgan pronto, pero a\u00fan no\u2026","rel":"","context":"En \u00abFormaciones\u00bb","block_context":{"text":"Formaciones","link":"https:\/\/cepronda.com\/blog\/category\/formaciones\/"},"img":{"alt_text":"","src":"","width":0,"height":0},"classes":[]}],"jetpack_sharing_enabled":true,"_links":{"self":[{"href":"https:\/\/cepronda.com\/blog\/wp-json\/wp\/v2\/posts\/775","targetHints":{"allow":["GET"]}}],"collection":[{"href":"https:\/\/cepronda.com\/blog\/wp-json\/wp\/v2\/posts"}],"about":[{"href":"https:\/\/cepronda.com\/blog\/wp-json\/wp\/v2\/types\/post"}],"author":[{"embeddable":true,"href":"https:\/\/cepronda.com\/blog\/wp-json\/wp\/v2\/users\/3"}],"replies":[{"embeddable":true,"href":"https:\/\/cepronda.com\/blog\/wp-json\/wp\/v2\/comments?post=775"}],"version-history":[{"count":2,"href":"https:\/\/cepronda.com\/blog\/wp-json\/wp\/v2\/posts\/775\/revisions"}],"predecessor-version":[{"id":1002,"href":"https:\/\/cepronda.com\/blog\/wp-json\/wp\/v2\/posts\/775\/revisions\/1002"}],"wp:featuredmedia":[{"embeddable":true,"href":"https:\/\/cepronda.com\/blog\/wp-json\/wp\/v2\/media\/1001"}],"wp:attachment":[{"href":"https:\/\/cepronda.com\/blog\/wp-json\/wp\/v2\/media?parent=775"}],"wp:term":[{"taxonomy":"category","embeddable":true,"href":"https:\/\/cepronda.com\/blog\/wp-json\/wp\/v2\/categories?post=775"},{"taxonomy":"post_tag","embeddable":true,"href":"https:\/\/cepronda.com\/blog\/wp-json\/wp\/v2\/tags?post=775"}],"curies":[{"name":"wp","href":"https:\/\/api.w.org\/{rel}","templated":true}]}}