{"id":7712,"date":"2024-09-19T12:54:48","date_gmt":"2024-09-19T10:54:48","guid":{"rendered":"https:\/\/cepronda.com\/blog\/?p=7712"},"modified":"2025-04-28T11:55:15","modified_gmt":"2025-04-28T09:55:15","slug":"convocatoria-regional-de-cursos-avfp-curso-2024-25","status":"publish","type":"post","link":"https:\/\/cepronda.com\/blog\/convocatoria-regional-de-cursos-avfp-curso-2024-25\/","title":{"rendered":"CONVOCATORIA REGIONAL DE CURSOS AVFP. CURSO 2024\/25."},"content":{"rendered":"<div class=\"\" data-block=\"true\" data-editor=\"2b8ia\" data-offset-key=\"efk52-0-0\">\n<h1 class=\"_1mf _1mj\" style=\"text-align: center;\" data-offset-key=\"efk52-0-0\"><span data-offset-key=\"efk52-0-0\">\u00a0 \u00a0<strong> CONVOCATORIA REGIONAL DE CURSOS AVFP<\/strong><\/span><\/h1>\n<\/div>\n<div class=\"\" data-block=\"true\" data-editor=\"2b8ia\" data-offset-key=\"7aeku-0-0\">\n<div class=\"_1mf _1mj\" data-offset-key=\"7aeku-0-0\"><span data-offset-key=\"7aeku-0-0\">\u00a0<\/span><\/div>\n<\/div>\n<div class=\"\" data-block=\"true\" data-editor=\"2b8ia\" data-offset-key=\"eqi91-0-0\">\n<div class=\"_1mf _1mj\" data-offset-key=\"eqi91-0-0\"><span data-offset-key=\"eqi91-0-0\">Os informamos que se encuentra abierto el plazo de inscripci\u00f3n en la convocatoria de cursos regional. La superaci\u00f3n de estos cursos supone la certificaci\u00f3n de diversos niveles de Competencia Digital Docente. <\/span><\/div>\n<\/div>\n<div data-offset-key=\"5i26v-0-0\"><\/div>\n<div data-offset-key=\"5i26v-0-0\"><\/div>\n<div data-offset-key=\"5i26v-0-0\">\n<div data-block=\"true\" data-editor=\"2b8ia\" data-offset-key=\"42b9o-0-0\"><span style=\"font-weight: inherit;\">&#8211; HERRAMIENTAS DIGITALES APLICADAS A LA DOCENCIA EN LA FORMACI\u00d3N PROFESIONAL, <\/span><span style=\"font-weight: inherit;\" data-offset-key=\"a7har-0-0\">con c\u00f3digo 259918KPF498.<\/span><\/div>\n<div data-block=\"true\" data-editor=\"2b8ia\" data-offset-key=\"42b9o-0-0\">\n<div data-block=\"true\" data-editor=\"2b8ia\" data-offset-key=\"42b9o-0-0\">\n<div class=\"\" data-block=\"true\" data-editor=\"2b8ia\" data-offset-key=\"j60t-0-0\">\n<div class=\"_1mf _1mj\" data-offset-key=\"j60t-0-0\"><span data-offset-key=\"j60t-0-0\">Curso Regional a Distancia (AVFP) de 50 horas. <\/span><\/div>\n<\/div>\n<div class=\"\" data-block=\"true\" data-editor=\"2b8ia\" data-offset-key=\"5jfj9-0-0\">\n<div class=\"_1mf _1mj\" data-offset-key=\"5jfj9-0-0\"><span data-offset-key=\"5jfj9-0-0\"> Fecha inscripci\u00f3n del 16\/09\/2024 hasta 27\/09\/2024.<\/span><\/div>\n<\/div>\n<div class=\"\" data-block=\"true\" data-editor=\"2b8ia\" data-offset-key=\"nft7-0-0\">\n<div class=\"_1mf _1mj\" data-offset-key=\"nft7-0-0\"><span data-offset-key=\"nft7-0-0\"> Fecha actividad 01\/10\/2024 hasta 12\/12\/2024.<\/span><\/div>\n<\/div>\n<div class=\"\" data-block=\"true\" data-editor=\"2b8ia\" data-offset-key=\"cbhg8-0-0\">\n<div class=\"_1mf _1mj\" data-offset-key=\"cbhg8-0-0\"><span data-offset-key=\"cbhg8-0-0\">\u2795M\u00e1s informaci\u00f3n e inscripci\u00f3n en: <a title=\"https:\/\/www.juntadeandalucia.es\/educacion\/secretariavirtual\/consultaCEP\/actividad\/259918KPF498\/\" href=\"https:\/\/www.juntadeandalucia.es\/educacion\/secretariavirtual\/consultaCEP\/actividad\/259918KPF498\/\">https:\/\/www.juntadeandalucia.es\/educacion\/secretariavirtual\/consultaCEP\/actividad\/259918KPF498\/<\/a><\/span><\/div>\n<div data-offset-key=\"cbhg8-0-0\"><\/div>\n<\/div>\n<\/div>\n<\/div>\n<\/div>\n<div class=\"\" data-block=\"true\" data-editor=\"2b8ia\" data-offset-key=\"1o997-0-0\">\n<div class=\"_1mf _1mj\" data-offset-key=\"1o997-0-0\">\n<div data-offset-key=\"cbhg8-0-0\">\n<div data-block=\"true\" data-editor=\"2b8ia\" data-offset-key=\"42b9o-0-0\">\n<div data-block=\"true\" data-editor=\"2b8ia\" data-offset-key=\"42b9o-0-0\">\n<div data-block=\"true\" data-editor=\"2b8ia\" data-offset-key=\"42b9o-0-0\">\n<div data-offset-key=\"cbhg8-0-0\">\n<div data-block=\"true\" data-editor=\"2b8ia\" data-offset-key=\"42b9o-0-0\">\n<div data-block=\"true\" data-editor=\"2b8ia\" data-offset-key=\"42b9o-0-0\">\n<div data-block=\"true\" data-editor=\"2b8ia\" data-offset-key=\"42b9o-0-0\">&#8211; INTELIGENCIA ARTIFICIAL EN EDUCACI\u00d3N: HERRAMIENTAS E IDEAS PARA SU USO EN NUESTRA AULA, <span data-offset-key=\"a7har-0-0\">con c\u00f3digo 259926KPF499.<\/span><\/div>\n<div data-block=\"true\" data-editor=\"2b8ia\" data-offset-key=\"42b9o-0-0\">\n<div class=\"\" data-block=\"true\" data-editor=\"2b8ia\" data-offset-key=\"j60t-0-0\">\n<div class=\"_1mf _1mj\" data-offset-key=\"j60t-0-0\"><span data-offset-key=\"j60t-0-0\">Curso Regional a Distancia (AVFP) de 40 horas. <\/span><\/div>\n<\/div>\n<div class=\"\" data-block=\"true\" data-editor=\"2b8ia\" data-offset-key=\"5jfj9-0-0\">\n<div class=\"_1mf _1mj\" data-offset-key=\"5jfj9-0-0\"><span data-offset-key=\"5jfj9-0-0\">Fecha inscripci\u00f3n del 16\/09\/2024 hasta 26\/09\/2024.<\/span><\/div>\n<\/div>\n<div class=\"\" data-block=\"true\" data-editor=\"2b8ia\" data-offset-key=\"nft7-0-0\">\n<div class=\"_1mf _1mj\" data-offset-key=\"nft7-0-0\"><span data-offset-key=\"nft7-0-0\">Fecha actividad 01\/10\/2024 hasta 25\/11\/2024.<\/span><\/div>\n<\/div>\n<div class=\"\" data-block=\"true\" data-editor=\"2b8ia\" data-offset-key=\"cbhg8-0-0\">\n<div class=\"_1mf _1mj\" data-offset-key=\"cbhg8-0-0\"><span data-offset-key=\"cbhg8-0-0\">\u2795M\u00e1s informaci\u00f3n e inscripci\u00f3n en: <a title=\"https:\/\/www.juntadeandalucia.es\/educacion\/secretariavirtual\/consultaCEP\/actividad\/259926KPF499\/\" href=\"https:\/\/www.juntadeandalucia.es\/educacion\/secretariavirtual\/consultaCEP\/actividad\/259926KPF499\/\">https:\/\/www.juntadeandalucia.es\/educacion\/secretariavirtual\/consultaCEP\/actividad\/259926KPF499\/<\/a><\/span><\/div>\n<\/div>\n<\/div>\n<\/div>\n<\/div>\n<\/div>\n<\/div>\n<\/div>\n<\/div>\n<\/div>\n<div data-offset-key=\"cbhg8-0-0\"><\/div>\n<\/div>\n<\/div>\n<div class=\"\" data-block=\"true\" data-editor=\"2b8ia\" data-offset-key=\"7gbqa-0-0\"><span data-offset-key=\"7gbqa-0-0\">&#8211; INTELIGENCIA ARTIFICIAL EN PRIMARIA, con c\u00f3digo 259914KPF500.<\/span><\/div>\n<div class=\"\" data-block=\"true\" data-editor=\"2b8ia\" data-offset-key=\"5n57f-0-0\">\n<div class=\"_1mf _1mj\" data-offset-key=\"5n57f-0-0\"><span data-offset-key=\"5n57f-0-0\">\u00a0<\/span><span style=\"font-weight: inherit;\">Curso Regional a Distancia (AVFP) de 60 horas.<\/span><\/div>\n<\/div>\n<div class=\"\" data-block=\"true\" data-editor=\"2b8ia\" data-offset-key=\"al60q-0-0\">\n<div class=\"_1mf _1mj\" data-offset-key=\"al60q-0-0\"><span data-offset-key=\"al60q-0-0\">Fecha inscripci\u00f3n del 16\/09\/2024 al 25\/09\/2024.<\/span><\/div>\n<\/div>\n<div class=\"\" data-block=\"true\" data-editor=\"2b8ia\" data-offset-key=\"c5te2-0-0\">\n<div class=\"_1mf _1mj\" data-offset-key=\"c5te2-0-0\"><span data-offset-key=\"c5te2-0-0\">Fecha actividad del 01\/10\/2024 al 02\/12\/2024<\/span><\/div>\n<\/div>\n<div class=\"\" data-block=\"true\" data-editor=\"2b8ia\" data-offset-key=\"f4lc1-0-0\">\n<div class=\"_1mf _1mj\" data-offset-key=\"f4lc1-0-0\"><span data-offset-key=\"f4lc1-0-0\">\u2795M\u00e1s informaci\u00f3n e inscripci\u00f3n en: <a href=\"https:\/\/www.juntadeandalucia.es\/educacion\/secretariavirtual\/consultaCEP\/actividad\/259914KPF500\/\">https:\/\/www.juntadeandalucia.es\/educacion\/secretariavirtual\/consultaCEP\/actividad\/259914KPF500\/<\/a><\/span><\/div>\n<\/div>\n<div class=\"_1mf _1mj\" data-offset-key=\"5pk6a-0-0\"><\/div>\n<div data-offset-key=\"5pk6a-0-0\">\n<div data-offset-key=\"cbhg8-0-0\">\n<div data-block=\"true\" data-editor=\"2b8ia\" data-offset-key=\"42b9o-0-0\">\n<div data-block=\"true\" data-editor=\"2b8ia\" data-offset-key=\"42b9o-0-0\">\n<div data-block=\"true\" data-editor=\"2b8ia\" data-offset-key=\"42b9o-0-0\">\n<div data-offset-key=\"cbhg8-0-0\">\n<div data-block=\"true\" data-editor=\"2b8ia\" data-offset-key=\"42b9o-0-0\">\n<div data-block=\"true\" data-editor=\"2b8ia\" data-offset-key=\"42b9o-0-0\">\n<div data-block=\"true\" data-editor=\"2b8ia\" data-offset-key=\"42b9o-0-0\">&#8211; INTELIGENCIA ARTIFICIAL EN SECUNDARIA, <span data-offset-key=\"a7har-0-0\">con c\u00f3digo 259912KPF501.<\/span><\/div>\n<div data-block=\"true\" data-editor=\"2b8ia\" data-offset-key=\"42b9o-0-0\">\n<div class=\"\" data-block=\"true\" data-editor=\"2b8ia\" data-offset-key=\"j60t-0-0\">\n<div class=\"_1mf _1mj\" data-offset-key=\"j60t-0-0\"><span data-offset-key=\"j60t-0-0\">Curso Regional a Distancia (AVFP) de 30 horas. <\/span><\/div>\n<\/div>\n<div class=\"\" data-block=\"true\" data-editor=\"2b8ia\" data-offset-key=\"5jfj9-0-0\">\n<div class=\"_1mf _1mj\" data-offset-key=\"5jfj9-0-0\"><span data-offset-key=\"5jfj9-0-0\">Fecha inscripci\u00f3n del 16\/09\/2024 hasta 26\/09\/2024.<\/span><\/div>\n<\/div>\n<div class=\"\" data-block=\"true\" data-editor=\"2b8ia\" data-offset-key=\"nft7-0-0\">\n<div class=\"_1mf _1mj\" data-offset-key=\"nft7-0-0\"><span data-offset-key=\"nft7-0-0\">Fecha actividad 01\/10\/2024 hasta 02\/12\/2024.<\/span><\/div>\n<\/div>\n<div class=\"\" data-block=\"true\" data-editor=\"2b8ia\" data-offset-key=\"cbhg8-0-0\">\n<div class=\"_1mf _1mj\" data-offset-key=\"cbhg8-0-0\"><span data-offset-key=\"cbhg8-0-0\">\u2795M\u00e1s informaci\u00f3n e inscripci\u00f3n en: <a title=\"https:\/\/www.juntadeandalucia.es\/educacion\/secretariavirtual\/consultaCEP\/actividad\/259912KPF501\/\" href=\"https:\/\/www.juntadeandalucia.es\/educacion\/secretariavirtual\/consultaCEP\/actividad\/259912KPF501\/\">https:\/\/www.juntadeandalucia.es\/educacion\/secretariavirtual\/consultaCEP\/actividad\/259912KPF501\/<\/a><\/span><\/div>\n<div data-offset-key=\"cbhg8-0-0\"><\/div>\n<\/div>\n<div data-offset-key=\"cbhg8-0-0\">\n<div class=\"\" data-block=\"true\" data-editor=\"2b8ia\" data-offset-key=\"7gbqa-0-0\"><span data-offset-key=\"7gbqa-0-0\">&#8211; KIT DE HERRAMIENTAS DIGITALES PARA PROFESORADO &#8211; EDUCACI\u00d3N INFANTIL 0-3 A\u00d1OS, con c\u00f3digo 259911KPF502<\/span><\/div>\n<div class=\"\" data-block=\"true\" data-editor=\"2b8ia\" data-offset-key=\"5n57f-0-0\">\n<div class=\"_1mf _1mj\" data-offset-key=\"5n57f-0-0\"><span data-offset-key=\"5n57f-0-0\">\u00a0<\/span><span style=\"font-weight: inherit;\">Curso Regional a Distancia (AVFP) de 40 horas.<\/span><\/div>\n<\/div>\n<div class=\"\" data-block=\"true\" data-editor=\"2b8ia\" data-offset-key=\"al60q-0-0\">\n<div class=\"_1mf _1mj\" data-offset-key=\"al60q-0-0\"><span data-offset-key=\"al60q-0-0\">Fecha inscripci\u00f3n del 16\/09\/2024 al 27\/09\/2024.<\/span><\/div>\n<\/div>\n<div class=\"\" data-block=\"true\" data-editor=\"2b8ia\" data-offset-key=\"c5te2-0-0\">\n<div class=\"_1mf _1mj\" data-offset-key=\"c5te2-0-0\"><span data-offset-key=\"c5te2-0-0\">Fecha actividad del 01\/10\/2024 al18\/11\/2024<\/span><\/div>\n<\/div>\n<div class=\"\" data-block=\"true\" data-editor=\"2b8ia\" data-offset-key=\"f4lc1-0-0\">\n<div class=\"_1mf _1mj\" data-offset-key=\"f4lc1-0-0\"><span data-offset-key=\"f4lc1-0-0\">\u2795M\u00e1s informaci\u00f3n e inscripci\u00f3n en: <a title=\"https:\/\/www.juntadeandalucia.es\/educacion\/secretariavirtual\/consultaCEP\/actividad\/259911KPF502\/\" href=\"https:\/\/www.juntadeandalucia.es\/educacion\/secretariavirtual\/consultaCEP\/actividad\/259911KPF502\/\">https:\/\/www.juntadeandalucia.es\/educacion\/secretariavirtual\/consultaCEP\/actividad\/259911KPF502\/<\/a><\/span><\/div>\n<\/div>\n<div data-offset-key=\"f4lc1-0-0\"><\/div>\n<div data-offset-key=\"f4lc1-0-0\">\n<div data-offset-key=\"cbhg8-0-0\">\n<div data-block=\"true\" data-editor=\"2b8ia\" data-offset-key=\"42b9o-0-0\">\n<div data-block=\"true\" data-editor=\"2b8ia\" data-offset-key=\"42b9o-0-0\">\n<div data-block=\"true\" data-editor=\"2b8ia\" data-offset-key=\"42b9o-0-0\">&#8211; KIT DE HERRAMIENTAS DIGITALES PARA PROFESORADO II, <span data-offset-key=\"a7har-0-0\">con c\u00f3digo 259915KPF504.<\/span><\/div>\n<div data-block=\"true\" data-editor=\"2b8ia\" data-offset-key=\"42b9o-0-0\">\n<div class=\"\" data-block=\"true\" data-editor=\"2b8ia\" data-offset-key=\"j60t-0-0\">\n<div class=\"_1mf _1mj\" data-offset-key=\"j60t-0-0\"><span data-offset-key=\"j60t-0-0\">Curso Regional a Distancia (AVFP) de 40 horas. <\/span><\/div>\n<\/div>\n<div class=\"\" data-block=\"true\" data-editor=\"2b8ia\" data-offset-key=\"5jfj9-0-0\">\n<div class=\"_1mf _1mj\" data-offset-key=\"5jfj9-0-0\"><span data-offset-key=\"5jfj9-0-0\">Fecha inscripci\u00f3n del 16\/09\/2024 hasta 30\/09\/2024.<\/span><\/div>\n<\/div>\n<div class=\"\" data-block=\"true\" data-editor=\"2b8ia\" data-offset-key=\"nft7-0-0\">\n<div class=\"_1mf _1mj\" data-offset-key=\"nft7-0-0\"><span data-offset-key=\"nft7-0-0\">Fecha actividad 08\/10\/2024 hasta 27\/11\/2024.<\/span><\/div>\n<\/div>\n<div class=\"\" data-block=\"true\" data-editor=\"2b8ia\" data-offset-key=\"cbhg8-0-0\">\n<div class=\"_1mf _1mj\" data-offset-key=\"cbhg8-0-0\"><span data-offset-key=\"cbhg8-0-0\">\u2795M\u00e1s informaci\u00f3n e inscripci\u00f3n en: <a title=\"https:\/\/www.juntadeandalucia.es\/educacion\/secretariavirtual\/consultaCEP\/actividad\/259915KPF504\/\" href=\"https:\/\/www.juntadeandalucia.es\/educacion\/secretariavirtual\/consultaCEP\/actividad\/259915KPF504\/\">https:\/\/www.juntadeandalucia.es\/educacion\/secretariavirtual\/consultaCEP\/actividad\/259915KPF504\/<\/a><\/span><\/div>\n<\/div>\n<\/div>\n<div data-offset-key=\"cbhg8-0-0\"><\/div>\n<\/div>\n<\/div>\n<\/div>\n<div data-offset-key=\"cbhg8-0-0\">\n<div data-block=\"true\" data-editor=\"2b8ia\" data-offset-key=\"42b9o-0-0\">&#8211; KIT DE HERRAMIENTAS DIGITALES PARA PROFESORADO IV (ACTUALIZADO), <span data-offset-key=\"a7har-0-0\">con c\u00f3digo 259930KPF505.<\/span><\/div>\n<div data-block=\"true\" data-editor=\"2b8ia\" data-offset-key=\"42b9o-0-0\">\n<div class=\"\" data-block=\"true\" data-editor=\"2b8ia\" data-offset-key=\"j60t-0-0\">\n<div class=\"_1mf _1mj\" data-offset-key=\"j60t-0-0\"><span data-offset-key=\"j60t-0-0\">Curso Regional a Distancia (AVFP) de 50 horas. <\/span><\/div>\n<\/div>\n<div class=\"\" data-block=\"true\" data-editor=\"2b8ia\" data-offset-key=\"5jfj9-0-0\">\n<div class=\"_1mf _1mj\" data-offset-key=\"5jfj9-0-0\"><span data-offset-key=\"5jfj9-0-0\">Fecha inscripci\u00f3n del 16\/09\/2024 hasta 27\/09\/2024.<\/span><\/div>\n<\/div>\n<div class=\"\" data-block=\"true\" data-editor=\"2b8ia\" data-offset-key=\"nft7-0-0\">\n<div class=\"_1mf _1mj\" data-offset-key=\"nft7-0-0\"><span data-offset-key=\"nft7-0-0\">Fecha actividad 03\/10\/2024 hasta 05\/12\/2024.<\/span><\/div>\n<\/div>\n<div class=\"\" data-block=\"true\" data-editor=\"2b8ia\" data-offset-key=\"cbhg8-0-0\">\n<div class=\"_1mf _1mj\" data-offset-key=\"cbhg8-0-0\"><span data-offset-key=\"cbhg8-0-0\">\u2795M\u00e1s informaci\u00f3n e inscripci\u00f3n en: <a title=\"https:\/\/www.juntadeandalucia.es\/educacion\/secretariavirtual\/consultaCEP\/actividad\/259930KPF505\/\" href=\"https:\/\/www.juntadeandalucia.es\/educacion\/secretariavirtual\/consultaCEP\/actividad\/259930KPF505\/\">https:\/\/www.juntadeandalucia.es\/educacion\/secretariavirtual\/consultaCEP\/actividad\/259930KPF505\/<\/a><\/span><\/div>\n<\/div>\n<\/div>\n<div data-offset-key=\"cbhg8-0-0\"><\/div>\n<\/div>\n<div data-offset-key=\"cbhg8-0-0\">\n<div data-offset-key=\"cbhg8-0-0\">\n<div data-block=\"true\" data-editor=\"2b8ia\" data-offset-key=\"42b9o-0-0\">\n<div data-block=\"true\" data-editor=\"2b8ia\" data-offset-key=\"42b9o-0-0\">\n<div data-block=\"true\" data-editor=\"2b8ia\" data-offset-key=\"42b9o-0-0\">&#8211; KIT DE HERRAMIENTAS DIGITALES PARA PROFESORADO III, <span data-offset-key=\"a7har-0-0\">con c\u00f3digo 259932KPF506.<\/span><\/div>\n<div data-block=\"true\" data-editor=\"2b8ia\" data-offset-key=\"42b9o-0-0\">\n<div class=\"\" data-block=\"true\" data-editor=\"2b8ia\" data-offset-key=\"j60t-0-0\">\n<div class=\"_1mf _1mj\" data-offset-key=\"j60t-0-0\"><span data-offset-key=\"j60t-0-0\">Curso Regional a Distancia (AVFP) de 50 horas. <\/span><\/div>\n<\/div>\n<div class=\"\" data-block=\"true\" data-editor=\"2b8ia\" data-offset-key=\"5jfj9-0-0\">\n<div class=\"_1mf _1mj\" data-offset-key=\"5jfj9-0-0\"><span data-offset-key=\"5jfj9-0-0\">Fecha inscripci\u00f3n del 17\/09\/2024 hasta 24\/09\/2024.<\/span><\/div>\n<\/div>\n<div class=\"\" data-block=\"true\" data-editor=\"2b8ia\" data-offset-key=\"nft7-0-0\">\n<div class=\"_1mf _1mj\" data-offset-key=\"nft7-0-0\"><span data-offset-key=\"nft7-0-0\">Fecha actividad 03\/10\/2024 hasta 28\/11\/2024.<\/span><\/div>\n<\/div>\n<div class=\"\" data-block=\"true\" data-editor=\"2b8ia\" data-offset-key=\"cbhg8-0-0\">\n<div class=\"_1mf _1mj\" data-offset-key=\"cbhg8-0-0\"><span data-offset-key=\"cbhg8-0-0\">\u2795M\u00e1s informaci\u00f3n e inscripci\u00f3n en: <a title=\"https:\/\/www.juntadeandalucia.es\/educacion\/secretariavirtual\/consultaCEP\/actividad\/259932KPF506\/\" href=\"https:\/\/www.juntadeandalucia.es\/educacion\/secretariavirtual\/consultaCEP\/actividad\/259932KPF506\/\">https:\/\/www.juntadeandalucia.es\/educacion\/secretariavirtual\/consultaCEP\/actividad\/259932KPF506\/<\/a><\/span><\/div>\n<\/div>\n<\/div>\n<\/div>\n<\/div>\n<\/div>\n<div data-offset-key=\"cbhg8-0-0\"><\/div>\n<\/div>\n<div data-offset-key=\"cbhg8-0-0\">\n<div data-block=\"true\" data-editor=\"2b8ia\" data-offset-key=\"42b9o-0-0\">&#8211; REALIDAD VIRTUAL Y AUMENTADA EN EL AULA, <span data-offset-key=\"a7har-0-0\">con c\u00f3digo 259909KPF507.<\/span><\/div>\n<div data-block=\"true\" data-editor=\"2b8ia\" data-offset-key=\"42b9o-0-0\">\n<div class=\"\" data-block=\"true\" data-editor=\"2b8ia\" data-offset-key=\"j60t-0-0\">\n<div class=\"_1mf _1mj\" data-offset-key=\"j60t-0-0\"><span data-offset-key=\"j60t-0-0\">Curso Regional a Distancia (AVFP) de 40 horas. <\/span><\/div>\n<\/div>\n<div class=\"\" data-block=\"true\" data-editor=\"2b8ia\" data-offset-key=\"5jfj9-0-0\">\n<div class=\"_1mf _1mj\" data-offset-key=\"5jfj9-0-0\"><span data-offset-key=\"5jfj9-0-0\">Fecha inscripci\u00f3n del 16\/09\/2024 hasta 16\/10\/2024.<\/span><\/div>\n<\/div>\n<div class=\"\" data-block=\"true\" data-editor=\"2b8ia\" data-offset-key=\"nft7-0-0\">\n<div class=\"_1mf _1mj\" data-offset-key=\"nft7-0-0\"><span data-offset-key=\"nft7-0-0\">Fecha actividad 28\/10\/2024 hasta 10\/01\/2025.<\/span><\/div>\n<\/div>\n<div class=\"\" data-block=\"true\" data-editor=\"2b8ia\" data-offset-key=\"cbhg8-0-0\">\n<div class=\"_1mf _1mj\" data-offset-key=\"cbhg8-0-0\"><span data-offset-key=\"cbhg8-0-0\">\u2795M\u00e1s informaci\u00f3n e inscripci\u00f3n en: <a title=\"https:\/\/www.juntadeandalucia.es\/educacion\/secretariavirtual\/consultaCEP\/actividad\/259909KPF507\/\" href=\"https:\/\/www.juntadeandalucia.es\/educacion\/secretariavirtual\/consultaCEP\/actividad\/259909KPF507\/\">https:\/\/www.juntadeandalucia.es\/educacion\/secretariavirtual\/consultaCEP\/actividad\/259909KPF507\/<\/a><\/span><\/div>\n<div data-offset-key=\"cbhg8-0-0\"><\/div>\n<\/div>\n<\/div>\n<div data-block=\"true\" data-editor=\"2b8ia\" data-offset-key=\"42b9o-0-0\">\n<div data-block=\"true\" data-editor=\"2b8ia\" data-offset-key=\"42b9o-0-0\">\n<div data-block=\"true\" data-editor=\"2b8ia\" data-offset-key=\"42b9o-0-0\"><span style=\"font-weight: inherit;\">&#8211; APLICACI\u00d3N DID\u00c1CTICA DE CLASSROOM Y HERRAMIENTAS DE GOOGLE. PROFUNDIZACI\u00d3N, <\/span><span style=\"font-weight: inherit;\" data-offset-key=\"a7har-0-0\">con c\u00f3digo 259929KPF509.<\/span><\/div>\n<div data-block=\"true\" data-editor=\"2b8ia\" data-offset-key=\"42b9o-0-0\">\n<div data-block=\"true\" data-editor=\"2b8ia\" data-offset-key=\"42b9o-0-0\">\n<div class=\"\" data-block=\"true\" data-editor=\"2b8ia\" data-offset-key=\"j60t-0-0\">\n<div class=\"_1mf _1mj\" data-offset-key=\"j60t-0-0\"><span data-offset-key=\"j60t-0-0\">Curso Regional a Distancia (AVFP) de 60 horas. <\/span><\/div>\n<\/div>\n<div class=\"\" data-block=\"true\" data-editor=\"2b8ia\" data-offset-key=\"5jfj9-0-0\">\n<div class=\"_1mf _1mj\" data-offset-key=\"5jfj9-0-0\"><span data-offset-key=\"5jfj9-0-0\">Fecha inscripci\u00f3n del 18\/09\/2024 hasta 01\/10\/2024.<\/span><\/div>\n<\/div>\n<div class=\"\" data-block=\"true\" data-editor=\"2b8ia\" data-offset-key=\"nft7-0-0\">\n<div class=\"_1mf _1mj\" data-offset-key=\"nft7-0-0\"><span data-offset-key=\"nft7-0-0\">Fecha actividad 04\/10\/2024 hasta 09\/12\/2024.<\/span><\/div>\n<\/div>\n<div class=\"\" data-block=\"true\" data-editor=\"2b8ia\" data-offset-key=\"cbhg8-0-0\">\n<div class=\"_1mf _1mj\" data-offset-key=\"cbhg8-0-0\"><span data-offset-key=\"cbhg8-0-0\">\u2795M\u00e1s informaci\u00f3n e inscripci\u00f3n en: <a title=\"https:\/\/www.juntadeandalucia.es\/educacion\/secretariavirtual\/consultaCEP\/actividad\/259929KPF509\/\" href=\"https:\/\/www.juntadeandalucia.es\/educacion\/secretariavirtual\/consultaCEP\/actividad\/259929KPF509\/\">https:\/\/www.juntadeandalucia.es\/educacion\/secretariavirtual\/consultaCEP\/actividad\/259929KPF509\/<\/a><\/span><\/div>\n<div data-offset-key=\"cbhg8-0-0\"><\/div>\n<div class=\"_1mf _1mj\" data-offset-key=\"cbhg8-0-0\"><span data-offset-key=\"12stv-0-0\">&#8211; USO DE LA PLATAFORMA MOODLE CENTROS. NIVEL AVANZADO, con c\u00f3digo 259904KPF511.<\/span><\/div>\n<\/div>\n<div data-offset-key=\"cbhg8-0-0\">\n<div class=\"\" data-block=\"true\" data-editor=\"2b8ia\" data-offset-key=\"ef9is-0-0\">\n<div class=\"_1mf _1mj\" data-offset-key=\"ef9is-0-0\"><span data-offset-key=\"ef9is-0-0\">\u00a0<\/span><span style=\"font-weight: inherit;\">Curso Regional a Distancia (AVFP) de 60 horas.<\/span><\/div>\n<\/div>\n<div class=\"\" data-block=\"true\" data-editor=\"2b8ia\" data-offset-key=\"1j7uu-0-0\">\n<div class=\"_1mf _1mj\" data-offset-key=\"1j7uu-0-0\"><span data-offset-key=\"1j7uu-0-0\">Fecha inscripci\u00f3n del 16\/09\/2024 hasta 16\/10\/2024.<\/span><\/div>\n<\/div>\n<div class=\"\" data-block=\"true\" data-editor=\"2b8ia\" data-offset-key=\"bfq36-0-0\">\n<div class=\"_1mf _1mj\" data-offset-key=\"bfq36-0-0\"><span data-offset-key=\"bfq36-0-0\">Fecha actividad del 22\/10\/2024 hasta 21\/01\/2025.<\/span><\/div>\n<\/div>\n<div class=\"\" data-block=\"true\" data-editor=\"2b8ia\" data-offset-key=\"5vgv7-0-0\">\n<div class=\"_1mf _1mj\" data-offset-key=\"5vgv7-0-0\"><span data-offset-key=\"5vgv7-0-0\">\u2795M\u00e1s informaci\u00f3n e inscripci\u00f3n en: <a href=\"https:\/\/www.juntadeandalucia.es\/educacion\/secretariavirtual\/consultaCEP\/actividad\/259904KPF511\/\">https:\/\/www.juntadeandalucia.es\/educacion\/secretariavirtual\/consultaCEP\/actividad\/259904KPF511\/<\/a><\/span><\/div>\n<\/div>\n<div class=\"\" data-block=\"true\" data-editor=\"2b8ia\" data-offset-key=\"c4qes-0-0\">\n<div class=\"_1mf _1mj\" data-offset-key=\"c4qes-0-0\"><\/div>\n<\/div>\n<\/div>\n<div class=\"\" data-block=\"true\" data-editor=\"2b8ia\" data-offset-key=\"cbhg8-0-0\">\n<div data-offset-key=\"cbhg8-0-0\">\n<div data-block=\"true\" data-editor=\"2b8ia\" data-offset-key=\"42b9o-0-0\">&#8211; PENSAMIENTO COMPUTACIONAL Y CULTURA MAKER EN AULAS DE PRIMARIA, <span data-offset-key=\"a7har-0-0\">con c\u00f3digo 259924KPF512.<\/span><\/div>\n<div data-block=\"true\" data-editor=\"2b8ia\" data-offset-key=\"42b9o-0-0\">\n<div class=\"\" data-block=\"true\" data-editor=\"2b8ia\" data-offset-key=\"j60t-0-0\">\n<div class=\"_1mf _1mj\" data-offset-key=\"j60t-0-0\"><span data-offset-key=\"j60t-0-0\">Curso Regional a Distancia (AVFP) de 50 horas. <\/span><\/div>\n<\/div>\n<div class=\"\" data-block=\"true\" data-editor=\"2b8ia\" data-offset-key=\"5jfj9-0-0\">\n<div class=\"_1mf _1mj\" data-offset-key=\"5jfj9-0-0\"><span data-offset-key=\"5jfj9-0-0\">Fecha inscripci\u00f3n del 18\/09\/2024 hasta 30\/09\/2024.<\/span><\/div>\n<\/div>\n<div class=\"\" data-block=\"true\" data-editor=\"2b8ia\" data-offset-key=\"nft7-0-0\">\n<div class=\"_1mf _1mj\" data-offset-key=\"nft7-0-0\"><span data-offset-key=\"nft7-0-0\">Fecha actividad 07\/10\/2024 hasta 27\/11\/2024.<\/span><\/div>\n<\/div>\n<div class=\"\" data-block=\"true\" data-editor=\"2b8ia\" data-offset-key=\"cbhg8-0-0\">\n<div class=\"_1mf _1mj\" data-offset-key=\"cbhg8-0-0\"><span data-offset-key=\"cbhg8-0-0\">\u2795M\u00e1s informaci\u00f3n e inscripci\u00f3n en: <a title=\"https:\/\/www.juntadeandalucia.es\/educacion\/secretariavirtual\/consultaCEP\/actividad\/259924KPF512\/\" href=\"https:\/\/www.juntadeandalucia.es\/educacion\/secretariavirtual\/consultaCEP\/actividad\/259924KPF512\/\">https:\/\/www.juntadeandalucia.es\/educacion\/secretariavirtual\/consultaCEP\/actividad\/259924KPF512\/<\/a><\/span><\/div>\n<div data-offset-key=\"cbhg8-0-0\"><\/div>\n<\/div>\n<\/div>\n<\/div>\n<\/div>\n<div data-offset-key=\"cbhg8-0-0\">\n<div data-block=\"true\" data-editor=\"2b8ia\" data-offset-key=\"42b9o-0-0\">&#8211; USO Y CREACI\u00d3N DE RECURSOS EDUCATIVOS ABIERTOS(REA), <span data-offset-key=\"a7har-0-0\">con c\u00f3digo 259916KPF513.<\/span><\/div>\n<div data-block=\"true\" data-editor=\"2b8ia\" data-offset-key=\"42b9o-0-0\">\n<div class=\"\" data-block=\"true\" data-editor=\"2b8ia\" data-offset-key=\"j60t-0-0\">\n<div class=\"_1mf _1mj\" data-offset-key=\"j60t-0-0\"><span data-offset-key=\"j60t-0-0\">Curso Regional a Distancia (AVFP) de 50 horas. <\/span><\/div>\n<\/div>\n<div class=\"\" data-block=\"true\" data-editor=\"2b8ia\" data-offset-key=\"5jfj9-0-0\">\n<div class=\"_1mf _1mj\" data-offset-key=\"5jfj9-0-0\"><span data-offset-key=\"5jfj9-0-0\">Fecha inscripci\u00f3n del 16\/09\/2024 hasta 27\/09\/2024.<\/span><\/div>\n<\/div>\n<div class=\"\" data-block=\"true\" data-editor=\"2b8ia\" data-offset-key=\"nft7-0-0\">\n<div class=\"_1mf _1mj\" data-offset-key=\"nft7-0-0\"><span data-offset-key=\"nft7-0-0\">Fecha actividad 01\/10\/2024 hasta 01\/12\/2024.<\/span><\/div>\n<\/div>\n<div class=\"\" data-block=\"true\" data-editor=\"2b8ia\" data-offset-key=\"cbhg8-0-0\">\n<div class=\"_1mf _1mj\" data-offset-key=\"cbhg8-0-0\"><span data-offset-key=\"cbhg8-0-0\">\u2795M\u00e1s informaci\u00f3n e inscripci\u00f3n en: <a href=\"https:\/\/www.juntadeandalucia.es\/educacion\/secretariavirtual\/consultaCEP\/actividad\/259916KPF513\/\">https:\/\/www.juntadeandalucia.es\/educacion\/secretariavirtual\/consultaCEP\/actividad\/259916KPF513\/<\/a><\/span><\/div>\n<\/div>\n<\/div>\n<div data-block=\"true\" data-editor=\"2b8ia\" data-offset-key=\"42b9o-0-0\"><\/div>\n<\/div>\n<div class=\"\" data-block=\"true\" data-editor=\"2b8ia\" data-offset-key=\"cbhg8-0-0\">\n<div data-offset-key=\"cbhg8-0-0\">\n<div data-block=\"true\" data-editor=\"2b8ia\" data-offset-key=\"42b9o-0-0\">\n<div data-block=\"true\" data-editor=\"2b8ia\" data-offset-key=\"42b9o-0-0\">&#8211; EDUTUBER PARA LA CREACI\u00d3N Y EDICI\u00d3N DE V\u00cdDEOS EDUCATIVOS, <span data-offset-key=\"a7har-0-0\">con c\u00f3digo 259907KPF514.<\/span><\/div>\n<div data-block=\"true\" data-editor=\"2b8ia\" data-offset-key=\"42b9o-0-0\">\n<div class=\"\" data-block=\"true\" data-editor=\"2b8ia\" data-offset-key=\"j60t-0-0\">\n<div class=\"_1mf _1mj\" data-offset-key=\"j60t-0-0\"><span data-offset-key=\"j60t-0-0\">Curso Regional a Distancia (AVFP) de 40 horas. <\/span><\/div>\n<\/div>\n<div class=\"\" data-block=\"true\" data-editor=\"2b8ia\" data-offset-key=\"5jfj9-0-0\">\n<div class=\"_1mf _1mj\" data-offset-key=\"5jfj9-0-0\"><span data-offset-key=\"5jfj9-0-0\">Fecha inscripci\u00f3n del 16\/09\/2024 hasta 30\/09\/2024.<\/span><\/div>\n<\/div>\n<div class=\"\" data-block=\"true\" data-editor=\"2b8ia\" data-offset-key=\"nft7-0-0\">\n<div class=\"_1mf _1mj\" data-offset-key=\"nft7-0-0\"><span data-offset-key=\"nft7-0-0\">Fecha actividad 03\/10\/2024 hasta 02\/12\/2024.<\/span><\/div>\n<\/div>\n<div class=\"\" data-block=\"true\" data-editor=\"2b8ia\" data-offset-key=\"cbhg8-0-0\">\n<div class=\"_1mf _1mj\" data-offset-key=\"cbhg8-0-0\"><span data-offset-key=\"cbhg8-0-0\">\u2795M\u00e1s informaci\u00f3n e inscripci\u00f3n en: <a title=\"https:\/\/www.juntadeandalucia.es\/educacion\/secretariavirtual\/consultaCEP\/actividad\/259907KPF514\/\" href=\"https:\/\/www.juntadeandalucia.es\/educacion\/secretariavirtual\/consultaCEP\/actividad\/259907KPF514\/\">https:\/\/www.juntadeandalucia.es\/educacion\/secretariavirtual\/consultaCEP\/actividad\/259907KPF514\/<\/a><\/span><\/div>\n<\/div>\n<\/div>\n<div data-block=\"true\" data-editor=\"2b8ia\" data-offset-key=\"42b9o-0-0\"><\/div>\n<\/div>\n<\/div>\n<\/div>\n<\/div>\n<\/div>\n<\/div>\n<\/div>\n<\/div>\n<\/div>\n<div class=\"\" data-block=\"true\" data-editor=\"2b8ia\" data-offset-key=\"5pk6a-0-0\">\n<div class=\"_1mf _1mj\" data-offset-key=\"5pk6a-0-0\">\n<div data-offset-key=\"cbhg8-0-0\">\n<div style=\"text-align: right;\" data-offset-key=\"cbhg8-0-0\">\n<div data-block=\"true\" data-editor=\"2b8ia\" data-offset-key=\"42b9o-0-0\">\n<div data-block=\"true\" data-editor=\"2b8ia\" data-offset-key=\"42b9o-0-0\">\n<div style=\"text-align: left;\" data-block=\"true\" data-editor=\"2b8ia\" data-offset-key=\"42b9o-0-0\">\n<p>&#8211; INTEGRANDO LA GAMIFICACI\u00d3N EN PRIMARIA, <span data-offset-key=\"a7har-0-0\"><span data-offset-key=\"a7har-0-0\">con c\u00f3digo <\/span><\/span><span style=\"font-weight: inherit;\">259925KPF515.<\/span><\/p>\n<div class=\"col-xs-12 col-md-6 form-group\"><span style=\"font-weight: inherit;\">Curso Regional a Distancia (AVFP) de 50 horas.<\/span><\/div>\n<\/div>\n<div style=\"text-align: left;\" data-block=\"true\" data-editor=\"2b8ia\" data-offset-key=\"42b9o-0-0\">\n<div class=\"\" data-block=\"true\" data-editor=\"2b8ia\" data-offset-key=\"5jfj9-0-0\">\n<div class=\"_1mf _1mj\" data-offset-key=\"5jfj9-0-0\"><span data-offset-key=\"5jfj9-0-0\">Fecha inscripci\u00f3n del 17\/09\/2024 hasta 27\/09\/2024<\/span><\/div>\n<\/div>\n<div class=\"\" data-block=\"true\" data-editor=\"2b8ia\" data-offset-key=\"nft7-0-0\">\n<div class=\"_1mf _1mj\" data-offset-key=\"nft7-0-0\"><span data-offset-key=\"nft7-0-0\"><span data-offset-key=\"nft7-0-0\">Fecha actividad <span style=\"font-weight: inherit;\">02\/10\/2024 hasta 04\/12\/2024.<\/span><br \/>\n<\/span><\/span><\/div>\n<\/div>\n<div class=\"\" data-block=\"true\" data-editor=\"2b8ia\" data-offset-key=\"cbhg8-0-0\">\n<div class=\"_1mf _1mj\" data-offset-key=\"cbhg8-0-0\"><span data-offset-key=\"cbhg8-0-0\">\u2795M\u00e1s informaci\u00f3n e inscripci\u00f3n en: <a title=\"https:\/\/www.juntadeandalucia.es\/educacion\/secretariavirtual\/consultaCEP\/actividad\/259925KPF515\/\" href=\"https:\/\/www.juntadeandalucia.es\/educacion\/secretariavirtual\/consultaCEP\/actividad\/259925KPF515\/\">https:\/\/www.juntadeandalucia.es\/educacion\/secretariavirtual\/consultaCEP\/actividad\/259925KPF515\/<\/a><\/span><\/div>\n<\/div>\n<\/div>\n<\/div>\n<\/div>\n<\/div>\n<div style=\"text-align: left;\" data-offset-key=\"cbhg8-0-0\"><\/div>\n<\/div>\n<div data-offset-key=\"cbhg8-0-0\">\n<div data-block=\"true\" data-editor=\"2b8ia\" data-offset-key=\"42b9o-0-0\">&#8211; ESCUELA DE RADIO. LA RADIO EN LA ESCUELA COMO RECURSO EDUCATIVO, <span data-offset-key=\"a7har-0-0\">con c\u00f3digo\u00a0259906KPF517.<\/span><\/div>\n<div data-block=\"true\" data-editor=\"2b8ia\" data-offset-key=\"42b9o-0-0\">\n<div class=\"\" data-block=\"true\" data-editor=\"2b8ia\" data-offset-key=\"j60t-0-0\">\n<div class=\"_1mf _1mj\" data-offset-key=\"j60t-0-0\"><span data-offset-key=\"j60t-0-0\">Curso Regional a Distancia (AVFP) de 40 horas. <\/span><\/div>\n<\/div>\n<div class=\"\" data-block=\"true\" data-editor=\"2b8ia\" data-offset-key=\"5jfj9-0-0\">\n<div class=\"_1mf _1mj\" data-offset-key=\"5jfj9-0-0\"><span data-offset-key=\"5jfj9-0-0\">Fecha inscripci\u00f3n del 16\/09\/2024 hasta 16\/10\/2024.<\/span><\/div>\n<\/div>\n<div class=\"\" data-block=\"true\" data-editor=\"2b8ia\" data-offset-key=\"nft7-0-0\">\n<div class=\"_1mf _1mj\" data-offset-key=\"nft7-0-0\"><span data-offset-key=\"nft7-0-0\">Fecha actividad 28\/10\/2024 hasta 10\/01\/2025.<\/span><\/div>\n<\/div>\n<div class=\"\" data-block=\"true\" data-editor=\"2b8ia\" data-offset-key=\"cbhg8-0-0\">\n<div class=\"_1mf _1mj\" data-offset-key=\"cbhg8-0-0\"><span data-offset-key=\"cbhg8-0-0\">\u2795M\u00e1s informaci\u00f3n e inscripci\u00f3n en: <a href=\"https:\/\/www.juntadeandalucia.es\/educacion\/secretariavirtual\/consultaCEP\/actividad\/259906KPF517\/\">https:\/\/www.juntadeandalucia.es\/educacion\/secretariavirtual\/consultaCEP\/actividad\/259906KPF517\/<\/a><\/span><\/div>\n<\/div>\n<\/div>\n<div data-offset-key=\"cbhg8-0-0\"><\/div>\n<div data-offset-key=\"cbhg8-0-0\">\n<div data-block=\"true\" data-editor=\"2b8ia\" data-offset-key=\"42b9o-0-0\">&#8211; PROGRAMACI\u00d3N DE VIDEOJUEGOS CON SCRATCH COMO RECURSO EN EL AULA, <span data-offset-key=\"a7har-0-0\">con c\u00f3digo 259923KPF518.<\/span><\/div>\n<div data-block=\"true\" data-editor=\"2b8ia\" data-offset-key=\"42b9o-0-0\">\n<div class=\"\" data-block=\"true\" data-editor=\"2b8ia\" data-offset-key=\"j60t-0-0\">\n<div class=\"_1mf _1mj\" data-offset-key=\"j60t-0-0\"><span data-offset-key=\"j60t-0-0\">Curso Regional a Distancia (AVFP) de 50 horas. <\/span><\/div>\n<\/div>\n<div class=\"\" data-block=\"true\" data-editor=\"2b8ia\" data-offset-key=\"5jfj9-0-0\">\n<div class=\"_1mf _1mj\" data-offset-key=\"5jfj9-0-0\"><span data-offset-key=\"5jfj9-0-0\">Fecha inscripci\u00f3n del 17\/09\/2024 hasta 30\/09\/2024.<\/span><\/div>\n<\/div>\n<div class=\"\" data-block=\"true\" data-editor=\"2b8ia\" data-offset-key=\"nft7-0-0\">\n<div class=\"_1mf _1mj\" data-offset-key=\"nft7-0-0\"><span data-offset-key=\"nft7-0-0\">Fecha actividad 14\/10\/2024 hasta 02\/12\/2024.<\/span><\/div>\n<\/div>\n<div class=\"\" data-block=\"true\" data-editor=\"2b8ia\" data-offset-key=\"cbhg8-0-0\">\n<div class=\"_1mf _1mj\" data-offset-key=\"cbhg8-0-0\"><span data-offset-key=\"cbhg8-0-0\">\u2795M\u00e1s informaci\u00f3n e inscripci\u00f3n en: <a title=\"https:\/\/www.juntadeandalucia.es\/educacion\/secretariavirtual\/consultaCEP\/actividad\/259923KPF518\/\" href=\"https:\/\/www.juntadeandalucia.es\/educacion\/secretariavirtual\/consultaCEP\/actividad\/259923KPF518\/\">https:\/\/www.juntadeandalucia.es\/educacion\/secretariavirtual\/consultaCEP\/actividad\/259923KPF518\/<\/a><\/span><\/div>\n<\/div>\n<\/div>\n<\/div>\n<\/div>\n<div data-offset-key=\"cbhg8-0-0\"><\/div>\n<div data-offset-key=\"cbhg8-0-0\">\n<div data-offset-key=\"cbhg8-0-0\">\n<div data-offset-key=\"cbhg8-0-0\">\n<div class=\"\" data-block=\"true\" data-editor=\"2b8ia\" data-offset-key=\"2v3eo-0-0\">\n<div class=\"_1mf _1mj\" data-offset-key=\"2v3eo-0-0\"><span data-offset-key=\"2v3eo-0-0\">\u00a0&#8211; <\/span><span style=\"font-weight: inherit;\">\u00a0GEOGEBRA COMO RECURSO EN EL AULA, con c\u00f3digo 259902KPF519<\/span><\/div>\n<\/div>\n<div class=\"\" data-block=\"true\" data-editor=\"2b8ia\" data-offset-key=\"42b9o-0-0\">\n<div class=\"\" data-block=\"true\" data-editor=\"2b8ia\" data-offset-key=\"2t73l-0-0\">\n<div class=\"_1mf _1mj\" data-offset-key=\"2t73l-0-0\"><span style=\"font-weight: inherit;\">Curso Regional a Distancia (AVFP) de 50 horas.<\/span><\/div>\n<\/div>\n<div class=\"\" data-block=\"true\" data-editor=\"2b8ia\" data-offset-key=\"5jfj9-0-0\">\n<div class=\"_1mf _1mj\" data-offset-key=\"5jfj9-0-0\"><span data-offset-key=\"5jfj9-0-0\">Fecha inscripci\u00f3n del 19\/09\/2024 hasta 03\/10\/2024.<\/span><\/div>\n<\/div>\n<div class=\"\" data-block=\"true\" data-editor=\"2b8ia\" data-offset-key=\"nft7-0-0\">\n<div class=\"_1mf _1mj\" data-offset-key=\"nft7-0-0\"><span data-offset-key=\"nft7-0-0\">Fecha actividad 09\/10\/2024 hasta 09\/12\/2024.<\/span><\/div>\n<\/div>\n<div class=\"\" data-block=\"true\" data-editor=\"2b8ia\" data-offset-key=\"cbhg8-0-0\">\n<div class=\"_1mf _1mj\" data-offset-key=\"cbhg8-0-0\"><span data-offset-key=\"cbhg8-0-0\">\u2795M\u00e1s informaci\u00f3n e inscripci\u00f3n en: <a href=\"https:\/\/www.juntadeandalucia.es\/educacion\/secretariavirtual\/consultaCEP\/actividad\/259902KPF519\/\">https:\/\/www.juntadeandalucia.es\/educacion\/secretariavirtual\/consultaCEP\/actividad\/259902KPF519\/<\/a><\/span><\/div>\n<div data-offset-key=\"cbhg8-0-0\"><\/div>\n<\/div>\n<\/div>\n<\/div>\n<\/div>\n<\/div>\n<\/div>\n<\/div>\n<\/div>\n<\/div>\n<\/div>\n<\/div>\n<\/div>\n<\/div>\n<\/div>\n<\/div>\n<\/div>\n<\/div>\n<div class=\"\" data-block=\"true\" data-editor=\"2b8ia\" data-offset-key=\"5vgv7-0-0\">\n<div class=\"_1mf _1mj\" data-offset-key=\"5vgv7-0-0\">\n<div data-offset-key=\"cbhg8-0-0\">\n<div data-offset-key=\"cbhg8-0-0\">\n<div data-block=\"true\" data-editor=\"2b8ia\" data-offset-key=\"42b9o-0-0\">&#8211; BLOG AVERROES EN EL \u00c1MBITO EDUCATIVO, <span data-offset-key=\"a7har-0-0\">con c\u00f3digo 259928KPF520.<\/span><\/div>\n<div data-block=\"true\" data-editor=\"2b8ia\" data-offset-key=\"42b9o-0-0\">\n<div class=\"\" data-block=\"true\" data-editor=\"2b8ia\" data-offset-key=\"j60t-0-0\">\n<div class=\"_1mf _1mj\" data-offset-key=\"j60t-0-0\"><span data-offset-key=\"j60t-0-0\">Curso Regional a Distancia (AVFP) de 50 horas. <\/span><\/div>\n<\/div>\n<div class=\"\" data-block=\"true\" data-editor=\"2b8ia\" data-offset-key=\"5jfj9-0-0\">\n<div class=\"_1mf _1mj\" data-offset-key=\"5jfj9-0-0\"><span data-offset-key=\"5jfj9-0-0\">Fecha inscripci\u00f3n del 16\/09\/2024 hasta 26\/09\/2024.<\/span><\/div>\n<\/div>\n<div class=\"\" data-block=\"true\" data-editor=\"2b8ia\" data-offset-key=\"nft7-0-0\">\n<div class=\"_1mf _1mj\" data-offset-key=\"nft7-0-0\"><span data-offset-key=\"nft7-0-0\">Fecha actividad 07\/10\/2024 hasta 10\/12\/2024.<\/span><\/div>\n<\/div>\n<div class=\"\" data-block=\"true\" data-editor=\"2b8ia\" data-offset-key=\"cbhg8-0-0\">\n<div class=\"_1mf _1mj\" data-offset-key=\"cbhg8-0-0\"><span data-offset-key=\"cbhg8-0-0\">\u2795M\u00e1s informaci\u00f3n e inscripci\u00f3n en: <a title=\"https:\/\/www.juntadeandalucia.es\/educacion\/secretariavirtual\/consultaCEP\/actividad\/259928KPF520\/\" href=\"https:\/\/www.juntadeandalucia.es\/educacion\/secretariavirtual\/consultaCEP\/actividad\/259928KPF520\/\">https:\/\/www.juntadeandalucia.es\/educacion\/secretariavirtual\/consultaCEP\/actividad\/259928KPF520\/<\/a><\/span><\/div>\n<\/div>\n<\/div>\n<\/div>\n<div data-offset-key=\"cbhg8-0-0\"><\/div>\n<\/div>\n<\/div>\n<\/div>\n<div class=\"\" data-block=\"true\" data-editor=\"2b8ia\" data-offset-key=\"8otrn-0-0\">\n<div class=\"_1mf _1mj\" data-offset-key=\"8otrn-0-0\">\n<div data-block=\"true\" data-editor=\"2b8ia\" data-offset-key=\"42b9o-0-0\">\n<div data-block=\"true\" data-editor=\"2b8ia\" data-offset-key=\"42b9o-0-0\">\n<div data-block=\"true\" data-editor=\"2b8ia\" data-offset-key=\"42b9o-0-0\">&#8211; HERRAMIENTAS DIGITALES INTERACTIVAS EN MOODLE CENTROS, <span data-offset-key=\"a7har-0-0\">con c\u00f3digo 259908KPF521.<\/span><\/div>\n<div data-block=\"true\" data-editor=\"2b8ia\" data-offset-key=\"42b9o-0-0\">\n<div class=\"\" data-block=\"true\" data-editor=\"2b8ia\" data-offset-key=\"j60t-0-0\">\n<div class=\"_1mf _1mj\" data-offset-key=\"j60t-0-0\"><span data-offset-key=\"j60t-0-0\">Curso Regional a Distancia (AVFP) de 40 horas. <\/span><\/div>\n<\/div>\n<div class=\"\" data-block=\"true\" data-editor=\"2b8ia\" data-offset-key=\"5jfj9-0-0\">\n<div class=\"_1mf _1mj\" data-offset-key=\"5jfj9-0-0\"><span data-offset-key=\"5jfj9-0-0\">Fecha inscripci\u00f3n del 16\/09\/2024 hasta 02\/10\/2024.<\/span><\/div>\n<\/div>\n<div class=\"\" data-block=\"true\" data-editor=\"2b8ia\" data-offset-key=\"nft7-0-0\">\n<div class=\"_1mf _1mj\" data-offset-key=\"nft7-0-0\"><span data-offset-key=\"nft7-0-0\">Fecha actividad 07\/10\/2024 hasta 02\/12\/2024.<\/span><\/div>\n<\/div>\n<div class=\"\" data-block=\"true\" data-editor=\"2b8ia\" data-offset-key=\"cbhg8-0-0\">\n<div class=\"_1mf _1mj\" data-offset-key=\"cbhg8-0-0\"><span data-offset-key=\"cbhg8-0-0\">\u2795M\u00e1s informaci\u00f3n e inscripci\u00f3n en: <a title=\"https:\/\/www.juntadeandalucia.es\/educacion\/secretariavirtual\/consultaCEP\/actividad\/259908KPF521\/\" href=\"https:\/\/www.juntadeandalucia.es\/educacion\/secretariavirtual\/consultaCEP\/actividad\/259908KPF521\/\">https:\/\/www.juntadeandalucia.es\/educacion\/secretariavirtual\/consultaCEP\/actividad\/259908KPF521\/<\/a><\/span><\/div>\n<div data-offset-key=\"cbhg8-0-0\"><\/div>\n<\/div>\n<\/div>\n<\/div>\n<\/div>\n<div data-offset-key=\"cbhg8-0-0\">\n<div data-offset-key=\"cbhg8-0-0\">\n<div data-block=\"true\" data-editor=\"2b8ia\" data-offset-key=\"42b9o-0-0\">\n<div class=\"\" data-block=\"true\" data-editor=\"2b8ia\" data-offset-key=\"a7har-0-0\">\n<div class=\"_1mf _1mj\" data-offset-key=\"a7har-0-0\"><span data-offset-key=\"a7har-0-0\">&#8211; EDICI\u00d3N DE AUDIO: ESTRATEGIAS PARA EL ENTORNO EDUCATIVO Y EL AULA DE M\u00daSICA, con c\u00f3digo 259901KPF523.<\/span><\/div>\n<\/div>\n<div class=\"\" data-block=\"true\" data-editor=\"2b8ia\" data-offset-key=\"27n4g-0-0\">\n<div class=\"_1mf _1mj\" data-offset-key=\"27n4g-0-0\"><span data-offset-key=\"27n4g-0-0\">\u00a0<\/span><span style=\"font-weight: inherit;\">Curso Regional a Distancia (AVFP) de 50 horas.<\/span><\/div>\n<\/div>\n<div class=\"\" data-block=\"true\" data-editor=\"2b8ia\" data-offset-key=\"2c8cq-0-0\">\n<div class=\"_1mf _1mj\" data-offset-key=\"2c8cq-0-0\"><span data-offset-key=\"2c8cq-0-0\">Fecha inscripci\u00f3n del 16\/09\/2024 hasta 30\/09\/2024<\/span><\/div>\n<\/div>\n<div class=\"\" data-block=\"true\" data-editor=\"2b8ia\" data-offset-key=\"26q4a-0-0\">\n<div class=\"_1mf _1mj\" data-offset-key=\"26q4a-0-0\"><span data-offset-key=\"26q4a-0-0\">Fecha actividad del 07\/10\/2024 hasta 25\/11\/2024<\/span><\/div>\n<\/div>\n<div class=\"\" data-block=\"true\" data-editor=\"2b8ia\" data-offset-key=\"3p6rg-0-0\">\n<div class=\"_1mf _1mj\" data-offset-key=\"3p6rg-0-0\"><span data-offset-key=\"3p6rg-0-0\">\u2795M\u00e1s informaci\u00f3n e inscripci\u00f3n en: <a href=\"https:\/\/www.juntadeandalucia.es\/educacion\/secretariavirtual\/consultaCEP\/actividad\/259901KPF523\/\">https:\/\/www.juntadeandalucia.es\/educacion\/secretariavirtual\/consultaCEP\/actividad\/259901KPF523\/<\/a><\/span><\/div>\n<\/div>\n<div class=\"\" data-block=\"true\" data-editor=\"2b8ia\" data-offset-key=\"42b9o-0-0\"><\/div>\n<\/div>\n<\/div>\n<\/div>\n<\/div>\n<\/div>\n<div class=\"\" data-block=\"true\" data-editor=\"2b8ia\" data-offset-key=\"6mlf4-0-0\">\n<div class=\"_1mf _1mj\" data-offset-key=\"6mlf4-0-0\"><span data-offset-key=\"6mlf4-0-0\">&#8211; EL DISE\u00d1O UNIVERSAL PARA EL APRENDIZAJE Y SU APLICACI\u00d3N PR\u00c1CTICA EN LA FORMACI\u00d3N PROFESIONAL, con c\u00f3digo 251105FP122.<\/span><\/div>\n<\/div>\n<div class=\"\" data-block=\"true\" data-editor=\"2b8ia\" data-offset-key=\"2t73l-0-0\">\n<div class=\"_1mf _1mj\" data-offset-key=\"2t73l-0-0\"><span data-offset-key=\"2t73l-0-0\">\u00a0<\/span><span style=\"font-weight: inherit;\">Curso Regional a Distancia (AVFP) de 30 horas.<\/span><\/div>\n<\/div>\n<div class=\"\" data-block=\"true\" data-editor=\"2b8ia\" data-offset-key=\"5jfj9-0-0\">\n<div class=\"_1mf _1mj\" data-offset-key=\"5jfj9-0-0\"><span data-offset-key=\"5jfj9-0-0\">Fecha inscripci\u00f3n del 16\/09\/2024 hasta 30\/09\/2024.<\/span><\/div>\n<\/div>\n<div class=\"\" data-block=\"true\" data-editor=\"2b8ia\" data-offset-key=\"nft7-0-0\">\n<div class=\"_1mf _1mj\" data-offset-key=\"nft7-0-0\"><span data-offset-key=\"nft7-0-0\">Fecha actividad 04\/10\/2024 hasta 08\/11\/2024.<\/span><\/div>\n<\/div>\n<div class=\"\" data-block=\"true\" data-editor=\"2b8ia\" data-offset-key=\"cbhg8-0-0\">\n<div class=\"_1mf _1mj\" data-offset-key=\"cbhg8-0-0\"><span data-offset-key=\"cbhg8-0-0\">\u2795M\u00e1s informaci\u00f3n e inscripci\u00f3n en: <a href=\"https:\/\/www.juntadeandalucia.es\/educacion\/secretariavirtual\/consultaCEP\/actividad\/251105FP122\/\">https:\/\/www.juntadeandalucia.es\/educacion\/secretariavirtual\/consultaCEP\/actividad\/251105FP122\/<\/a><\/span><\/div>\n<\/div>\n<div class=\"\" data-block=\"true\" data-editor=\"2b8ia\" data-offset-key=\"95lh9-0-0\">\n<div class=\"_1mf _1mj\" data-offset-key=\"95lh9-0-0\"><span data-offset-key=\"95lh9-0-0\">\u00a0<\/span><\/div>\n<\/div>\n<div class=\"\" data-block=\"true\" data-editor=\"2b8ia\" data-offset-key=\"2v3eo-0-0\"><\/div>\n<div class=\"\" data-block=\"true\" data-editor=\"2b8ia\" data-offset-key=\"42b9o-0-0\">\n<div class=\"\" data-block=\"true\" data-editor=\"2b8ia\" data-offset-key=\"cbhg8-0-0\">\n<div class=\"_1mf _1mj\" data-offset-key=\"cbhg8-0-0\"><\/div>\n<\/div>\n<\/div>\n<div data-offset-key=\"cbhg8-0-0\"><\/div>\n","protected":false},"excerpt":{"rendered":"<p>\u00a0 \u00a0 CONVOCATORIA REGIONAL DE CURSOS AVFP \u00a0 Os informamos que se encuentra abierto el plazo de inscripci\u00f3n en la convocatoria de cursos regional. La superaci\u00f3n de estos cursos supone la certificaci\u00f3n de diversos niveles de Competencia Digital Docente. &#8211; HERRAMIENTAS DIGITALES APLICADAS A LA DOCENCIA EN LA FORMACI\u00d3N PROFESIONAL, con c\u00f3digo 259918KPF498. Curso Regional [&hellip;]<\/p>\n","protected":false},"author":9,"featured_media":7723,"comment_status":"closed","ping_status":"open","sticky":false,"template":"","format":"standard","meta":{"_crdt_document":"","advanced_seo_description":"","jetpack_seo_html_title":"","jetpack_seo_noindex":false,"jetpack_post_was_ever_published":false,"_jetpack_newsletter_access":"","_jetpack_dont_email_post_to_subs":false,"_jetpack_newsletter_tier_id":0,"_jetpack_memberships_contains_paywalled_content":false,"_jetpack_memberships_contains_paid_content":false,"footnotes":"","jetpack_publicize_message":"","jetpack_publicize_feature_enabled":true,"jetpack_social_post_already_shared":false,"jetpack_social_options":{"image_generator_settings":{"template":"highway","default_image_id":0,"font":"","enabled":false},"version":2}},"categories":[3,5],"tags":[361],"class_list":{"0":"post-7712","1":"post","2":"type-post","3":"status-publish","4":"format-standard","5":"has-post-thumbnail","7":"category-formaciones","8":"category-noticias","9":"tag-formacion-regional","10":"czr-hentry"},"jetpack_publicize_connections":[],"jetpack_featured_media_url":"https:\/\/i0.wp.com\/cepronda.com\/blog\/wp-content\/uploads\/2024\/09\/CURSOS.png?fit=2160%2C2160&ssl=1","jetpack_shortlink":"https:\/\/wp.me\/p8M4X7-20o","jetpack-related-posts":[{"id":8304,"url":"https:\/\/cepronda.com\/blog\/%e2%9a%a1%e2%9a%a1nueva-convocatoria-regional-de-cursos%e2%9a%a1%e2%9a%a1\/","url_meta":{"origin":7712,"position":0},"title":"\u26a1\u26a1NUEVA CONVOCATORIA REGIONAL DE CURSOS\u26a1\u26a1","author":"Inmaculada Garc\u00eda","date":"7 marzo, 2025","format":false,"excerpt":"\u26a1\u26a1NUEVA CONVOCATORIA REGIONAL DE CURSOS\u26a1\u26a1 \u00a0 \u00a1A\u00fan puedes certificar un nivel en Competencia Digital Docente! Pincha en el enlace y accede a la nueva oferta formativa regional. Plazos de inscripci\u00f3n: 10\/03\/2025 hasta 17\/03\/2025. A desarrollar en el Aula Virtual de Formaci\u00f3n al Profesorado. INFORMACI\u00d3N E INSCRIPCIONES: https:\/\/bit.ly\/41JycpE","rel":"","context":"En \u00abFormaciones\u00bb","block_context":{"text":"Formaciones","link":"https:\/\/cepronda.com\/blog\/category\/formaciones\/"},"img":{"alt_text":"","src":"https:\/\/i0.wp.com\/cepronda.com\/blog\/wp-content\/uploads\/2025\/03\/Captura-de-pantalla-2025-03-07-132914.png?fit=1200%2C735&ssl=1&resize=350%2C200","width":350,"height":200,"srcset":"https:\/\/i0.wp.com\/cepronda.com\/blog\/wp-content\/uploads\/2025\/03\/Captura-de-pantalla-2025-03-07-132914.png?fit=1200%2C735&ssl=1&resize=350%2C200 1x, https:\/\/i0.wp.com\/cepronda.com\/blog\/wp-content\/uploads\/2025\/03\/Captura-de-pantalla-2025-03-07-132914.png?fit=1200%2C735&ssl=1&resize=525%2C300 1.5x, https:\/\/i0.wp.com\/cepronda.com\/blog\/wp-content\/uploads\/2025\/03\/Captura-de-pantalla-2025-03-07-132914.png?fit=1200%2C735&ssl=1&resize=700%2C400 2x, https:\/\/i0.wp.com\/cepronda.com\/blog\/wp-content\/uploads\/2025\/03\/Captura-de-pantalla-2025-03-07-132914.png?fit=1200%2C735&ssl=1&resize=1050%2C600 3x"},"classes":[]},{"id":729,"url":"https:\/\/cepronda.com\/blog\/segunda-convocatoria-de-cursos-de-teleformacion-regional\/","url_meta":{"origin":7712,"position":1},"title":"Segunda convocatoria de Cursos de Teleformaci\u00f3n regional","author":"V\u00edctor Caballero","date":"9 marzo, 2017","format":false,"excerpt":"Hola \u00a1muy buenas! Escribimos esta entrada para comunicaros que se abri\u00f3 hace un par de d\u00edas el plazo de solicitud de inscripci\u00f3n en los cursos de Teleformaci\u00f3n Regional del Aula Virtual de Formaci\u00f3n del Profesorado. Existen bastantes cursos muy interesantes, os dejamos con el enlace con la informaci\u00f3n de los\u2026","rel":"","context":"En \u00abNoticias\u00bb","block_context":{"text":"Noticias","link":"https:\/\/cepronda.com\/blog\/category\/noticias\/"},"img":{"alt_text":"","src":"https:\/\/i0.wp.com\/cepronda.com\/blog\/wp-content\/uploads\/2016\/11\/macbook-336704_640-300x200.jpg?resize=350%2C200","width":350,"height":200},"classes":[]},{"id":4228,"url":"https:\/\/cepronda.com\/blog\/adjudicacion-de-plazas-de-la-2a-convocatoria-regional\/","url_meta":{"origin":7712,"position":2},"title":"Adjudicaci\u00f3n de plazas de la 2\u00aa convocatoria regional","author":"Maribel Mu\u00f1oz","date":"2 marzo, 2021","format":false,"excerpt":"Buenas tardes campa\u00f1eras y compa\u00f1eros, Os hacemos llegar estos dos enlaces con publidad sobre la adjudicaci\u00f3n de plazas de los cursos de la 2\u00aa convocatoria regional . https:\/\/view.genial.ly\/6038a3342e75ae0d0934bfb4\/presentation-convocatoria https:\/\/twitter.com\/FormacProfAnd\/status\/1365216663113789440?s=20 Deseamos que sea de vuestro inter\u00e9s. Saludos.","rel":"","context":"En \u00abFormaciones\u00bb","block_context":{"text":"Formaciones","link":"https:\/\/cepronda.com\/blog\/category\/formaciones\/"},"img":{"alt_text":"","src":"https:\/\/i0.wp.com\/cepronda.com\/blog\/wp-content\/uploads\/2020\/09\/Logo-progamas-de-formacion-oficial.jpg?resize=350%2C200","width":350,"height":200},"classes":[]},{"id":3091,"url":"https:\/\/cepronda.com\/blog\/primera-convocatoria-regional-2019-2020-oferta-formativa-del-aula-virtual-de-formacion-del-profesorado\/","url_meta":{"origin":7712,"position":3},"title":"Primera convocatoria regional 2019\/2020. Oferta formativa del aula virtual de formaci\u00f3n del profesorado.","author":"V\u00edctor Caballero","date":"12 octubre, 2019","format":false,"excerpt":"Dentro del plan de formaci\u00f3n del profesorado de la Consejer\u00eda de Educaci\u00f3n se ofertan 35 cursos en la modalidad de cursos a distancia. Las condiciones de la oferta son las siguientes: Plazo de inscripci\u00f3n:\u00a0Desde el 14 de octubre de 2019 a las 15:00 horas hasta el 17 de octubre de\u2026","rel":"","context":"En \u00abFormaciones\u00bb","block_context":{"text":"Formaciones","link":"https:\/\/cepronda.com\/blog\/category\/formaciones\/"},"img":{"alt_text":"","src":"https:\/\/i0.wp.com\/cepronda.com\/blog\/wp-content\/uploads\/2019\/10\/AVFP1920.png?resize=350%2C200&ssl=1","width":350,"height":200,"srcset":"https:\/\/i0.wp.com\/cepronda.com\/blog\/wp-content\/uploads\/2019\/10\/AVFP1920.png?resize=350%2C200&ssl=1 1x, https:\/\/i0.wp.com\/cepronda.com\/blog\/wp-content\/uploads\/2019\/10\/AVFP1920.png?resize=525%2C300&ssl=1 1.5x"},"classes":[]},{"id":2496,"url":"https:\/\/cepronda.com\/blog\/primera-convocatoria-regional-de-teleformacion-2018-19\/","url_meta":{"origin":7712,"position":4},"title":"Primera Convocatoria Regional de Teleformaci\u00f3n 2018\/19","author":"V\u00edctor Caballero","date":"29 noviembre, 2018","format":false,"excerpt":"Muy buenas familia,\u00a0 Sabemos que muchas y muchos de vosotros estabais esperando esta convocatoria, y ya la tenemos aqu\u00ed.\u00a0Para m\u00e1s informaci\u00f3n y solicitar la inscripci\u00f3n en alguna de la oferta s\u00f3lo ten\u00e9is que seguir este enlace. El plazo de inscripci\u00f3n se abre ma\u00f1ana 30 de noviembre a las 10:00. Dentro\u2026","rel":"","context":"En \u00abFormaciones\u00bb","block_context":{"text":"Formaciones","link":"https:\/\/cepronda.com\/blog\/category\/formaciones\/"},"img":{"alt_text":"","src":"https:\/\/i0.wp.com\/cepronda.com\/blog\/wp-content\/uploads\/2017\/05\/logo_ja_ce_mejor.jpg?fit=732%2C600&ssl=1&resize=350%2C200","width":350,"height":200,"srcset":"https:\/\/i0.wp.com\/cepronda.com\/blog\/wp-content\/uploads\/2017\/05\/logo_ja_ce_mejor.jpg?fit=732%2C600&ssl=1&resize=350%2C200 1x, https:\/\/i0.wp.com\/cepronda.com\/blog\/wp-content\/uploads\/2017\/05\/logo_ja_ce_mejor.jpg?fit=732%2C600&ssl=1&resize=525%2C300 1.5x, https:\/\/i0.wp.com\/cepronda.com\/blog\/wp-content\/uploads\/2017\/05\/logo_ja_ce_mejor.jpg?fit=732%2C600&ssl=1&resize=700%2C400 2x"},"classes":[]},{"id":368,"url":"https:\/\/cepronda.com\/blog\/1a-convocatoria-de-cursos-de-teleformacion-regional-2016-17\/","url_meta":{"origin":7712,"position":5},"title":"1\u00aa convocatoria de cursos de teleformaci\u00f3n regional 2016-17","author":"V\u00edctor Caballero","date":"18 noviembre, 2016","format":false,"excerpt":"Terminamos la semana con la noticia de que ya se ha publicado la 1\u00aa convocatoria de cursos de teleformaci\u00f3n regional del presente curso. Para esta convocatoria se ofertan 26 cursos de distintas modalidades, y seguro que alguno de ellos cuadra con vuestras inquietudes y\/o necesidades. Si quer\u00e9is acceder al listado,\u2026","rel":"","context":"En \u00abFormaciones\u00bb","block_context":{"text":"Formaciones","link":"https:\/\/cepronda.com\/blog\/category\/formaciones\/"},"img":{"alt_text":"internet-42584_150","src":"https:\/\/i0.wp.com\/cepronda.com\/blog\/wp-content\/uploads\/2016\/11\/internet-42584_150.png?resize=350%2C200","width":350,"height":200},"classes":[]}],"jetpack_sharing_enabled":true,"_links":{"self":[{"href":"https:\/\/cepronda.com\/blog\/wp-json\/wp\/v2\/posts\/7712","targetHints":{"allow":["GET"]}}],"collection":[{"href":"https:\/\/cepronda.com\/blog\/wp-json\/wp\/v2\/posts"}],"about":[{"href":"https:\/\/cepronda.com\/blog\/wp-json\/wp\/v2\/types\/post"}],"author":[{"embeddable":true,"href":"https:\/\/cepronda.com\/blog\/wp-json\/wp\/v2\/users\/9"}],"replies":[{"embeddable":true,"href":"https:\/\/cepronda.com\/blog\/wp-json\/wp\/v2\/comments?post=7712"}],"version-history":[{"count":11,"href":"https:\/\/cepronda.com\/blog\/wp-json\/wp\/v2\/posts\/7712\/revisions"}],"predecessor-version":[{"id":7742,"href":"https:\/\/cepronda.com\/blog\/wp-json\/wp\/v2\/posts\/7712\/revisions\/7742"}],"wp:featuredmedia":[{"embeddable":true,"href":"https:\/\/cepronda.com\/blog\/wp-json\/wp\/v2\/media\/7723"}],"wp:attachment":[{"href":"https:\/\/cepronda.com\/blog\/wp-json\/wp\/v2\/media?parent=7712"}],"wp:term":[{"taxonomy":"category","embeddable":true,"href":"https:\/\/cepronda.com\/blog\/wp-json\/wp\/v2\/categories?post=7712"},{"taxonomy":"post_tag","embeddable":true,"href":"https:\/\/cepronda.com\/blog\/wp-json\/wp\/v2\/tags?post=7712"}],"curies":[{"name":"wp","href":"https:\/\/api.w.org\/{rel}","templated":true}]}}