{"id":7694,"date":"2024-09-11T13:17:26","date_gmt":"2024-09-11T11:17:26","guid":{"rendered":"https:\/\/cepronda.com\/blog\/?p=7694"},"modified":"2025-04-28T12:05:52","modified_gmt":"2025-04-28T10:05:52","slug":"jornadas-para-responsables-de-formacion-y-equipos-directivos-de-los-centros-educativos-12h-codigo-252924ge001","status":"publish","type":"post","link":"https:\/\/cepronda.com\/blog\/jornadas-para-responsables-de-formacion-y-equipos-directivos-de-los-centros-educativos-12h-codigo-252924ge001\/","title":{"rendered":"JORNADAS PARA RESPONSABLES DE FORMACI\u00d3N Y EQUIPOS DIRECTIVOS DE LOS CENTROS EDUCATIVOS (12h), c\u00f3digo 252924GE001."},"content":{"rendered":"<div class=\"\" data-block=\"true\" data-editor=\"dpm2u\" data-offset-key=\"bje1q-0-0\">\n<div data-offset-key=\"bje1q-0-0\">Os informamos que se encuentra abierta la inscripci\u00f3n en el curso provincial:<br \/>\nJORNADAS PARA RESPONSABLES DE FORMACI\u00d3N Y EQUIPOS DIRECTIVOS DE LOS CENTROS EDUCATIVOS (12h), con c\u00f3digo 252924GE001.<br \/>\nEsta actividad est\u00e1 dirigida a equipos directivos de los diferentes niveles educativos, responsables de formaci\u00f3n de centros educativos de infantil, primaria y FEIE en secundaria.<br \/>\nMODALIDAD : Presencial<br \/>\nCRITERIOS DE ADJUDICACI\u00d3N: Docentes Pertenecientes a equipos directivos de los diferentes niveles educativos, responsables de formaci\u00f3n de centros educativos de infantil, primaria y FEIE en secundaria.maestros y maestras tutores\/as de Infantil y Primaria de centros p\u00fablicos.Inscripci\u00f3n: Del 11 al 27 de septiembre de 2024.<br \/>\nFechas y lugar de Realizaci\u00f3n:\u00a0 \u00a0 \u00a0 \u00a0 \u00a0 03\/10\/24 en la Facultad de ciencias de educaci\u00f3n (UMA)<br \/>\n10\/10\/2024 CEP de Ronda.M\u00e1s info:<\/p>\n<p><a class=\"text-entity-link\" dir=\"auto\" title=\"https:\/\/sites.google.com\/g.educaand.es\/jornadas?usp=sharing\" href=\"https:\/\/sites.google.com\/g.educaand.es\/jornadas?usp=sharing\" target=\"_blank\" rel=\"noopener noreferrer\" data-entity-type=\"MessageEntityUrl\">https:\/\/sites.google.com\/g.educaand.es\/jornadas?usp=sharing<\/a><br \/>\nPara inscripciones pinchar aqu\u00ed:<br \/>\n<a href=\"https:\/\/www.juntadeandalucia.es\/educacion\/secretariavirtual\/consultaCEP\/actividad\/252924GE001\/\">https:\/\/www.juntadeandalucia.es\/educacion\/secretariavirtual\/consultaCEP\/actividad\/252924GE001\/<\/a><\/p>\n<\/div>\n<div data-offset-key=\"bje1q-0-0\">\n<div class=\"html-div xdj266r x11i5rnm xat24cr x1mh8g0r xexx8yu x4uap5 x18d9i69 xkhd6sd\">\n<div class=\"html-div xdj266r x11i5rnm xat24cr x1mh8g0r xexx8yu x4uap5 x18d9i69 xkhd6sd\" dir=\"auto\">\n<div id=\":r18:\" class=\"x1l90r2v x1pi30zi x1swvt13 x1iorvi4\" data-ad-comet-preview=\"message\" data-ad-preview=\"message\">\n<div class=\"x78zum5 xdt5ytf xz62fqu x16ldp7u\">\n<div class=\"xu06os2 x1ok221b\">\n<div class=\"x11i5rnm xat24cr x1mh8g0r x1vvkbs xtlvy1s x126k92a\">\n<div dir=\"auto\"><\/div>\n<\/div>\n<\/div>\n<\/div>\n<\/div>\n<\/div>\n<div id=\":r19:\" class=\"html-div xdj266r x11i5rnm xat24cr x1mh8g0r xexx8yu x4uap5 x18d9i69 xkhd6sd x1n2onr6\">\n<div class=\"html-div xdj266r x11i5rnm xat24cr x1mh8g0r xexx8yu x4uap5 x18d9i69 xkhd6sd x1n2onr6\">\n<div class=\"x6s0dn4 x1jx94hy x78zum5 xdt5ytf x6ikm8r x10wlt62 x1n2onr6 xh8yej3\">\n<div>\n<div class=\"xqtp20y x6ikm8r x10wlt62 x1n2onr6\">\n<div><\/div>\n<div><\/div>\n<div class=\"x10l6tqk x13vifvy\"><a href=\"https:\/\/sites.google.com\/g.educaand.es\/jornadas?usp=sharing\"><img loading=\"lazy\" decoding=\"async\" class=\"x1ey2m1c xds687c x5yr21d x10l6tqk x17qophe x13vifvy xh8yej3 xl1xv1r aligncenter\" src=\"https:\/\/scontent-mad2-1.xx.fbcdn.net\/v\/t39.30808-6\/459239008_1055595046566794_7804984945000265520_n.jpg?stp=dst-jpg_p526x296&amp;_nc_cat=100&amp;ccb=1-7&amp;_nc_sid=127cfc&amp;_nc_ohc=nmZb3Qyo22EQ7kNvgEz0cZV&amp;_nc_ht=scontent-mad2-1.xx&amp;_nc_gid=AzOt06pxTTwbI8M-8ROfzeq&amp;oh=00_AYDggMQoU7U30fbNUfO-J5irva0dCG7XK4tm0w3s9fvDZg&amp;oe=66E75542\" alt=\"Puede ser una imagen de texto\" width=\"526\" height=\"526\" \/><\/a><\/div>\n<\/div>\n<\/div>\n<\/div>\n<div class=\"x1nb4dca x1q0q8m5 xso031l x1exxf4d x13fuv20 x178xt8z x1ey2m1c xds687c x17qophe x47corl x10l6tqk x13vifvy\"><\/div>\n<div class=\"x1ey2m1c xds687c x17qophe xg01cxk x47corl x10l6tqk x13vifvy x1ebt8du x19991ni x1dhq9h x1o1ewxj x3x9cwd x1e5q0jg x13rtm0m\" role=\"none\" data-visualcompletion=\"ignore\"><\/div>\n<\/div>\n<div class=\"html-div xdj266r x11i5rnm xat24cr x1mh8g0r xexx8yu x4uap5 x18d9i69 xkhd6sd\"><\/div>\n<\/div>\n<\/div>\n<\/div>\n<\/div>\n<div class=\"\" data-block=\"true\" data-editor=\"dpm2u\" data-offset-key=\"30l8r-0-0\">\n<div class=\"_1mf _1mj\" data-offset-key=\"30l8r-0-0\"><\/div>\n<\/div>\n","protected":false},"excerpt":{"rendered":"<p>Os informamos que se encuentra abierta la inscripci\u00f3n en el curso provincial: JORNADAS PARA RESPONSABLES DE FORMACI\u00d3N Y EQUIPOS DIRECTIVOS DE LOS CENTROS EDUCATIVOS (12h), con c\u00f3digo 252924GE001. Esta actividad est\u00e1 dirigida a equipos directivos de los diferentes niveles educativos, responsables de formaci\u00f3n de centros educativos de infantil, primaria y FEIE en secundaria. MODALIDAD : [&hellip;]<\/p>\n","protected":false},"author":9,"featured_media":7695,"comment_status":"closed","ping_status":"open","sticky":false,"template":"","format":"standard","meta":{"_crdt_document":"","advanced_seo_description":"","jetpack_seo_html_title":"","jetpack_seo_noindex":false,"jetpack_post_was_ever_published":false,"_jetpack_newsletter_access":"","_jetpack_dont_email_post_to_subs":false,"_jetpack_newsletter_tier_id":0,"_jetpack_memberships_contains_paywalled_content":false,"_jetpack_memberships_contains_paid_content":false,"footnotes":"","jetpack_publicize_message":"","jetpack_publicize_feature_enabled":true,"jetpack_social_post_already_shared":false,"jetpack_social_options":{"image_generator_settings":{"template":"highway","default_image_id":0,"font":"","enabled":false},"version":2}},"categories":[5],"tags":[25,291,174],"class_list":{"0":"post-7694","1":"post","2":"type-post","3":"status-publish","4":"format-standard","5":"has-post-thumbnail","7":"category-noticias","8":"tag-equipos-directivos","9":"tag-feie","10":"tag-jornadas","11":"czr-hentry"},"jetpack_publicize_connections":[],"jetpack_featured_media_url":"https:\/\/i0.wp.com\/cepronda.com\/blog\/wp-content\/uploads\/2024\/09\/CARTEL-FEIE.jpg?fit=1080%2C1080&ssl=1","jetpack_shortlink":"https:\/\/wp.me\/p8M4X7-206","jetpack-related-posts":[{"id":8870,"url":"https:\/\/cepronda.com\/blog\/encuentro-para-responsables-de-formacion-y-equipos-directivos-de-los-centros-educativos\/","url_meta":{"origin":7694,"position":0},"title":"ENCUENTRO PARA RESPONSABLES DE FORMACI\u00d3N Y EQUIPOS DIRECTIVOS DE LOS CENTROS EDUCATIVOS.","author":"V\u00edctor Caballero","date":"20 octubre, 2025","format":false,"excerpt":"Abierto el plazo de inscripci\u00f3n para el \"ENCUENTRO PARA RESPONSABLES DE FORMACI\u00d3N Y EQUIPOS DIRECTIVOS DE LOS CENTROS EDUCATIVOS.\" c\u00f3digo 262924GE001 Formaci\u00f3n destinada a equipos directivos y FEIE para mejorar el proceso de autoevaluaci\u00f3n y mejora de los centros. - Fortalecimiento de los Equipos. - Elaboraci\u00f3n del Plan de Formaci\u00f3n\u2026","rel":"","context":"En \u00abFormaciones\u00bb","block_context":{"text":"Formaciones","link":"https:\/\/cepronda.com\/blog\/category\/formaciones\/"},"img":{"alt_text":"","src":"https:\/\/i0.wp.com\/cepronda.com\/blog\/wp-content\/uploads\/2025\/09\/262924GE001-Cartel-Encuentro-Equipos-directivos-y-FEIE.png?fit=960%2C1200&ssl=1&resize=350%2C200","width":350,"height":200,"srcset":"https:\/\/i0.wp.com\/cepronda.com\/blog\/wp-content\/uploads\/2025\/09\/262924GE001-Cartel-Encuentro-Equipos-directivos-y-FEIE.png?fit=960%2C1200&ssl=1&resize=350%2C200 1x, https:\/\/i0.wp.com\/cepronda.com\/blog\/wp-content\/uploads\/2025\/09\/262924GE001-Cartel-Encuentro-Equipos-directivos-y-FEIE.png?fit=960%2C1200&ssl=1&resize=525%2C300 1.5x, https:\/\/i0.wp.com\/cepronda.com\/blog\/wp-content\/uploads\/2025\/09\/262924GE001-Cartel-Encuentro-Equipos-directivos-y-FEIE.png?fit=960%2C1200&ssl=1&resize=700%2C400 2x"},"classes":[]},{"id":7555,"url":"https:\/\/cepronda.com\/blog\/transformacion-educativa-para-equipos-directivos-2\/","url_meta":{"origin":7694,"position":1},"title":"TRANSFORMACI\u00d3N EDUCATIVA PARA EQUIPOS DIRECTIVOS","author":"Mamen Moreno","date":"10 abril, 2024","format":false,"excerpt":"Se encuentra abierta la inscripci\u00f3n de la actividad formativa provincial \"TRANSFORMACI\u00d3N EDUCATIVA PARA EQUIPOS DIRECTIVOS\" Dirigido a Equipos directivos y FEIE de los centros educativos sostenidos con fondos p\u00fablicos. Se trata de una actividad de 20 horas con dos tem\u00e1ticas principales: Competencia Digital Docente (14 horas totalmente online tutorizadas) -\u2026","rel":"","context":"En \u00abFormaciones\u00bb","block_context":{"text":"Formaciones","link":"https:\/\/cepronda.com\/blog\/category\/formaciones\/"},"img":{"alt_text":"","src":"https:\/\/i0.wp.com\/cepronda.com\/blog\/wp-content\/uploads\/2024\/04\/WhatsApp-Image-2024-04-09-at-13.05.31-1.jpeg?fit=800%2C800&ssl=1&resize=350%2C200","width":350,"height":200,"srcset":"https:\/\/i0.wp.com\/cepronda.com\/blog\/wp-content\/uploads\/2024\/04\/WhatsApp-Image-2024-04-09-at-13.05.31-1.jpeg?fit=800%2C800&ssl=1&resize=350%2C200 1x, https:\/\/i0.wp.com\/cepronda.com\/blog\/wp-content\/uploads\/2024\/04\/WhatsApp-Image-2024-04-09-at-13.05.31-1.jpeg?fit=800%2C800&ssl=1&resize=525%2C300 1.5x, https:\/\/i0.wp.com\/cepronda.com\/blog\/wp-content\/uploads\/2024\/04\/WhatsApp-Image-2024-04-09-at-13.05.31-1.jpeg?fit=800%2C800&ssl=1&resize=700%2C400 2x"},"classes":[]},{"id":474,"url":"https:\/\/cepronda.com\/blog\/curso-fundamentacion-juridica-para-la-gestion-de-los-centros-educativos\/","url_meta":{"origin":7694,"position":2},"title":"Curso \u00abFundamentaci\u00f3n jur\u00eddica para la gesti\u00f3n de los centros educativos\u00bb","author":"V\u00edctor Caballero","date":"13 diciembre, 2016","format":false,"excerpt":"\u00a1No nos paran! Seguimos con un \u00a0curso con seguimiento dirigido a las personas responsables de las secretar\u00edas en los centros y al resto de los miembros de los Equipos Directivos para su actualizaci\u00f3n a la hora de aplicar la legislaci\u00f3n educativa como norma para la mejora de la gesti\u00f3n econ\u00f3mica\u2026","rel":"","context":"En \u00abFormaciones\u00bb","block_context":{"text":"Formaciones","link":"https:\/\/cepronda.com\/blog\/category\/formaciones\/"},"img":{"alt_text":"home-office-336377_640","src":"https:\/\/i0.wp.com\/cepronda.com\/blog\/wp-content\/uploads\/2016\/12\/home-office-336377_640.jpg?resize=350%2C200","width":350,"height":200},"classes":[]},{"id":766,"url":"https:\/\/cepronda.com\/blog\/ix-jornada-de-equipos-directivos-y-responsables-del-plan-de-igualdad\/","url_meta":{"origin":7694,"position":3},"title":"IX Jornada de Equipos directivos y responsables del plan de igualdad","author":"V\u00edctor Caballero","date":"5 abril, 2017","format":false,"excerpt":"Muy buenas familia, Tras la \"locura\" de esta ma\u00f1ana, y a\u00fan con las buenas sensaciones vividas y lo aprendido en la ma\u00f1ana de hoy, os dejo con las fotos realizadas. Espero que todos y todas est\u00e9is tan satisfechas como estamos aqu\u00ed en el CEP, creemos realmente que han sido productivas\u2026","rel":"","context":"En \u00abNoticias\u00bb","block_context":{"text":"Noticias","link":"https:\/\/cepronda.com\/blog\/category\/noticias\/"},"img":{"alt_text":"","src":"https:\/\/i0.wp.com\/cepronda.com\/blog\/wp-content\/uploads\/2017\/05\/team-2044760_640.jpg?fit=640%2C479&ssl=1&resize=350%2C200","width":350,"height":200,"srcset":"https:\/\/i0.wp.com\/cepronda.com\/blog\/wp-content\/uploads\/2017\/05\/team-2044760_640.jpg?fit=640%2C479&ssl=1&resize=350%2C200 1x, https:\/\/i0.wp.com\/cepronda.com\/blog\/wp-content\/uploads\/2017\/05\/team-2044760_640.jpg?fit=640%2C479&ssl=1&resize=525%2C300 1.5x"},"classes":[]},{"id":759,"url":"https:\/\/cepronda.com\/blog\/jornada-de-actualizacion-de-los-equipos-directivos\/","url_meta":{"origin":7694,"position":4},"title":"Jornada de actualizaci\u00f3n de los equipos directivos","author":"V\u00edctor Caballero","date":"27 marzo, 2017","format":false,"excerpt":"\u00a1Hola de nuevo! Desde el CEP intentamos atender a todas vuestras necesidades, tanto a nivel individual como colectivo, y en aras de esto seguimos apostando por las jornadas dedicadas a los equipos directivos. En este caso se trata de las IX jornadas, y tendr\u00e1n dos partes claramente diferenciadas. \u00a0Por una\u2026","rel":"","context":"En \u00abNoticias\u00bb","block_context":{"text":"Noticias","link":"https:\/\/cepronda.com\/blog\/category\/noticias\/"},"img":{"alt_text":"","src":"https:\/\/i0.wp.com\/cepronda.com\/blog\/wp-content\/uploads\/2017\/03\/workshop-1746275_640.jpg?fit=640%2C414&ssl=1&resize=350%2C200","width":350,"height":200,"srcset":"https:\/\/i0.wp.com\/cepronda.com\/blog\/wp-content\/uploads\/2017\/03\/workshop-1746275_640.jpg?fit=640%2C414&ssl=1&resize=350%2C200 1x, https:\/\/i0.wp.com\/cepronda.com\/blog\/wp-content\/uploads\/2017\/03\/workshop-1746275_640.jpg?fit=640%2C414&ssl=1&resize=525%2C300 1.5x"},"classes":[]},{"id":3636,"url":"https:\/\/cepronda.com\/blog\/proteccion-de-datos-y-ciberseguridad-en-entornos-educativos-para-equipos-directivos-2\/","url_meta":{"origin":7694,"position":5},"title":"PROTECCI\u00d3N DE DATOS Y CIBERSEGURIDAD EN ENTORNOS EDUCATIVOS PARA EQUIPOS DIRECTIVOS","author":"V\u00edctor Caballero","date":"7 julio, 2020","format":false,"excerpt":"","rel":"","context":"En \u00abFormaciones\u00bb","block_context":{"text":"Formaciones","link":"https:\/\/cepronda.com\/blog\/category\/formaciones\/"},"img":{"alt_text":"","src":"https:\/\/i0.wp.com\/cepronda.com\/blog\/wp-content\/uploads\/2020\/07\/WhatsApp-Image-2020-07-06-at-09.55.13.jpeg?fit=848%2C1200&ssl=1&resize=350%2C200","width":350,"height":200,"srcset":"https:\/\/i0.wp.com\/cepronda.com\/blog\/wp-content\/uploads\/2020\/07\/WhatsApp-Image-2020-07-06-at-09.55.13.jpeg?fit=848%2C1200&ssl=1&resize=350%2C200 1x, https:\/\/i0.wp.com\/cepronda.com\/blog\/wp-content\/uploads\/2020\/07\/WhatsApp-Image-2020-07-06-at-09.55.13.jpeg?fit=848%2C1200&ssl=1&resize=525%2C300 1.5x, https:\/\/i0.wp.com\/cepronda.com\/blog\/wp-content\/uploads\/2020\/07\/WhatsApp-Image-2020-07-06-at-09.55.13.jpeg?fit=848%2C1200&ssl=1&resize=700%2C400 2x"},"classes":[]}],"jetpack_sharing_enabled":true,"_links":{"self":[{"href":"https:\/\/cepronda.com\/blog\/wp-json\/wp\/v2\/posts\/7694","targetHints":{"allow":["GET"]}}],"collection":[{"href":"https:\/\/cepronda.com\/blog\/wp-json\/wp\/v2\/posts"}],"about":[{"href":"https:\/\/cepronda.com\/blog\/wp-json\/wp\/v2\/types\/post"}],"author":[{"embeddable":true,"href":"https:\/\/cepronda.com\/blog\/wp-json\/wp\/v2\/users\/9"}],"replies":[{"embeddable":true,"href":"https:\/\/cepronda.com\/blog\/wp-json\/wp\/v2\/comments?post=7694"}],"version-history":[{"count":4,"href":"https:\/\/cepronda.com\/blog\/wp-json\/wp\/v2\/posts\/7694\/revisions"}],"predecessor-version":[{"id":7707,"href":"https:\/\/cepronda.com\/blog\/wp-json\/wp\/v2\/posts\/7694\/revisions\/7707"}],"wp:featuredmedia":[{"embeddable":true,"href":"https:\/\/cepronda.com\/blog\/wp-json\/wp\/v2\/media\/7695"}],"wp:attachment":[{"href":"https:\/\/cepronda.com\/blog\/wp-json\/wp\/v2\/media?parent=7694"}],"wp:term":[{"taxonomy":"category","embeddable":true,"href":"https:\/\/cepronda.com\/blog\/wp-json\/wp\/v2\/categories?post=7694"},{"taxonomy":"post_tag","embeddable":true,"href":"https:\/\/cepronda.com\/blog\/wp-json\/wp\/v2\/tags?post=7694"}],"curies":[{"name":"wp","href":"https:\/\/api.w.org\/{rel}","templated":true}]}}