{"id":7679,"date":"2024-09-03T11:34:30","date_gmt":"2024-09-03T09:34:30","guid":{"rendered":"https:\/\/cepronda.com\/blog\/?p=7679"},"modified":"2025-04-28T11:47:31","modified_gmt":"2025-04-28T09:47:31","slug":"desarrollo-del-pensamiento-logico-y-matematico-en-educacion-infantil-matematicas-en-accion-2","status":"publish","type":"post","link":"https:\/\/cepronda.com\/blog\/desarrollo-del-pensamiento-logico-y-matematico-en-educacion-infantil-matematicas-en-accion-2\/","title":{"rendered":"DESARROLLO DEL PENSAMIENTO L\u00d3GICO Y MATEM\u00c1TICO EN EDUCACI\u00d3N INFANTIL. MATEM\u00c1TICAS EN ACCI\u00d3N"},"content":{"rendered":"<p>Abierto el plazo de inscripciones en la actividad DESARROLLO DEL PENSAMIENTO L\u00d3GICO Y MATEM\u00c1TICO EN EDUCACI\u00d3N INFANTIL. MATEM\u00c1TICAS EN ACCI\u00d3N, a cargo de Jos\u00e9 Antonio Fern\u00e1ndez Bravo.<\/p>\n<p>Tipo de Actividad: PROVINCIAL, PRESENCIAL<br \/>\nProfesorado destinatario: MAESTROS\/AS INFANTIL.<br \/>\nUbicaci\u00f3n: CEP MARBELLA-CO\u00cdN<\/p>\n<p>HORARIO:<br \/>\n12 y 13 de septiembre: de 16:30 a 20:30 horas.<br \/>\n14 de septiembre: de 9:30 a 13:30 horas.<\/p>\n<p>Enlace para la inscripci\u00f3n:<a href=\"https:\/\/www.juntadeandalucia.es\/educacion\/secretariavirtual\/consultaCEP\/actividad\/252923GE251\/\"> https:\/\/www.juntadeandalucia.es\/educacion\/secretariavirtual\/consultaCEP\/actividad\/252923GE251\/<\/a><\/p>\n<p>&nbsp;<\/p>\n<div style=\"width: 1080px;\" class=\"wp-video\"><video class=\"wp-video-shortcode\" id=\"video-7679-1\" width=\"1080\" height=\"1080\" preload=\"metadata\" controls=\"controls\"><source type=\"video\/mp4\" src=\"https:\/\/cepronda.com\/blog\/wp-content\/uploads\/2024\/09\/WhatsApp-Video-2024-09-02-at-14.00.17-1-1.mp4?_=1\" \/><a href=\"https:\/\/cepronda.com\/blog\/wp-content\/uploads\/2024\/09\/WhatsApp-Video-2024-09-02-at-14.00.17-1-1.mp4\">https:\/\/cepronda.com\/blog\/wp-content\/uploads\/2024\/09\/WhatsApp-Video-2024-09-02-at-14.00.17-1-1.mp4<\/a><\/video><\/div>\n","protected":false},"excerpt":{"rendered":"<p>Abierto el plazo de inscripciones en la actividad DESARROLLO DEL PENSAMIENTO L\u00d3GICO Y MATEM\u00c1TICO EN EDUCACI\u00d3N INFANTIL. MATEM\u00c1TICAS EN ACCI\u00d3N, a cargo de Jos\u00e9 Antonio Fern\u00e1ndez Bravo. Tipo de Actividad: PROVINCIAL, PRESENCIAL Profesorado destinatario: MAESTROS\/AS INFANTIL. Ubicaci\u00f3n: CEP MARBELLA-CO\u00cdN HORARIO: 12 y 13 de septiembre: de 16:30 a 20:30 horas. 14 de septiembre: de 9:30 [&hellip;]<\/p>\n","protected":false},"author":13,"featured_media":7670,"comment_status":"closed","ping_status":"open","sticky":false,"template":"","format":"standard","meta":{"_crdt_document":"","advanced_seo_description":"","jetpack_seo_html_title":"","jetpack_seo_noindex":false,"jetpack_post_was_ever_published":false,"_jetpack_newsletter_access":"","_jetpack_dont_email_post_to_subs":false,"_jetpack_newsletter_tier_id":0,"_jetpack_memberships_contains_paywalled_content":false,"_jetpack_memberships_contains_paid_content":false,"footnotes":"","jetpack_publicize_message":"","jetpack_publicize_feature_enabled":true,"jetpack_social_post_already_shared":false,"jetpack_social_options":{"image_generator_settings":{"template":"highway","default_image_id":0,"font":"","enabled":false},"version":2}},"categories":[3,5],"tags":[],"class_list":{"0":"post-7679","1":"post","2":"type-post","3":"status-publish","4":"format-standard","5":"has-post-thumbnail","7":"category-formaciones","8":"category-noticias","9":"czr-hentry"},"jetpack_publicize_connections":[],"jetpack_featured_media_url":"https:\/\/i0.wp.com\/cepronda.com\/blog\/wp-content\/uploads\/2024\/07\/Sin-titulo.jpg?fit=605%2C603&ssl=1","jetpack_shortlink":"https:\/\/wp.me\/p8M4X7-1ZR","jetpack-related-posts":[{"id":7666,"url":"https:\/\/cepronda.com\/blog\/desarrollo-del-pensamiento-logico-y-matematico-en-educacion-infantil-matematicas-en-accion\/","url_meta":{"origin":7679,"position":0},"title":"DESARROLLO DEL PENSAMIENTO L\u00d3GICO Y MATEM\u00c1TICO EN EDUCACI\u00d3N INFANTIL. MATEM\u00c1TICAS EN ACCI\u00d3N","author":"Mamen Moreno","date":"12 julio, 2024","format":false,"excerpt":"El pr\u00f3ximo d\u00eda 2 de septiembre se abren las inscripciones en la actividad DESARROLLO DEL PENSAMIENTO L\u00d3GICO Y MATEM\u00c1TICO EN EDUCACI\u00d3N INFANTIL. MATEM\u00c1TICAS EN ACCI\u00d3N con c\u00f3digo\u00a0252923GE251, a cargo de Jos\u00e9 Antonio Fern\u00e1ndez Bravo. \u25aa\ufe0fTipo de Actividad: PROVINCIAL Ubicaci\u00f3n: CEP MARBELLA-CO\u00cdN \u23f0HORARIO: PRESENCIAL 12 y 13 de septiembre: de 16:30\u2026","rel":"","context":"En \u00abFormaciones\u00bb","block_context":{"text":"Formaciones","link":"https:\/\/cepronda.com\/blog\/category\/formaciones\/"},"img":{"alt_text":"","src":"https:\/\/i0.wp.com\/cepronda.com\/blog\/wp-content\/uploads\/2024\/07\/Sin-titulo.jpg?fit=605%2C603&ssl=1&resize=350%2C200","width":350,"height":200,"srcset":"https:\/\/i0.wp.com\/cepronda.com\/blog\/wp-content\/uploads\/2024\/07\/Sin-titulo.jpg?fit=605%2C603&ssl=1&resize=350%2C200 1x, https:\/\/i0.wp.com\/cepronda.com\/blog\/wp-content\/uploads\/2024\/07\/Sin-titulo.jpg?fit=605%2C603&ssl=1&resize=525%2C300 1.5x"},"classes":[]},{"id":7321,"url":"https:\/\/cepronda.com\/blog\/abn-en-infantil-y-educacion-especial-desarrollo-de-la-competencia-matematica-2\/","url_meta":{"origin":7679,"position":1},"title":"ABN EN INFANTIL Y EDUCACI\u00d3N ESPECIAL: DESARROLLO DE LA COMPETENCIA MATEM\u00c1TICA","author":"V\u00edctor Caballero","date":"11 enero, 2024","format":false,"excerpt":"Se encuentra abierto el plazo de inscripci\u00f3n para la formaci\u00f3n \u201cABN EN INFANTIL Y EDUCACI\u00d3N ESPECIAL: DESARROLLO DE LA COMPETENCIA MATEM\u00c1TICA\" C\u00d3DIGO 242924GE011 Ponentes:\u00a0 Basi Guijarro y Fabiola Heredia Duraci\u00f3n de la actividad 10 horas presenciales + 3 horas de tareas. Fecha actividad: X31 ene( 17:00 a 19:30h) CEP Ronda\u2026","rel":"","context":"En \u00abFormaciones\u00bb","block_context":{"text":"Formaciones","link":"https:\/\/cepronda.com\/blog\/category\/formaciones\/"},"img":{"alt_text":"","src":"https:\/\/i0.wp.com\/cepronda.com\/blog\/wp-content\/uploads\/2024\/01\/CARTEL-ABN-MATEMATICAS-ENERO-2024.png?fit=1080%2C1080&ssl=1&resize=350%2C200","width":350,"height":200,"srcset":"https:\/\/i0.wp.com\/cepronda.com\/blog\/wp-content\/uploads\/2024\/01\/CARTEL-ABN-MATEMATICAS-ENERO-2024.png?fit=1080%2C1080&ssl=1&resize=350%2C200 1x, https:\/\/i0.wp.com\/cepronda.com\/blog\/wp-content\/uploads\/2024\/01\/CARTEL-ABN-MATEMATICAS-ENERO-2024.png?fit=1080%2C1080&ssl=1&resize=525%2C300 1.5x, https:\/\/i0.wp.com\/cepronda.com\/blog\/wp-content\/uploads\/2024\/01\/CARTEL-ABN-MATEMATICAS-ENERO-2024.png?fit=1080%2C1080&ssl=1&resize=700%2C400 2x, https:\/\/i0.wp.com\/cepronda.com\/blog\/wp-content\/uploads\/2024\/01\/CARTEL-ABN-MATEMATICAS-ENERO-2024.png?fit=1080%2C1080&ssl=1&resize=1050%2C600 3x"},"classes":[]},{"id":7744,"url":"https:\/\/cepronda.com\/blog\/desarrollo-de-la-concentracion-y-el-control-inhibitorio-en-el-alumnado-de-infantil\/","url_meta":{"origin":7679,"position":2},"title":"DESARROLLO DE LA CONCENTRACI\u00d3N Y EL CONTROL INHIBITORIO EN EL ALUMNADO DE INFANTIL","author":"Mamen Moreno","date":"25 septiembre, 2024","format":false,"excerpt":"Abierto el plazo de inscripciones en la actividad DESARROLLO DE LA CONCENTRACI\u00d3N Y EL CONTROL INHIBITORIO EN EL ALUMNADO DE INFANTIL con c\u00f3digo 252924GE003. Duraci\u00f3n de la actividad: 20 horas ( 9 horas videoconferencias y 11 horas no presencial) Fecha de inscripci\u00f3n: 25\/09\/2024 hasta 4\/10\/2024 Fecha de la actividad: 9,\u2026","rel":"","context":"En \u00abFormaciones\u00bb","block_context":{"text":"Formaciones","link":"https:\/\/cepronda.com\/blog\/category\/formaciones\/"},"img":{"alt_text":"","src":"https:\/\/i0.wp.com\/cepronda.com\/blog\/wp-content\/uploads\/2024\/09\/Post-de-Instagram-Psicologia-Salud-Mental-Profesional-Multicolor-4-1.jpg?fit=1080%2C1080&ssl=1&resize=350%2C200","width":350,"height":200,"srcset":"https:\/\/i0.wp.com\/cepronda.com\/blog\/wp-content\/uploads\/2024\/09\/Post-de-Instagram-Psicologia-Salud-Mental-Profesional-Multicolor-4-1.jpg?fit=1080%2C1080&ssl=1&resize=350%2C200 1x, https:\/\/i0.wp.com\/cepronda.com\/blog\/wp-content\/uploads\/2024\/09\/Post-de-Instagram-Psicologia-Salud-Mental-Profesional-Multicolor-4-1.jpg?fit=1080%2C1080&ssl=1&resize=525%2C300 1.5x, https:\/\/i0.wp.com\/cepronda.com\/blog\/wp-content\/uploads\/2024\/09\/Post-de-Instagram-Psicologia-Salud-Mental-Profesional-Multicolor-4-1.jpg?fit=1080%2C1080&ssl=1&resize=700%2C400 2x, https:\/\/i0.wp.com\/cepronda.com\/blog\/wp-content\/uploads\/2024\/09\/Post-de-Instagram-Psicologia-Salud-Mental-Profesional-Multicolor-4-1.jpg?fit=1080%2C1080&ssl=1&resize=1050%2C600 3x"},"classes":[]},{"id":4764,"url":"https:\/\/cepronda.com\/blog\/matematicas-manipulativas-desarrollo-de-la-competencia-matematica-infantil-y-primaria\/","url_meta":{"origin":7679,"position":3},"title":"MATEM\u00c1TICAS MANIPULATIVAS: DESARROLLO DE LA COMPETENCIA MATEM\u00c1TICA INFANTIL Y PRIMARIA","author":"V\u00edctor Caballero","date":"15 octubre, 2021","format":false,"excerpt":"Buenos d\u00edas. Os informamos que est\u00e1 abierto el plazo de inscripci\u00f3n de la formaci\u00f3n\u00a0 MATEM\u00c1TICAS MANIPULATIVAS: DESARROLLO DE LA COMPETENCIA MATEM\u00c1TICA INFANTIL Y PRIMARIA (C\u00f3digo: 222924GE043).\u00a0 Las fechas de inscripci\u00f3n son las comprendidas del 15 al 28 de octubre de 2021. La actividad se llevar\u00e1 a cabo los d\u00edas siguientes:\u2026","rel":"","context":"En \u00abFormaciones\u00bb","block_context":{"text":"Formaciones","link":"https:\/\/cepronda.com\/blog\/category\/formaciones\/"},"img":{"alt_text":"","src":"https:\/\/i0.wp.com\/cepronda.com\/blog\/wp-content\/uploads\/2021\/10\/Captura-de-pantalla-2021-10-15-a-las-13.52.24.png?fit=681%2C964&ssl=1&resize=350%2C200","width":350,"height":200,"srcset":"https:\/\/i0.wp.com\/cepronda.com\/blog\/wp-content\/uploads\/2021\/10\/Captura-de-pantalla-2021-10-15-a-las-13.52.24.png?fit=681%2C964&ssl=1&resize=350%2C200 1x, https:\/\/i0.wp.com\/cepronda.com\/blog\/wp-content\/uploads\/2021\/10\/Captura-de-pantalla-2021-10-15-a-las-13.52.24.png?fit=681%2C964&ssl=1&resize=525%2C300 1.5x"},"classes":[]},{"id":7890,"url":"https:\/\/cepronda.com\/blog\/competencias-linguisticas-en-educacion-infantil\/","url_meta":{"origin":7679,"position":4},"title":"COMPETENCIAS LING\u00dc\u00cdSTICAS EN EDUCACI\u00d3N INFANTIL","author":"Mamen Moreno","date":"2 diciembre, 2024","format":false,"excerpt":"Abierto el plazo de solicitudes para el curso: COMPETENCIAS LING\u00dc\u00cdSTICAS EN EDUCACI\u00d3N INFANTIL C\u00f3digo: 252922GE251. Ponente: Mar\u00eda del Mar Qu\u00edrell Curso Semipresencial de 25 horas (2 horas por Webex y 23 horas tareas en el AVFP), dirigido al profesorado de educaci\u00f3n infantil. \u00a0Inscripci\u00f3n: 02\/12\/2024 al 09\/01\/2025. Fecha de actividad: 14\/01\/2025\u2026","rel":"","context":"En \u00abFormaciones\u00bb","block_context":{"text":"Formaciones","link":"https:\/\/cepronda.com\/blog\/category\/formaciones\/"},"img":{"alt_text":"","src":"https:\/\/i0.wp.com\/cepronda.com\/blog\/wp-content\/uploads\/2024\/12\/LA-COEDUCACION-ATERRIZA-EN-EL-AULA-1.jpg?fit=1080%2C1080&ssl=1&resize=350%2C200","width":350,"height":200,"srcset":"https:\/\/i0.wp.com\/cepronda.com\/blog\/wp-content\/uploads\/2024\/12\/LA-COEDUCACION-ATERRIZA-EN-EL-AULA-1.jpg?fit=1080%2C1080&ssl=1&resize=350%2C200 1x, https:\/\/i0.wp.com\/cepronda.com\/blog\/wp-content\/uploads\/2024\/12\/LA-COEDUCACION-ATERRIZA-EN-EL-AULA-1.jpg?fit=1080%2C1080&ssl=1&resize=525%2C300 1.5x, https:\/\/i0.wp.com\/cepronda.com\/blog\/wp-content\/uploads\/2024\/12\/LA-COEDUCACION-ATERRIZA-EN-EL-AULA-1.jpg?fit=1080%2C1080&ssl=1&resize=700%2C400 2x, https:\/\/i0.wp.com\/cepronda.com\/blog\/wp-content\/uploads\/2024\/12\/LA-COEDUCACION-ATERRIZA-EN-EL-AULA-1.jpg?fit=1080%2C1080&ssl=1&resize=1050%2C600 3x"},"classes":[]},{"id":8090,"url":"https:\/\/cepronda.com\/blog\/los-cuentos-como-recurso-para-el-desarrollo-de-la-competencia-matematica-en-educacion-infantil\/","url_meta":{"origin":7679,"position":5},"title":"LOS CUENTOS COMO RECURSO PARA EL DESARROLLO DE LA COMPETENCIA MATEM\u00c1TICA EN EDUCACI\u00d3N INFANTIL","author":"Mamen Moreno","date":"30 enero, 2025","format":false,"excerpt":"Abierto el plazo de solicitudes para el curso \u201cLOS CUENTOS COMO RECURSO PARA EL DESARROLLO DE LA COMPETENCIA MATEM\u00c1TICA EN EDUCACI\u00d3N INFANTIL\u201d con c\u00f3digo 252924GE250 Ponente: Mar\u00eda del Mar Qu\u00edrell Jos\u00e9 Dirigido: Profesorado de Educaci\u00f3n Infantil Inscripci\u00f3n: 30\/01\/2025 hasta el 21\/02\/2025 Fecha de la actividad: 04\/03\/2025 hasta el 25\/04\/2025 Duraci\u00f3n:\u2026","rel":"","context":"En \u00abFormaciones\u00bb","block_context":{"text":"Formaciones","link":"https:\/\/cepronda.com\/blog\/category\/formaciones\/"},"img":{"alt_text":"","src":"https:\/\/i0.wp.com\/cepronda.com\/blog\/wp-content\/uploads\/2025\/01\/CARTEL-MATEMATICAS-CUENTOS-2.jpg?fit=1080%2C1080&ssl=1&resize=350%2C200","width":350,"height":200,"srcset":"https:\/\/i0.wp.com\/cepronda.com\/blog\/wp-content\/uploads\/2025\/01\/CARTEL-MATEMATICAS-CUENTOS-2.jpg?fit=1080%2C1080&ssl=1&resize=350%2C200 1x, https:\/\/i0.wp.com\/cepronda.com\/blog\/wp-content\/uploads\/2025\/01\/CARTEL-MATEMATICAS-CUENTOS-2.jpg?fit=1080%2C1080&ssl=1&resize=525%2C300 1.5x, https:\/\/i0.wp.com\/cepronda.com\/blog\/wp-content\/uploads\/2025\/01\/CARTEL-MATEMATICAS-CUENTOS-2.jpg?fit=1080%2C1080&ssl=1&resize=700%2C400 2x, https:\/\/i0.wp.com\/cepronda.com\/blog\/wp-content\/uploads\/2025\/01\/CARTEL-MATEMATICAS-CUENTOS-2.jpg?fit=1080%2C1080&ssl=1&resize=1050%2C600 3x"},"classes":[]}],"jetpack_sharing_enabled":true,"_links":{"self":[{"href":"https:\/\/cepronda.com\/blog\/wp-json\/wp\/v2\/posts\/7679","targetHints":{"allow":["GET"]}}],"collection":[{"href":"https:\/\/cepronda.com\/blog\/wp-json\/wp\/v2\/posts"}],"about":[{"href":"https:\/\/cepronda.com\/blog\/wp-json\/wp\/v2\/types\/post"}],"author":[{"embeddable":true,"href":"https:\/\/cepronda.com\/blog\/wp-json\/wp\/v2\/users\/13"}],"replies":[{"embeddable":true,"href":"https:\/\/cepronda.com\/blog\/wp-json\/wp\/v2\/comments?post=7679"}],"version-history":[{"count":2,"href":"https:\/\/cepronda.com\/blog\/wp-json\/wp\/v2\/posts\/7679\/revisions"}],"predecessor-version":[{"id":7683,"href":"https:\/\/cepronda.com\/blog\/wp-json\/wp\/v2\/posts\/7679\/revisions\/7683"}],"wp:featuredmedia":[{"embeddable":true,"href":"https:\/\/cepronda.com\/blog\/wp-json\/wp\/v2\/media\/7670"}],"wp:attachment":[{"href":"https:\/\/cepronda.com\/blog\/wp-json\/wp\/v2\/media?parent=7679"}],"wp:term":[{"taxonomy":"category","embeddable":true,"href":"https:\/\/cepronda.com\/blog\/wp-json\/wp\/v2\/categories?post=7679"},{"taxonomy":"post_tag","embeddable":true,"href":"https:\/\/cepronda.com\/blog\/wp-json\/wp\/v2\/tags?post=7679"}],"curies":[{"name":"wp","href":"https:\/\/api.w.org\/{rel}","templated":true}]}}