{"id":765,"date":"2016-10-17T13:49:49","date_gmt":"2016-10-17T11:49:49","guid":{"rendered":"http:\/\/cepronda.com\/blog\/?p=219"},"modified":"2016-10-17T13:49:49","modified_gmt":"2016-10-17T11:49:49","slug":"mujeres-naturalistas-y-pensamiento-biologico","status":"publish","type":"post","link":"https:\/\/cepronda.com\/blog\/mujeres-naturalistas-y-pensamiento-biologico\/","title":{"rendered":"Mujeres naturalistas y pensamiento biol\u00f3gico"},"content":{"rendered":"<p>\u00a1Seguimos con nuestro buen ritmo de principio de curso!<\/p>\n<p>Ahora os contamos una jornada denominada <a href=\"https:\/\/www.juntadeandalucia.es\/educacion\/secretariavirtual\/consultaCEP\/actividad\/172924GE051\/\" target=\"_blank\">\u00abMujeres naturalistas y pensamiento biol\u00f3gico\u00bb<\/a> que vamos a realizar en la Finca La Algaba el pr\u00f3ximo s\u00e1bado 19 de noviembre, \u00a1que tiene una pinta espectacular!, ya que contaremos con las siguientes ponencias:<\/p>\n<ul>\n<li>Mujeres naturalistas desde la revoluci\u00f3n cient\u00edfica hasta el siglo XXI. \u00bfEs el trabajo de campo una cuesti\u00f3n de g\u00e9nero?, por Teresa Claramunt<\/li>\n<li>El monte mediterr\u00e1neo en oto\u00f1o. Bot\u00e1nica y educaci\u00f3n.\u00a0Ruta guiada, por Natalia Santillana<\/li>\n<li>35 a\u00f1os con buitres: la realidad de la naturaleza, por Chelo Atencia Ciencia.<\/li>\n<li>Paisaje y mitolog\u00eda, una visi\u00f3n de g\u00e9nero, por Miguel Ruiz.<\/li>\n<\/ul>\n<p>Y todo esto aderezado con la magia de la <a href=\"http:\/\/www.algabaderonda.com\/\" target=\"_blank\">Finca La Algaba<\/a>. Seguro que ser\u00e1 una jornada muy productiva e interesante.<\/p>\n<p><img data-recalc-dims=\"1\" loading=\"lazy\" decoding=\"async\" class=\"aligncenter wp-image-220\" src=\"https:\/\/i0.wp.com\/cepronda.com\/blog\/wp-content\/uploads\/2016\/10\/GGpeque-300x213.png?resize=393%2C279\" alt=\"ggpeque\" width=\"393\" height=\"279\" \/><\/p>\n","protected":false},"excerpt":{"rendered":"<p>\u00a1Seguimos con nuestro buen ritmo de principio de curso! Ahora os contamos una jornada denominada \u00abMujeres naturalistas y pensamiento biol\u00f3gico\u00bb que vamos a realizar en la Finca La Algaba el pr\u00f3ximo s\u00e1bado 19 de noviembre, \u00a1que tiene una pinta espectacular!, ya que contaremos con las siguientes ponencias: Mujeres naturalistas desde la revoluci\u00f3n cient\u00edfica hasta el [&hellip;]<\/p>\n","protected":false},"author":3,"featured_media":220,"comment_status":"open","ping_status":"open","sticky":false,"template":"","format":"standard","meta":{"_crdt_document":"","advanced_seo_description":"","jetpack_seo_html_title":"","jetpack_seo_noindex":false,"jetpack_post_was_ever_published":false,"_jetpack_newsletter_access":"","_jetpack_dont_email_post_to_subs":false,"_jetpack_newsletter_tier_id":0,"_jetpack_memberships_contains_paywalled_content":false,"_jetpack_memberships_contains_paid_content":false,"footnotes":"","jetpack_publicize_message":"","jetpack_publicize_feature_enabled":true,"jetpack_social_post_already_shared":false,"jetpack_social_options":{"image_generator_settings":{"template":"highway","default_image_id":0,"font":"","enabled":false},"version":2}},"categories":[3],"tags":[12,37],"class_list":{"0":"post-765","1":"post","2":"type-post","3":"status-publish","4":"format-standard","5":"has-post-thumbnail","7":"category-formaciones","8":"tag-biologia","9":"tag-igualdad","10":"czr-hentry"},"jetpack_publicize_connections":[],"jetpack_featured_media_url":"","jetpack_shortlink":"https:\/\/wp.me\/p8M4X7-cl","jetpack-related-posts":[{"id":5628,"url":"https:\/\/cepronda.com\/blog\/enhorabuena-por-vuestro-premio-en-la-campana-entonces-quien\/","url_meta":{"origin":765,"position":0},"title":"Enhorabuena por vuestro premio en la Campa\u00f1a \u00ab\u00bfEntonces Qui\u00e9n?\u00bb","author":"Inmaculada Garc\u00eda","date":"23 noviembre, 2022","format":false,"excerpt":"La Delegaci\u00f3n del Gobierno contra la violencia de g\u00e9nero hizo ayer oficial el nombre de las personas premiadas con motivo de la Campa\u00f1a \"\u00bfEntonces qui\u00e9n?\", con motivo del 25 N, D\u00eda internacional para la eliminaci\u00f3n de la Violencia contra las mujeres.\u00a0 La secretaria de Estado de Igualdad y contra la\u2026","rel":"","context":"En \u00abNoticias\u00bb","block_context":{"text":"Noticias","link":"https:\/\/cepronda.com\/blog\/category\/noticias\/"},"img":{"alt_text":"","src":"https:\/\/i0.wp.com\/cepronda.com\/blog\/wp-content\/uploads\/2022\/11\/Post-de-Instagram-para-rebajas-y-ofertas-tiendas-azul-y-terracota.png?fit=1080%2C1080&ssl=1&resize=350%2C200","width":350,"height":200,"srcset":"https:\/\/i0.wp.com\/cepronda.com\/blog\/wp-content\/uploads\/2022\/11\/Post-de-Instagram-para-rebajas-y-ofertas-tiendas-azul-y-terracota.png?fit=1080%2C1080&ssl=1&resize=350%2C200 1x, https:\/\/i0.wp.com\/cepronda.com\/blog\/wp-content\/uploads\/2022\/11\/Post-de-Instagram-para-rebajas-y-ofertas-tiendas-azul-y-terracota.png?fit=1080%2C1080&ssl=1&resize=525%2C300 1.5x, https:\/\/i0.wp.com\/cepronda.com\/blog\/wp-content\/uploads\/2022\/11\/Post-de-Instagram-para-rebajas-y-ofertas-tiendas-azul-y-terracota.png?fit=1080%2C1080&ssl=1&resize=700%2C400 2x, https:\/\/i0.wp.com\/cepronda.com\/blog\/wp-content\/uploads\/2022\/11\/Post-de-Instagram-para-rebajas-y-ofertas-tiendas-azul-y-terracota.png?fit=1080%2C1080&ssl=1&resize=1050%2C600 3x"},"classes":[]},{"id":3453,"url":"https:\/\/cepronda.com\/blog\/abierta-convocatoria-para-los-programas-ada-y-diana\/","url_meta":{"origin":765,"position":1},"title":"ABIERTA CONVOCATORIA PARA LOS PROGRAMAS ADA Y DIANA","author":"V\u00edctor Caballero","date":"2 marzo, 2020","format":false,"excerpt":"El Instituto de la Mujer y para la Igualdad de Oportunidades colabora a trav\u00e9s de sus programas y actividades en la consecuci\u00f3n de una mayor y mejor participaci\u00f3n de las mujeres en todos los \u00e1mbitos del entorno digital, impulsando medidas dirigidas a incorporar la transversalidad de g\u00e9nero como principio rector\u2026","rel":"","context":"En \u00abFormaciones\u00bb","block_context":{"text":"Formaciones","link":"https:\/\/cepronda.com\/blog\/category\/formaciones\/"},"img":{"alt_text":"","src":"https:\/\/i0.wp.com\/cepronda.com\/blog\/wp-content\/uploads\/2020\/03\/logoInMujer.jpg?resize=350%2C200","width":350,"height":200},"classes":[]},{"id":1638,"url":"https:\/\/cepronda.com\/blog\/curso-visitas-guiadas-a-las-navas-de-los-pinsapos-y-a-la-finca-algaba\/","url_meta":{"origin":765,"position":2},"title":"Curso \u00abVISITAS GUIADAS A LAS NAVAS DE LOS PINSAPOS Y A LA FINCA ALGABA\u00bb","author":"V\u00edctor Caballero","date":"9 marzo, 2018","format":false,"excerpt":"\u00a1Hola!\u00a0 Terminamos la semana abriendo el plazo de inscripci\u00f3n para la actividad \"\u00a0VISITAS GUIADAS A LAS NAVAS DE LOS PINSAPOS Y A LA FINCA ALGABA\". Se trata de una actividad donde podremos visitar tanto Las Navas de los Pinsapos como la Finca La Algaba y conocer las posibilidades educativas de\u2026","rel":"","context":"En \u00abFormaciones\u00bb","block_context":{"text":"Formaciones","link":"https:\/\/cepronda.com\/blog\/category\/formaciones\/"},"img":{"alt_text":"","src":"https:\/\/i0.wp.com\/cepronda.com\/blog\/wp-content\/uploads\/2018\/03\/persian-oak-wood-3064187_640.jpg?fit=640%2C456&ssl=1&resize=350%2C200","width":350,"height":200,"srcset":"https:\/\/i0.wp.com\/cepronda.com\/blog\/wp-content\/uploads\/2018\/03\/persian-oak-wood-3064187_640.jpg?fit=640%2C456&ssl=1&resize=350%2C200 1x, https:\/\/i0.wp.com\/cepronda.com\/blog\/wp-content\/uploads\/2018\/03\/persian-oak-wood-3064187_640.jpg?fit=640%2C456&ssl=1&resize=525%2C300 1.5x"},"classes":[]},{"id":400,"url":"https:\/\/cepronda.com\/blog\/pildora-formate-en-5-minutos-en-materia-de-genero\/","url_meta":{"origin":765,"position":3},"title":"P\u00edldora: F\u00f3rmate en 5 minutos en materia de g\u00e9nero","author":"V\u00edctor Caballero","date":"1 diciembre, 2016","format":false,"excerpt":"La violencia de g\u00e9nero es la expresi\u00f3n m\u00e1s grave de la discriminaci\u00f3n y de la situaci\u00f3n de desigualdad de las mujeres, ya que se ejerce sobre \u00e9stas por el hecho de serlo. Es un problema que requiere para su erradicaci\u00f3n de la implicaci\u00f3n de toda la sociedad y de respuestas\u2026","rel":"","context":"En \u00abNoticias\u00bb","block_context":{"text":"Noticias","link":"https:\/\/cepronda.com\/blog\/category\/noticias\/"},"img":{"alt_text":"","src":"","width":0,"height":0},"classes":[]},{"id":3374,"url":"https:\/\/cepronda.com\/blog\/crecer-con-miedo-ninos-y-ninas-ante-la-violencia-de-genero\/","url_meta":{"origin":765,"position":4},"title":"CRECER CON MIEDO: NI\u00d1OS Y NI\u00d1AS ANTE LA VIOLENCIA DE G\u00c9NERO","author":"V\u00edctor Caballero","date":"28 enero, 2020","format":false,"excerpt":"Muy buenas familia, Desde el Centro Municipal de Informaci\u00f3n a la Mujer de Ronda nos hacen llegar esta informaci\u00f3n y la queremos compartir con todas y todos vosotros porque creemos que puede resultar de gran inter\u00e9s para vuestra albor docente y para vuestro alumnado. Os invitamos a visitar la exposici\u00f3n\u2026","rel":"","context":"En \u00abNoticias\u00bb","block_context":{"text":"Noticias","link":"https:\/\/cepronda.com\/blog\/category\/noticias\/"},"img":{"alt_text":"","src":"https:\/\/i0.wp.com\/cepronda.com\/blog\/wp-content\/uploads\/2020\/01\/Crecer-con-miedo-scaled.jpg?fit=890%2C1200&ssl=1&resize=350%2C200","width":350,"height":200,"srcset":"https:\/\/i0.wp.com\/cepronda.com\/blog\/wp-content\/uploads\/2020\/01\/Crecer-con-miedo-scaled.jpg?fit=890%2C1200&ssl=1&resize=350%2C200 1x, https:\/\/i0.wp.com\/cepronda.com\/blog\/wp-content\/uploads\/2020\/01\/Crecer-con-miedo-scaled.jpg?fit=890%2C1200&ssl=1&resize=525%2C300 1.5x, https:\/\/i0.wp.com\/cepronda.com\/blog\/wp-content\/uploads\/2020\/01\/Crecer-con-miedo-scaled.jpg?fit=890%2C1200&ssl=1&resize=700%2C400 2x"},"classes":[]},{"id":4438,"url":"https:\/\/cepronda.com\/blog\/encuentro-virtual-con-la-microbiologa-silvana-tapia-en-el-ceip-san-agustin-el-burgo\/","url_meta":{"origin":765,"position":5},"title":"ENCUENTROS VIRTUALES COEDUCATIVOS EN EL CEIP SAN AGUST\u00cdN (EL BURGO)","author":"Inmaculada Garc\u00eda","date":"19 abril, 2021","format":false,"excerpt":"El alumnado del CEIP San Agust\u00edn ha tenido la gran oportunidad de asistir a dos encuentros virtuales excepcionales, dentro de las actividades planificadas en el Plan de Igualdad del Centro y gracias a la subvenci\u00f3n del Pacto de Estado contra la Violencia de G\u00e9nero. Por un lado, han tenido un\u2026","rel":"","context":"En \u00abNoticias\u00bb","block_context":{"text":"Noticias","link":"https:\/\/cepronda.com\/blog\/category\/noticias\/"},"img":{"alt_text":"","src":"","width":0,"height":0},"classes":[]}],"jetpack_sharing_enabled":true,"_links":{"self":[{"href":"https:\/\/cepronda.com\/blog\/wp-json\/wp\/v2\/posts\/765","targetHints":{"allow":["GET"]}}],"collection":[{"href":"https:\/\/cepronda.com\/blog\/wp-json\/wp\/v2\/posts"}],"about":[{"href":"https:\/\/cepronda.com\/blog\/wp-json\/wp\/v2\/types\/post"}],"author":[{"embeddable":true,"href":"https:\/\/cepronda.com\/blog\/wp-json\/wp\/v2\/users\/3"}],"replies":[{"embeddable":true,"href":"https:\/\/cepronda.com\/blog\/wp-json\/wp\/v2\/comments?post=765"}],"version-history":[{"count":0,"href":"https:\/\/cepronda.com\/blog\/wp-json\/wp\/v2\/posts\/765\/revisions"}],"wp:featuredmedia":[{"embeddable":true,"href":"https:\/\/cepronda.com\/blog\/wp-json\/"}],"wp:attachment":[{"href":"https:\/\/cepronda.com\/blog\/wp-json\/wp\/v2\/media?parent=765"}],"wp:term":[{"taxonomy":"category","embeddable":true,"href":"https:\/\/cepronda.com\/blog\/wp-json\/wp\/v2\/categories?post=765"},{"taxonomy":"post_tag","embeddable":true,"href":"https:\/\/cepronda.com\/blog\/wp-json\/wp\/v2\/tags?post=765"}],"curies":[{"name":"wp","href":"https:\/\/api.w.org\/{rel}","templated":true}]}}