{"id":7649,"date":"2024-06-04T11:38:41","date_gmt":"2024-06-04T09:38:41","guid":{"rendered":"https:\/\/cepronda.com\/blog\/?p=7649"},"modified":"2025-02-07T11:25:29","modified_gmt":"2025-02-07T10:25:29","slug":"formacion-programa-cima-participantes-249909kcim479","status":"publish","type":"post","link":"https:\/\/cepronda.com\/blog\/formacion-programa-cima-participantes-249909kcim479\/","title":{"rendered":"FORMACI\u00d3N \u00abPROGRAMA CIMA. PARTICIPANTES\u00bb (249909KCIM479)"},"content":{"rendered":"<p>Se encuentra abierto el plazo de solicitud para la convocatoria del curso \u00abPROGRAMA CIMA. PARTICIPANTES\u00bb con c\u00f3digo <span class=\"selectable-text copyable-text\">249909KCIM479<\/span>, con un total de 20h de formaci\u00f3n.<\/p>\n<p>Fecha actividad: 10\/06\/2024 hasta 28\/06\/2024<br \/>\nFecha inscripci\u00f3n: 03\/06\/2024 hasta 07\/06\/2024<\/p>\n<p>Este curso est\u00e1 destinado a los docentes participantes\u00a0del Programa para la Innovaci\u00f3n y Mejora del Aprendizaje, Programa CIMA. Se trata de un curso\u00a0autom\u00e1tico, lo que significa que no hay un tutor o tutora\u00a0al que poder consultar o que vaya a evaluar las tareas.<\/p>\n<p>El curso est\u00e1 dividido en\u00a0tres\u00a0m\u00f3dulos. Cada uno de ellos est\u00e1 compuesto por una serie de documentos de consulta obligatoria y una tarea o cuestionario. Antes de poder acceder a la evaluaci\u00f3n o a la realizaci\u00f3n de la tarea se debe consultar la documentaci\u00f3n.\u00a0Cuando se superan las evaluaciones, el curso se marcar\u00e1 autom\u00e1ticamente como superado. En este curso se profundiza sobre los fundamentos del Programa CIMA y los aspectos m\u00e1s relevantes que introduce el programa. En concreto, se centra en el proceso de transformaci\u00f3n educativa que se propone, entendi\u00e9ndola como un cambio profundo y sostenible en la forma en que se ense\u00f1a y se aprende. Asimismo, se abordan dos aspectos importantes, como son el Equipo CIMA, que juega un papel indispensable para garantizar la innovaci\u00f3n y mejora continua en el aprendizaje y los centros de inter\u00e9s como palanca de cambio, ya que solo con el tratamiento integral de los saberes se podr\u00e1 consolidar la verdadera transformaci\u00f3n educativa.<\/p>\n<p>Toda la informaci\u00f3n y el acceso a la inscripci\u00f3n la ten\u00e9is en el siguiente enlace: <a href=\"https:\/\/www.juntadeandalucia.es\/educacion\/secretariavirtual\/consultaCEP\/actividad\/249909KCIM479\/\">https:\/\/www.juntadeandalucia.es\/educacion\/secretariavirtual\/consultaCEP\/actividad\/249909KCIM479\/<\/a><\/p>\n<p>&nbsp;<\/p>\n<p>&nbsp;<\/p>\n<p><img data-recalc-dims=\"1\" loading=\"lazy\" decoding=\"async\" class=\"aligncenter size-full wp-image-7651\" src=\"https:\/\/i0.wp.com\/cepronda.com\/blog\/wp-content\/uploads\/2024\/06\/cima-participantes.jpg?resize=676%2C386&#038;ssl=1\" alt=\"\" width=\"676\" height=\"386\" srcset=\"https:\/\/i0.wp.com\/cepronda.com\/blog\/wp-content\/uploads\/2024\/06\/cima-participantes.jpg?w=676&amp;ssl=1 676w, https:\/\/i0.wp.com\/cepronda.com\/blog\/wp-content\/uploads\/2024\/06\/cima-participantes.jpg?resize=300%2C171&amp;ssl=1 300w\" sizes=\"auto, (max-width: 676px) 100vw, 676px\" \/><\/p>\n","protected":false},"excerpt":{"rendered":"<p>Se encuentra abierto el plazo de solicitud para la convocatoria del curso \u00abPROGRAMA CIMA. PARTICIPANTES\u00bb con c\u00f3digo 249909KCIM479, con un total de 20h de formaci\u00f3n. Fecha actividad: 10\/06\/2024 hasta 28\/06\/2024 Fecha inscripci\u00f3n: 03\/06\/2024 hasta 07\/06\/2024 Este curso est\u00e1 destinado a los docentes participantes\u00a0del Programa para la Innovaci\u00f3n y Mejora del Aprendizaje, Programa CIMA. Se trata [&hellip;]<\/p>\n","protected":false},"author":9,"featured_media":7651,"comment_status":"closed","ping_status":"open","sticky":false,"template":"","format":"standard","meta":{"_crdt_document":"","advanced_seo_description":"","jetpack_seo_html_title":"","jetpack_seo_noindex":false,"jetpack_post_was_ever_published":false,"_jetpack_newsletter_access":"","_jetpack_dont_email_post_to_subs":false,"_jetpack_newsletter_tier_id":0,"_jetpack_memberships_contains_paywalled_content":false,"_jetpack_memberships_contains_paid_content":false,"footnotes":"","jetpack_publicize_message":"","jetpack_publicize_feature_enabled":true,"jetpack_social_post_already_shared":false,"jetpack_social_options":{"image_generator_settings":{"template":"highway","default_image_id":0,"font":"","enabled":false},"version":2}},"categories":[3,5],"tags":[],"class_list":{"0":"post-7649","1":"post","2":"type-post","3":"status-publish","4":"format-standard","5":"has-post-thumbnail","7":"category-formaciones","8":"category-noticias","9":"czr-hentry"},"jetpack_publicize_connections":[],"jetpack_featured_media_url":"https:\/\/i0.wp.com\/cepronda.com\/blog\/wp-content\/uploads\/2024\/06\/cima-participantes.jpg?fit=676%2C386&ssl=1","jetpack_shortlink":"https:\/\/wp.me\/p8M4X7-1Zn","jetpack-related-posts":[{"id":7647,"url":"https:\/\/cepronda.com\/blog\/formacion-programa-cima-participantes-249916kcim480\/","url_meta":{"origin":7649,"position":0},"title":"FORMACI\u00d3N \u00abPROGRAMA CIMA. COORDINADORES Y RESPONSABLES DE \u00c1MBITO\u00bb (249916KCIM480)","author":"Inmaculada Garc\u00eda","date":"4 junio, 2024","format":false,"excerpt":"Se encuentra abierto el plazo de solicitud para la convocatoria del curso \"PROGRAMA CIMA. COORDINADORES Y RESPONSABLES DE \u00c1MBITO\" con c\u00f3digo 249916KCIM480, con un total de 30h de formaci\u00f3n. Fecha actividad:\u00a010\/06\/2024 hasta 28\/06\/2024 Fecha inscripci\u00f3n:\u00a003\/06\/2024 hasta 07\/06\/2024 Este curso est\u00e1 pensado para los docentes participantes del Programa para la Innovaci\u00f3n\u2026","rel":"","context":"En \u00abFormaciones\u00bb","block_context":{"text":"Formaciones","link":"https:\/\/cepronda.com\/blog\/category\/formaciones\/"},"img":{"alt_text":"","src":"https:\/\/i0.wp.com\/cepronda.com\/blog\/wp-content\/uploads\/2024\/06\/cima-responsables.jpg?fit=667%2C382&ssl=1&resize=350%2C200","width":350,"height":200,"srcset":"https:\/\/i0.wp.com\/cepronda.com\/blog\/wp-content\/uploads\/2024\/06\/cima-responsables.jpg?fit=667%2C382&ssl=1&resize=350%2C200 1x, https:\/\/i0.wp.com\/cepronda.com\/blog\/wp-content\/uploads\/2024\/06\/cima-responsables.jpg?fit=667%2C382&ssl=1&resize=525%2C300 1.5x"},"classes":[]},{"id":7561,"url":"https:\/\/cepronda.com\/blog\/actividades-programa-cima\/","url_meta":{"origin":7649,"position":1},"title":"ACTIVIDADES PROGRAMA CIMA","author":"Mamen Moreno","date":"11 abril, 2024","format":false,"excerpt":"Abierto plazo de solicitudes de tres actividades formativas REGIONALES para docentes participantes en el programa CIMA: \"RECAPACICLA, EDUCACI\u00d3N PARA LA CIRCULARIDAD\": https:\/\/www.juntadeandalucia.es\/educacion\/secretariavirtual\/consultaCEP\/actividad\/249920EA114\/ \"LA AVENTURA DE NUESTRO ECOHUERTO\": https:\/\/www.juntadeandalucia.es\/educacion\/secretariavirtual\/consultaCEP\/actividad\/249907EA144\/ \u00a1T\u00da PUEDES SER OL\u00cdMPIC@! UNA PROPUESTA EDUCATIVA E INTEGRADORA A TRAV\u00c9S DEL OLIMPISMO: https:\/\/www.juntadeandalucia.es\/educacion\/secretariavirtual\/consultaCEP\/actividad\/249932HVS258\/ Solicitudes de inscripci\u00f3n: del 11 al 17 de\u2026","rel":"","context":"En \u00abFormaciones\u00bb","block_context":{"text":"Formaciones","link":"https:\/\/cepronda.com\/blog\/category\/formaciones\/"},"img":{"alt_text":"","src":"https:\/\/i0.wp.com\/cepronda.com\/blog\/wp-content\/uploads\/2024\/04\/Copia-de-TEATRO-SEMIOTICA-1-1.png?fit=1080%2C1080&ssl=1&resize=350%2C200","width":350,"height":200,"srcset":"https:\/\/i0.wp.com\/cepronda.com\/blog\/wp-content\/uploads\/2024\/04\/Copia-de-TEATRO-SEMIOTICA-1-1.png?fit=1080%2C1080&ssl=1&resize=350%2C200 1x, https:\/\/i0.wp.com\/cepronda.com\/blog\/wp-content\/uploads\/2024\/04\/Copia-de-TEATRO-SEMIOTICA-1-1.png?fit=1080%2C1080&ssl=1&resize=525%2C300 1.5x, https:\/\/i0.wp.com\/cepronda.com\/blog\/wp-content\/uploads\/2024\/04\/Copia-de-TEATRO-SEMIOTICA-1-1.png?fit=1080%2C1080&ssl=1&resize=700%2C400 2x, https:\/\/i0.wp.com\/cepronda.com\/blog\/wp-content\/uploads\/2024\/04\/Copia-de-TEATRO-SEMIOTICA-1-1.png?fit=1080%2C1080&ssl=1&resize=1050%2C600 3x"},"classes":[]},{"id":7834,"url":"https:\/\/cepronda.com\/blog\/curso-provincial-gestion-economica-para-secretarias-con-codigo-259924kpf230\/","url_meta":{"origin":7649,"position":2},"title":"Curso provincial: \u00abGESTI\u00d3N ECON\u00d3MICA PARA SECRETAR\u00cdAS\u00bb, con c\u00f3digo 259924KPF230.","author":"Inmaculada Garc\u00eda","date":"4 noviembre, 2024","format":false,"excerpt":"Informamos que se ha abierto el plazo de inscripci\u00f3n en el curso provincial: \"GESTI\u00d3N ECON\u00d3MICA PARA SECRETAR\u00cdAS\", con c\u00f3digo 259924KPF230. \u270f\ufe0fFecha inscripci\u00f3n: 04\/11\/2024 hasta 22\/11\/2024. Fecha actividad: 26\/11\/2024 hasta 21\/01\/2025 \u27a1\ufe0fLugar: Aula Virtual de Formaci\u00f3n del Profesorado. Duraci\u00f3n del curso: 40 horas M\u00e1s informaci\u00f3n e inscripci\u00f3n:\u00a0https:\/\/www.juntadeandalucia.es\/educacion\/secretariavirtual\/consultaCEP\/actividad\/259924KPF230\/","rel":"","context":"En \u00abFormaciones\u00bb","block_context":{"text":"Formaciones","link":"https:\/\/cepronda.com\/blog\/category\/formaciones\/"},"img":{"alt_text":"","src":"https:\/\/i0.wp.com\/cepronda.com\/blog\/wp-content\/uploads\/2024\/11\/CARTEL-GESTION-ECONOMICA-PARA-SECRETARIAS.jpg?fit=848%2C1200&ssl=1&resize=350%2C200","width":350,"height":200,"srcset":"https:\/\/i0.wp.com\/cepronda.com\/blog\/wp-content\/uploads\/2024\/11\/CARTEL-GESTION-ECONOMICA-PARA-SECRETARIAS.jpg?fit=848%2C1200&ssl=1&resize=350%2C200 1x, https:\/\/i0.wp.com\/cepronda.com\/blog\/wp-content\/uploads\/2024\/11\/CARTEL-GESTION-ECONOMICA-PARA-SECRETARIAS.jpg?fit=848%2C1200&ssl=1&resize=525%2C300 1.5x, https:\/\/i0.wp.com\/cepronda.com\/blog\/wp-content\/uploads\/2024\/11\/CARTEL-GESTION-ECONOMICA-PARA-SECRETARIAS.jpg?fit=848%2C1200&ssl=1&resize=700%2C400 2x"},"classes":[]},{"id":9368,"url":"https:\/\/cepronda.com\/blog\/9368-2\/","url_meta":{"origin":7649,"position":3},"title":"PROGRAMA COMUNICA. RECURSOS Y ESTRATEGIAS DID\u00c1CTICAS","author":"Encarni Jim\u00e9nez Rosado","date":"12 febrero, 2026","format":false,"excerpt":"Abierto el plazo de inscripci\u00f3n en el curso Regional, \"PROGRAMA COMUNICA. RECURSOS Y ESTRATEGIAS DID\u00c1CTICAS\", con C\u00f3digo:\u00a0269930KLIN608 Inscripciones:\u00a0 09\/02\/2026 hasta 16\/02\/2026 Fecha actividad:\u00a023\/02\/2026 hasta 10\/04\/2026 Horas totales:\u00a040 Modalidad:\u00a0Curso a Distancia N\u00ba de plazas:\u00a0240 Aula Virtual de Formaci\u00f3n del Profesorado M\u00e1s informaci\u00f3n e inscripci\u00f3n: https:\/\/secretariavirtual.juntadeandalucia.es\/secretariavirtual\/consultaCEP\/actividad\/269930KLIN608\/","rel":"","context":"En \u00abFormaciones\u00bb","block_context":{"text":"Formaciones","link":"https:\/\/cepronda.com\/blog\/category\/formaciones\/"},"img":{"alt_text":"","src":"https:\/\/i0.wp.com\/cepronda.com\/blog\/wp-content\/uploads\/2026\/02\/Copia-de-Copia-de-Copia-de-CEP-MOTOR-INTERNACIONALIZACION-PRIMEROS-PASOS.pptx.jpg?fit=960%2C1200&ssl=1&resize=350%2C200","width":350,"height":200,"srcset":"https:\/\/i0.wp.com\/cepronda.com\/blog\/wp-content\/uploads\/2026\/02\/Copia-de-Copia-de-Copia-de-CEP-MOTOR-INTERNACIONALIZACION-PRIMEROS-PASOS.pptx.jpg?fit=960%2C1200&ssl=1&resize=350%2C200 1x, https:\/\/i0.wp.com\/cepronda.com\/blog\/wp-content\/uploads\/2026\/02\/Copia-de-Copia-de-Copia-de-CEP-MOTOR-INTERNACIONALIZACION-PRIMEROS-PASOS.pptx.jpg?fit=960%2C1200&ssl=1&resize=525%2C300 1.5x, https:\/\/i0.wp.com\/cepronda.com\/blog\/wp-content\/uploads\/2026\/02\/Copia-de-Copia-de-Copia-de-CEP-MOTOR-INTERNACIONALIZACION-PRIMEROS-PASOS.pptx.jpg?fit=960%2C1200&ssl=1&resize=700%2C400 2x"},"classes":[]},{"id":7712,"url":"https:\/\/cepronda.com\/blog\/convocatoria-regional-de-cursos-avfp-curso-2024-25\/","url_meta":{"origin":7649,"position":4},"title":"CONVOCATORIA REGIONAL DE CURSOS AVFP. CURSO 2024\/25.","author":"Inmaculada Garc\u00eda","date":"19 septiembre, 2024","format":false,"excerpt":"\u00a0 \u00a0 CONVOCATORIA REGIONAL DE CURSOS AVFP \u00a0 Os informamos que se encuentra abierto el plazo de inscripci\u00f3n en la convocatoria de cursos regional. La superaci\u00f3n de estos cursos supone la certificaci\u00f3n de diversos niveles de Competencia Digital Docente. - HERRAMIENTAS DIGITALES APLICADAS A LA DOCENCIA EN LA FORMACI\u00d3N PROFESIONAL,\u2026","rel":"","context":"En \u00abFormaciones\u00bb","block_context":{"text":"Formaciones","link":"https:\/\/cepronda.com\/blog\/category\/formaciones\/"},"img":{"alt_text":"","src":"https:\/\/i0.wp.com\/cepronda.com\/blog\/wp-content\/uploads\/2024\/09\/CURSOS.png?fit=1200%2C1200&ssl=1&resize=350%2C200","width":350,"height":200,"srcset":"https:\/\/i0.wp.com\/cepronda.com\/blog\/wp-content\/uploads\/2024\/09\/CURSOS.png?fit=1200%2C1200&ssl=1&resize=350%2C200 1x, https:\/\/i0.wp.com\/cepronda.com\/blog\/wp-content\/uploads\/2024\/09\/CURSOS.png?fit=1200%2C1200&ssl=1&resize=525%2C300 1.5x, https:\/\/i0.wp.com\/cepronda.com\/blog\/wp-content\/uploads\/2024\/09\/CURSOS.png?fit=1200%2C1200&ssl=1&resize=700%2C400 2x, https:\/\/i0.wp.com\/cepronda.com\/blog\/wp-content\/uploads\/2024\/09\/CURSOS.png?fit=1200%2C1200&ssl=1&resize=1050%2C600 3x"},"classes":[]},{"id":7826,"url":"https:\/\/cepronda.com\/blog\/curso-provincial-creando-entornos-de-aprendizaje-inclusivos-atencion-a-la-diversidad-en-el-aula-y-en-el-centro-escolar-con-codigo-252924ge004\/","url_meta":{"origin":7649,"position":5},"title":"Curso provincial: \u00abCREANDO ENTORNOS DE APRENDIZAJE INCLUSIVOS: ATENCI\u00d3N A LA DIVERSIDAD EN EL AULA Y EN EL CENTRO ESCOLAR\u00bb, con c\u00f3digo 252924GE004.","author":"Inmaculada Garc\u00eda","date":"30 octubre, 2024","format":false,"excerpt":"Se encuentra abierto el plazo de inscripci\u00f3n en el curso provincial: \"CREANDO ENTORNOS DE APRENDIZAJE INCLUSIVOS: ATENCI\u00d3N A LA DIVERSIDAD EN EL AULA Y EN EL CENTRO ESCOLAR\", con c\u00f3digo 252924GE004. Fecha inscripci\u00f3n: 30\/10\/2024 hasta 15\/11\/2024. Fecha actividad: 19\/11\/2024 hasta 10\/12\/2024 Lugar: Sala de videoconferencias Webex. Duraci\u00f3n del curso: 15\u2026","rel":"","context":"En \u00abFormaciones\u00bb","block_context":{"text":"Formaciones","link":"https:\/\/cepronda.com\/blog\/category\/formaciones\/"},"img":{"alt_text":"","src":"https:\/\/i0.wp.com\/cepronda.com\/blog\/wp-content\/uploads\/2024\/10\/CREANDO-ENTORNOS-DE-APRENDIZAJE-INCLUSIVOS-ATENCION-A-LA-DIVERSIDAD-EN-EL-AULA-Y-EN-EL-CENTRO-ESCOLAR.jpg?fit=1120%2C1120&ssl=1&resize=350%2C200","width":350,"height":200,"srcset":"https:\/\/i0.wp.com\/cepronda.com\/blog\/wp-content\/uploads\/2024\/10\/CREANDO-ENTORNOS-DE-APRENDIZAJE-INCLUSIVOS-ATENCION-A-LA-DIVERSIDAD-EN-EL-AULA-Y-EN-EL-CENTRO-ESCOLAR.jpg?fit=1120%2C1120&ssl=1&resize=350%2C200 1x, https:\/\/i0.wp.com\/cepronda.com\/blog\/wp-content\/uploads\/2024\/10\/CREANDO-ENTORNOS-DE-APRENDIZAJE-INCLUSIVOS-ATENCION-A-LA-DIVERSIDAD-EN-EL-AULA-Y-EN-EL-CENTRO-ESCOLAR.jpg?fit=1120%2C1120&ssl=1&resize=525%2C300 1.5x, https:\/\/i0.wp.com\/cepronda.com\/blog\/wp-content\/uploads\/2024\/10\/CREANDO-ENTORNOS-DE-APRENDIZAJE-INCLUSIVOS-ATENCION-A-LA-DIVERSIDAD-EN-EL-AULA-Y-EN-EL-CENTRO-ESCOLAR.jpg?fit=1120%2C1120&ssl=1&resize=700%2C400 2x, https:\/\/i0.wp.com\/cepronda.com\/blog\/wp-content\/uploads\/2024\/10\/CREANDO-ENTORNOS-DE-APRENDIZAJE-INCLUSIVOS-ATENCION-A-LA-DIVERSIDAD-EN-EL-AULA-Y-EN-EL-CENTRO-ESCOLAR.jpg?fit=1120%2C1120&ssl=1&resize=1050%2C600 3x"},"classes":[]}],"jetpack_sharing_enabled":true,"_links":{"self":[{"href":"https:\/\/cepronda.com\/blog\/wp-json\/wp\/v2\/posts\/7649","targetHints":{"allow":["GET"]}}],"collection":[{"href":"https:\/\/cepronda.com\/blog\/wp-json\/wp\/v2\/posts"}],"about":[{"href":"https:\/\/cepronda.com\/blog\/wp-json\/wp\/v2\/types\/post"}],"author":[{"embeddable":true,"href":"https:\/\/cepronda.com\/blog\/wp-json\/wp\/v2\/users\/9"}],"replies":[{"embeddable":true,"href":"https:\/\/cepronda.com\/blog\/wp-json\/wp\/v2\/comments?post=7649"}],"version-history":[{"count":1,"href":"https:\/\/cepronda.com\/blog\/wp-json\/wp\/v2\/posts\/7649\/revisions"}],"predecessor-version":[{"id":7652,"href":"https:\/\/cepronda.com\/blog\/wp-json\/wp\/v2\/posts\/7649\/revisions\/7652"}],"wp:featuredmedia":[{"embeddable":true,"href":"https:\/\/cepronda.com\/blog\/wp-json\/wp\/v2\/media\/7651"}],"wp:attachment":[{"href":"https:\/\/cepronda.com\/blog\/wp-json\/wp\/v2\/media?parent=7649"}],"wp:term":[{"taxonomy":"category","embeddable":true,"href":"https:\/\/cepronda.com\/blog\/wp-json\/wp\/v2\/categories?post=7649"},{"taxonomy":"post_tag","embeddable":true,"href":"https:\/\/cepronda.com\/blog\/wp-json\/wp\/v2\/tags?post=7649"}],"curies":[{"name":"wp","href":"https:\/\/api.w.org\/{rel}","templated":true}]}}