{"id":7647,"date":"2024-06-04T11:40:47","date_gmt":"2024-06-04T09:40:47","guid":{"rendered":"https:\/\/cepronda.com\/blog\/?p=7647"},"modified":"2025-02-07T11:25:04","modified_gmt":"2025-02-07T10:25:04","slug":"formacion-programa-cima-participantes-249916kcim480","status":"publish","type":"post","link":"https:\/\/cepronda.com\/blog\/formacion-programa-cima-participantes-249916kcim480\/","title":{"rendered":"FORMACI\u00d3N \u00abPROGRAMA CIMA. COORDINADORES Y RESPONSABLES DE \u00c1MBITO\u00bb (249916KCIM480)"},"content":{"rendered":"<p>Se encuentra abierto el plazo de solicitud para la convocatoria del curso \u00abPROGRAMA CIMA. COORDINADORES Y RESPONSABLES DE \u00c1MBITO\u00bb con c\u00f3digo 249916KCIM480, con un total de 30h de formaci\u00f3n.<\/p>\n<ul class=\"list-group\">\n<li class=\"list-group-item\"><b>Fecha actividad:<\/b>\u00a010\/06\/2024 hasta 28\/06\/2024<\/li>\n<li class=\"list-group-item\"><b>Fecha inscripci\u00f3n:<\/b>\u00a003\/06\/2024 hasta 07\/06\/2024<\/li>\n<\/ul>\n<p>Este curso est\u00e1 pensado para los docentes participantes del Programa para la Innovaci\u00f3n y Mejora del Aprendizaje, Programa CIMA. Conocer\u00e1s los fundamentos del Programa CIMA y los aspectos m\u00e1s relevantes que introduce el programa. En concreto, nos centraremos en el proceso de transformaci\u00f3n educativa que se propone, entendi\u00e9ndola como un cambio profundo y sostenible en la forma en que se ense\u00f1a y se aprende. Asimismo, profundizaremos en dos aspectos importantes, como son el Equipo CIMA, que juega un papel indispensable para garantizar la innovaci\u00f3n y mejora continua en el aprendizaje y los centros de inter\u00e9s como palanca de cambio, ya que solo con el tratamiento integral de los saberes se podr\u00e1 consolidar la verdadera transformaci\u00f3n educativa.<\/p>\n<p>Toda la informaci\u00f3n y el acceso a la inscripci\u00f3n la ten\u00e9is en el siguiente enlace:<a title=\"https:\/\/www.juntadeandalucia.es\/educacion\/secretariavirtual\/consultaCEP\/actividad\/249916KCIM480\/\" href=\"https:\/\/www.juntadeandalucia.es\/educacion\/secretariavirtual\/consultaCEP\/actividad\/249916KCIM480\/\"> https:\/\/www.juntadeandalucia.es\/educacion\/secretariavirtual\/consultaCEP\/actividad\/249916KCIM480\/<\/a><\/p>\n<p>&nbsp;<\/p>\n<p><img data-recalc-dims=\"1\" loading=\"lazy\" decoding=\"async\" class=\"aligncenter size-full wp-image-7650\" src=\"https:\/\/i0.wp.com\/cepronda.com\/blog\/wp-content\/uploads\/2024\/06\/cima-responsables.jpg?resize=667%2C382&#038;ssl=1\" alt=\"\" width=\"667\" height=\"382\" srcset=\"https:\/\/i0.wp.com\/cepronda.com\/blog\/wp-content\/uploads\/2024\/06\/cima-responsables.jpg?w=667&amp;ssl=1 667w, https:\/\/i0.wp.com\/cepronda.com\/blog\/wp-content\/uploads\/2024\/06\/cima-responsables.jpg?resize=300%2C172&amp;ssl=1 300w\" sizes=\"auto, (max-width: 667px) 100vw, 667px\" \/><\/p>\n","protected":false},"excerpt":{"rendered":"<p>Se encuentra abierto el plazo de solicitud para la convocatoria del curso \u00abPROGRAMA CIMA. COORDINADORES Y RESPONSABLES DE \u00c1MBITO\u00bb con c\u00f3digo 249916KCIM480, con un total de 30h de formaci\u00f3n. Fecha actividad:\u00a010\/06\/2024 hasta 28\/06\/2024 Fecha inscripci\u00f3n:\u00a003\/06\/2024 hasta 07\/06\/2024 Este curso est\u00e1 pensado para los docentes participantes del Programa para la Innovaci\u00f3n y Mejora del Aprendizaje, Programa [&hellip;]<\/p>\n","protected":false},"author":9,"featured_media":7650,"comment_status":"closed","ping_status":"open","sticky":false,"template":"","format":"standard","meta":{"_crdt_document":"","advanced_seo_description":"","jetpack_seo_html_title":"","jetpack_seo_noindex":false,"jetpack_post_was_ever_published":false,"_jetpack_newsletter_access":"","_jetpack_dont_email_post_to_subs":false,"_jetpack_newsletter_tier_id":0,"_jetpack_memberships_contains_paywalled_content":false,"_jetpack_memberships_contains_paid_content":false,"footnotes":"","jetpack_publicize_message":"","jetpack_publicize_feature_enabled":true,"jetpack_social_post_already_shared":false,"jetpack_social_options":{"image_generator_settings":{"template":"highway","default_image_id":0,"font":"","enabled":false},"version":2}},"categories":[3,5],"tags":[],"class_list":{"0":"post-7647","1":"post","2":"type-post","3":"status-publish","4":"format-standard","5":"has-post-thumbnail","7":"category-formaciones","8":"category-noticias","9":"czr-hentry"},"jetpack_publicize_connections":[],"jetpack_featured_media_url":"https:\/\/i0.wp.com\/cepronda.com\/blog\/wp-content\/uploads\/2024\/06\/cima-responsables.jpg?fit=667%2C382&ssl=1","jetpack_shortlink":"https:\/\/wp.me\/p8M4X7-1Zl","jetpack-related-posts":[{"id":7649,"url":"https:\/\/cepronda.com\/blog\/formacion-programa-cima-participantes-249909kcim479\/","url_meta":{"origin":7647,"position":0},"title":"FORMACI\u00d3N \u00abPROGRAMA CIMA. PARTICIPANTES\u00bb (249909KCIM479)","author":"Inmaculada Garc\u00eda","date":"4 junio, 2024","format":false,"excerpt":"Se encuentra abierto el plazo de solicitud para la convocatoria del curso \"PROGRAMA CIMA. PARTICIPANTES\" con c\u00f3digo 249909KCIM479, con un total de 20h de formaci\u00f3n. Fecha actividad: 10\/06\/2024 hasta 28\/06\/2024 Fecha inscripci\u00f3n: 03\/06\/2024 hasta 07\/06\/2024 Este curso est\u00e1 destinado a los docentes participantes\u00a0del Programa para la Innovaci\u00f3n y Mejora del\u2026","rel":"","context":"En \u00abFormaciones\u00bb","block_context":{"text":"Formaciones","link":"https:\/\/cepronda.com\/blog\/category\/formaciones\/"},"img":{"alt_text":"","src":"https:\/\/i0.wp.com\/cepronda.com\/blog\/wp-content\/uploads\/2024\/06\/cima-participantes.jpg?fit=676%2C386&ssl=1&resize=350%2C200","width":350,"height":200,"srcset":"https:\/\/i0.wp.com\/cepronda.com\/blog\/wp-content\/uploads\/2024\/06\/cima-participantes.jpg?fit=676%2C386&ssl=1&resize=350%2C200 1x, https:\/\/i0.wp.com\/cepronda.com\/blog\/wp-content\/uploads\/2024\/06\/cima-participantes.jpg?fit=676%2C386&ssl=1&resize=525%2C300 1.5x"},"classes":[]},{"id":7561,"url":"https:\/\/cepronda.com\/blog\/actividades-programa-cima\/","url_meta":{"origin":7647,"position":1},"title":"ACTIVIDADES PROGRAMA CIMA","author":"Mamen Moreno","date":"11 abril, 2024","format":false,"excerpt":"Abierto plazo de solicitudes de tres actividades formativas REGIONALES para docentes participantes en el programa CIMA: \"RECAPACICLA, EDUCACI\u00d3N PARA LA CIRCULARIDAD\": https:\/\/www.juntadeandalucia.es\/educacion\/secretariavirtual\/consultaCEP\/actividad\/249920EA114\/ \"LA AVENTURA DE NUESTRO ECOHUERTO\": https:\/\/www.juntadeandalucia.es\/educacion\/secretariavirtual\/consultaCEP\/actividad\/249907EA144\/ \u00a1T\u00da PUEDES SER OL\u00cdMPIC@! UNA PROPUESTA EDUCATIVA E INTEGRADORA A TRAV\u00c9S DEL OLIMPISMO: https:\/\/www.juntadeandalucia.es\/educacion\/secretariavirtual\/consultaCEP\/actividad\/249932HVS258\/ Solicitudes de inscripci\u00f3n: del 11 al 17 de\u2026","rel":"","context":"En \u00abFormaciones\u00bb","block_context":{"text":"Formaciones","link":"https:\/\/cepronda.com\/blog\/category\/formaciones\/"},"img":{"alt_text":"","src":"https:\/\/i0.wp.com\/cepronda.com\/blog\/wp-content\/uploads\/2024\/04\/Copia-de-TEATRO-SEMIOTICA-1-1.png?fit=1080%2C1080&ssl=1&resize=350%2C200","width":350,"height":200,"srcset":"https:\/\/i0.wp.com\/cepronda.com\/blog\/wp-content\/uploads\/2024\/04\/Copia-de-TEATRO-SEMIOTICA-1-1.png?fit=1080%2C1080&ssl=1&resize=350%2C200 1x, https:\/\/i0.wp.com\/cepronda.com\/blog\/wp-content\/uploads\/2024\/04\/Copia-de-TEATRO-SEMIOTICA-1-1.png?fit=1080%2C1080&ssl=1&resize=525%2C300 1.5x, https:\/\/i0.wp.com\/cepronda.com\/blog\/wp-content\/uploads\/2024\/04\/Copia-de-TEATRO-SEMIOTICA-1-1.png?fit=1080%2C1080&ssl=1&resize=700%2C400 2x, https:\/\/i0.wp.com\/cepronda.com\/blog\/wp-content\/uploads\/2024\/04\/Copia-de-TEATRO-SEMIOTICA-1-1.png?fit=1080%2C1080&ssl=1&resize=1050%2C600 3x"},"classes":[]},{"id":7404,"url":"https:\/\/cepronda.com\/blog\/formacion-google-certified-educator-level-2-249902kpf457\/","url_meta":{"origin":7647,"position":2},"title":"FORMACI\u00d3N \u00abGOOGLE CERTIFIED EDUCATOR. LEVEL 2\u00bb (249902KPF457)","author":"Inmaculada Garc\u00eda","date":"22 enero, 2024","format":false,"excerpt":"Os informamos que se encuentra abierta la inscripci\u00f3n en el curso regional a distancia, gestionado por el CEP de El Ejido, \"GOOGLE CERTIFIED EDUCATOR. LEVEL 2\" con c\u00f3digo 249902KPF457. Inscripciones: 18\/01\/2024 hasta 25\/01\/2024, hasta las 10:00h. Fecha actividad: 31\/01\/2024 hasta 08\/03\/2024 Duraci\u00f3n: 50 no presenciales en AVFP. N\u00famero de plazas:\u2026","rel":"","context":"En \u00abFormaciones\u00bb","block_context":{"text":"Formaciones","link":"https:\/\/cepronda.com\/blog\/category\/formaciones\/"},"img":{"alt_text":"","src":"https:\/\/i0.wp.com\/cepronda.com\/blog\/wp-content\/uploads\/2024\/01\/flyer-formacion-google-solutia_RRSS-Twitter.png?fit=1200%2C782&ssl=1&resize=350%2C200","width":350,"height":200,"srcset":"https:\/\/i0.wp.com\/cepronda.com\/blog\/wp-content\/uploads\/2024\/01\/flyer-formacion-google-solutia_RRSS-Twitter.png?fit=1200%2C782&ssl=1&resize=350%2C200 1x, https:\/\/i0.wp.com\/cepronda.com\/blog\/wp-content\/uploads\/2024\/01\/flyer-formacion-google-solutia_RRSS-Twitter.png?fit=1200%2C782&ssl=1&resize=525%2C300 1.5x, https:\/\/i0.wp.com\/cepronda.com\/blog\/wp-content\/uploads\/2024\/01\/flyer-formacion-google-solutia_RRSS-Twitter.png?fit=1200%2C782&ssl=1&resize=700%2C400 2x, https:\/\/i0.wp.com\/cepronda.com\/blog\/wp-content\/uploads\/2024\/01\/flyer-formacion-google-solutia_RRSS-Twitter.png?fit=1200%2C782&ssl=1&resize=1050%2C600 3x"},"classes":[]},{"id":7293,"url":"https:\/\/cepronda.com\/blog\/programa-de-implantacion-de-la-inteligencia-emocional-en-el-ambito-educativo-sensibilizacion-y-desarrollo\/","url_meta":{"origin":7647,"position":3},"title":"PROGRAMA DE IMPLANTACI\u00d3N DE LA INTELIGENCIA EMOCIONAL EN EL \u00c1MBITO EDUCATIVO. SENSIBILIZACI\u00d3N Y DESARROLLO","author":"V\u00edctor Caballero","date":"22 diciembre, 2023","format":false,"excerpt":"Se encuentra abierto el plazo de inscripci\u00f3n para la formaci\u00f3n \u201cPROGRAMA DE IMPLANTACI\u00d3N DE LA INTELIGENCIA EMOCIONAL EN EL \u00c1MBITO EDUCATIVO. SENSIBILIZACI\u00d3N Y DESARROLLO.\" C\u00d3DIGO 242924GE048. Ponente:\u00a0 Alberto Ortega Duraci\u00f3n de la actividad: (Total 27h) 2 horas presenciales en conferencia presencial en el CEP de Ronda 13h videoconferencias en el\u2026","rel":"","context":"En \u00abFormaciones\u00bb","block_context":{"text":"Formaciones","link":"https:\/\/cepronda.com\/blog\/category\/formaciones\/"},"img":{"alt_text":"","src":"https:\/\/i0.wp.com\/cepronda.com\/blog\/wp-content\/uploads\/2023\/12\/242924GE048-Cartel-Inteligencia-emocional.png?fit=1080%2C1080&ssl=1&resize=350%2C200","width":350,"height":200,"srcset":"https:\/\/i0.wp.com\/cepronda.com\/blog\/wp-content\/uploads\/2023\/12\/242924GE048-Cartel-Inteligencia-emocional.png?fit=1080%2C1080&ssl=1&resize=350%2C200 1x, https:\/\/i0.wp.com\/cepronda.com\/blog\/wp-content\/uploads\/2023\/12\/242924GE048-Cartel-Inteligencia-emocional.png?fit=1080%2C1080&ssl=1&resize=525%2C300 1.5x, https:\/\/i0.wp.com\/cepronda.com\/blog\/wp-content\/uploads\/2023\/12\/242924GE048-Cartel-Inteligencia-emocional.png?fit=1080%2C1080&ssl=1&resize=700%2C400 2x, https:\/\/i0.wp.com\/cepronda.com\/blog\/wp-content\/uploads\/2023\/12\/242924GE048-Cartel-Inteligencia-emocional.png?fit=1080%2C1080&ssl=1&resize=1050%2C600 3x"},"classes":[]},{"id":9368,"url":"https:\/\/cepronda.com\/blog\/9368-2\/","url_meta":{"origin":7647,"position":4},"title":"PROGRAMA COMUNICA. RECURSOS Y ESTRATEGIAS DID\u00c1CTICAS","author":"Encarni Jim\u00e9nez Rosado","date":"12 febrero, 2026","format":false,"excerpt":"Abierto el plazo de inscripci\u00f3n en el curso Regional, \"PROGRAMA COMUNICA. RECURSOS Y ESTRATEGIAS DID\u00c1CTICAS\", con C\u00f3digo:\u00a0269930KLIN608 Inscripciones:\u00a0 09\/02\/2026 hasta 16\/02\/2026 Fecha actividad:\u00a023\/02\/2026 hasta 10\/04\/2026 Horas totales:\u00a040 Modalidad:\u00a0Curso a Distancia N\u00ba de plazas:\u00a0240 Aula Virtual de Formaci\u00f3n del Profesorado M\u00e1s informaci\u00f3n e inscripci\u00f3n: https:\/\/secretariavirtual.juntadeandalucia.es\/secretariavirtual\/consultaCEP\/actividad\/269930KLIN608\/","rel":"","context":"En \u00abFormaciones\u00bb","block_context":{"text":"Formaciones","link":"https:\/\/cepronda.com\/blog\/category\/formaciones\/"},"img":{"alt_text":"","src":"https:\/\/i0.wp.com\/cepronda.com\/blog\/wp-content\/uploads\/2026\/02\/Copia-de-Copia-de-Copia-de-CEP-MOTOR-INTERNACIONALIZACION-PRIMEROS-PASOS.pptx.jpg?fit=960%2C1200&ssl=1&resize=350%2C200","width":350,"height":200,"srcset":"https:\/\/i0.wp.com\/cepronda.com\/blog\/wp-content\/uploads\/2026\/02\/Copia-de-Copia-de-Copia-de-CEP-MOTOR-INTERNACIONALIZACION-PRIMEROS-PASOS.pptx.jpg?fit=960%2C1200&ssl=1&resize=350%2C200 1x, https:\/\/i0.wp.com\/cepronda.com\/blog\/wp-content\/uploads\/2026\/02\/Copia-de-Copia-de-Copia-de-CEP-MOTOR-INTERNACIONALIZACION-PRIMEROS-PASOS.pptx.jpg?fit=960%2C1200&ssl=1&resize=525%2C300 1.5x, https:\/\/i0.wp.com\/cepronda.com\/blog\/wp-content\/uploads\/2026\/02\/Copia-de-Copia-de-Copia-de-CEP-MOTOR-INTERNACIONALIZACION-PRIMEROS-PASOS.pptx.jpg?fit=960%2C1200&ssl=1&resize=700%2C400 2x"},"classes":[]},{"id":7427,"url":"https:\/\/cepronda.com\/blog\/claves-para-la-educacion-sexual-en-el-ambito-educativo\/","url_meta":{"origin":7647,"position":5},"title":"CLAVES PARA LA EDUCACI\u00d3N SEXUAL EN EL \u00c1MBITO EDUCATIVO","author":"Mamen Moreno","date":"2 febrero, 2024","format":false,"excerpt":"CURSO PROVINCIAL A DISTANCIA: CLAVES PARA LA EDUCACI\u00d3N SEXUAL EN EL \u00c1MBITO EDUCATIVO. Nivel I C\u00f3digo: 242922GE059 Curso Provincial a Distancia (AVFP) de 30 horas. Fecha inscripci\u00f3n: 01\/02\/2024 hasta el 15\/02\/2024 Fecha actividad: 07\/03\/2024 hasta 26\/04\/2024. M\u00e1s informaci\u00f3n e inscripci\u00f3n en: https:\/\/bit.ly\/3SFE9yr","rel":"","context":"En \u00abFormaciones\u00bb","block_context":{"text":"Formaciones","link":"https:\/\/cepronda.com\/blog\/category\/formaciones\/"},"img":{"alt_text":"","src":"https:\/\/i0.wp.com\/cepronda.com\/blog\/wp-content\/uploads\/2024\/02\/WhatsApp-Image-2024-02-01-at-08.47.28.jpeg?fit=1080%2C1080&ssl=1&resize=350%2C200","width":350,"height":200,"srcset":"https:\/\/i0.wp.com\/cepronda.com\/blog\/wp-content\/uploads\/2024\/02\/WhatsApp-Image-2024-02-01-at-08.47.28.jpeg?fit=1080%2C1080&ssl=1&resize=350%2C200 1x, https:\/\/i0.wp.com\/cepronda.com\/blog\/wp-content\/uploads\/2024\/02\/WhatsApp-Image-2024-02-01-at-08.47.28.jpeg?fit=1080%2C1080&ssl=1&resize=525%2C300 1.5x, https:\/\/i0.wp.com\/cepronda.com\/blog\/wp-content\/uploads\/2024\/02\/WhatsApp-Image-2024-02-01-at-08.47.28.jpeg?fit=1080%2C1080&ssl=1&resize=700%2C400 2x, https:\/\/i0.wp.com\/cepronda.com\/blog\/wp-content\/uploads\/2024\/02\/WhatsApp-Image-2024-02-01-at-08.47.28.jpeg?fit=1080%2C1080&ssl=1&resize=1050%2C600 3x"},"classes":[]}],"jetpack_sharing_enabled":true,"_links":{"self":[{"href":"https:\/\/cepronda.com\/blog\/wp-json\/wp\/v2\/posts\/7647","targetHints":{"allow":["GET"]}}],"collection":[{"href":"https:\/\/cepronda.com\/blog\/wp-json\/wp\/v2\/posts"}],"about":[{"href":"https:\/\/cepronda.com\/blog\/wp-json\/wp\/v2\/types\/post"}],"author":[{"embeddable":true,"href":"https:\/\/cepronda.com\/blog\/wp-json\/wp\/v2\/users\/9"}],"replies":[{"embeddable":true,"href":"https:\/\/cepronda.com\/blog\/wp-json\/wp\/v2\/comments?post=7647"}],"version-history":[{"count":2,"href":"https:\/\/cepronda.com\/blog\/wp-json\/wp\/v2\/posts\/7647\/revisions"}],"predecessor-version":[{"id":7654,"href":"https:\/\/cepronda.com\/blog\/wp-json\/wp\/v2\/posts\/7647\/revisions\/7654"}],"wp:featuredmedia":[{"embeddable":true,"href":"https:\/\/cepronda.com\/blog\/wp-json\/wp\/v2\/media\/7650"}],"wp:attachment":[{"href":"https:\/\/cepronda.com\/blog\/wp-json\/wp\/v2\/media?parent=7647"}],"wp:term":[{"taxonomy":"category","embeddable":true,"href":"https:\/\/cepronda.com\/blog\/wp-json\/wp\/v2\/categories?post=7647"},{"taxonomy":"post_tag","embeddable":true,"href":"https:\/\/cepronda.com\/blog\/wp-json\/wp\/v2\/tags?post=7647"}],"curies":[{"name":"wp","href":"https:\/\/api.w.org\/{rel}","templated":true}]}}