{"id":7642,"date":"2024-05-22T13:46:09","date_gmt":"2024-05-22T11:46:09","guid":{"rendered":"https:\/\/cepronda.com\/blog\/?p=7642"},"modified":"2025-02-07T11:25:55","modified_gmt":"2025-02-07T10:25:55","slug":"sesion-formativa-vida-sin-humo-guia-para-la-prevencion-de-las-nuevas-formas-de-fumar-en-el-entorno-educativo","status":"publish","type":"post","link":"https:\/\/cepronda.com\/blog\/sesion-formativa-vida-sin-humo-guia-para-la-prevencion-de-las-nuevas-formas-de-fumar-en-el-entorno-educativo\/","title":{"rendered":"SESI\u00d3N FORMATIVA: \u201cVIDA SIN HUMO\u201d. GU\u00cdA PARA LA PREVENCI\u00d3N DE LAS NUEVAS FORMAS DE FUMAR EN EL ENTORNO EDUCATIVO"},"content":{"rendered":"<div class=\"\" data-block=\"true\" data-editor=\"5opn6\" data-offset-key=\"8enaf-0-0\">\n<div class=\"_1mf _1mj\" data-offset-key=\"8enaf-0-0\"><span data-offset-key=\"8enaf-0-0\">Se convoca a la Direcci\u00f3n del centro, Departamento de Orientaci\u00f3n y profesorado interesado a la SESI\u00d3N FORMATIVA: \u201cVIDA SIN HUMO\u201d. GU\u00cdA PARA LA PREVENCI\u00d3N DE LAS NUEVAS FORMAS DE FUMAR EN EL ENTORNO EDUCATIVO, organizada por la Unidad de Gesti\u00f3n de Salud P\u00fablica AGS Serran\u00eda de M\u00e1laga.<\/span><\/div>\n<\/div>\n<div data-offset-key=\"8enaf-0-0\">En la actualidad, el escenario de consumo de tabaco ha cambiado y han aparecido nuevas v\u00edas para fumar o vapear, gener\u00e1ndose una necesidad, por parte del \u00e1mbito sanitario, de informar sobre esta nueva realidad, no s\u00f3lo al profesorado y alumnado, sino tambi\u00e9n a las familias y a la poblaci\u00f3n general, ya que estos nuevos productos se perciben como menos perjudiciales e incluso inocuos.<\/div>\n<div data-offset-key=\"8enaf-0-0\">Desde la Consejer\u00eda de Salud, nos presentar\u00e1n y facilitar\u00e1n una <strong>gu\u00eda espec\u00edfica de orientaci\u00f3n para profesionales<\/strong>, tanto del sector educativo como sanitario, que consta de 2 partes; una primera<br \/>\ncon informaci\u00f3n con el objeto de obtener discurso coherente en sus respectivas actuaciones con el alumnado as\u00ed como con el resto de la comunidad educativa y una segunda parte con actividades<br \/>\nque el profesorado puede desarrollar a lo largo del curso dentro de su programa docente.<\/div>\n<div data-offset-key=\"8enaf-0-0\"><\/div>\n<div data-offset-key=\"8enaf-0-0\">En esta sesi\u00f3n formativa e informativa<span style=\"font-weight: inherit;\">, se ahondar\u00e1 sobre diversos contenidos, tales como:\u00a0<\/span><\/div>\n<div data-offset-key=\"8enaf-0-0\">&#8211; El tabaco y sus principales componentes<br \/>\n&#8211; Mitos e ideas err\u00f3neas sobre el tabaquismo<br \/>\n&#8211; Situaci\u00f3n actual del tabaquismo en adolescentes<br \/>\n&#8211; Riesgos del consumo de nicotina\/tabaco y beneficios de no consumirlo<br \/>\n&#8211; Nuevas formas de consumo<br \/>\n&#8211; Promoci\u00f3n y publicidad sobre tabaco<br \/>\n&#8211; La presi\u00f3n de grupo y el consumo de tabaco<br \/>\n&#8211; Recursos y actividades para trabajar en el aula<\/div>\n<div data-offset-key=\"8enaf-0-0\"><\/div>\n<div data-offset-key=\"8enaf-0-0\"><\/div>\n<div class=\"\" data-block=\"true\" data-editor=\"5opn6\" data-offset-key=\"4g1sv-0-0\">\n<div class=\"_1mf _1mj\" data-offset-key=\"4g1sv-0-0\"><span data-offset-key=\"4g1sv-0-0\"> Tendr\u00e1 lugar el pr\u00f3ximo <strong>martes 28 de mayo a las 17:00 h<\/strong> en el sal\u00f3n de actos del CEP de Ronda.<\/span><\/div>\n<\/div>\n<div data-offset-key=\"4g1sv-0-0\"><\/div>\n<div data-offset-key=\"4g1sv-0-0\">No es necesaria la inscripci\u00f3n en la actividad. <span style=\"font-weight: inherit;\">Se ruega dar la mayor difusi\u00f3n posible entre el profesorado de vuestros centros.<\/span><\/div>\n<div data-offset-key=\"4g1sv-0-0\">OS ESPERAMOS.<img data-recalc-dims=\"1\" loading=\"lazy\" decoding=\"async\" class=\"aligncenter wp-image-7643\" src=\"https:\/\/i0.wp.com\/cepronda.com\/blog\/wp-content\/uploads\/2024\/05\/WhatsApp-Image-2024-05-22-at-12.24.08.jpeg?resize=900%2C900&#038;ssl=1\" alt=\"\" width=\"900\" height=\"900\" srcset=\"https:\/\/i0.wp.com\/cepronda.com\/blog\/wp-content\/uploads\/2024\/05\/WhatsApp-Image-2024-05-22-at-12.24.08.jpeg?resize=1024%2C1024&amp;ssl=1 1024w, https:\/\/i0.wp.com\/cepronda.com\/blog\/wp-content\/uploads\/2024\/05\/WhatsApp-Image-2024-05-22-at-12.24.08.jpeg?resize=300%2C300&amp;ssl=1 300w, https:\/\/i0.wp.com\/cepronda.com\/blog\/wp-content\/uploads\/2024\/05\/WhatsApp-Image-2024-05-22-at-12.24.08.jpeg?resize=150%2C150&amp;ssl=1 150w, https:\/\/i0.wp.com\/cepronda.com\/blog\/wp-content\/uploads\/2024\/05\/WhatsApp-Image-2024-05-22-at-12.24.08.jpeg?resize=768%2C768&amp;ssl=1 768w, https:\/\/i0.wp.com\/cepronda.com\/blog\/wp-content\/uploads\/2024\/05\/WhatsApp-Image-2024-05-22-at-12.24.08.jpeg?resize=50%2C50&amp;ssl=1 50w, https:\/\/i0.wp.com\/cepronda.com\/blog\/wp-content\/uploads\/2024\/05\/WhatsApp-Image-2024-05-22-at-12.24.08.jpeg?w=1080&amp;ssl=1 1080w\" sizes=\"auto, (max-width: 900px) 100vw, 900px\" \/><\/div>\n","protected":false},"excerpt":{"rendered":"<p>Se convoca a la Direcci\u00f3n del centro, Departamento de Orientaci\u00f3n y profesorado interesado a la SESI\u00d3N FORMATIVA: \u201cVIDA SIN HUMO\u201d. GU\u00cdA PARA LA PREVENCI\u00d3N DE LAS NUEVAS FORMAS DE FUMAR EN EL ENTORNO EDUCATIVO, organizada por la Unidad de Gesti\u00f3n de Salud P\u00fablica AGS Serran\u00eda de M\u00e1laga. En la actualidad, el escenario de consumo de [&hellip;]<\/p>\n","protected":false},"author":9,"featured_media":7643,"comment_status":"closed","ping_status":"open","sticky":false,"template":"","format":"standard","meta":{"_crdt_document":"","advanced_seo_description":"","jetpack_seo_html_title":"","jetpack_seo_noindex":false,"jetpack_post_was_ever_published":false,"_jetpack_newsletter_access":"","_jetpack_dont_email_post_to_subs":false,"_jetpack_newsletter_tier_id":0,"_jetpack_memberships_contains_paywalled_content":false,"_jetpack_memberships_contains_paid_content":false,"footnotes":"","jetpack_publicize_message":"","jetpack_publicize_feature_enabled":true,"jetpack_social_post_already_shared":false,"jetpack_social_options":{"image_generator_settings":{"template":"highway","default_image_id":0,"font":"","enabled":false},"version":2}},"categories":[5],"tags":[],"class_list":{"0":"post-7642","1":"post","2":"type-post","3":"status-publish","4":"format-standard","5":"has-post-thumbnail","7":"category-noticias","8":"czr-hentry"},"jetpack_publicize_connections":[],"jetpack_featured_media_url":"https:\/\/i0.wp.com\/cepronda.com\/blog\/wp-content\/uploads\/2024\/05\/WhatsApp-Image-2024-05-22-at-12.24.08.jpeg?fit=1080%2C1080&ssl=1","jetpack_shortlink":"https:\/\/wp.me\/p8M4X7-1Zg","jetpack-related-posts":[{"id":8521,"url":"https:\/\/cepronda.com\/blog\/vida-sin-humo-guia-para-la-prevencion-de-las-nuevas-formas-de-fumar-en-el-entorno-educativo\/","url_meta":{"origin":7642,"position":0},"title":"\u201cVIDA SIN HUMO\u201d. GU\u00cdA PARA LA PREVENCI\u00d3N DE LAS NUEVAS FORMAS DE FUMAR EN EL ENTORNO EDUCATIVO.","author":"Inmaculada Garc\u00eda","date":"28 abril, 2025","format":false,"excerpt":"Se convoca a la Direcci\u00f3n del centro, Departamento de Orientaci\u00f3n y profesorado interesado a la SESI\u00d3N INFORMATIVA: \u201cVIDA SIN HUMO\u201d. GU\u00cdA PARA LA PREVENCI\u00d3N DE LAS NUEVAS FORMAS DE FUMAR EN EL ENTORNO EDUCATIVO, organizada por la Unidad de Gesti\u00f3n de Salud P\u00fablica AGS Serran\u00eda de M\u00e1laga. Hoy en d\u00eda,\u2026","rel":"","context":"En \u00abNoticias\u00bb","block_context":{"text":"Noticias","link":"https:\/\/cepronda.com\/blog\/category\/noticias\/"},"img":{"alt_text":"","src":"https:\/\/i0.wp.com\/cepronda.com\/blog\/wp-content\/uploads\/2025\/04\/Copia-de-VIDA-SIN-HUMO-1.jpg?fit=1080%2C1080&ssl=1&resize=350%2C200","width":350,"height":200,"srcset":"https:\/\/i0.wp.com\/cepronda.com\/blog\/wp-content\/uploads\/2025\/04\/Copia-de-VIDA-SIN-HUMO-1.jpg?fit=1080%2C1080&ssl=1&resize=350%2C200 1x, https:\/\/i0.wp.com\/cepronda.com\/blog\/wp-content\/uploads\/2025\/04\/Copia-de-VIDA-SIN-HUMO-1.jpg?fit=1080%2C1080&ssl=1&resize=525%2C300 1.5x, https:\/\/i0.wp.com\/cepronda.com\/blog\/wp-content\/uploads\/2025\/04\/Copia-de-VIDA-SIN-HUMO-1.jpg?fit=1080%2C1080&ssl=1&resize=700%2C400 2x, https:\/\/i0.wp.com\/cepronda.com\/blog\/wp-content\/uploads\/2025\/04\/Copia-de-VIDA-SIN-HUMO-1.jpg?fit=1080%2C1080&ssl=1&resize=1050%2C600 3x"},"classes":[]},{"id":8025,"url":"https:\/\/cepronda.com\/blog\/orientacion-vocacional-academica-y-profesional-en-orientacion-educativa-codigo-252922ge059\/","url_meta":{"origin":7642,"position":1},"title":"ORIENTACI\u00d3N VOCACIONAL, ACAD\u00c9MICA Y PROFESIONAL EN ORIENTACI\u00d3N EDUCATIVA. C\u00f3digo: 252922GE059.","author":"Inmaculada Garc\u00eda","date":"13 enero, 2025","format":false,"excerpt":"Abierto el plazo de solicitudes para la actividad formativa provincial a distancia: ORIENTACI\u00d3N VOCACIONAL, ACAD\u00c9MICA Y PROFESIONAL EN ORIENTACI\u00d3N EDUCATIVA. C\u00f3digo: 252922GE059. Curso a distancia de 30h. Dirigido preferentemente al Profesorado de la especialidad Orientaci\u00f3n Educativa de las distintas etapas educativas. Inscripci\u00f3n: 13\/01\/\/2025 al 26\/01\/2025. Fecha de actividad 10\/02\/2025 hasta\u2026","rel":"","context":"En \u00abFormaciones\u00bb","block_context":{"text":"Formaciones","link":"https:\/\/cepronda.com\/blog\/category\/formaciones\/"},"img":{"alt_text":"","src":"https:\/\/i0.wp.com\/cepronda.com\/blog\/wp-content\/uploads\/2025\/01\/WhatsApp-Image-2025-01-13-at-08.19.10.jpeg?fit=1080%2C1080&ssl=1&resize=350%2C200","width":350,"height":200,"srcset":"https:\/\/i0.wp.com\/cepronda.com\/blog\/wp-content\/uploads\/2025\/01\/WhatsApp-Image-2025-01-13-at-08.19.10.jpeg?fit=1080%2C1080&ssl=1&resize=350%2C200 1x, https:\/\/i0.wp.com\/cepronda.com\/blog\/wp-content\/uploads\/2025\/01\/WhatsApp-Image-2025-01-13-at-08.19.10.jpeg?fit=1080%2C1080&ssl=1&resize=525%2C300 1.5x, https:\/\/i0.wp.com\/cepronda.com\/blog\/wp-content\/uploads\/2025\/01\/WhatsApp-Image-2025-01-13-at-08.19.10.jpeg?fit=1080%2C1080&ssl=1&resize=700%2C400 2x, https:\/\/i0.wp.com\/cepronda.com\/blog\/wp-content\/uploads\/2025\/01\/WhatsApp-Image-2025-01-13-at-08.19.10.jpeg?fit=1080%2C1080&ssl=1&resize=1050%2C600 3x"},"classes":[]},{"id":9243,"url":"https:\/\/cepronda.com\/blog\/9243-2\/","url_meta":{"origin":7642,"position":2},"title":"INNOVATIVE TEACHING PRACTICES SUPPORTED BY THE FOCUSED USE OF ICT TOOLS IN THE LANGUAGE CLASSROOM","author":"Encarni Jim\u00e9nez Rosado","date":"21 enero, 2026","format":false,"excerpt":"Convocatoria actividad formativa regional: \"INNOVATIVE TEACHING PRACTICES SUPPORTED BY THE FOCUSED USE OF ICT TOOLS IN THE LANGUAGE CLASSROOM\", con c\u00f3digo 26K9906AV128. \u00a0Dirigida a: Profesorado de Ingl\u00e9s de centros p\u00fablicos de cualquier nivel educativo. \u00a0El plazo de inscripci\u00f3n est\u00e1 abierto hasta el 4 de febrero a las 23:59 h. Lugar\u2026","rel":"","context":"En \u00abFormaciones\u00bb","block_context":{"text":"Formaciones","link":"https:\/\/cepronda.com\/blog\/category\/formaciones\/"},"img":{"alt_text":"","src":"https:\/\/i0.wp.com\/cepronda.com\/blog\/wp-content\/uploads\/2026\/01\/practices-supported.jpg?fit=1200%2C1200&ssl=1&resize=350%2C200","width":350,"height":200,"srcset":"https:\/\/i0.wp.com\/cepronda.com\/blog\/wp-content\/uploads\/2026\/01\/practices-supported.jpg?fit=1200%2C1200&ssl=1&resize=350%2C200 1x, https:\/\/i0.wp.com\/cepronda.com\/blog\/wp-content\/uploads\/2026\/01\/practices-supported.jpg?fit=1200%2C1200&ssl=1&resize=525%2C300 1.5x, https:\/\/i0.wp.com\/cepronda.com\/blog\/wp-content\/uploads\/2026\/01\/practices-supported.jpg?fit=1200%2C1200&ssl=1&resize=700%2C400 2x, https:\/\/i0.wp.com\/cepronda.com\/blog\/wp-content\/uploads\/2026\/01\/practices-supported.jpg?fit=1200%2C1200&ssl=1&resize=1050%2C600 3x"},"classes":[]},{"id":7976,"url":"https:\/\/cepronda.com\/blog\/guia-y-tutorizacion-para-la-participacion-en-la-convocatoria-de-proyectos-de-investigacion-innovacion-y-elaboracion-de-materiales\/","url_meta":{"origin":7642,"position":3},"title":"GU\u00cdA Y TUTORIZACI\u00d3N PARA LA PARTICIPACI\u00d3N EN LA CONVOCATORIA DE PROYECTOS DE INVESTIGACI\u00d3N, INNOVACI\u00d3N Y ELABORACI\u00d3N DE MATERIALES","author":"Inmaculada Garc\u00eda","date":"20 diciembre, 2024","format":false,"excerpt":"\u00a0\u00a0Abierta inscripci\u00f3n de la Actividad Formativa regional: \"GU\u00cdA Y TUTORIZACI\u00d3N PARA LA PARTICIPACI\u00d3N EN LA CONVOCATORIA DE PROYECTOS DE INVESTIGACI\u00d3N, INNOVACI\u00d3N Y ELABORACI\u00d3N DE MATERIALES\" (259915KPF370). \u00a0Inscripciones: hasta el 8 de enero. \u00a0Enlace a la inscripci\u00f3n:\u00a0https:\/\/www.juntadeandalucia.es\/educacion\/secretariavirtual\/consultaCEP\/actividad\/259915KPF370\/\u00a0 \u00a0El curso est\u00e1 dirigido a hacer un acompa\u00f1amiento al profesorado de cara a la\u2026","rel":"","context":"En \u00abFormaciones\u00bb","block_context":{"text":"Formaciones","link":"https:\/\/cepronda.com\/blog\/category\/formaciones\/"},"img":{"alt_text":"","src":"","width":0,"height":0},"classes":[]},{"id":5706,"url":"https:\/\/cepronda.com\/blog\/plan-de-autoproteccion-de-los-centros-y-modulo-de-prevencion-de-riesgos-laborales-en-seneca-taller-practico-para-las-coordinaciones-del-plan-de-seguridad-y-salud-laboral-232922ge104\/","url_meta":{"origin":7642,"position":4},"title":"PLAN DE AUTOPROTECCI\u00d3N DE LOS CENTROS Y M\u00d3DULO DE PREVENCI\u00d3N DE RIESGOS LABORALES EN S\u00c9NECA: TALLER PR\u00c1CTICO PARA LAS COORDINACIONES DEL PLAN DE SEGURIDAD Y SALUD LABORAL (232922GE104)","author":"Inmaculada Garc\u00eda","date":"18 enero, 2023","format":false,"excerpt":"Estimado\/a compa\u00f1ero\/a, Te informo que se encuentra abierta la inscripci\u00f3n al curso provincial, organizado por el CEP de M\u00e1laga: PLAN DE AUTOPROTECCI\u00d3N DE LOS CENTROS Y M\u00d3DULO DE PREVENCI\u00d3N DE RIESGOS LABORALES EN S\u00c9NECA: TALLER PR\u00c1CTICO PARA LAS COORDINACIONES DEL PLAN DE SEGURIDAD Y SALUD LABORAL C\u00f3digo: 232922GE104 Inscripciones: desde\u2026","rel":"","context":"En \u00abFormaciones\u00bb","block_context":{"text":"Formaciones","link":"https:\/\/cepronda.com\/blog\/category\/formaciones\/"},"img":{"alt_text":"","src":"https:\/\/i0.wp.com\/cepronda.com\/blog\/wp-content\/uploads\/2023\/01\/WhatsApp-Image-2023-01-18-at-13.32.01.jpeg?fit=1080%2C1080&ssl=1&resize=350%2C200","width":350,"height":200,"srcset":"https:\/\/i0.wp.com\/cepronda.com\/blog\/wp-content\/uploads\/2023\/01\/WhatsApp-Image-2023-01-18-at-13.32.01.jpeg?fit=1080%2C1080&ssl=1&resize=350%2C200 1x, https:\/\/i0.wp.com\/cepronda.com\/blog\/wp-content\/uploads\/2023\/01\/WhatsApp-Image-2023-01-18-at-13.32.01.jpeg?fit=1080%2C1080&ssl=1&resize=525%2C300 1.5x, https:\/\/i0.wp.com\/cepronda.com\/blog\/wp-content\/uploads\/2023\/01\/WhatsApp-Image-2023-01-18-at-13.32.01.jpeg?fit=1080%2C1080&ssl=1&resize=700%2C400 2x, https:\/\/i0.wp.com\/cepronda.com\/blog\/wp-content\/uploads\/2023\/01\/WhatsApp-Image-2023-01-18-at-13.32.01.jpeg?fit=1080%2C1080&ssl=1&resize=1050%2C600 3x"},"classes":[]},{"id":8458,"url":"https:\/\/cepronda.com\/blog\/sistemas-de-gestion-seguridad-y-salud-en-el-trabajo\/","url_meta":{"origin":7642,"position":5},"title":"SISTEMAS DE GESTI\u00d3N SEGURIDAD Y SALUD EN EL TRABAJO","author":"Mamen Moreno","date":"5 abril, 2025","format":false,"excerpt":"Informamos de la apertura de plazo para solicitud de inscripci\u00f3n en la siguiente actividad formativa dirigida a profesorado de centros de las redes IESCA y profesorado de centros CPIFP T\u00edtulo:\u00a0SISTEMAS DE GESTI\u00d3N SEGURIDAD Y SALUD EN EL TRABAJO CONFORME A LA NORMA ISO 45001:2018 EN CENTROS EDUCATIVOS Modalidad:\u00a0Curso Semipresencial Enlace:\u00a0https:\/\/www.juntadeandalucia.es\/educacion\/secretariavirtual\/consultaCEP\/actividad\/251408FP016\/\u2026","rel":"","context":"En \u00abFormaciones\u00bb","block_context":{"text":"Formaciones","link":"https:\/\/cepronda.com\/blog\/category\/formaciones\/"},"img":{"alt_text":"","src":"https:\/\/i0.wp.com\/cepronda.com\/blog\/wp-content\/uploads\/2025\/04\/Post-de-Facebook-Inmobiliaria-Fotografico-Moderno-Azul-y-Gris-1.jpg?fit=940%2C788&ssl=1&resize=350%2C200","width":350,"height":200,"srcset":"https:\/\/i0.wp.com\/cepronda.com\/blog\/wp-content\/uploads\/2025\/04\/Post-de-Facebook-Inmobiliaria-Fotografico-Moderno-Azul-y-Gris-1.jpg?fit=940%2C788&ssl=1&resize=350%2C200 1x, https:\/\/i0.wp.com\/cepronda.com\/blog\/wp-content\/uploads\/2025\/04\/Post-de-Facebook-Inmobiliaria-Fotografico-Moderno-Azul-y-Gris-1.jpg?fit=940%2C788&ssl=1&resize=525%2C300 1.5x, https:\/\/i0.wp.com\/cepronda.com\/blog\/wp-content\/uploads\/2025\/04\/Post-de-Facebook-Inmobiliaria-Fotografico-Moderno-Azul-y-Gris-1.jpg?fit=940%2C788&ssl=1&resize=700%2C400 2x"},"classes":[]}],"jetpack_sharing_enabled":true,"_links":{"self":[{"href":"https:\/\/cepronda.com\/blog\/wp-json\/wp\/v2\/posts\/7642","targetHints":{"allow":["GET"]}}],"collection":[{"href":"https:\/\/cepronda.com\/blog\/wp-json\/wp\/v2\/posts"}],"about":[{"href":"https:\/\/cepronda.com\/blog\/wp-json\/wp\/v2\/types\/post"}],"author":[{"embeddable":true,"href":"https:\/\/cepronda.com\/blog\/wp-json\/wp\/v2\/users\/9"}],"replies":[{"embeddable":true,"href":"https:\/\/cepronda.com\/blog\/wp-json\/wp\/v2\/comments?post=7642"}],"version-history":[{"count":1,"href":"https:\/\/cepronda.com\/blog\/wp-json\/wp\/v2\/posts\/7642\/revisions"}],"predecessor-version":[{"id":7644,"href":"https:\/\/cepronda.com\/blog\/wp-json\/wp\/v2\/posts\/7642\/revisions\/7644"}],"wp:featuredmedia":[{"embeddable":true,"href":"https:\/\/cepronda.com\/blog\/wp-json\/wp\/v2\/media\/7643"}],"wp:attachment":[{"href":"https:\/\/cepronda.com\/blog\/wp-json\/wp\/v2\/media?parent=7642"}],"wp:term":[{"taxonomy":"category","embeddable":true,"href":"https:\/\/cepronda.com\/blog\/wp-json\/wp\/v2\/categories?post=7642"},{"taxonomy":"post_tag","embeddable":true,"href":"https:\/\/cepronda.com\/blog\/wp-json\/wp\/v2\/tags?post=7642"}],"curies":[{"name":"wp","href":"https:\/\/api.w.org\/{rel}","templated":true}]}}