{"id":7639,"date":"2024-05-21T12:39:13","date_gmt":"2024-05-21T10:39:13","guid":{"rendered":"https:\/\/cepronda.com\/blog\/?p=7639"},"modified":"2025-04-28T12:10:09","modified_gmt":"2025-04-28T10:10:09","slug":"formacion-google-certified-trainercodigo-249902qpf458","status":"publish","type":"post","link":"https:\/\/cepronda.com\/blog\/formacion-google-certified-trainercodigo-249902qpf458\/","title":{"rendered":"FORMACI\u00d3N \u00abGOOGLE CERTIFIED TRAINER\u00bb(c\u00f3digo 249902QPF458)."},"content":{"rendered":"<div class=\"\" data-block=\"true\" data-editor=\"oee6\" data-offset-key=\"etd80-0-0\">\n<div class=\"_1mf _1mj\" data-offset-key=\"etd80-0-0\"><span data-offset-key=\"etd80-0-0\"> Abierto el plazo de solicitudes para la 2\u00aa convocatoria del curso Google Trainer Certified.<\/span><\/div>\n<\/div>\n<div class=\"\" data-block=\"true\" data-editor=\"oee6\" data-offset-key=\"b3p4j-0-0\">\n<div class=\"_1mf _1mj\" data-offset-key=\"b3p4j-0-0\"><span data-offset-key=\"b3p4j-0-0\">\u00a0<\/span><\/div>\n<\/div>\n<div class=\"\" data-block=\"true\" data-editor=\"oee6\" data-offset-key=\"bgunt-0-0\">\n<div class=\"_1mf _1mj\" data-offset-key=\"bgunt-0-0\"><span data-offset-key=\"bgunt-0-0\">Se encuentra abierto el plazo de inscripci\u00f3n en la 2\u00aa convocatoria de la actividad formativa regional, gestionada el CEP del Ejido: \u00abGOOGLE CERTIFIED TRAINER\u00bb(c\u00f3digo 249902QPF458). <\/span><\/div>\n<\/div>\n<div class=\"\" data-block=\"true\" data-editor=\"oee6\" data-offset-key=\"rplm-0-0\">\n<div class=\"_1mf _1mj\" data-offset-key=\"rplm-0-0\"><span data-offset-key=\"rplm-0-0\">\u00a0<\/span><\/div>\n<\/div>\n<div class=\"\" data-block=\"true\" data-editor=\"oee6\" data-offset-key=\"d7skq-0-0\">\n<div class=\"_1mf _1mj\" data-offset-key=\"d7skq-0-0\"><span data-offset-key=\"d7skq-0-0\">\ufe0f Inscr\u00edbete del 20 al 24 de mayo a las 10:00 horas. <a href=\"http:\/\/lajunta.es\/4sqrc\"> lajunta.es\/4sqrc<\/a><\/span><\/div>\n<\/div>\n<div class=\"\" data-block=\"true\" data-editor=\"oee6\" data-offset-key=\"f5uej-0-0\">\n<div class=\"_1mf _1mj\" data-offset-key=\"f5uej-0-0\"><span data-offset-key=\"f5uej-0-0\">\u2139\ufe0f Es necesario estar en posesi\u00f3n del Google For Education Certified Educator Level 2.<\/span><\/div>\n<\/div>\n<div class=\"\" data-block=\"true\" data-editor=\"oee6\" data-offset-key=\"8si3p-0-0\">\n<div class=\"_1mf _1mj\" data-offset-key=\"8si3p-0-0\"><span data-offset-key=\"8si3p-0-0\">\u00a0<\/span><\/div>\n<\/div>\n<div class=\"\" data-block=\"true\" data-editor=\"oee6\" data-offset-key=\"ech9v-0-0\">\n<div class=\"_1mf _1mj\" data-offset-key=\"ech9v-0-0\"><span data-offset-key=\"ech9v-0-0\">La publicaci\u00f3n de listados provisionales ser\u00e1 el mismo 24 de mayo y el listado definitivo el 27 de mayo.<\/span><\/div>\n<\/div>\n<div class=\"\" data-block=\"true\" data-editor=\"oee6\" data-offset-key=\"5pat5-0-0\">\n<div class=\"_1mf _1mj\" data-offset-key=\"5pat5-0-0\"><span data-offset-key=\"5pat5-0-0\">\u00a0<\/span><\/div>\n<\/div>\n<div class=\"\" data-block=\"true\" data-editor=\"oee6\" data-offset-key=\"7iqrt-0-0\">\n<div class=\"_1mf _1mj\" data-offset-key=\"7iqrt-0-0\"><span data-offset-key=\"7iqrt-0-0\">La actividad formativa tendr\u00e1 su inicio el d\u00eda 27 de mayo y su t\u00e9rmino ser\u00e1 el 28 de junio.<\/span><\/div>\n<div class=\"_1mf _1mj\" data-offset-key=\"7iqrt-0-0\"><span data-offset-key=\"7iqrt-0-0\">\u00a0<\/span><\/div>\n<p><a style=\"color: #1a8d43; text-decoration-line: underline;\" href=\"http:\/\/lajunta.es\/4sqrc\"><img data-recalc-dims=\"1\" loading=\"lazy\" decoding=\"async\" class=\"aligncenter wp-image-7544 size-large\" src=\"https:\/\/i0.wp.com\/cepronda.com\/blog\/wp-content\/uploads\/2024\/04\/flyer-formacion-google-solutia_RRSS-Twitter-1.png?resize=1024%2C667&#038;ssl=1\" alt=\"\" width=\"1024\" height=\"667\" srcset=\"https:\/\/i0.wp.com\/cepronda.com\/blog\/wp-content\/uploads\/2024\/04\/flyer-formacion-google-solutia_RRSS-Twitter-1.png?resize=1024%2C667&amp;ssl=1 1024w, https:\/\/i0.wp.com\/cepronda.com\/blog\/wp-content\/uploads\/2024\/04\/flyer-formacion-google-solutia_RRSS-Twitter-1.png?resize=300%2C195&amp;ssl=1 300w, https:\/\/i0.wp.com\/cepronda.com\/blog\/wp-content\/uploads\/2024\/04\/flyer-formacion-google-solutia_RRSS-Twitter-1.png?resize=768%2C500&amp;ssl=1 768w, https:\/\/i0.wp.com\/cepronda.com\/blog\/wp-content\/uploads\/2024\/04\/flyer-formacion-google-solutia_RRSS-Twitter-1.png?resize=1536%2C1001&amp;ssl=1 1536w, https:\/\/i0.wp.com\/cepronda.com\/blog\/wp-content\/uploads\/2024\/04\/flyer-formacion-google-solutia_RRSS-Twitter-1.png?resize=2048%2C1334&amp;ssl=1 2048w, https:\/\/i0.wp.com\/cepronda.com\/blog\/wp-content\/uploads\/2024\/04\/flyer-formacion-google-solutia_RRSS-Twitter-1.png?w=2340&amp;ssl=1 2340w\" sizes=\"auto, (max-width: 1024px) 100vw, 1024px\" \/><\/a><\/p>\n<\/div>\n","protected":false},"excerpt":{"rendered":"<p>Abierto el plazo de solicitudes para la 2\u00aa convocatoria del curso Google Trainer Certified. \u00a0 Se encuentra abierto el plazo de inscripci\u00f3n en la 2\u00aa convocatoria de la actividad formativa regional, gestionada el CEP del Ejido: \u00abGOOGLE CERTIFIED TRAINER\u00bb(c\u00f3digo 249902QPF458). \u00a0 \ufe0f Inscr\u00edbete del 20 al 24 de mayo a las 10:00 horas. lajunta.es\/4sqrc \u2139\ufe0f [&hellip;]<\/p>\n","protected":false},"author":9,"featured_media":7544,"comment_status":"closed","ping_status":"open","sticky":false,"template":"","format":"standard","meta":{"_crdt_document":"","advanced_seo_description":"","jetpack_seo_html_title":"","jetpack_seo_noindex":false,"jetpack_post_was_ever_published":false,"_jetpack_newsletter_access":"","_jetpack_dont_email_post_to_subs":false,"_jetpack_newsletter_tier_id":0,"_jetpack_memberships_contains_paywalled_content":false,"_jetpack_memberships_contains_paid_content":false,"footnotes":"","jetpack_publicize_message":"","jetpack_publicize_feature_enabled":true,"jetpack_social_post_already_shared":false,"jetpack_social_options":{"image_generator_settings":{"template":"highway","default_image_id":0,"font":"","enabled":false},"version":2}},"categories":[3],"tags":[401],"class_list":{"0":"post-7639","1":"post","2":"type-post","3":"status-publish","4":"format-standard","5":"has-post-thumbnail","7":"category-formaciones","8":"tag-tde","9":"czr-hentry"},"jetpack_publicize_connections":[],"jetpack_featured_media_url":"https:\/\/i0.wp.com\/cepronda.com\/blog\/wp-content\/uploads\/2024\/04\/flyer-formacion-google-solutia_RRSS-Twitter-1.png?fit=2539%2C1654&ssl=1","jetpack_shortlink":"https:\/\/wp.me\/p8M4X7-1Zd","jetpack-related-posts":[{"id":4134,"url":"https:\/\/cepronda.com\/blog\/2a-convocatoria-regional-oferta-formativa\/","url_meta":{"origin":7639,"position":0},"title":"2\u00aa Convocatoria Regional. Oferta formativa","author":"Maribel Mu\u00f1oz","date":"1 febrero, 2021","format":false,"excerpt":"Buenas tardes compa\u00f1eras y compa\u00f1eros , Os informamos que ya es posible consultar la oferta formativa de la 2\u00aa Convocatoria Regional de la Consejer\u00eda de Educaci\u00f3n y Deporte. El plazo de inscripci\u00f3n ser\u00e1 del 8 de febrero\u00a0 a las 15:00 h, hasta el\u00a0 11 de febrero\u00a0 a las 15:00h. Deseamos\u2026","rel":"","context":"En \u00abFormaciones\u00bb","block_context":{"text":"Formaciones","link":"https:\/\/cepronda.com\/blog\/category\/formaciones\/"},"img":{"alt_text":"","src":"https:\/\/i0.wp.com\/cepronda.com\/blog\/wp-content\/uploads\/2020\/09\/Logo-progamas-de-formacion-oficial.jpg?resize=350%2C200","width":350,"height":200},"classes":[]},{"id":9346,"url":"https:\/\/cepronda.com\/blog\/mejora-tu-competencia-digital-docente-convocatoria-marzo-2026\/","url_meta":{"origin":7639,"position":1},"title":"MEJORA TU COMPETENCIA DIGITAL DOCENTE. Convocatoria Marzo 2026.","author":"Inmaculada Garc\u00eda","date":"9 febrero, 2026","format":false,"excerpt":"Os informamos que se encuentra abierto el plazo de inscripci\u00f3n en los cursos para la mejora de la Competencia Digital Docente. COMPETENCIA\u00a0DIGITAL\u00a0DOCENTE\u00a0NIVEL A2, 50 horas, con c\u00f3digo 269923KPF426. COMPETENCIA\u00a0DIGITAL\u00a0DOCENTE\u00a0NIVEL B1, 60 horas, con c\u00f3digo 269925KPF432. COMPETENCIA\u00a0DIGITAL\u00a0DOCENTE\u00a0NIVEL B2, 70 horas, con c\u00f3digo 262924KPF429. \u00a0 \u00a0 \u00a0 \u00a0 Plazo de Inscripci\u00f3n del\u2026","rel":"","context":"En \u00abFormaciones\u00bb","block_context":{"text":"Formaciones","link":"https:\/\/cepronda.com\/blog\/category\/formaciones\/"},"img":{"alt_text":"","src":"https:\/\/i0.wp.com\/cepronda.com\/blog\/wp-content\/uploads\/2026\/02\/Copia-de-Copia-de-CEP-MOTOR-INTERNACIONALIZACION-PRIMEROS-PASOS.pptx.jpg?fit=960%2C1200&ssl=1&resize=350%2C200","width":350,"height":200,"srcset":"https:\/\/i0.wp.com\/cepronda.com\/blog\/wp-content\/uploads\/2026\/02\/Copia-de-Copia-de-CEP-MOTOR-INTERNACIONALIZACION-PRIMEROS-PASOS.pptx.jpg?fit=960%2C1200&ssl=1&resize=350%2C200 1x, https:\/\/i0.wp.com\/cepronda.com\/blog\/wp-content\/uploads\/2026\/02\/Copia-de-Copia-de-CEP-MOTOR-INTERNACIONALIZACION-PRIMEROS-PASOS.pptx.jpg?fit=960%2C1200&ssl=1&resize=525%2C300 1.5x, https:\/\/i0.wp.com\/cepronda.com\/blog\/wp-content\/uploads\/2026\/02\/Copia-de-Copia-de-CEP-MOTOR-INTERNACIONALIZACION-PRIMEROS-PASOS.pptx.jpg?fit=960%2C1200&ssl=1&resize=700%2C400 2x"},"classes":[]},{"id":6065,"url":"https:\/\/cepronda.com\/blog\/acreditacion-erasmus-en-el-ambito-de-la-educacion-escolar-y-educacion-permanente-convocatoria-2023\/","url_meta":{"origin":7639,"position":2},"title":"ACREDITACI\u00d3N ERASMUS EN EL \u00c1MBITO DE LA EDUCACI\u00d3N ESCOLAR Y EDUCACI\u00d3N PERMANENTE. CONVOCATORIA 2023","author":"Inmaculada Garc\u00eda","date":"20 septiembre, 2023","format":false,"excerpt":"Abierto plazo de inscripci\u00f3n para la Acreditaci\u00f3n Erasmus en el \u00c1mbito de la Educaci\u00f3n Escolar y Permanente. Convocatoria 2023.\u00a0 C\u00f3digo de la actividad:\u00a0\u00a0249922KPI003 Fechas de realizaci\u00f3n:\u00a025\/09\/2023 - 27\/10\/2023 Lugar de realizaci\u00f3n:\u00a0AULA VIRTUAL DE FORMACI\u00d3N DEL PROFESORADO N\u00ba de plazas:\u00a090 PLAZO DE INSCRIPCI\u00d3N:\u00a0Abierto hasta el 22 de septiembre a las 10:00\u2026","rel":"","context":"En \u00abFormaciones\u00bb","block_context":{"text":"Formaciones","link":"https:\/\/cepronda.com\/blog\/category\/formaciones\/"},"img":{"alt_text":"","src":"https:\/\/i0.wp.com\/cepronda.com\/blog\/wp-content\/uploads\/2023\/09\/ACREDITACION.jpg?fit=720%2C509&ssl=1&resize=350%2C200","width":350,"height":200,"srcset":"https:\/\/i0.wp.com\/cepronda.com\/blog\/wp-content\/uploads\/2023\/09\/ACREDITACION.jpg?fit=720%2C509&ssl=1&resize=350%2C200 1x, https:\/\/i0.wp.com\/cepronda.com\/blog\/wp-content\/uploads\/2023\/09\/ACREDITACION.jpg?fit=720%2C509&ssl=1&resize=525%2C300 1.5x, https:\/\/i0.wp.com\/cepronda.com\/blog\/wp-content\/uploads\/2023\/09\/ACREDITACION.jpg?fit=720%2C509&ssl=1&resize=700%2C400 2x"},"classes":[]},{"id":4362,"url":"https:\/\/cepronda.com\/blog\/nuevo-programa-erasmus-convocatoria-2021\/","url_meta":{"origin":7639,"position":3},"title":"NUEVO PROGRAMA ERASMUS+: CONVOCATORIA 2021","author":"Maribel Mu\u00f1oz","date":"6 abril, 2021","format":false,"excerpt":"Buenas tardes\u00a0 compa\u00f1eras y compa\u00f1eros, Os informamos que est\u00e1 abierto el plazo de inscripci\u00f3n de la formaci\u00f3n \u00a0DIFUSI\u00d3N DEL NUEVO PROGRAMA ERASMUS+: CONVOCATORIA 2021 con c\u00f3digo 219923KPI254 \u00a0 que comenzar\u00e1 a desarrollarse el pr\u00f3ximo\u00a0 15\/04\/2021. Es una formaci\u00f3n PROVINCIAL, gestionada por el CEP de Marbella Adjuntamos\u00a0enlace : https:\/\/www.juntadeandalucia.es\/educacion\/secretariavirtual\/consultaCEP\/actividad\/219923KPI254\/ El plazo\u2026","rel":"","context":"En \u00abFormaciones\u00bb","block_context":{"text":"Formaciones","link":"https:\/\/cepronda.com\/blog\/category\/formaciones\/"},"img":{"alt_text":"","src":"https:\/\/i0.wp.com\/cepronda.com\/blog\/wp-content\/uploads\/2021\/03\/bandera-europea.jpg?resize=350%2C200","width":350,"height":200},"classes":[]},{"id":9372,"url":"https:\/\/cepronda.com\/blog\/9372-2\/","url_meta":{"origin":7639,"position":4},"title":"COMPETENCIA LECTORA NIVEL PROFUNDIZACI\u00d3N INFANTIL Y PRIMARIA","author":"Encarni Jim\u00e9nez Rosado","date":"12 febrero, 2026","format":false,"excerpt":"Abierto plazo de inscripci\u00f3n para curso \u00a0\u201cCOMPETENCIA LECTORA NIVEL PROFUNDIZACI\u00d3N INFANTIL Y PRIMARIA\u201d con c\u00f3digo 269904KPF575. El enlace a la convocatoria, inscripci\u00f3n y encuesta es el siguiente: https:\/\/www.juntadeandalucia.es\/educacion\/secretariavirtual\/consultaCEP\/actividad\/269904KPF575\/ Esta formaci\u00f3n va dirigida al profesorado que imparta docencia en Educaci\u00f3n Infantil y Primaria de cualquier \u00e1rea o materia. \u00a0","rel":"","context":"En \u00abFormaciones\u00bb","block_context":{"text":"Formaciones","link":"https:\/\/cepronda.com\/blog\/category\/formaciones\/"},"img":{"alt_text":"","src":"https:\/\/i0.wp.com\/cepronda.com\/blog\/wp-content\/uploads\/2026\/02\/COMPETEN-1.png?fit=749%2C753&ssl=1&resize=350%2C200","width":350,"height":200,"srcset":"https:\/\/i0.wp.com\/cepronda.com\/blog\/wp-content\/uploads\/2026\/02\/COMPETEN-1.png?fit=749%2C753&ssl=1&resize=350%2C200 1x, https:\/\/i0.wp.com\/cepronda.com\/blog\/wp-content\/uploads\/2026\/02\/COMPETEN-1.png?fit=749%2C753&ssl=1&resize=525%2C300 1.5x, https:\/\/i0.wp.com\/cepronda.com\/blog\/wp-content\/uploads\/2026\/02\/COMPETEN-1.png?fit=749%2C753&ssl=1&resize=700%2C400 2x"},"classes":[]},{"id":4228,"url":"https:\/\/cepronda.com\/blog\/adjudicacion-de-plazas-de-la-2a-convocatoria-regional\/","url_meta":{"origin":7639,"position":5},"title":"Adjudicaci\u00f3n de plazas de la 2\u00aa convocatoria regional","author":"Maribel Mu\u00f1oz","date":"2 marzo, 2021","format":false,"excerpt":"Buenas tardes campa\u00f1eras y compa\u00f1eros, Os hacemos llegar estos dos enlaces con publidad sobre la adjudicaci\u00f3n de plazas de los cursos de la 2\u00aa convocatoria regional . https:\/\/view.genial.ly\/6038a3342e75ae0d0934bfb4\/presentation-convocatoria https:\/\/twitter.com\/FormacProfAnd\/status\/1365216663113789440?s=20 Deseamos que sea de vuestro inter\u00e9s. Saludos.","rel":"","context":"En \u00abFormaciones\u00bb","block_context":{"text":"Formaciones","link":"https:\/\/cepronda.com\/blog\/category\/formaciones\/"},"img":{"alt_text":"","src":"https:\/\/i0.wp.com\/cepronda.com\/blog\/wp-content\/uploads\/2020\/09\/Logo-progamas-de-formacion-oficial.jpg?resize=350%2C200","width":350,"height":200},"classes":[]}],"jetpack_sharing_enabled":true,"_links":{"self":[{"href":"https:\/\/cepronda.com\/blog\/wp-json\/wp\/v2\/posts\/7639","targetHints":{"allow":["GET"]}}],"collection":[{"href":"https:\/\/cepronda.com\/blog\/wp-json\/wp\/v2\/posts"}],"about":[{"href":"https:\/\/cepronda.com\/blog\/wp-json\/wp\/v2\/types\/post"}],"author":[{"embeddable":true,"href":"https:\/\/cepronda.com\/blog\/wp-json\/wp\/v2\/users\/9"}],"replies":[{"embeddable":true,"href":"https:\/\/cepronda.com\/blog\/wp-json\/wp\/v2\/comments?post=7639"}],"version-history":[{"count":2,"href":"https:\/\/cepronda.com\/blog\/wp-json\/wp\/v2\/posts\/7639\/revisions"}],"predecessor-version":[{"id":7641,"href":"https:\/\/cepronda.com\/blog\/wp-json\/wp\/v2\/posts\/7639\/revisions\/7641"}],"wp:featuredmedia":[{"embeddable":true,"href":"https:\/\/cepronda.com\/blog\/wp-json\/wp\/v2\/media\/7544"}],"wp:attachment":[{"href":"https:\/\/cepronda.com\/blog\/wp-json\/wp\/v2\/media?parent=7639"}],"wp:term":[{"taxonomy":"category","embeddable":true,"href":"https:\/\/cepronda.com\/blog\/wp-json\/wp\/v2\/categories?post=7639"},{"taxonomy":"post_tag","embeddable":true,"href":"https:\/\/cepronda.com\/blog\/wp-json\/wp\/v2\/tags?post=7639"}],"curies":[{"name":"wp","href":"https:\/\/api.w.org\/{rel}","templated":true}]}}