{"id":7623,"date":"2024-05-14T13:21:27","date_gmt":"2024-05-14T11:21:27","guid":{"rendered":"https:\/\/cepronda.com\/blog\/?p=7623"},"modified":"2025-04-28T12:15:39","modified_gmt":"2025-04-28T10:15:39","slug":"portal-de-experiencias-educativas-de-exito-de-la-provincia-de-malaga","status":"publish","type":"post","link":"https:\/\/cepronda.com\/blog\/portal-de-experiencias-educativas-de-exito-de-la-provincia-de-malaga\/","title":{"rendered":"PORTAL DE EXPERIENCIAS EDUCATIVAS DE \u00c9XITO DE LA PROVINCIA DE M\u00c1LAGA"},"content":{"rendered":"<p><b>\u00bfConoc\u00e9is el portal www.experienciaseducativasmalaga.com?<\/b><\/p>\n<p><b> Si vuestro centro realiza experiencia de \u00e9xito o si quer\u00e9is inspiraros en otras, este es vuestro portal<\/b><\/p>\n<p><a href=\"https:\/\/www.experienciaseducativasmalaga.com\/\">https:\/\/www.experienciaseducativasmalaga.com\/<\/a><\/p>\n<p>&nbsp;<\/p>\n<p><span class=\"embed-youtube\" style=\"text-align:center; display: block;\"><iframe loading=\"lazy\" class=\"youtube-player\" width=\"1170\" height=\"659\" src=\"https:\/\/www.youtube.com\/embed\/lTjoFumBogA?version=3&#038;rel=1&#038;showsearch=0&#038;showinfo=1&#038;iv_load_policy=1&#038;fs=1&#038;hl=es-ES&#038;autohide=2&#038;wmode=transparent\" allowfullscreen=\"true\" style=\"border:0;\" sandbox=\"allow-scripts allow-same-origin allow-popups allow-presentation allow-popups-to-escape-sandbox\"><\/iframe><\/span><\/p>\n<p>&nbsp;<\/p>\n","protected":false},"excerpt":{"rendered":"<p>\u00bfConoc\u00e9is el portal www.experienciaseducativasmalaga.com? Si vuestro centro realiza experiencia de \u00e9xito o si quer\u00e9is inspiraros en otras, este es vuestro portal https:\/\/www.experienciaseducativasmalaga.com\/ &nbsp; &nbsp;<\/p>\n","protected":false},"author":13,"featured_media":7626,"comment_status":"closed","ping_status":"open","sticky":false,"template":"","format":"standard","meta":{"_crdt_document":"","advanced_seo_description":"","jetpack_seo_html_title":"","jetpack_seo_noindex":false,"jetpack_post_was_ever_published":false,"_jetpack_newsletter_access":"","_jetpack_dont_email_post_to_subs":false,"_jetpack_newsletter_tier_id":0,"_jetpack_memberships_contains_paywalled_content":false,"_jetpack_memberships_contains_paid_content":false,"footnotes":"","jetpack_publicize_message":"","jetpack_publicize_feature_enabled":true,"jetpack_social_post_already_shared":false,"jetpack_social_options":{"image_generator_settings":{"template":"highway","default_image_id":0,"font":"","enabled":false},"version":2}},"categories":[3,5],"tags":[],"class_list":{"0":"post-7623","1":"post","2":"type-post","3":"status-publish","4":"format-standard","5":"has-post-thumbnail","7":"category-formaciones","8":"category-noticias","9":"czr-hentry"},"jetpack_publicize_connections":[],"jetpack_featured_media_url":"https:\/\/i0.wp.com\/cepronda.com\/blog\/wp-content\/uploads\/2024\/05\/Diseno-sin-titulo-6-1.png?fit=600%2C600&ssl=1","jetpack_shortlink":"https:\/\/wp.me\/p8M4X7-1YX","jetpack-related-posts":[{"id":5763,"url":"https:\/\/cepronda.com\/blog\/portal-web-de-experiencias-educativas-de-exito\/","url_meta":{"origin":7623,"position":0},"title":"PORTAL WEB DE EXPERIENCIAS EDUCATIVAS DE \u00c9XITO","author":"Inmaculada Garc\u00eda","date":"9 febrero, 2023","format":false,"excerpt":"Los Centros del Profesorado de la provincia de M\u00e1laga anuncian el lanzamiento de un portal web de Experiencias Educativas de \u00c9xito que se desarrollan en los centros de nuestra provincia. Se puede acceder desde el enlace www.experienciaseducativasmalaga.com Los centros interesados en compartir sus proyectos y buenas pr\u00e1cticas pueden enviar la\u2026","rel":"","context":"En \u00abFormaciones\u00bb","block_context":{"text":"Formaciones","link":"https:\/\/cepronda.com\/blog\/category\/formaciones\/"},"img":{"alt_text":"","src":"https:\/\/i0.wp.com\/cepronda.com\/blog\/wp-content\/uploads\/2023\/02\/portal.png?fit=594%2C395&ssl=1&resize=350%2C200","width":350,"height":200,"srcset":"https:\/\/i0.wp.com\/cepronda.com\/blog\/wp-content\/uploads\/2023\/02\/portal.png?fit=594%2C395&ssl=1&resize=350%2C200 1x, https:\/\/i0.wp.com\/cepronda.com\/blog\/wp-content\/uploads\/2023\/02\/portal.png?fit=594%2C395&ssl=1&resize=525%2C300 1.5x"},"classes":[]},{"id":9083,"url":"https:\/\/cepronda.com\/blog\/experiencia-de-exito-denyp-2023-responsabilidad-afectiva-tods-junt-a-porticate\/","url_meta":{"origin":7623,"position":1},"title":"EXPERIENCIA DE \u00c9XITO: DENYP 2023: Responsabilidad Afectiva (Tod@s junt@ a Porticate)","author":"Inmaculada Garc\u00eda","date":"4 diciembre, 2025","format":false,"excerpt":"\u00bfC\u00f3mo construimos relaciones sanas y un entorno de #Paz en el aula? \ud83e\udd14 El IES Alfaguara (Yunquera) nos demuestra la importancia de la #ResponsabilidadAfectiva con su inspiradora jornada DENyP 2023. \ud83e\udd1d A trav\u00e9s de talleres din\u00e1micos de Resoluci\u00f3n de Conflictos y Cohesi\u00f3n de Grupo, su alumnado de ESO y Bachillerato\u2026","rel":"","context":"En \u00abNoticias\u00bb","block_context":{"text":"Noticias","link":"https:\/\/cepronda.com\/blog\/category\/noticias\/"},"img":{"alt_text":"","src":"https:\/\/i0.wp.com\/cepronda.com\/blog\/wp-content\/uploads\/2025\/12\/EXPERIENCIA-DE-EXITO-1.jpg?fit=960%2C1200&ssl=1&resize=350%2C200","width":350,"height":200,"srcset":"https:\/\/i0.wp.com\/cepronda.com\/blog\/wp-content\/uploads\/2025\/12\/EXPERIENCIA-DE-EXITO-1.jpg?fit=960%2C1200&ssl=1&resize=350%2C200 1x, https:\/\/i0.wp.com\/cepronda.com\/blog\/wp-content\/uploads\/2025\/12\/EXPERIENCIA-DE-EXITO-1.jpg?fit=960%2C1200&ssl=1&resize=525%2C300 1.5x, https:\/\/i0.wp.com\/cepronda.com\/blog\/wp-content\/uploads\/2025\/12\/EXPERIENCIA-DE-EXITO-1.jpg?fit=960%2C1200&ssl=1&resize=700%2C400 2x"},"classes":[]},{"id":9123,"url":"https:\/\/cepronda.com\/blog\/experiencia-de-exito-ronda-around-the-world\/","url_meta":{"origin":7623,"position":2},"title":"EXPERIENCIA DE \u00c9XITO: \u00abRONDA AROUND THE WORLD\u00bb.","author":"Inmaculada Garc\u00eda","date":"10 diciembre, 2025","format":false,"excerpt":"\u00bfTe imaginas a los alumnos de Primaria de Ronda viajando por el mundo y creando su propia obra musical biling\u00fce? Presentamos la incre\u00edble experiencia educativa: \"RONDA AROUND THE WORLD\" del C.E.I.P. Juan Carrillo. \ud83c\udf1f Este proyecto es mucho m\u00e1s que teatro: es #Pluriling\u00fcismo, #EscrituraCreativa, #TrabajoCooperativo y una celebraci\u00f3n de la\u2026","rel":"","context":"En \u00abNoticias\u00bb","block_context":{"text":"Noticias","link":"https:\/\/cepronda.com\/blog\/category\/noticias\/"},"img":{"alt_text":"","src":"https:\/\/i0.wp.com\/cepronda.com\/blog\/wp-content\/uploads\/2025\/12\/EXPERIENCIA-DE-EXITO.jpg?fit=960%2C1200&ssl=1&resize=350%2C200","width":350,"height":200,"srcset":"https:\/\/i0.wp.com\/cepronda.com\/blog\/wp-content\/uploads\/2025\/12\/EXPERIENCIA-DE-EXITO.jpg?fit=960%2C1200&ssl=1&resize=350%2C200 1x, https:\/\/i0.wp.com\/cepronda.com\/blog\/wp-content\/uploads\/2025\/12\/EXPERIENCIA-DE-EXITO.jpg?fit=960%2C1200&ssl=1&resize=525%2C300 1.5x, https:\/\/i0.wp.com\/cepronda.com\/blog\/wp-content\/uploads\/2025\/12\/EXPERIENCIA-DE-EXITO.jpg?fit=960%2C1200&ssl=1&resize=700%2C400 2x"},"classes":[]},{"id":9026,"url":"https:\/\/cepronda.com\/blog\/experiencia-de-exito-gamificacion-y-emociones-la-emocion-en-el-juego\/","url_meta":{"origin":7623,"position":3},"title":"EXPERIENCIA DE \u00c9XITO: Gamificaci\u00f3n y emociones. La emoci\u00f3n en el juego.","author":"Inmaculada Garc\u00eda","date":"13 noviembre, 2025","format":false,"excerpt":"Estamos emocionados de compartir una experiencia educativa fascinante que destaca la importancia de la innovaci\u00f3n en el aula de la mano del CPR. Valle del Guadiaro (Ca\u00f1ada del Real Tesoro). Gamificaci\u00f3n y Emociones: Un Enfoque Apasionante En esta publicaci\u00f3n\u00a0exploramos c\u00f3mo la gamificaci\u00f3n se une a la gesti\u00f3n de emociones para\u2026","rel":"","context":"En \u00abNoticias\u00bb","block_context":{"text":"Noticias","link":"https:\/\/cepronda.com\/blog\/category\/noticias\/"},"img":{"alt_text":"","src":"https:\/\/i0.wp.com\/cepronda.com\/blog\/wp-content\/uploads\/2025\/11\/EXPERIENCIA-DE-EXITO.jpg?fit=960%2C1200&ssl=1&resize=350%2C200","width":350,"height":200,"srcset":"https:\/\/i0.wp.com\/cepronda.com\/blog\/wp-content\/uploads\/2025\/11\/EXPERIENCIA-DE-EXITO.jpg?fit=960%2C1200&ssl=1&resize=350%2C200 1x, https:\/\/i0.wp.com\/cepronda.com\/blog\/wp-content\/uploads\/2025\/11\/EXPERIENCIA-DE-EXITO.jpg?fit=960%2C1200&ssl=1&resize=525%2C300 1.5x, https:\/\/i0.wp.com\/cepronda.com\/blog\/wp-content\/uploads\/2025\/11\/EXPERIENCIA-DE-EXITO.jpg?fit=960%2C1200&ssl=1&resize=700%2C400 2x"},"classes":[]},{"id":4656,"url":"https:\/\/cepronda.com\/blog\/jornada-de-sensibilizacion-del-proyecto-linguistico-de-centro-plc-provincial-2\/","url_meta":{"origin":7623,"position":4},"title":"ESTRATEGIAS DE EVALUACI\u00d3N EN SECUNDARIA Y BACHILLERATO:  PR\u00c1CTICAS DE \u00c9XITO","author":"Maribel Mu\u00f1oz","date":"23 septiembre, 2021","format":false,"excerpt":"Buenas tardes compa\u00f1eras y compa\u00f1eros, Os informamos que est\u00e1 abierto el plazo de inscripci\u00f3n en la actividad ESTRATEGIAS DE EVALUACI\u00d3N EN SECUNDARIA Y BACHILLERATO:PR\u00c1CTICAS DE \u00c9XITO\u00a0 con c\u00f3digo 222924GE023. La formaci\u00f3n es online, con un total de 10 horas. Es de \u00e1mbito CEP.\u00a0 La fechas son:\u00a0 \u00a0 Plazo de inscripci\u00f3n:\u2026","rel":"","context":"En \u00abFormaciones\u00bb","block_context":{"text":"Formaciones","link":"https:\/\/cepronda.com\/blog\/category\/formaciones\/"},"img":{"alt_text":"","src":"https:\/\/i0.wp.com\/cepronda.com\/blog\/wp-content\/uploads\/2021\/09\/RECURSOS-DIGITALES-1.png?fit=848%2C1200&ssl=1&resize=350%2C200","width":350,"height":200,"srcset":"https:\/\/i0.wp.com\/cepronda.com\/blog\/wp-content\/uploads\/2021\/09\/RECURSOS-DIGITALES-1.png?fit=848%2C1200&ssl=1&resize=350%2C200 1x, https:\/\/i0.wp.com\/cepronda.com\/blog\/wp-content\/uploads\/2021\/09\/RECURSOS-DIGITALES-1.png?fit=848%2C1200&ssl=1&resize=525%2C300 1.5x, https:\/\/i0.wp.com\/cepronda.com\/blog\/wp-content\/uploads\/2021\/09\/RECURSOS-DIGITALES-1.png?fit=848%2C1200&ssl=1&resize=700%2C400 2x"},"classes":[]},{"id":5374,"url":"https:\/\/cepronda.com\/blog\/actividades-destacadas-de-nuestros-centros-ceip-san-agustin-el-burgo\/","url_meta":{"origin":7623,"position":5},"title":"ACTIVIDADES DESTACADAS DE NUESTROS CENTROS: CEIP SAN AGUST\u00cdN (EL BURGO)","author":"V\u00edctor Caballero","date":"15 junio, 2022","format":false,"excerpt":"Desde el centro del Profesorado de Ronda queremos compartir actividades destacadas de nuestros centros como pr\u00e1cticas educativas de \u00e9xito que creemos que deben ser difundidas para su conocimiento. \u00a0 En este caso tenemos las siguientes actividades desarrolladas en el tercer trimestre por el CEIP San Agust\u00edn (El Burgo). \u00a0 En\u2026","rel":"","context":"En \u00abNoticias\u00bb","block_context":{"text":"Noticias","link":"https:\/\/cepronda.com\/blog\/category\/noticias\/"},"img":{"alt_text":"","src":"https:\/\/i0.wp.com\/cepronda.com\/blog\/wp-content\/uploads\/2022\/06\/Captura-de-pantalla-2022-06-15-a-las-14.37.14.png?fit=870%2C832&ssl=1&resize=350%2C200","width":350,"height":200,"srcset":"https:\/\/i0.wp.com\/cepronda.com\/blog\/wp-content\/uploads\/2022\/06\/Captura-de-pantalla-2022-06-15-a-las-14.37.14.png?fit=870%2C832&ssl=1&resize=350%2C200 1x, https:\/\/i0.wp.com\/cepronda.com\/blog\/wp-content\/uploads\/2022\/06\/Captura-de-pantalla-2022-06-15-a-las-14.37.14.png?fit=870%2C832&ssl=1&resize=525%2C300 1.5x, https:\/\/i0.wp.com\/cepronda.com\/blog\/wp-content\/uploads\/2022\/06\/Captura-de-pantalla-2022-06-15-a-las-14.37.14.png?fit=870%2C832&ssl=1&resize=700%2C400 2x"},"classes":[]}],"jetpack_sharing_enabled":true,"_links":{"self":[{"href":"https:\/\/cepronda.com\/blog\/wp-json\/wp\/v2\/posts\/7623","targetHints":{"allow":["GET"]}}],"collection":[{"href":"https:\/\/cepronda.com\/blog\/wp-json\/wp\/v2\/posts"}],"about":[{"href":"https:\/\/cepronda.com\/blog\/wp-json\/wp\/v2\/types\/post"}],"author":[{"embeddable":true,"href":"https:\/\/cepronda.com\/blog\/wp-json\/wp\/v2\/users\/13"}],"replies":[{"embeddable":true,"href":"https:\/\/cepronda.com\/blog\/wp-json\/wp\/v2\/comments?post=7623"}],"version-history":[{"count":1,"href":"https:\/\/cepronda.com\/blog\/wp-json\/wp\/v2\/posts\/7623\/revisions"}],"predecessor-version":[{"id":7627,"href":"https:\/\/cepronda.com\/blog\/wp-json\/wp\/v2\/posts\/7623\/revisions\/7627"}],"wp:featuredmedia":[{"embeddable":true,"href":"https:\/\/cepronda.com\/blog\/wp-json\/wp\/v2\/media\/7626"}],"wp:attachment":[{"href":"https:\/\/cepronda.com\/blog\/wp-json\/wp\/v2\/media?parent=7623"}],"wp:term":[{"taxonomy":"category","embeddable":true,"href":"https:\/\/cepronda.com\/blog\/wp-json\/wp\/v2\/categories?post=7623"},{"taxonomy":"post_tag","embeddable":true,"href":"https:\/\/cepronda.com\/blog\/wp-json\/wp\/v2\/tags?post=7623"}],"curies":[{"name":"wp","href":"https:\/\/api.w.org\/{rel}","templated":true}]}}