{"id":7606,"date":"2024-05-08T13:05:24","date_gmt":"2024-05-08T11:05:24","guid":{"rendered":"https:\/\/cepronda.com\/blog\/?p=7606"},"modified":"2025-02-07T11:28:42","modified_gmt":"2025-02-07T10:28:42","slug":"jornadas-tecnicas-de-colaboracion-del-sector-productivo-en-educacion-241410fp005","status":"publish","type":"post","link":"https:\/\/cepronda.com\/blog\/jornadas-tecnicas-de-colaboracion-del-sector-productivo-en-educacion-241410fp005\/","title":{"rendered":"\u00abJORNADAS T\u00c9CNICAS DE COLABORACI\u00d3N DEL SECTOR PRODUCTIVO EN EDUCACI\u00d3N\u00bb (241410FP005)"},"content":{"rendered":"<div class=\"\" data-block=\"true\" data-editor=\"bvepg\" data-offset-key=\"9jau-0-0\">\n<div class=\"_1mf _1mj\" data-offset-key=\"9jau-0-0\"><span data-offset-key=\"9jau-0-0\"> Abierto el plazo de inscripci\u00f3n en la actividad de \u00e1mbito REGIONAL FP: <\/span><strong>\u00abJornadas t\u00e9cnicas de colaboraci\u00f3n del sector productivo con Educaci\u00f3n.\u00bb<\/strong><\/div>\n<\/div>\n<div class=\"\" data-block=\"true\" data-editor=\"bvepg\" data-offset-key=\"egv0s-0-0\">\n<div class=\"_1mf _1mj\" data-offset-key=\"egv0s-0-0\"><span data-offset-key=\"egv0s-0-0\">\u00a0<\/span><\/div>\n<\/div>\n<div class=\"\" data-block=\"true\" data-editor=\"bvepg\" data-offset-key=\"3p6m5-0-0\">\n<div class=\"_1mf _1mj\" data-offset-key=\"3p6m5-0-0\"><span data-offset-key=\"3p6m5-0-0\">C\u00f3digo: 241410FP005<\/span><\/div>\n<\/div>\n<div class=\"\" data-block=\"true\" data-editor=\"bvepg\" data-offset-key=\"38o5a-0-0\">\n<div class=\"_1mf _1mj\" data-offset-key=\"38o5a-0-0\"><span data-offset-key=\"38o5a-0-0\">\u00c1mbito: Regional<\/span><\/div>\n<\/div>\n<div class=\"\" data-block=\"true\" data-editor=\"bvepg\" data-offset-key=\"5v6m4-0-0\">\n<div class=\"_1mf _1mj\" data-offset-key=\"5v6m4-0-0\"><span data-offset-key=\"5v6m4-0-0\">Modalidad: Curso presencial<\/span><\/div>\n<\/div>\n<div class=\"\" data-block=\"true\" data-editor=\"bvepg\" data-offset-key=\"75c3i-0-0\">\n<div class=\"_1mf _1mj\" data-offset-key=\"75c3i-0-0\"><span data-offset-key=\"75c3i-0-0\">Lugar de realizaci\u00f3n: Parque Empresarial Pr\u00edncipe Felipe &#8211; Centro Tecnol\u00f3gico IAT (Lucena\/C\u00f3rdoba)<\/span><\/div>\n<\/div>\n<div class=\"\" data-block=\"true\" data-editor=\"bvepg\" data-offset-key=\"f5t6r-0-0\">\n<div class=\"_1mf _1mj\" data-offset-key=\"f5t6r-0-0\"><span data-offset-key=\"f5t6r-0-0\">\ufe0fFecha actividad: 05\/06\/2024<\/span><\/div>\n<\/div>\n<div class=\"\" data-block=\"true\" data-editor=\"bvepg\" data-offset-key=\"d40uk-0-0\">\n<div class=\"_1mf _1mj\" data-offset-key=\"d40uk-0-0\"><span data-offset-key=\"d40uk-0-0\">Fecha inscripci\u00f3n: 07\/05\/2024 hasta 28\/05\/2024<\/span><\/div>\n<\/div>\n<div class=\"\" data-block=\"true\" data-editor=\"bvepg\" data-offset-key=\"ado64-0-0\">\n<div class=\"_1mf _1mj\" data-offset-key=\"ado64-0-0\"><span data-offset-key=\"ado64-0-0\">Duraci\u00f3n: 8 h <\/span><\/div>\n<\/div>\n<div class=\"\" data-block=\"true\" data-editor=\"bvepg\" data-offset-key=\"29hve-0-0\">\n<div class=\"_1mf _1mj\" data-offset-key=\"29hve-0-0\"><span data-offset-key=\"29hve-0-0\">\u00a0<\/span><\/div>\n<\/div>\n<div class=\"\" data-block=\"true\" data-editor=\"bvepg\" data-offset-key=\"875s4-0-0\">\n<div class=\"_1mf _1mj\" data-offset-key=\"875s4-0-0\"><span data-offset-key=\"875s4-0-0\">Inscr\u00edbete <a href=\"https:\/\/www.juntadeandalucia.es\/educacion\/secretariavirtual\/consultaCEP\/actividad\/241410FP005\/\">https:\/\/www.juntadeandalucia.es\/educacion\/secretariavirtual\/consultaCEP\/actividad\/241410FP005\/<\/a><\/span><\/div>\n<\/div>\n<p><img data-recalc-dims=\"1\" loading=\"lazy\" decoding=\"async\" class=\"aligncenter wp-image-7607 size-medium\" src=\"https:\/\/i0.wp.com\/cepronda.com\/blog\/wp-content\/uploads\/2024\/05\/fp-regional.jpg?resize=300%2C201&#038;ssl=1\" alt=\"\" width=\"300\" height=\"201\" srcset=\"https:\/\/i0.wp.com\/cepronda.com\/blog\/wp-content\/uploads\/2024\/05\/fp-regional.jpg?resize=300%2C201&amp;ssl=1 300w, https:\/\/i0.wp.com\/cepronda.com\/blog\/wp-content\/uploads\/2024\/05\/fp-regional.jpg?w=680&amp;ssl=1 680w\" sizes=\"auto, (max-width: 300px) 100vw, 300px\" \/><\/p>\n","protected":false},"excerpt":{"rendered":"<p>Abierto el plazo de inscripci\u00f3n en la actividad de \u00e1mbito REGIONAL FP: \u00abJornadas t\u00e9cnicas de colaboraci\u00f3n del sector productivo con Educaci\u00f3n.\u00bb \u00a0 C\u00f3digo: 241410FP005 \u00c1mbito: Regional Modalidad: Curso presencial Lugar de realizaci\u00f3n: Parque Empresarial Pr\u00edncipe Felipe &#8211; Centro Tecnol\u00f3gico IAT (Lucena\/C\u00f3rdoba) \ufe0fFecha actividad: 05\/06\/2024 Fecha inscripci\u00f3n: 07\/05\/2024 hasta 28\/05\/2024 Duraci\u00f3n: 8 h \u00a0 Inscr\u00edbete https:\/\/www.juntadeandalucia.es\/educacion\/secretariavirtual\/consultaCEP\/actividad\/241410FP005\/<\/p>\n","protected":false},"author":9,"featured_media":7607,"comment_status":"closed","ping_status":"open","sticky":false,"template":"","format":"standard","meta":{"_crdt_document":"","advanced_seo_description":"","jetpack_seo_html_title":"","jetpack_seo_noindex":false,"jetpack_post_was_ever_published":false,"_jetpack_newsletter_access":"","_jetpack_dont_email_post_to_subs":false,"_jetpack_newsletter_tier_id":0,"_jetpack_memberships_contains_paywalled_content":false,"_jetpack_memberships_contains_paid_content":false,"footnotes":"","jetpack_publicize_message":"","jetpack_publicize_feature_enabled":true,"jetpack_social_post_already_shared":false,"jetpack_social_options":{"image_generator_settings":{"template":"highway","default_image_id":0,"font":"","enabled":false},"version":2}},"categories":[3,5],"tags":[391],"class_list":{"0":"post-7606","1":"post","2":"type-post","3":"status-publish","4":"format-standard","5":"has-post-thumbnail","7":"category-formaciones","8":"category-noticias","9":"tag-formacion-profesional-regional","10":"czr-hentry"},"jetpack_publicize_connections":[],"jetpack_featured_media_url":"https:\/\/i0.wp.com\/cepronda.com\/blog\/wp-content\/uploads\/2024\/05\/fp-regional.jpg?fit=680%2C456&ssl=1","jetpack_shortlink":"https:\/\/wp.me\/p8M4X7-1YG","jetpack-related-posts":[{"id":7488,"url":"https:\/\/cepronda.com\/blog\/7488-2\/","url_meta":{"origin":7606,"position":0},"title":"XXIV JORNADAS REGIONALES DE DIRECTORAS Y DIRECTORES DE INSTITUTO: COMPETENCIAS DE LA DIRECCI\u00d3N VS LIDERAZGO","author":"Mamen Moreno","date":"23 febrero, 2024","format":false,"excerpt":"Se encuentra abierto el plazo de inscripci\u00f3n para la actividad formativa regional: XXIV JORNADAS REGIONALES DE DIRECTORAS Y DIRECTORES DE INSTITUTO: COMPETENCIAS DE LA DIRECCI\u00d3N VS LIDERAZGO. C\u00f3digo: 24401GE070 \u00c1mbito: Regional. Organiza: CEP de Almer\u00eda. N\u00ba Horas: 12 horas. Dirigida a: Directoras y directores de centros educativos p\u00fablicos de Educaci\u00f3n\u2026","rel":"","context":"En \u00abFormaciones\u00bb","block_context":{"text":"Formaciones","link":"https:\/\/cepronda.com\/blog\/category\/formaciones\/"},"img":{"alt_text":"","src":"https:\/\/i0.wp.com\/cepronda.com\/blog\/wp-content\/uploads\/2024\/02\/Jornada-ADIAN-2024.jpeg?fit=899%2C1200&ssl=1&resize=350%2C200","width":350,"height":200,"srcset":"https:\/\/i0.wp.com\/cepronda.com\/blog\/wp-content\/uploads\/2024\/02\/Jornada-ADIAN-2024.jpeg?fit=899%2C1200&ssl=1&resize=350%2C200 1x, https:\/\/i0.wp.com\/cepronda.com\/blog\/wp-content\/uploads\/2024\/02\/Jornada-ADIAN-2024.jpeg?fit=899%2C1200&ssl=1&resize=525%2C300 1.5x, https:\/\/i0.wp.com\/cepronda.com\/blog\/wp-content\/uploads\/2024\/02\/Jornada-ADIAN-2024.jpeg?fit=899%2C1200&ssl=1&resize=700%2C400 2x"},"classes":[]},{"id":8879,"url":"https:\/\/cepronda.com\/blog\/documental-jornadas-de-educacion-fisica-2025\/","url_meta":{"origin":7606,"position":1},"title":"DOCUMENTAL JORNADAS DE EDUCACI\u00d3N F\u00cdSICA 2025","author":"Mamen Moreno","date":"3 octubre, 2025","format":false,"excerpt":"Compartimos el v\u00eddeo resumen de las Jornadas celebradas los d\u00edas 14 y 15 de mayo de 2025 en CEULAJ, Mollina (CEP de Antequera), organizadas por el Equipo Provincial del \u00e1mbito de Educaci\u00f3n F\u00edsica de la provincia de M\u00e1laga. Estas jornadas incluyeron talleres pr\u00e1cticos, retos f\u00edsicos cooperativos, experiencias con modelos pedag\u00f3gicos\u2026","rel":"","context":"En \u00abNoticias\u00bb","block_context":{"text":"Noticias","link":"https:\/\/cepronda.com\/blog\/category\/noticias\/"},"img":{"alt_text":"","src":"https:\/\/i0.wp.com\/cepronda.com\/blog\/wp-content\/uploads\/2025\/10\/Z60XprHTf5nIO0ge.jpg?fit=675%2C1200&ssl=1&resize=350%2C200","width":350,"height":200,"srcset":"https:\/\/i0.wp.com\/cepronda.com\/blog\/wp-content\/uploads\/2025\/10\/Z60XprHTf5nIO0ge.jpg?fit=675%2C1200&ssl=1&resize=350%2C200 1x, https:\/\/i0.wp.com\/cepronda.com\/blog\/wp-content\/uploads\/2025\/10\/Z60XprHTf5nIO0ge.jpg?fit=675%2C1200&ssl=1&resize=525%2C300 1.5x"},"classes":[]},{"id":8405,"url":"https:\/\/cepronda.com\/blog\/tecnicas-mixtas-especificas-aplicables-al-ambito-artistico\/","url_meta":{"origin":7606,"position":2},"title":"T\u00c9CNICAS MIXTAS ESPEC\u00cdFICAS APLICABLES AL \u00c1MBITO ART\u00cdSTICO","author":"Mamen Moreno","date":"31 marzo, 2025","format":false,"excerpt":"Se\u00a0abre el plazo de inscripci\u00f3n al curso T\u00c9CNICAS MIXTAS ESPEC\u00cdFICAS APLICABLES AL \u00c1MBITO ART\u00cdSTICO \u270f\ufe0f Inscripci\u00f3n: hasta el 10\/4\/2025. Actividad: 22, 29 de abril y 6 de mayo. \u27a1\ufe0f Lugar de realizaci\u00f3n: CEP de V\u00e9lez M\u00e1laga. M\u00e1s informaci\u00f3n: https:\/\/www.juntadeandalucia.es\/educacion\/secretariavirtual\/consultaCEP\/actividad\/252926GE707\/ \u00a0","rel":"","context":"En \u00abFormaciones\u00bb","block_context":{"text":"Formaciones","link":"https:\/\/cepronda.com\/blog\/category\/formaciones\/"},"img":{"alt_text":"","src":"https:\/\/i0.wp.com\/cepronda.com\/blog\/wp-content\/uploads\/2025\/03\/WhatsApp-Image-2025-03-31-at-08.43.56.jpeg?fit=960%2C1200&ssl=1&resize=350%2C200","width":350,"height":200,"srcset":"https:\/\/i0.wp.com\/cepronda.com\/blog\/wp-content\/uploads\/2025\/03\/WhatsApp-Image-2025-03-31-at-08.43.56.jpeg?fit=960%2C1200&ssl=1&resize=350%2C200 1x, https:\/\/i0.wp.com\/cepronda.com\/blog\/wp-content\/uploads\/2025\/03\/WhatsApp-Image-2025-03-31-at-08.43.56.jpeg?fit=960%2C1200&ssl=1&resize=525%2C300 1.5x, https:\/\/i0.wp.com\/cepronda.com\/blog\/wp-content\/uploads\/2025\/03\/WhatsApp-Image-2025-03-31-at-08.43.56.jpeg?fit=960%2C1200&ssl=1&resize=700%2C400 2x"},"classes":[]},{"id":4351,"url":"https:\/\/cepronda.com\/blog\/frances-jornadas-fle-en-andalucia\/","url_meta":{"origin":7606,"position":3},"title":"FRANC\u00c9S. Jornadas FLE en Andaluc\u00eda.","author":"Maribel Mu\u00f1oz","date":"24 marzo, 2021","format":false,"excerpt":"Buenos d\u00edas compa\u00f1eras y compa\u00f1eros, Os informamos que desde el Servicio de Programas Internacionales nos indican que el Instituto Franc\u00e9s celebrar\u00e1 los pr\u00f3ximos 9 y 10 de abril una nueva edici\u00f3n de las Jornadas FLE en Andaluc\u00eda dirigidas al profesorado de franc\u00e9s lengua extranjera y ANL en franc\u00e9s, que estar\u00e1\u2026","rel":"","context":"En \u00abFormaciones\u00bb","block_context":{"text":"Formaciones","link":"https:\/\/cepronda.com\/blog\/category\/formaciones\/"},"img":{"alt_text":"","src":"https:\/\/i0.wp.com\/cepronda.com\/blog\/wp-content\/uploads\/2021\/03\/imagen-jornada-de-frances-259x300.jpg?resize=350%2C200","width":350,"height":200},"classes":[]},{"id":3129,"url":"https:\/\/cepronda.com\/blog\/ix-jornadas-educacion-defrente-felgtb\/","url_meta":{"origin":7606,"position":4},"title":"IX Jornadas Educaci\u00f3n DeFrente-FELGTB","author":"V\u00edctor Caballero","date":"7 noviembre, 2019","format":false,"excerpt":"\u00a1Hola de nuevo! Desde la a Federaci\u00f3n Estatal de Lesbianas, Gais, Trans y Bisexuales (FELGTB), van a organizar este a\u00f1o las IX Jornadas de Educaci\u00f3n con un contenido dirigido a profesionales o futuros profesionales del \u00e1mbito socioeducativo en diversidad. Por este motivo, nos piden que difundamos, por si fuese de\u2026","rel":"","context":"En \u00abNoticias\u00bb","block_context":{"text":"Noticias","link":"https:\/\/cepronda.com\/blog\/category\/noticias\/"},"img":{"alt_text":"","src":"https:\/\/i0.wp.com\/cepronda.com\/blog\/wp-content\/uploads\/2019\/11\/image.png?resize=350%2C200","width":350,"height":200},"classes":[]},{"id":7591,"url":"https:\/\/cepronda.com\/blog\/i-jornadas-provinciales-profesorado-de-educacion-plastica-visual-y-audiovisual\/","url_meta":{"origin":7606,"position":5},"title":"I JORNADAS PROVINCIALES PROFESORADO DE EDUCACI\u00d3N PL\u00c1STICA, VISUAL Y AUDIOVISUAL.","author":"Mamen Moreno","date":"22 abril, 2024","format":false,"excerpt":"Abierto el plazo de solicitudes de las I JORNADAS PROVINCIALES PROFESORADO DE EDUCACI\u00d3N PL\u00c1STICA, VISUAL Y AUDIOVISUAL. 8 horas presenciales (Lugar: Colecci\u00f3n del Museo Ruso de M\u00e1laga). Fecha inscripci\u00f3n: 22\/04\/2024 hasta 06\/05\/2024. Fecha actividad: 16\/05\/2024. M\u00e1s informaci\u00f3n e inscripci\u00f3n: https:\/\/www.juntadeandalucia.es\/educacion\/secretariavirtual\/consultaCEP\/actividad\/242922GE257\/","rel":"","context":"En \u00abNoticias\u00bb","block_context":{"text":"Noticias","link":"https:\/\/cepronda.com\/blog\/category\/noticias\/"},"img":{"alt_text":"","src":"https:\/\/i0.wp.com\/cepronda.com\/blog\/wp-content\/uploads\/2024\/04\/WhatsApp-Image-2024-04-20-at-11.09.52.jpeg?fit=942%2C787&ssl=1&resize=350%2C200","width":350,"height":200,"srcset":"https:\/\/i0.wp.com\/cepronda.com\/blog\/wp-content\/uploads\/2024\/04\/WhatsApp-Image-2024-04-20-at-11.09.52.jpeg?fit=942%2C787&ssl=1&resize=350%2C200 1x, https:\/\/i0.wp.com\/cepronda.com\/blog\/wp-content\/uploads\/2024\/04\/WhatsApp-Image-2024-04-20-at-11.09.52.jpeg?fit=942%2C787&ssl=1&resize=525%2C300 1.5x, https:\/\/i0.wp.com\/cepronda.com\/blog\/wp-content\/uploads\/2024\/04\/WhatsApp-Image-2024-04-20-at-11.09.52.jpeg?fit=942%2C787&ssl=1&resize=700%2C400 2x"},"classes":[]}],"jetpack_sharing_enabled":true,"_links":{"self":[{"href":"https:\/\/cepronda.com\/blog\/wp-json\/wp\/v2\/posts\/7606","targetHints":{"allow":["GET"]}}],"collection":[{"href":"https:\/\/cepronda.com\/blog\/wp-json\/wp\/v2\/posts"}],"about":[{"href":"https:\/\/cepronda.com\/blog\/wp-json\/wp\/v2\/types\/post"}],"author":[{"embeddable":true,"href":"https:\/\/cepronda.com\/blog\/wp-json\/wp\/v2\/users\/9"}],"replies":[{"embeddable":true,"href":"https:\/\/cepronda.com\/blog\/wp-json\/wp\/v2\/comments?post=7606"}],"version-history":[{"count":1,"href":"https:\/\/cepronda.com\/blog\/wp-json\/wp\/v2\/posts\/7606\/revisions"}],"predecessor-version":[{"id":7608,"href":"https:\/\/cepronda.com\/blog\/wp-json\/wp\/v2\/posts\/7606\/revisions\/7608"}],"wp:featuredmedia":[{"embeddable":true,"href":"https:\/\/cepronda.com\/blog\/wp-json\/wp\/v2\/media\/7607"}],"wp:attachment":[{"href":"https:\/\/cepronda.com\/blog\/wp-json\/wp\/v2\/media?parent=7606"}],"wp:term":[{"taxonomy":"category","embeddable":true,"href":"https:\/\/cepronda.com\/blog\/wp-json\/wp\/v2\/categories?post=7606"},{"taxonomy":"post_tag","embeddable":true,"href":"https:\/\/cepronda.com\/blog\/wp-json\/wp\/v2\/tags?post=7606"}],"curies":[{"name":"wp","href":"https:\/\/api.w.org\/{rel}","templated":true}]}}