{"id":7603,"date":"2024-05-07T13:45:24","date_gmt":"2024-05-07T11:45:24","guid":{"rendered":"https:\/\/cepronda.com\/blog\/?p=7603"},"modified":"2025-02-07T11:29:09","modified_gmt":"2025-02-07T10:29:09","slug":"curso-objetos-digitales-educativos-en-las-aavv-moodle-centros-integra-motiva-y-enriquece-tus-clases-249923kpf490","status":"publish","type":"post","link":"https:\/\/cepronda.com\/blog\/curso-objetos-digitales-educativos-en-las-aavv-moodle-centros-integra-motiva-y-enriquece-tus-clases-249923kpf490\/","title":{"rendered":"CURSO \u00abObjetos Digitales Educativos en las AAVV Moodle Centros: Integra, motiva y enriquece tus clases\u00bb (249923KPF490)"},"content":{"rendered":"<div class=\"\" data-block=\"true\" data-editor=\"9vagl\" data-offset-key=\"6heng-0-0\">\n<div class=\"_1mf _1mj\" data-offset-key=\"6heng-0-0\"><span data-offset-key=\"6heng-0-0\"> Se encuentra abierto el plazo para solicitar el curso de formaci\u00f3n para el profesorado \u00abObjetos Digitales Educativos en las AAVV Moodle Centros: Integra, motiva y enriquece tus clases\u00bb, con c\u00f3digo: 249923KPF490. A trav\u00e9s del AVFP con una duraci\u00f3n de 40 horas.<\/span><\/div>\n<\/div>\n<div class=\"\" data-block=\"true\" data-editor=\"9vagl\" data-offset-key=\"64mfg-0-0\">\n<div class=\"_1mf _1mj\" data-offset-key=\"64mfg-0-0\"><span data-offset-key=\"64mfg-0-0\">\u00a0<\/span><\/div>\n<\/div>\n<div class=\"\" data-block=\"true\" data-editor=\"9vagl\" data-offset-key=\"ed9bc-0-0\">\n<div class=\"_1mf _1mj\" data-offset-key=\"ed9bc-0-0\"><span data-offset-key=\"ed9bc-0-0\"> Esta actividad formativa est\u00e1 destinada al profesorado de los centros sostenidos con fondos p\u00fablicos para que conozca, integre en su Aula Virtual Moodle Centros y utilice los Objetos Digitales Educativos (ODE) en su proceso de ense\u00f1anza-aprendizaje. Por ello, a lo largo del curso, se trabajar\u00e1n din\u00e1micas de aula a partir de la colecci\u00f3n de m\u00e1s de 70.000 ODE de aproximaci\u00f3n curricular de Aula Planeta destinada para los cursos de 5\u00ba de Educaci\u00f3n Primaria a 4\u00ba de Educaci\u00f3n Secundaria disponible en las AAVV Moodle Centros. <\/span><\/div>\n<\/div>\n<div class=\"\" data-block=\"true\" data-editor=\"9vagl\" data-offset-key=\"bpb1-0-0\">\n<div class=\"_1mf _1mj\" data-offset-key=\"bpb1-0-0\"><span data-offset-key=\"bpb1-0-0\">\u00a0<\/span><\/div>\n<\/div>\n<div class=\"\" data-block=\"true\" data-editor=\"9vagl\" data-offset-key=\"2pmul-0-0\">\n<div class=\"_1mf _1mj\" data-offset-key=\"2pmul-0-0\"><span data-offset-key=\"2pmul-0-0\">Los criterios de selecci\u00f3n que se seguir\u00e1n son preferentemente:<\/span><\/div>\n<\/div>\n<div class=\"\" data-block=\"true\" data-editor=\"9vagl\" data-offset-key=\"f22m4-0-0\">\n<div class=\"_1mf _1mj\" data-offset-key=\"f22m4-0-0\"><span data-offset-key=\"f22m4-0-0\">\u00a0<\/span><\/div>\n<\/div>\n<div class=\"\" data-block=\"true\" data-editor=\"9vagl\" data-offset-key=\"80hgj-0-0\">\n<div class=\"_1mf _1mj\" data-offset-key=\"80hgj-0-0\"><span data-offset-key=\"80hgj-0-0\">Docentes que imparten ense\u00f1anzas en 5\u00ba y 6\u00ba de Educaci\u00f3n Primaria.<\/span><\/div>\n<\/div>\n<div class=\"\" data-block=\"true\" data-editor=\"9vagl\" data-offset-key=\"6c1bg-0-0\">\n<div class=\"_1mf _1mj\" data-offset-key=\"6c1bg-0-0\"><span data-offset-key=\"6c1bg-0-0\">Docentes que imparten ense\u00f1anzas en 1\u00ba, 2\u00ba, 3\u00ba y 4\u00ba de Educaci\u00f3n Secundaria.<\/span><\/div>\n<\/div>\n<div class=\"\" data-block=\"true\" data-editor=\"9vagl\" data-offset-key=\"7m56v-0-0\">\n<div class=\"_1mf _1mj\" data-offset-key=\"7m56v-0-0\"><span data-offset-key=\"7m56v-0-0\">Docentes de las materias: Lengua castellana y literatura, Matem\u00e1ticas, Conocimiento del Medio Natural, Social y Cultural, Lengua Extranjera: Ingl\u00e9s, Biolog\u00eda y Geolog\u00eda, F\u00edsica y Qu\u00edmica, Natural Science, Biology and Geology, Physics and Chemistry, Social Science, Geography and History, Tecnolog\u00eda, Religi\u00f3n, Valores C\u00edvicos y \u00c9ticos, M\u00fasica, Educaci\u00f3n F\u00edsica y Lengua Extranjera: Franc\u00e9s.<\/span><\/div>\n<\/div>\n<div class=\"\" data-block=\"true\" data-editor=\"9vagl\" data-offset-key=\"19h4a-0-0\">\n<div class=\"_1mf _1mj\" data-offset-key=\"19h4a-0-0\"><span data-offset-key=\"19h4a-0-0\">\u00a0<\/span><\/div>\n<\/div>\n<div class=\"\" data-block=\"true\" data-editor=\"9vagl\" data-offset-key=\"4u8jl-0-0\">\n<div class=\"_1mf _1mj\" data-offset-key=\"4u8jl-0-0\"><span data-offset-key=\"4u8jl-0-0\">\u00a0<\/span><\/div>\n<\/div>\n<div class=\"\" data-block=\"true\" data-editor=\"9vagl\" data-offset-key=\"2u4nl-0-0\">\n<div class=\"_1mf _1mj\" data-offset-key=\"2u4nl-0-0\"><span data-offset-key=\"2u4nl-0-0\">\ufe0f El plazo de solicitud finaliza el pr\u00f3ximo 17 de mayo.<\/span><\/div>\n<\/div>\n<div class=\"\" data-block=\"true\" data-editor=\"9vagl\" data-offset-key=\"7h9te-0-0\">\n<div class=\"_1mf _1mj\" data-offset-key=\"7h9te-0-0\"><span data-offset-key=\"7h9te-0-0\"> <a href=\"https:\/\/www.juntadeandalucia.es\/educacion\/secretariavirtual\/consultaCEP\/actividad\/249923KPF490\/\">M\u00e1s informaci\u00f3n e inscripci\u00f3n<\/a><\/span><\/div>\n<\/div>\n","protected":false},"excerpt":{"rendered":"<p>Se encuentra abierto el plazo para solicitar el curso de formaci\u00f3n para el profesorado \u00abObjetos Digitales Educativos en las AAVV Moodle Centros: Integra, motiva y enriquece tus clases\u00bb, con c\u00f3digo: 249923KPF490. A trav\u00e9s del AVFP con una duraci\u00f3n de 40 horas. \u00a0 Esta actividad formativa est\u00e1 destinada al profesorado de los centros sostenidos con fondos [&hellip;]<\/p>\n","protected":false},"author":9,"featured_media":7604,"comment_status":"closed","ping_status":"open","sticky":false,"template":"","format":"standard","meta":{"_crdt_document":"","advanced_seo_description":"","jetpack_seo_html_title":"","jetpack_seo_noindex":false,"jetpack_post_was_ever_published":false,"_jetpack_newsletter_access":"","_jetpack_dont_email_post_to_subs":false,"_jetpack_newsletter_tier_id":0,"_jetpack_memberships_contains_paywalled_content":false,"_jetpack_memberships_contains_paid_content":false,"footnotes":"","jetpack_publicize_message":"","jetpack_publicize_feature_enabled":true,"jetpack_social_post_already_shared":false,"jetpack_social_options":{"image_generator_settings":{"template":"highway","default_image_id":0,"font":"","enabled":false},"version":2}},"categories":[3,5],"tags":[],"class_list":{"0":"post-7603","1":"post","2":"type-post","3":"status-publish","4":"format-standard","5":"has-post-thumbnail","7":"category-formaciones","8":"category-noticias","9":"czr-hentry"},"jetpack_publicize_connections":[],"jetpack_featured_media_url":"https:\/\/i0.wp.com\/cepronda.com\/blog\/wp-content\/uploads\/2024\/05\/ODE.jpg?fit=680%2C383&ssl=1","jetpack_shortlink":"https:\/\/wp.me\/p8M4X7-1YD","jetpack-related-posts":[{"id":7732,"url":"https:\/\/cepronda.com\/blog\/curso-objetos-digitales-educativos-en-las-aavv-moodle-centros-integra-motiva-y-enriquece-tus-clases-con-codigo-252923kpf534\/","url_meta":{"origin":7603,"position":0},"title":"CURSO: OBJETOS DIGITALES EDUCATIVOS EN LAS AAVV MOODLE CENTROS: INTEGRA, MOTIVA Y ENRIQUECE TUS CLASES, con c\u00f3digo 259923KPF534.","author":"Inmaculada Garc\u00eda","date":"20 septiembre, 2024","format":false,"excerpt":"Abierto el plazo de inscripci\u00f3n del curso PROVINCIAL a distancia: OBJETOS DIGITALES EDUCATIVOS EN LAS AAVV MOODLE CENTROS: INTEGRA, MOTIVA Y ENRIQUECE TUS CLASES, con c\u00f3digo 259923KPF534. Curso Provincial a Distancia (AVFP) de 40 horas. Fecha inscripci\u00f3n del 19\/09\/2024 hasta 30\/09\/2024 Fecha actividad del 16\/10\/2024 hasta 16\/12\/2024 \u2795M\u00e1s informaci\u00f3n e\u2026","rel":"","context":"En \u00abFormaciones\u00bb","block_context":{"text":"Formaciones","link":"https:\/\/cepronda.com\/blog\/category\/formaciones\/"},"img":{"alt_text":"","src":"https:\/\/i0.wp.com\/cepronda.com\/blog\/wp-content\/uploads\/2024\/09\/WhatsApp-Image-2024-09-20-at-13.40.28.jpeg?fit=1200%2C675&ssl=1&resize=350%2C200","width":350,"height":200,"srcset":"https:\/\/i0.wp.com\/cepronda.com\/blog\/wp-content\/uploads\/2024\/09\/WhatsApp-Image-2024-09-20-at-13.40.28.jpeg?fit=1200%2C675&ssl=1&resize=350%2C200 1x, https:\/\/i0.wp.com\/cepronda.com\/blog\/wp-content\/uploads\/2024\/09\/WhatsApp-Image-2024-09-20-at-13.40.28.jpeg?fit=1200%2C675&ssl=1&resize=525%2C300 1.5x, https:\/\/i0.wp.com\/cepronda.com\/blog\/wp-content\/uploads\/2024\/09\/WhatsApp-Image-2024-09-20-at-13.40.28.jpeg?fit=1200%2C675&ssl=1&resize=700%2C400 2x, https:\/\/i0.wp.com\/cepronda.com\/blog\/wp-content\/uploads\/2024\/09\/WhatsApp-Image-2024-09-20-at-13.40.28.jpeg?fit=1200%2C675&ssl=1&resize=1050%2C600 3x"},"classes":[]},{"id":4973,"url":"https:\/\/cepronda.com\/blog\/uso-de-la-plataforma-moodle-centros-profundizacion-222924ge042\/","url_meta":{"origin":7603,"position":1},"title":"USO DE LA PLATAFORMA MOODLE CENTROS (PROFUNDIZACI\u00d3N). 222924GE042","author":"Inmaculada Garc\u00eda","date":"13 enero, 2022","format":false,"excerpt":"Buenos d\u00edas, compa\u00f1eras y compa\u00f1eros. Os recordamos que est\u00e1 abierto el plazo de inscripci\u00f3n en la actividad USO DE LA PLATAFORMA MOODLE CENTROS (PROFUNDIZACI\u00d3N), c\u00f3digo 222924GE042. Es una actividad en modalidad de \u00abCurso a distancia\u00bb, que se desarrollar\u00e1 en el Aula Virtual de Formaci\u00f3n del Profesorado. Duraci\u00f3n de 25 horas\u2026","rel":"","context":"En \u00abFormaciones\u00bb","block_context":{"text":"Formaciones","link":"https:\/\/cepronda.com\/blog\/category\/formaciones\/"},"img":{"alt_text":"","src":"https:\/\/i0.wp.com\/cepronda.com\/blog\/wp-content\/uploads\/2022\/01\/USO-PLATAFORMA-MOODLE-CENTRO-1.png?fit=848%2C1200&ssl=1&resize=350%2C200","width":350,"height":200,"srcset":"https:\/\/i0.wp.com\/cepronda.com\/blog\/wp-content\/uploads\/2022\/01\/USO-PLATAFORMA-MOODLE-CENTRO-1.png?fit=848%2C1200&ssl=1&resize=350%2C200 1x, https:\/\/i0.wp.com\/cepronda.com\/blog\/wp-content\/uploads\/2022\/01\/USO-PLATAFORMA-MOODLE-CENTRO-1.png?fit=848%2C1200&ssl=1&resize=525%2C300 1.5x, https:\/\/i0.wp.com\/cepronda.com\/blog\/wp-content\/uploads\/2022\/01\/USO-PLATAFORMA-MOODLE-CENTRO-1.png?fit=848%2C1200&ssl=1&resize=700%2C400 2x"},"classes":[]},{"id":3494,"url":"https:\/\/cepronda.com\/blog\/uso-de-la-plataforma-moodle-centros\/","url_meta":{"origin":7603,"position":2},"title":"USO DE LA PLATAFORMA MOODLE CENTROS","author":"V\u00edctor Caballero","date":"19 marzo, 2020","format":false,"excerpt":"Dada la situaci\u00f3n en la que nos encontramos, y la necesidad de dar respuesta al profesorado que busca dar apoyo y hacer seguimiento a distancia de su alumnado, abrimos este curso para ense\u00f1ar al profesorado de cualquier etapa a utilizar la Plataforma Moodle Centros que la Consejer\u00eda de Educaci\u00f3n y\u2026","rel":"","context":"En \u00abFormaciones\u00bb","block_context":{"text":"Formaciones","link":"https:\/\/cepronda.com\/blog\/category\/formaciones\/"},"img":{"alt_text":"","src":"https:\/\/i0.wp.com\/cepronda.com\/blog\/wp-content\/uploads\/2020\/03\/S%C2%B0mbolo-gen%C3%87rico-RRSS-redondo-negativo.png?fit=1200%2C1200&ssl=1&resize=350%2C200","width":350,"height":200,"srcset":"https:\/\/i0.wp.com\/cepronda.com\/blog\/wp-content\/uploads\/2020\/03\/S%C2%B0mbolo-gen%C3%87rico-RRSS-redondo-negativo.png?fit=1200%2C1200&ssl=1&resize=350%2C200 1x, https:\/\/i0.wp.com\/cepronda.com\/blog\/wp-content\/uploads\/2020\/03\/S%C2%B0mbolo-gen%C3%87rico-RRSS-redondo-negativo.png?fit=1200%2C1200&ssl=1&resize=525%2C300 1.5x, https:\/\/i0.wp.com\/cepronda.com\/blog\/wp-content\/uploads\/2020\/03\/S%C2%B0mbolo-gen%C3%87rico-RRSS-redondo-negativo.png?fit=1200%2C1200&ssl=1&resize=700%2C400 2x, https:\/\/i0.wp.com\/cepronda.com\/blog\/wp-content\/uploads\/2020\/03\/S%C2%B0mbolo-gen%C3%87rico-RRSS-redondo-negativo.png?fit=1200%2C1200&ssl=1&resize=1050%2C600 3x"},"classes":[]},{"id":3900,"url":"https:\/\/cepronda.com\/blog\/uso-de-la-plataforma-moodle-centros-iniciacion-2\/","url_meta":{"origin":7603,"position":3},"title":"USO DE LA PLATAFORMA MOODLE CENTROS (INICIACI\u00d3N)","author":"V\u00edctor Caballero","date":"16 octubre, 2020","format":false,"excerpt":"Se abre el plazo para la inscripci\u00f3n en le curso \"USO DE LA PLATAFORMA MOODLE CENTROS (INICIACI\u00d3N)\". FECHAS DE MATRICULACI\u00d3N: 16\/10\/2020 AL 23\/10\/2020 Esta actividad va dirigida, exclusivamente, al profesorado del \u00e1mbito de actuaci\u00f3n de los CEPs de Antequera, Ronda y V\u00e9lez-M\u00e1laga. El criterio para la adjudicaci\u00f3n de plazas ser\u00e1\u2026","rel":"","context":"En \u00abFormaciones\u00bb","block_context":{"text":"Formaciones","link":"https:\/\/cepronda.com\/blog\/category\/formaciones\/"},"img":{"alt_text":"","src":"https:\/\/i0.wp.com\/cepronda.com\/blog\/wp-content\/uploads\/2020\/10\/USO-PLATAFORMA-MOODLE-CENTRO.jpg?fit=848%2C1200&ssl=1&resize=350%2C200","width":350,"height":200,"srcset":"https:\/\/i0.wp.com\/cepronda.com\/blog\/wp-content\/uploads\/2020\/10\/USO-PLATAFORMA-MOODLE-CENTRO.jpg?fit=848%2C1200&ssl=1&resize=350%2C200 1x, https:\/\/i0.wp.com\/cepronda.com\/blog\/wp-content\/uploads\/2020\/10\/USO-PLATAFORMA-MOODLE-CENTRO.jpg?fit=848%2C1200&ssl=1&resize=525%2C300 1.5x, https:\/\/i0.wp.com\/cepronda.com\/blog\/wp-content\/uploads\/2020\/10\/USO-PLATAFORMA-MOODLE-CENTRO.jpg?fit=848%2C1200&ssl=1&resize=700%2C400 2x"},"classes":[]},{"id":4819,"url":"https:\/\/cepronda.com\/blog\/uso-de-la-plataforma-moodle-centros-iniciacion\/","url_meta":{"origin":7603,"position":4},"title":"USO DE LA PLATAFORMA MOODLE CENTROS (INICIACI\u00d3N)","author":"Inmaculada Garc\u00eda","date":"25 octubre, 2021","format":false,"excerpt":"Buenas d\u00edas, compa\u00f1eras y compa\u00f1eros. Os informamos que est\u00e1 abierto el plazo de inscripci\u00f3n en la actividad\u00a0 \u00abUSO DE LA PLATAFORMA MOODLE CENTROS (INICIACI\u00d3N)\u00bb con c\u00f3digo 222924GE041. Es una actividad del \u00e1mbito CEP de Ronda.\u00a0 Se desarrollar\u00e1 en el Aula Virtual de Formaci\u00f3n del Profesorado. Las fechas de la formaci\u00f3n\u2026","rel":"","context":"En \u00abFormaciones\u00bb","block_context":{"text":"Formaciones","link":"https:\/\/cepronda.com\/blog\/category\/formaciones\/"},"img":{"alt_text":"","src":"","width":0,"height":0},"classes":[]},{"id":3879,"url":"https:\/\/cepronda.com\/blog\/moodle-centros-profundizacion\/","url_meta":{"origin":7603,"position":5},"title":"MOODLE CENTROS PROFUNDIZACI\u00d3N","author":"Maribel Mu\u00f1oz","date":"16 octubre, 2020","format":false,"excerpt":"Buenas tardes compa\u00f1eras y compa\u00f1eros, Os informamos que est\u00e1 abierto el plazo de inscripci\u00f3n de la formaci\u00f3n USO DE LA PLATAFORMA MOODLE CENTROS (PROFUNDIZACI\u00d3N), C\u00f3digo: 212926KPF208. Inscripciones: desde el 14\/10\/2020 hasta 25\/10\/2020. Fecha actividad:\u00a003\/11\/2020 hasta 06\/12\/2020. Adjuntamos enlace. Deseamos que sea de vuestro inter\u00e9s.\u00a0 Saludos.","rel":"","context":"En \u00abFormaciones\u00bb","block_context":{"text":"Formaciones","link":"https:\/\/cepronda.com\/blog\/category\/formaciones\/"},"img":{"alt_text":"","src":"https:\/\/i0.wp.com\/cepronda.com\/blog\/wp-content\/uploads\/2020\/10\/moodleprofundizacion-300x79.jpg?resize=350%2C200","width":350,"height":200},"classes":[]}],"jetpack_sharing_enabled":true,"_links":{"self":[{"href":"https:\/\/cepronda.com\/blog\/wp-json\/wp\/v2\/posts\/7603","targetHints":{"allow":["GET"]}}],"collection":[{"href":"https:\/\/cepronda.com\/blog\/wp-json\/wp\/v2\/posts"}],"about":[{"href":"https:\/\/cepronda.com\/blog\/wp-json\/wp\/v2\/types\/post"}],"author":[{"embeddable":true,"href":"https:\/\/cepronda.com\/blog\/wp-json\/wp\/v2\/users\/9"}],"replies":[{"embeddable":true,"href":"https:\/\/cepronda.com\/blog\/wp-json\/wp\/v2\/comments?post=7603"}],"version-history":[{"count":1,"href":"https:\/\/cepronda.com\/blog\/wp-json\/wp\/v2\/posts\/7603\/revisions"}],"predecessor-version":[{"id":7605,"href":"https:\/\/cepronda.com\/blog\/wp-json\/wp\/v2\/posts\/7603\/revisions\/7605"}],"wp:featuredmedia":[{"embeddable":true,"href":"https:\/\/cepronda.com\/blog\/wp-json\/wp\/v2\/media\/7604"}],"wp:attachment":[{"href":"https:\/\/cepronda.com\/blog\/wp-json\/wp\/v2\/media?parent=7603"}],"wp:term":[{"taxonomy":"category","embeddable":true,"href":"https:\/\/cepronda.com\/blog\/wp-json\/wp\/v2\/categories?post=7603"},{"taxonomy":"post_tag","embeddable":true,"href":"https:\/\/cepronda.com\/blog\/wp-json\/wp\/v2\/tags?post=7603"}],"curies":[{"name":"wp","href":"https:\/\/api.w.org\/{rel}","templated":true}]}}