{"id":7573,"date":"2024-04-16T09:51:27","date_gmt":"2024-04-16T07:51:27","guid":{"rendered":"https:\/\/cepronda.com\/blog\/?p=7573"},"modified":"2025-02-21T11:16:02","modified_gmt":"2025-02-21T10:16:02","slug":"xiv-jornadas-autonomicas-bajo-el-titulo-inclusion-3d-diversidad-dialogo-y-desarrollo","status":"publish","type":"post","link":"https:\/\/cepronda.com\/blog\/xiv-jornadas-autonomicas-bajo-el-titulo-inclusion-3d-diversidad-dialogo-y-desarrollo\/","title":{"rendered":"XIV Jornadas Auton\u00f3micas bajo el t\u00edtulo \u00abInclusi\u00f3n 3D: Diversidad, Di\u00e1logo y Desarrollo"},"content":{"rendered":"<div class=\"\" data-block=\"true\" data-editor=\"cfash\" data-offset-key=\"11htt-0-0\">\n<div class=\"_1mf _1mj\" data-offset-key=\"11htt-0-0\"><span data-offset-key=\"11htt-0-0\">El Consejo Escolar de Andaluc\u00eda organiza junto con el <strong>CEP de Granada las \u00abXIV Jornadas Auton\u00f3micas bajo el t\u00edtulo \u00abInclusi\u00f3n 3D: Diversidad, Di\u00e1logo y Desarrollo\u00bb.<\/strong><\/span><\/div>\n<div data-offset-key=\"11htt-0-0\"><\/div>\n<\/div>\n<div class=\"\" data-block=\"true\" data-editor=\"cfash\" data-offset-key=\"49n2f-0-0\">\n<div class=\"_1mf _1mj\" data-offset-key=\"49n2f-0-0\"><span data-offset-key=\"49n2f-0-0\"><strong>Plazo de inscripci\u00f3n:<\/strong> lunes 8 de abril al martes 30 de abril.<\/span><\/div>\n<\/div>\n<div class=\"\" data-block=\"true\" data-editor=\"cfash\" data-offset-key=\"bocui-0-0\">\n<div class=\"_1mf _1mj\" data-offset-key=\"bocui-0-0\"><span style=\"font-weight: inherit;\"><strong>Fecha de realizaci\u00f3n<\/strong> 16 y 17 de mayo<\/span><\/div>\n<div data-offset-key=\"bocui-0-0\"><\/div>\n<\/div>\n<div class=\"\" data-block=\"true\" data-editor=\"cfash\" data-offset-key=\"2a97h-0-0\">\n<div class=\"_1mf _1mj\" data-offset-key=\"2a97h-0-0\"><span data-offset-key=\"2a97h-0-0\">Inscripci\u00f3n: <a href=\"https:\/\/www.juntadeandalucia.es\/educacion\/secretariavirtual\/consultaCEP\/actividad\/241811GE044\/\">https:\/\/www.juntadeandalucia.es\/educacion\/secretariavirtual\/consultaCEP\/actividad\/241811GE044\/<\/a><\/span><\/div>\n<\/div>\n<div class=\"\" data-block=\"true\" data-editor=\"cfash\" data-offset-key=\"36dog-0-0\"><img data-recalc-dims=\"1\" loading=\"lazy\" decoding=\"async\" class=\"alignnone size-medium wp-image-7574\" src=\"https:\/\/i0.wp.com\/cepronda.com\/blog\/wp-content\/uploads\/2024\/04\/WhatsApp-Image-2024-03-21-at-13.33.00.jpeg?resize=300%2C183&#038;ssl=1\" alt=\"\" width=\"300\" height=\"183\" srcset=\"https:\/\/i0.wp.com\/cepronda.com\/blog\/wp-content\/uploads\/2024\/04\/WhatsApp-Image-2024-03-21-at-13.33.00.jpeg?resize=300%2C183&amp;ssl=1 300w, https:\/\/i0.wp.com\/cepronda.com\/blog\/wp-content\/uploads\/2024\/04\/WhatsApp-Image-2024-03-21-at-13.33.00.jpeg?resize=1024%2C626&amp;ssl=1 1024w, https:\/\/i0.wp.com\/cepronda.com\/blog\/wp-content\/uploads\/2024\/04\/WhatsApp-Image-2024-03-21-at-13.33.00.jpeg?resize=768%2C470&amp;ssl=1 768w, https:\/\/i0.wp.com\/cepronda.com\/blog\/wp-content\/uploads\/2024\/04\/WhatsApp-Image-2024-03-21-at-13.33.00.jpeg?resize=570%2C350&amp;ssl=1 570w, https:\/\/i0.wp.com\/cepronda.com\/blog\/wp-content\/uploads\/2024\/04\/WhatsApp-Image-2024-03-21-at-13.33.00.jpeg?w=1145&amp;ssl=1 1145w\" sizes=\"auto, (max-width: 300px) 100vw, 300px\" \/><\/div>\n","protected":false},"excerpt":{"rendered":"<p>El Consejo Escolar de Andaluc\u00eda organiza junto con el CEP de Granada las \u00abXIV Jornadas Auton\u00f3micas bajo el t\u00edtulo \u00abInclusi\u00f3n 3D: Diversidad, Di\u00e1logo y Desarrollo\u00bb. Plazo de inscripci\u00f3n: lunes 8 de abril al martes 30 de abril. Fecha de realizaci\u00f3n 16 y 17 de mayo Inscripci\u00f3n: https:\/\/www.juntadeandalucia.es\/educacion\/secretariavirtual\/consultaCEP\/actividad\/241811GE044\/<\/p>\n","protected":false},"author":13,"featured_media":7574,"comment_status":"closed","ping_status":"open","sticky":false,"template":"","format":"standard","meta":{"_crdt_document":"","advanced_seo_description":"","jetpack_seo_html_title":"","jetpack_seo_noindex":false,"jetpack_post_was_ever_published":false,"_jetpack_newsletter_access":"","_jetpack_dont_email_post_to_subs":false,"_jetpack_newsletter_tier_id":0,"_jetpack_memberships_contains_paywalled_content":false,"_jetpack_memberships_contains_paid_content":false,"footnotes":"","jetpack_publicize_message":"","jetpack_publicize_feature_enabled":true,"jetpack_social_post_already_shared":false,"jetpack_social_options":{"image_generator_settings":{"template":"highway","default_image_id":0,"font":"","enabled":false},"version":2}},"categories":[5],"tags":[396],"class_list":{"0":"post-7573","1":"post","2":"type-post","3":"status-publish","4":"format-standard","5":"has-post-thumbnail","7":"category-noticias","8":"tag-escuelas-rurales-escuela-inclusivas","9":"czr-hentry"},"jetpack_publicize_connections":[],"jetpack_featured_media_url":"https:\/\/i0.wp.com\/cepronda.com\/blog\/wp-content\/uploads\/2024\/04\/WhatsApp-Image-2024-03-21-at-13.33.00.jpeg?fit=1145%2C700&ssl=1","jetpack_shortlink":"https:\/\/wp.me\/p8M4X7-1Y9","jetpack-related-posts":[{"id":8786,"url":"https:\/\/cepronda.com\/blog\/xv-jornadas-las-pruebas-de-la-educacion-inclusion-3d\/","url_meta":{"origin":7573,"position":0},"title":"XV JORNADAS DEL CONSEJO ESCOLAR \u00abLas Pruebas de la Educaci\u00f3n &#038; Inclusi\u00f3n 3D\u00bb","author":"Mamen Moreno","date":"11 septiembre, 2025","format":false,"excerpt":"El Consejo Escolar de Andaluc\u00eda organiza las XV Jornadas del Consejo Escolar de Andaluc\u00eda: \u201cLas Pruebas de la Educaci\u00f3n & Inclusi\u00f3n 3D\", que celebraremos los pr\u00f3ximos d\u00edas 16 y 17 de octubre de 2025 en la Escuela T\u00e9cnica Superior de Arquitectura de Granada. \u00a0 Desde el Consejo Escolar de Andaluc\u00eda\u2026","rel":"","context":"En \u00abFormaciones\u00bb","block_context":{"text":"Formaciones","link":"https:\/\/cepronda.com\/blog\/category\/formaciones\/"},"img":{"alt_text":"","src":"https:\/\/i0.wp.com\/cepronda.com\/blog\/wp-content\/uploads\/2025\/09\/544070332_17979172922879832_4134245255170936447_n.jpg?fit=960%2C1200&ssl=1&resize=350%2C200","width":350,"height":200,"srcset":"https:\/\/i0.wp.com\/cepronda.com\/blog\/wp-content\/uploads\/2025\/09\/544070332_17979172922879832_4134245255170936447_n.jpg?fit=960%2C1200&ssl=1&resize=350%2C200 1x, https:\/\/i0.wp.com\/cepronda.com\/blog\/wp-content\/uploads\/2025\/09\/544070332_17979172922879832_4134245255170936447_n.jpg?fit=960%2C1200&ssl=1&resize=525%2C300 1.5x, https:\/\/i0.wp.com\/cepronda.com\/blog\/wp-content\/uploads\/2025\/09\/544070332_17979172922879832_4134245255170936447_n.jpg?fit=960%2C1200&ssl=1&resize=700%2C400 2x"},"classes":[]},{"id":8456,"url":"https:\/\/cepronda.com\/blog\/jornadas-trastornos-de-espectro-autista-una-mirada-desde-la-inclusion\/","url_meta":{"origin":7573,"position":1},"title":"JORNADAS TRASTORNOS DE ESPECTRO AUTISTA: UNA MIRADA DESDE LA INCLUSI\u00d3N","author":"Inmaculada Garc\u00eda","date":"27 marzo, 2025","format":false,"excerpt":"Abierto el plazo de inscripci\u00f3n para las \"JORNADAS TRASTORNOS DE ESPECTRO AUTISTA: UNA MIRADA DESDE LA INCLUSI\u00d3N\",\u00a0con\u00a0c\u00f3digo de ficha original 259927E011. FECHAS PREVISTAS: SOLICITUDES E INSCRIPCI\u00d3N:\u00a0desde el mi\u00e9rcoles 26 de marzo hasta el viernes 11 de abril de 2025 (ambos inclusive) LISTADOS PROVISIONALES DE ADMITIDOS:\u00a0lunes 21 de abril de 2025\u2026","rel":"","context":"En \u00abFormaciones\u00bb","block_context":{"text":"Formaciones","link":"https:\/\/cepronda.com\/blog\/category\/formaciones\/"},"img":{"alt_text":"","src":"https:\/\/i0.wp.com\/cepronda.com\/blog\/wp-content\/uploads\/2025\/04\/tea.jpg?resize=350%2C200&ssl=1","width":350,"height":200},"classes":[]},{"id":5479,"url":"https:\/\/cepronda.com\/blog\/5479-2\/","url_meta":{"origin":7573,"position":2},"title":"JORNADAS PROVINCIALES DE ATENCI\u00d3N A LA DIVERSIDAD","author":"Inmaculada Garc\u00eda","date":"16 septiembre, 2022","format":false,"excerpt":"Nos es muy grato informaros de que han salido publicadas las JORNADAS PROVINCIALES DE ATENCI\u00d3N A LA DIVERSIDAD #JADIM. Ser\u00e1n el d\u00eda 26 de octubre del 2022 en el Palacios de Exposiciones de Torremolinos. Contaremos con la participaci\u00f3n de grandes profesionales del campo de la atenci\u00f3n a la diversidad. La\u2026","rel":"","context":"En \u00abFormaciones\u00bb","block_context":{"text":"Formaciones","link":"https:\/\/cepronda.com\/blog\/category\/formaciones\/"},"img":{"alt_text":"","src":"https:\/\/i0.wp.com\/cepronda.com\/blog\/wp-content\/uploads\/2022\/09\/WhatsApp-Image-2022-09-16-at-14.27.14.jpeg?fit=848%2C1200&ssl=1&resize=350%2C200","width":350,"height":200,"srcset":"https:\/\/i0.wp.com\/cepronda.com\/blog\/wp-content\/uploads\/2022\/09\/WhatsApp-Image-2022-09-16-at-14.27.14.jpeg?fit=848%2C1200&ssl=1&resize=350%2C200 1x, https:\/\/i0.wp.com\/cepronda.com\/blog\/wp-content\/uploads\/2022\/09\/WhatsApp-Image-2022-09-16-at-14.27.14.jpeg?fit=848%2C1200&ssl=1&resize=525%2C300 1.5x, https:\/\/i0.wp.com\/cepronda.com\/blog\/wp-content\/uploads\/2022\/09\/WhatsApp-Image-2022-09-16-at-14.27.14.jpeg?fit=848%2C1200&ssl=1&resize=700%2C400 2x"},"classes":[]},{"id":9237,"url":"https:\/\/cepronda.com\/blog\/jornadas-trastornos-de-espectro-autista-una-mirada-desde-la-inclusion-provinciales\/","url_meta":{"origin":7573,"position":3},"title":"JORNADAS TRASTORNOS DE ESPECTRO AUTISTA: UNA MIRADA DESDE LA INCLUSI\u00d3N (PROVINCIALES)","author":"Encarni Jim\u00e9nez Rosado","date":"20 enero, 2026","format":false,"excerpt":"Se abre plazo de inscripci\u00f3n para las II JORNADAS TRASTORNOS DE ESPECTRO AUTISTA: UNA MIRADA DESDE LA INCLUSI\u00d3N (PROVINCIALES), con c\u00f3digo: 269922OE001. Fecha actividad: 16\/02\/2026 de 9:00 a 14:00. Lugar: Facultad de Ciencias de la Educaci\u00f3n. Semipresencial: 5h presenciales y 3h de tareas en el AVFP. Fecha inscripci\u00f3n: 20\/01\/2026 hasta\u2026","rel":"","context":"En \u00abFormaciones\u00bb","block_context":{"text":"Formaciones","link":"https:\/\/cepronda.com\/blog\/category\/formaciones\/"},"img":{"alt_text":"","src":"https:\/\/i0.wp.com\/cepronda.com\/blog\/wp-content\/uploads\/2026\/01\/autista.jpg?fit=1200%2C1200&ssl=1&resize=350%2C200","width":350,"height":200,"srcset":"https:\/\/i0.wp.com\/cepronda.com\/blog\/wp-content\/uploads\/2026\/01\/autista.jpg?fit=1200%2C1200&ssl=1&resize=350%2C200 1x, https:\/\/i0.wp.com\/cepronda.com\/blog\/wp-content\/uploads\/2026\/01\/autista.jpg?fit=1200%2C1200&ssl=1&resize=525%2C300 1.5x, https:\/\/i0.wp.com\/cepronda.com\/blog\/wp-content\/uploads\/2026\/01\/autista.jpg?fit=1200%2C1200&ssl=1&resize=700%2C400 2x, https:\/\/i0.wp.com\/cepronda.com\/blog\/wp-content\/uploads\/2026\/01\/autista.jpg?fit=1200%2C1200&ssl=1&resize=1050%2C600 3x"},"classes":[]},{"id":2337,"url":"https:\/\/cepronda.com\/blog\/jornadas-provinciales-objetivo-visibilizar-el-autismo\/","url_meta":{"origin":7573,"position":4},"title":"Jornadas Provinciales OBJETIVO: VISIBILIZAR EL AUTISMO","author":"V\u00edctor Caballero","date":"25 septiembre, 2018","format":false,"excerpt":"El pr\u00f3ximo 17 de octubre tendr\u00e1n lugar en la Facultad de Ciencias de la Educaci\u00f3n de M\u00e1laga, en horario de 9 a 14 horas, unas Jornadas Provinciales que tienen como objetivo principal\u00a0 visibilizar el autismo as\u00ed como\u00a0 informar, concienciar y sensibilizar al profesorado sobre el trastornos del espectro autista. Las\u2026","rel":"","context":"En \u00abNoticias\u00bb","block_context":{"text":"Noticias","link":"https:\/\/cepronda.com\/blog\/category\/noticias\/"},"img":{"alt_text":"","src":"https:\/\/i0.wp.com\/cepronda.com\/blog\/wp-content\/uploads\/2018\/09\/445739172_317870.jpg?resize=350%2C200&ssl=1","width":350,"height":200,"srcset":"https:\/\/i0.wp.com\/cepronda.com\/blog\/wp-content\/uploads\/2018\/09\/445739172_317870.jpg?resize=350%2C200&ssl=1 1x, https:\/\/i0.wp.com\/cepronda.com\/blog\/wp-content\/uploads\/2018\/09\/445739172_317870.jpg?resize=525%2C300&ssl=1 1.5x, https:\/\/i0.wp.com\/cepronda.com\/blog\/wp-content\/uploads\/2018\/09\/445739172_317870.jpg?resize=700%2C400&ssl=1 2x"},"classes":[]},{"id":1946,"url":"https:\/\/cepronda.com\/blog\/presentacion-de-las-jornadas-el-papel-de-las-tutorias-en-la-atencion-a-la-diversidad\/","url_meta":{"origin":7573,"position":5},"title":"Presentaci\u00f3n de las Jornadas  \u00abEl papel de las tutor\u00edas en la atenci\u00f3n a la diversidad\u00bb","author":"V\u00edctor Caballero","date":"25 mayo, 2018","format":false,"excerpt":"\u00a1Hola de nuevo! Compartimos la presentaci\u00f3n usada por el Equipo de Lecto-escritura de la Delegaci\u00f3n de M\u00e1laga en las jornadas que han tenido lugar estos dos mi\u00e9rcoles pasados, y que consideramos muy interesantes. Desde el CEP queremos dar las gracias a Yolanda Parra y Juan Manuel Fern\u00e1ndez por su profesionalidad\u2026","rel":"","context":"En \u00abFormaciones\u00bb","block_context":{"text":"Formaciones","link":"https:\/\/cepronda.com\/blog\/category\/formaciones\/"},"img":{"alt_text":"","src":"https:\/\/i0.wp.com\/cepronda.com\/blog\/wp-content\/uploads\/2018\/04\/crayon-215873_640.jpg?fit=640%2C480&ssl=1&resize=350%2C200","width":350,"height":200,"srcset":"https:\/\/i0.wp.com\/cepronda.com\/blog\/wp-content\/uploads\/2018\/04\/crayon-215873_640.jpg?fit=640%2C480&ssl=1&resize=350%2C200 1x, https:\/\/i0.wp.com\/cepronda.com\/blog\/wp-content\/uploads\/2018\/04\/crayon-215873_640.jpg?fit=640%2C480&ssl=1&resize=525%2C300 1.5x"},"classes":[]}],"jetpack_sharing_enabled":true,"_links":{"self":[{"href":"https:\/\/cepronda.com\/blog\/wp-json\/wp\/v2\/posts\/7573","targetHints":{"allow":["GET"]}}],"collection":[{"href":"https:\/\/cepronda.com\/blog\/wp-json\/wp\/v2\/posts"}],"about":[{"href":"https:\/\/cepronda.com\/blog\/wp-json\/wp\/v2\/types\/post"}],"author":[{"embeddable":true,"href":"https:\/\/cepronda.com\/blog\/wp-json\/wp\/v2\/users\/13"}],"replies":[{"embeddable":true,"href":"https:\/\/cepronda.com\/blog\/wp-json\/wp\/v2\/comments?post=7573"}],"version-history":[{"count":1,"href":"https:\/\/cepronda.com\/blog\/wp-json\/wp\/v2\/posts\/7573\/revisions"}],"predecessor-version":[{"id":7575,"href":"https:\/\/cepronda.com\/blog\/wp-json\/wp\/v2\/posts\/7573\/revisions\/7575"}],"wp:featuredmedia":[{"embeddable":true,"href":"https:\/\/cepronda.com\/blog\/wp-json\/wp\/v2\/media\/7574"}],"wp:attachment":[{"href":"https:\/\/cepronda.com\/blog\/wp-json\/wp\/v2\/media?parent=7573"}],"wp:term":[{"taxonomy":"category","embeddable":true,"href":"https:\/\/cepronda.com\/blog\/wp-json\/wp\/v2\/categories?post=7573"},{"taxonomy":"post_tag","embeddable":true,"href":"https:\/\/cepronda.com\/blog\/wp-json\/wp\/v2\/tags?post=7573"}],"curies":[{"name":"wp","href":"https:\/\/api.w.org\/{rel}","templated":true}]}}