{"id":7555,"date":"2024-04-10T10:54:32","date_gmt":"2024-04-10T08:54:32","guid":{"rendered":"https:\/\/cepronda.com\/blog\/?p=7555"},"modified":"2025-04-25T11:59:08","modified_gmt":"2025-04-25T09:59:08","slug":"transformacion-educativa-para-equipos-directivos-2","status":"publish","type":"post","link":"https:\/\/cepronda.com\/blog\/transformacion-educativa-para-equipos-directivos-2\/","title":{"rendered":"TRANSFORMACI\u00d3N EDUCATIVA PARA EQUIPOS DIRECTIVOS"},"content":{"rendered":"<p>Se encuentra abierta la inscripci\u00f3n de la actividad formativa provincial \u00abTRANSFORMACI\u00d3N EDUCATIVA PARA EQUIPOS DIRECTIVOS\u00bb<\/p>\n<p>Dirigido a Equipos directivos y FEIE de los centros educativos sostenidos con fondos p\u00fablicos.<\/p>\n<p>Se trata de una actividad de 20 horas con dos tem\u00e1ticas principales:<\/p>\n<p>Competencia Digital Docente (14 horas totalmente online tutorizadas)<br \/>\n&#8211; \u00c1rea 1. Compromiso Profesional &#8211; Nivel: B1<br \/>\n&#8211; \u00c1rea 4. Evaluaci\u00f3n y retroalimentaci\u00f3n &#8211; Nivel: B1<br \/>\n&#8211; \u00c1rea 5. Empoderamiento del alumnado &#8211; Nivel: B1<\/p>\n<p>Transformaci\u00f3n ecosocial (videoconferencias\u00a09 y 23 de mayo de 16:30 a 19:30 con Miriam Campos &#8211; coordinadora de Teacher ForFuture Spain)<br \/>\n&#8211; Conceptos clim\u00e1ticos y ambientales que toda ciudadan\u00eda deber\u00eda conocer y referentes educativos<br \/>\n&#8211; Cambio clim\u00e1tico y alimentaci\u00f3n<br \/>\n&#8211; Movilidad y cambio clim\u00e1tico<br \/>\n&#8211; Consumo, residuos y cambio clim\u00e1tico<br \/>\n&#8211; Renaturalizaci\u00f3n y espacios comunes<\/p>\n<p>Informaci\u00f3n e inscripci\u00f3n:<br \/>\n<a href=\"https:\/\/www.juntadeandalucia.es\/educacion\/secretariavirtual\/consultaCEP\/actividad\/249923KPF422\/\">https:\/\/www.juntadeandalucia.es\/educacion\/secretariavirtual\/consultaCEP\/actividad\/249923KPF422\/<\/a><\/p>\n<p><img data-recalc-dims=\"1\" loading=\"lazy\" decoding=\"async\" class=\"size-medium wp-image-7556 aligncenter\" src=\"https:\/\/i0.wp.com\/cepronda.com\/blog\/wp-content\/uploads\/2024\/04\/WhatsApp-Image-2024-04-09-at-13.05.31-1.jpeg?resize=300%2C300&#038;ssl=1\" alt=\"\" width=\"300\" height=\"300\" srcset=\"https:\/\/i0.wp.com\/cepronda.com\/blog\/wp-content\/uploads\/2024\/04\/WhatsApp-Image-2024-04-09-at-13.05.31-1.jpeg?resize=300%2C300&amp;ssl=1 300w, https:\/\/i0.wp.com\/cepronda.com\/blog\/wp-content\/uploads\/2024\/04\/WhatsApp-Image-2024-04-09-at-13.05.31-1.jpeg?resize=150%2C150&amp;ssl=1 150w, https:\/\/i0.wp.com\/cepronda.com\/blog\/wp-content\/uploads\/2024\/04\/WhatsApp-Image-2024-04-09-at-13.05.31-1.jpeg?resize=768%2C768&amp;ssl=1 768w, https:\/\/i0.wp.com\/cepronda.com\/blog\/wp-content\/uploads\/2024\/04\/WhatsApp-Image-2024-04-09-at-13.05.31-1.jpeg?resize=50%2C50&amp;ssl=1 50w, https:\/\/i0.wp.com\/cepronda.com\/blog\/wp-content\/uploads\/2024\/04\/WhatsApp-Image-2024-04-09-at-13.05.31-1.jpeg?w=800&amp;ssl=1 800w\" sizes=\"auto, (max-width: 300px) 100vw, 300px\" \/><\/p>\n","protected":false},"excerpt":{"rendered":"<p>Se encuentra abierta la inscripci\u00f3n de la actividad formativa provincial \u00abTRANSFORMACI\u00d3N EDUCATIVA PARA EQUIPOS DIRECTIVOS\u00bb Dirigido a Equipos directivos y FEIE de los centros educativos sostenidos con fondos p\u00fablicos. Se trata de una actividad de 20 horas con dos tem\u00e1ticas principales: Competencia Digital Docente (14 horas totalmente online tutorizadas) &#8211; \u00c1rea 1. Compromiso Profesional &#8211; [&hellip;]<\/p>\n","protected":false},"author":13,"featured_media":7556,"comment_status":"closed","ping_status":"open","sticky":false,"template":"","format":"standard","meta":{"_crdt_document":"","advanced_seo_description":"","jetpack_seo_html_title":"","jetpack_seo_noindex":false,"jetpack_post_was_ever_published":false,"_jetpack_newsletter_access":"","_jetpack_dont_email_post_to_subs":false,"_jetpack_newsletter_tier_id":0,"_jetpack_memberships_contains_paywalled_content":false,"_jetpack_memberships_contains_paid_content":false,"footnotes":"","jetpack_publicize_message":"","jetpack_publicize_feature_enabled":true,"jetpack_social_post_already_shared":false,"jetpack_social_options":{"image_generator_settings":{"template":"highway","default_image_id":0,"font":"","enabled":false},"version":2}},"categories":[3,5],"tags":[],"class_list":{"0":"post-7555","1":"post","2":"type-post","3":"status-publish","4":"format-standard","5":"has-post-thumbnail","7":"category-formaciones","8":"category-noticias","9":"czr-hentry"},"jetpack_publicize_connections":[],"jetpack_featured_media_url":"https:\/\/i0.wp.com\/cepronda.com\/blog\/wp-content\/uploads\/2024\/04\/WhatsApp-Image-2024-04-09-at-13.05.31-1.jpeg?fit=800%2C800&ssl=1","jetpack_shortlink":"https:\/\/wp.me\/p8M4X7-1XR","jetpack-related-posts":[{"id":5936,"url":"https:\/\/cepronda.com\/blog\/transformacion-educativa-para-equipos-directivos\/","url_meta":{"origin":7555,"position":0},"title":"TRANSFORMACI\u00d3N EDUCATIVA PARA EQUIPOS DIRECTIVOS","author":"Mamen Moreno","date":"14 abril, 2023","format":false,"excerpt":"Abierto el plazo de inscripci\u00f3n a la actividad provincial \"TRANSFORMACI\u00d3N EDUCATIVA PARA EQUIPOS DIRECTIVOS\" \u00a0 \u00a0 \u00a0 \u00a0 \u00a0 \u00a0 \u00a0 \u00a0 \u00a0 \u00a0 \u00a0 \u00a0 \u00a0 \u00a0 \u00a0 \u00a0 \u00a0 \u00a0 \u00a0 \u00a0 \u00a0 \u00a0 \u00a0 VIDEOCONFERENCIAS: 4 y 11 de mayo de 16:30 a 19:30 y tareas en\u2026","rel":"","context":"En \u00abFormaciones\u00bb","block_context":{"text":"Formaciones","link":"https:\/\/cepronda.com\/blog\/category\/formaciones\/"},"img":{"alt_text":"","src":"https:\/\/i0.wp.com\/cepronda.com\/blog\/wp-content\/uploads\/2023\/04\/Sin-titulo.png?fit=505%2C413&ssl=1&resize=350%2C200","width":350,"height":200},"classes":[]},{"id":7694,"url":"https:\/\/cepronda.com\/blog\/jornadas-para-responsables-de-formacion-y-equipos-directivos-de-los-centros-educativos-12h-codigo-252924ge001\/","url_meta":{"origin":7555,"position":1},"title":"JORNADAS PARA RESPONSABLES DE FORMACI\u00d3N Y EQUIPOS DIRECTIVOS DE LOS CENTROS EDUCATIVOS (12h), c\u00f3digo 252924GE001.","author":"Inmaculada Garc\u00eda","date":"11 septiembre, 2024","format":false,"excerpt":"Os informamos que se encuentra abierta la inscripci\u00f3n en el curso provincial: JORNADAS PARA RESPONSABLES DE FORMACI\u00d3N Y EQUIPOS DIRECTIVOS DE LOS CENTROS EDUCATIVOS (12h), con c\u00f3digo 252924GE001. Esta actividad est\u00e1 dirigida a equipos directivos de los diferentes niveles educativos, responsables de formaci\u00f3n de centros educativos de infantil, primaria y\u2026","rel":"","context":"En \u00abNoticias\u00bb","block_context":{"text":"Noticias","link":"https:\/\/cepronda.com\/blog\/category\/noticias\/"},"img":{"alt_text":"","src":"https:\/\/i0.wp.com\/cepronda.com\/blog\/wp-content\/uploads\/2024\/09\/CARTEL-FEIE.jpg?fit=1080%2C1080&ssl=1&resize=350%2C200","width":350,"height":200,"srcset":"https:\/\/i0.wp.com\/cepronda.com\/blog\/wp-content\/uploads\/2024\/09\/CARTEL-FEIE.jpg?fit=1080%2C1080&ssl=1&resize=350%2C200 1x, https:\/\/i0.wp.com\/cepronda.com\/blog\/wp-content\/uploads\/2024\/09\/CARTEL-FEIE.jpg?fit=1080%2C1080&ssl=1&resize=525%2C300 1.5x, https:\/\/i0.wp.com\/cepronda.com\/blog\/wp-content\/uploads\/2024\/09\/CARTEL-FEIE.jpg?fit=1080%2C1080&ssl=1&resize=700%2C400 2x, https:\/\/i0.wp.com\/cepronda.com\/blog\/wp-content\/uploads\/2024\/09\/CARTEL-FEIE.jpg?fit=1080%2C1080&ssl=1&resize=1050%2C600 3x"},"classes":[]},{"id":8870,"url":"https:\/\/cepronda.com\/blog\/encuentro-para-responsables-de-formacion-y-equipos-directivos-de-los-centros-educativos\/","url_meta":{"origin":7555,"position":2},"title":"ENCUENTRO PARA RESPONSABLES DE FORMACI\u00d3N Y EQUIPOS DIRECTIVOS DE LOS CENTROS EDUCATIVOS.","author":"V\u00edctor Caballero","date":"20 octubre, 2025","format":false,"excerpt":"Abierto el plazo de inscripci\u00f3n para el \"ENCUENTRO PARA RESPONSABLES DE FORMACI\u00d3N Y EQUIPOS DIRECTIVOS DE LOS CENTROS EDUCATIVOS.\" c\u00f3digo 262924GE001 Formaci\u00f3n destinada a equipos directivos y FEIE para mejorar el proceso de autoevaluaci\u00f3n y mejora de los centros. - Fortalecimiento de los Equipos. - Elaboraci\u00f3n del Plan de Formaci\u00f3n\u2026","rel":"","context":"En \u00abFormaciones\u00bb","block_context":{"text":"Formaciones","link":"https:\/\/cepronda.com\/blog\/category\/formaciones\/"},"img":{"alt_text":"","src":"https:\/\/i0.wp.com\/cepronda.com\/blog\/wp-content\/uploads\/2025\/09\/262924GE001-Cartel-Encuentro-Equipos-directivos-y-FEIE.png?fit=960%2C1200&ssl=1&resize=350%2C200","width":350,"height":200,"srcset":"https:\/\/i0.wp.com\/cepronda.com\/blog\/wp-content\/uploads\/2025\/09\/262924GE001-Cartel-Encuentro-Equipos-directivos-y-FEIE.png?fit=960%2C1200&ssl=1&resize=350%2C200 1x, https:\/\/i0.wp.com\/cepronda.com\/blog\/wp-content\/uploads\/2025\/09\/262924GE001-Cartel-Encuentro-Equipos-directivos-y-FEIE.png?fit=960%2C1200&ssl=1&resize=525%2C300 1.5x, https:\/\/i0.wp.com\/cepronda.com\/blog\/wp-content\/uploads\/2025\/09\/262924GE001-Cartel-Encuentro-Equipos-directivos-y-FEIE.png?fit=960%2C1200&ssl=1&resize=700%2C400 2x"},"classes":[]},{"id":474,"url":"https:\/\/cepronda.com\/blog\/curso-fundamentacion-juridica-para-la-gestion-de-los-centros-educativos\/","url_meta":{"origin":7555,"position":3},"title":"Curso \u00abFundamentaci\u00f3n jur\u00eddica para la gesti\u00f3n de los centros educativos\u00bb","author":"V\u00edctor Caballero","date":"13 diciembre, 2016","format":false,"excerpt":"\u00a1No nos paran! Seguimos con un \u00a0curso con seguimiento dirigido a las personas responsables de las secretar\u00edas en los centros y al resto de los miembros de los Equipos Directivos para su actualizaci\u00f3n a la hora de aplicar la legislaci\u00f3n educativa como norma para la mejora de la gesti\u00f3n econ\u00f3mica\u2026","rel":"","context":"En \u00abFormaciones\u00bb","block_context":{"text":"Formaciones","link":"https:\/\/cepronda.com\/blog\/category\/formaciones\/"},"img":{"alt_text":"home-office-336377_640","src":"https:\/\/i0.wp.com\/cepronda.com\/blog\/wp-content\/uploads\/2016\/12\/home-office-336377_640.jpg?resize=350%2C200","width":350,"height":200},"classes":[]},{"id":3759,"url":"https:\/\/cepronda.com\/blog\/configuracion-seneca-para-equipos-directivos\/","url_meta":{"origin":7555,"position":4},"title":"Configuraci\u00f3n S\u00e9neca para Equipos Directivos","author":"Maribel Mu\u00f1oz","date":"23 septiembre, 2020","format":false,"excerpt":"Buenas tardes compa\u00f1eras y compa\u00f1eros, Os informamos que est\u00e1 abierto el plazo de inscripci\u00f3n de la formaci\u00f3n CONFIGURACI\u00d3N S\u00c9NECA PARA EQUIPOS DIRECTIVOS a nivel provincial y que comenzar\u00e1 a desarrollarse el pr\u00f3ximo\u00a0 1 de octubre. Adjuntamos cartel informativo. EL PLAZO DE INSCRIPCI\u00d3N TERMINA ESTE VIERNES. Deseamos que sea de vuestro\u2026","rel":"","context":"En \u00abNoticias\u00bb","block_context":{"text":"Noticias","link":"https:\/\/cepronda.com\/blog\/category\/noticias\/"},"img":{"alt_text":"","src":"https:\/\/i0.wp.com\/cepronda.com\/blog\/wp-content\/uploads\/2020\/09\/WhatsApp-Image-2020-09-23-at-16.51.03.jpeg?resize=350%2C200&ssl=1","width":350,"height":200,"srcset":"https:\/\/i0.wp.com\/cepronda.com\/blog\/wp-content\/uploads\/2020\/09\/WhatsApp-Image-2020-09-23-at-16.51.03.jpeg?resize=350%2C200&ssl=1 1x, https:\/\/i0.wp.com\/cepronda.com\/blog\/wp-content\/uploads\/2020\/09\/WhatsApp-Image-2020-09-23-at-16.51.03.jpeg?resize=525%2C300&ssl=1 1.5x, https:\/\/i0.wp.com\/cepronda.com\/blog\/wp-content\/uploads\/2020\/09\/WhatsApp-Image-2020-09-23-at-16.51.03.jpeg?resize=700%2C400&ssl=1 2x, https:\/\/i0.wp.com\/cepronda.com\/blog\/wp-content\/uploads\/2020\/09\/WhatsApp-Image-2020-09-23-at-16.51.03.jpeg?resize=1050%2C600&ssl=1 3x"},"classes":[]},{"id":3636,"url":"https:\/\/cepronda.com\/blog\/proteccion-de-datos-y-ciberseguridad-en-entornos-educativos-para-equipos-directivos-2\/","url_meta":{"origin":7555,"position":5},"title":"PROTECCI\u00d3N DE DATOS Y CIBERSEGURIDAD EN ENTORNOS EDUCATIVOS PARA EQUIPOS DIRECTIVOS","author":"V\u00edctor Caballero","date":"7 julio, 2020","format":false,"excerpt":"","rel":"","context":"En \u00abFormaciones\u00bb","block_context":{"text":"Formaciones","link":"https:\/\/cepronda.com\/blog\/category\/formaciones\/"},"img":{"alt_text":"","src":"https:\/\/i0.wp.com\/cepronda.com\/blog\/wp-content\/uploads\/2020\/07\/WhatsApp-Image-2020-07-06-at-09.55.13.jpeg?fit=848%2C1200&ssl=1&resize=350%2C200","width":350,"height":200,"srcset":"https:\/\/i0.wp.com\/cepronda.com\/blog\/wp-content\/uploads\/2020\/07\/WhatsApp-Image-2020-07-06-at-09.55.13.jpeg?fit=848%2C1200&ssl=1&resize=350%2C200 1x, https:\/\/i0.wp.com\/cepronda.com\/blog\/wp-content\/uploads\/2020\/07\/WhatsApp-Image-2020-07-06-at-09.55.13.jpeg?fit=848%2C1200&ssl=1&resize=525%2C300 1.5x, https:\/\/i0.wp.com\/cepronda.com\/blog\/wp-content\/uploads\/2020\/07\/WhatsApp-Image-2020-07-06-at-09.55.13.jpeg?fit=848%2C1200&ssl=1&resize=700%2C400 2x"},"classes":[]}],"jetpack_sharing_enabled":true,"_links":{"self":[{"href":"https:\/\/cepronda.com\/blog\/wp-json\/wp\/v2\/posts\/7555","targetHints":{"allow":["GET"]}}],"collection":[{"href":"https:\/\/cepronda.com\/blog\/wp-json\/wp\/v2\/posts"}],"about":[{"href":"https:\/\/cepronda.com\/blog\/wp-json\/wp\/v2\/types\/post"}],"author":[{"embeddable":true,"href":"https:\/\/cepronda.com\/blog\/wp-json\/wp\/v2\/users\/13"}],"replies":[{"embeddable":true,"href":"https:\/\/cepronda.com\/blog\/wp-json\/wp\/v2\/comments?post=7555"}],"version-history":[{"count":1,"href":"https:\/\/cepronda.com\/blog\/wp-json\/wp\/v2\/posts\/7555\/revisions"}],"predecessor-version":[{"id":7557,"href":"https:\/\/cepronda.com\/blog\/wp-json\/wp\/v2\/posts\/7555\/revisions\/7557"}],"wp:featuredmedia":[{"embeddable":true,"href":"https:\/\/cepronda.com\/blog\/wp-json\/wp\/v2\/media\/7556"}],"wp:attachment":[{"href":"https:\/\/cepronda.com\/blog\/wp-json\/wp\/v2\/media?parent=7555"}],"wp:term":[{"taxonomy":"category","embeddable":true,"href":"https:\/\/cepronda.com\/blog\/wp-json\/wp\/v2\/categories?post=7555"},{"taxonomy":"post_tag","embeddable":true,"href":"https:\/\/cepronda.com\/blog\/wp-json\/wp\/v2\/tags?post=7555"}],"curies":[{"name":"wp","href":"https:\/\/api.w.org\/{rel}","templated":true}]}}