{"id":755,"date":"2017-03-27T13:57:04","date_gmt":"2017-03-27T11:57:04","guid":{"rendered":"http:\/\/cepronda.com\/blog\/?p=755"},"modified":"2017-06-14T16:43:34","modified_gmt":"2017-06-14T16:43:34","slug":"conciencia-fonologica-y-otras-habilidades-orales-un-enfoque-proactivo-de-la-ensenanza-de-la-lectura","status":"publish","type":"post","link":"https:\/\/cepronda.com\/blog\/conciencia-fonologica-y-otras-habilidades-orales-un-enfoque-proactivo-de-la-ensenanza-de-la-lectura\/","title":{"rendered":"CONCIENCIA FONOL\u00d3GICA Y OTRAS HABILIDADES ORALES: UN ENFOQUE PROACTIVO DE LA ENSE\u00d1ANZA DE LA LECTURA"},"content":{"rendered":"<p>\u00a1\u00a1Muy buenas!!<\/p>\n<p>Sabemos que muchas y muchos de vosotros est\u00e1is esperando este curso, as\u00ed que no olvid\u00e9is inscribiros en \u00e9l. Para ello <strong><a href=\"https:\/\/www.juntadeandalucia.es\/educacion\/secretariavirtual\/consultaCEP\/actividad\/172924GE157\/\" target=\"_blank\" rel=\"noopener\">haz clic en este enlace<\/a><\/strong>.<\/p>\n<p>Queremos presentar un Programa de estimulaci\u00f3n de la conciencia fonol\u00f3gica en Educaci\u00f3n infantil que comenz\u00f3 a aplicarse hace dos cursos en el CEIP Juan Paniagua de Almayate (M\u00e1laga) y que, en el curso 2013\/2014 se comenz\u00f3 a aplicar en 21 colegios de M\u00e1laga y provincia, gracias a la iniciativa del colectivo de maestros y maestras de Audici\u00f3n y Lenguaje de los EOEs de M\u00e1laga y Provincia. En este trabajo de estimulaci\u00f3n se contemplan, adem\u00e1s de la conciencia fonol\u00f3gica, otros aspectos que, seg\u00fan recientes investigaciones, son claves en el desarrollo adecuado de la lectoescritura: vocabulario y comprensi\u00f3n oral, lo cual supone la materializaci\u00f3n de la teor\u00eda llevada a la pr\u00e1ctica desde la Escuela P\u00fablica. La estimulaci\u00f3n de estos aspectos en el Aula de Educaci\u00f3n Infantil, nos proporciona herramientas preventivas y de detecci\u00f3n precoz de cualquier problema de lectoescritura o dificultades de aprendizaje, a la vez que establecemos las bases de una lectoescritura exitosa.<\/p>\n<p>&nbsp;<\/p>\n","protected":false},"excerpt":{"rendered":"<p>\u00a1\u00a1Muy buenas!! Sabemos que muchas y muchos de vosotros est\u00e1is esperando este curso, as\u00ed que no olvid\u00e9is inscribiros en \u00e9l. Para ello haz clic en este enlace. Queremos presentar un Programa de estimulaci\u00f3n de la conciencia fonol\u00f3gica en Educaci\u00f3n infantil que comenz\u00f3 a aplicarse hace dos cursos en el CEIP Juan Paniagua de Almayate (M\u00e1laga) [&hellip;]<\/p>\n","protected":false},"author":3,"featured_media":911,"comment_status":"open","ping_status":"open","sticky":false,"template":"","format":"standard","meta":{"_crdt_document":"","advanced_seo_description":"","jetpack_seo_html_title":"","jetpack_seo_noindex":false,"jetpack_post_was_ever_published":false,"_jetpack_newsletter_access":"","_jetpack_dont_email_post_to_subs":false,"_jetpack_newsletter_tier_id":0,"_jetpack_memberships_contains_paywalled_content":false,"_jetpack_memberships_contains_paid_content":false,"footnotes":"","jetpack_publicize_message":"","jetpack_publicize_feature_enabled":true,"jetpack_social_post_already_shared":false,"jetpack_social_options":{"image_generator_settings":{"template":"highway","default_image_id":0,"font":"","enabled":false},"version":2}},"categories":[3],"tags":[23,46],"class_list":{"0":"post-755","1":"post","2":"type-post","3":"status-publish","4":"format-standard","5":"has-post-thumbnail","7":"category-formaciones","8":"tag-educacion-infantil","9":"tag-lenguaje","10":"czr-hentry"},"jetpack_publicize_connections":[],"jetpack_featured_media_url":"https:\/\/i0.wp.com\/cepronda.com\/blog\/wp-content\/uploads\/2017\/05\/still-life-1037378_640.jpg?fit=640%2C426&ssl=1","jetpack_shortlink":"https:\/\/wp.me\/p8M4X7-cb","jetpack-related-posts":[{"id":1499,"url":"https:\/\/cepronda.com\/blog\/curso-conciencia-fonologica-y-otras-habilidades-orales\/","url_meta":{"origin":755,"position":0},"title":"Curso \u00abConciencia fonol\u00f3gica y otras habilidades orales\u00bb","author":"V\u00edctor Caballero","date":"18 diciembre, 2017","format":false,"excerpt":"Seguimos proponiendo actividades formativas para el segundo trimestre. En este caso se trata de\u00a0CONCIENCIA FONOL\u00d3GICA Y OTRAS HABILIDADES ORALES: UN ENFOQUE PROACTIVO DE LA ENSE\u00d1ANZA DE LA LECTURA. Esta acci\u00f3n formativa va dirigida al profesorado de Educaci\u00f3n Infantil, Primer Ciclo de Primaria y profesorado de educaci\u00f3n especial. Surge de la\u2026","rel":"","context":"En \u00abFormaciones\u00bb","block_context":{"text":"Formaciones","link":"https:\/\/cepronda.com\/blog\/category\/formaciones\/"},"img":{"alt_text":"","src":"https:\/\/i0.wp.com\/cepronda.com\/blog\/wp-content\/uploads\/2017\/12\/teddy-bear-2855982_640.jpg?resize=350%2C200","width":350,"height":200,"srcset":"https:\/\/i0.wp.com\/cepronda.com\/blog\/wp-content\/uploads\/2017\/12\/teddy-bear-2855982_640.jpg?resize=350%2C200 1x, https:\/\/i0.wp.com\/cepronda.com\/blog\/wp-content\/uploads\/2017\/12\/teddy-bear-2855982_640.jpg?resize=525%2C300 1.5x"},"classes":[]},{"id":5789,"url":"https:\/\/cepronda.com\/blog\/vi-jornadas-provinciales-de-educacion-fisica-provincia-de-malaga\/","url_meta":{"origin":755,"position":1},"title":"VI JORNADAS PROVINCIALES DE EDUCACI\u00d3N F\u00cdSICA (Provincia de M\u00e1laga)","author":"V\u00edctor Caballero","date":"17 febrero, 2023","format":false,"excerpt":"Buenos d\u00edas. \u00a1Este curso s\u00ed que s\u00ed! El equipo provincial de Educaci\u00f3n F\u00edsica de la red asesora de la provincia de M\u00e1laga ya est\u00e1 trabajando de pleno en las VI Jornadas provinciales de E.F. Muy atentos a las redes sociales y a la mensajer\u00eda de S\u00e9neca ya que las plazas\u2026","rel":"","context":"En \u00abNoticias\u00bb","block_context":{"text":"Noticias","link":"https:\/\/cepronda.com\/blog\/category\/noticias\/"},"img":{"alt_text":"","src":"https:\/\/i0.wp.com\/cepronda.com\/blog\/wp-content\/uploads\/2023\/02\/EF.jpeg?fit=1080%2C1080&ssl=1&resize=350%2C200","width":350,"height":200,"srcset":"https:\/\/i0.wp.com\/cepronda.com\/blog\/wp-content\/uploads\/2023\/02\/EF.jpeg?fit=1080%2C1080&ssl=1&resize=350%2C200 1x, https:\/\/i0.wp.com\/cepronda.com\/blog\/wp-content\/uploads\/2023\/02\/EF.jpeg?fit=1080%2C1080&ssl=1&resize=525%2C300 1.5x, https:\/\/i0.wp.com\/cepronda.com\/blog\/wp-content\/uploads\/2023\/02\/EF.jpeg?fit=1080%2C1080&ssl=1&resize=700%2C400 2x, https:\/\/i0.wp.com\/cepronda.com\/blog\/wp-content\/uploads\/2023\/02\/EF.jpeg?fit=1080%2C1080&ssl=1&resize=1050%2C600 3x"},"classes":[]},{"id":5814,"url":"https:\/\/cepronda.com\/blog\/vi-jornadas-provinciales-de-educacion-fisica-provincia-de-malaga-inscripciones\/","url_meta":{"origin":755,"position":2},"title":"VI JORNADAS PROVINCIALES DE EDUCACI\u00d3N F\u00cdSICA (Provincia de M\u00e1laga) \u00a1Inscripciones!","author":"V\u00edctor Caballero","date":"7 marzo, 2023","format":false,"excerpt":"Abierta inscripci\u00f3n VI JORNADAS PROVINCIALES DE EDUCACI\u00d3N F\u00cdSICA: LOMLOE Y COMPETENCIA DIGITAL DOCENTE. C\u00f3digo: 232926EF512 Inscripciones: desde el 07\/03\/2023 hasta 20\/03\/2023 Comienzo de las Jornadas: 10\/05\/2023 Lugar de realizaci\u00f3n: Torre del Mar (V\u00e9lez-M\u00e1laga) Detalle e inscripci\u00f3n: https:\/\/www.juntadeandalucia.es\/educacion\/secretariavirtual\/consultaCEP\/actividad\/232926EF512\/ Rogamos la lectura de las OBSERVACIONES en la ficha de S\u00c9NECA antes de\u2026","rel":"","context":"En \u00abNoticias\u00bb","block_context":{"text":"Noticias","link":"https:\/\/cepronda.com\/blog\/category\/noticias\/"},"img":{"alt_text":"","src":"https:\/\/i0.wp.com\/cepronda.com\/blog\/wp-content\/uploads\/2023\/03\/Cartel-EF.jpeg?fit=848%2C1200&ssl=1&resize=350%2C200","width":350,"height":200,"srcset":"https:\/\/i0.wp.com\/cepronda.com\/blog\/wp-content\/uploads\/2023\/03\/Cartel-EF.jpeg?fit=848%2C1200&ssl=1&resize=350%2C200 1x, https:\/\/i0.wp.com\/cepronda.com\/blog\/wp-content\/uploads\/2023\/03\/Cartel-EF.jpeg?fit=848%2C1200&ssl=1&resize=525%2C300 1.5x, https:\/\/i0.wp.com\/cepronda.com\/blog\/wp-content\/uploads\/2023\/03\/Cartel-EF.jpeg?fit=848%2C1200&ssl=1&resize=700%2C400 2x"},"classes":[]},{"id":8873,"url":"https:\/\/cepronda.com\/blog\/atencion-al-alumnado-tea-en-el-aula-de-educacion-infantil\/","url_meta":{"origin":755,"position":3},"title":"ATENCI\u00d3N AL ALUMNADO TEA EN EL AULA DE EDUCACI\u00d3N INFANTIL","author":"Mamen Moreno","date":"30 septiembre, 2025","format":false,"excerpt":"Abierto el plazo de inscripci\u00f3n para el curso \"ATENCI\u00d3N AL ALUMNADO TEA EN EL AULA DE EDUCACI\u00d3N INFANTIL\". C\u00f3digo: 262922GE082. Dirigido: a maestros y maestra de Educaci\u00f3n Infantil ( 3- 6 a\u00f1os). Inscripci\u00f3n: del 30\/09\/2025 al 30\/10\/2025. Actividad: del 05\/11\/2025 a 03\/12\/2025 (mi\u00e9rcoles). Duraci\u00f3n: 15 h presenciales. Lugar: V\u00eda webex\u2026","rel":"","context":"En \u00abFormaciones\u00bb","block_context":{"text":"Formaciones","link":"https:\/\/cepronda.com\/blog\/category\/formaciones\/"},"img":{"alt_text":"","src":"https:\/\/i0.wp.com\/cepronda.com\/blog\/wp-content\/uploads\/2025\/10\/Sin-titulo.png?fit=856%2C853&ssl=1&resize=350%2C200","width":350,"height":200,"srcset":"https:\/\/i0.wp.com\/cepronda.com\/blog\/wp-content\/uploads\/2025\/10\/Sin-titulo.png?fit=856%2C853&ssl=1&resize=350%2C200 1x, https:\/\/i0.wp.com\/cepronda.com\/blog\/wp-content\/uploads\/2025\/10\/Sin-titulo.png?fit=856%2C853&ssl=1&resize=525%2C300 1.5x, https:\/\/i0.wp.com\/cepronda.com\/blog\/wp-content\/uploads\/2025\/10\/Sin-titulo.png?fit=856%2C853&ssl=1&resize=700%2C400 2x"},"classes":[]},{"id":5989,"url":"https:\/\/cepronda.com\/blog\/encuentro-de-la-red-de-orientacion-de-la-provincia-de-malaga-ies-eoe-cdp\/","url_meta":{"origin":755,"position":4},"title":"ENCUENTRO DE LA RED DE ORIENTACI\u00d3N DE LA PROVINCIA DE M\u00c1LAGA: IES-EOE-CDP","author":"Inmaculada Garc\u00eda","date":"23 mayo, 2023","format":false,"excerpt":"Estimado\/a compa\u00f1ero\/a, Te informo que se encuentra abierta la inscripci\u00f3n al ENCUENTRO DE LA RED DE ORIENTACI\u00d3N DE LA PROVINCIA DE M\u00c1LAGA: IES-EOE-CDP, organizado por el ETPOEP y el CEP de M\u00e1laga. (3\u00aa Reuni\u00f3n de Coordinaci\u00f3n Zonal). C\u00f3digo: 232922GE152 Inscripciones: desde el 23\/05\/2023 hasta 28\/05\/2023 D\u00eda del Encuentro: 02\/06\/2023 Lugar\u2026","rel":"","context":"En \u00abFormaciones\u00bb","block_context":{"text":"Formaciones","link":"https:\/\/cepronda.com\/blog\/category\/formaciones\/"},"img":{"alt_text":"","src":"https:\/\/i0.wp.com\/cepronda.com\/blog\/wp-content\/uploads\/2023\/05\/CARTEL-3a-REUNION-COORDINACION-ZONAL-23_page-0001-scaled.jpg?fit=848%2C1200&ssl=1&resize=350%2C200","width":350,"height":200,"srcset":"https:\/\/i0.wp.com\/cepronda.com\/blog\/wp-content\/uploads\/2023\/05\/CARTEL-3a-REUNION-COORDINACION-ZONAL-23_page-0001-scaled.jpg?fit=848%2C1200&ssl=1&resize=350%2C200 1x, https:\/\/i0.wp.com\/cepronda.com\/blog\/wp-content\/uploads\/2023\/05\/CARTEL-3a-REUNION-COORDINACION-ZONAL-23_page-0001-scaled.jpg?fit=848%2C1200&ssl=1&resize=525%2C300 1.5x, https:\/\/i0.wp.com\/cepronda.com\/blog\/wp-content\/uploads\/2023\/05\/CARTEL-3a-REUNION-COORDINACION-ZONAL-23_page-0001-scaled.jpg?fit=848%2C1200&ssl=1&resize=700%2C400 2x"},"classes":[]},{"id":7935,"url":"https:\/\/cepronda.com\/blog\/curso-edicion-davinci-resolve-para-ensenanzas-are\/","url_meta":{"origin":755,"position":5},"title":"CURSO EDICI\u00d3N DAVINCI RESOLVE PARA ENSE\u00d1ANZAS ARE","author":"Mamen Moreno","date":"13 diciembre, 2024","format":false,"excerpt":"Abierta la inscripci\u00f3n del curso presencial provincial organizado por el CEP de M\u00e1laga CURSO EDICI\u00d3N DAVINCI RESOLVE PARA ENSE\u00d1ANZAS ARE C\u00f3digo: 252922GE091 Inscripciones:\u00a0desde el 12\/12\/2024 hasta 20\/01\/2025 Fecha de inicio y fin del curso:\u00a003\/02\/2025 -\u00a007\/02\/2025 Lugar de realizaci\u00f3n:\u00a0Escuela Superior de Arte Dram\u00e1tico de M\u00e1laga Detalle e inscripci\u00f3n:\u00a0https:\/\/www.juntadeandalucia.es\/educacion\/secretariavirtual\/consultaCEP\/actividad\/252922GE091\/","rel":"","context":"En \u00abFormaciones\u00bb","block_context":{"text":"Formaciones","link":"https:\/\/cepronda.com\/blog\/category\/formaciones\/"},"img":{"alt_text":"","src":"https:\/\/i0.wp.com\/cepronda.com\/blog\/wp-content\/uploads\/2024\/12\/Cartel-DAVINCI.jpeg?fit=1080%2C1080&ssl=1&resize=350%2C200","width":350,"height":200,"srcset":"https:\/\/i0.wp.com\/cepronda.com\/blog\/wp-content\/uploads\/2024\/12\/Cartel-DAVINCI.jpeg?fit=1080%2C1080&ssl=1&resize=350%2C200 1x, https:\/\/i0.wp.com\/cepronda.com\/blog\/wp-content\/uploads\/2024\/12\/Cartel-DAVINCI.jpeg?fit=1080%2C1080&ssl=1&resize=525%2C300 1.5x, https:\/\/i0.wp.com\/cepronda.com\/blog\/wp-content\/uploads\/2024\/12\/Cartel-DAVINCI.jpeg?fit=1080%2C1080&ssl=1&resize=700%2C400 2x, https:\/\/i0.wp.com\/cepronda.com\/blog\/wp-content\/uploads\/2024\/12\/Cartel-DAVINCI.jpeg?fit=1080%2C1080&ssl=1&resize=1050%2C600 3x"},"classes":[]}],"jetpack_sharing_enabled":true,"_links":{"self":[{"href":"https:\/\/cepronda.com\/blog\/wp-json\/wp\/v2\/posts\/755","targetHints":{"allow":["GET"]}}],"collection":[{"href":"https:\/\/cepronda.com\/blog\/wp-json\/wp\/v2\/posts"}],"about":[{"href":"https:\/\/cepronda.com\/blog\/wp-json\/wp\/v2\/types\/post"}],"author":[{"embeddable":true,"href":"https:\/\/cepronda.com\/blog\/wp-json\/wp\/v2\/users\/3"}],"replies":[{"embeddable":true,"href":"https:\/\/cepronda.com\/blog\/wp-json\/wp\/v2\/comments?post=755"}],"version-history":[{"count":1,"href":"https:\/\/cepronda.com\/blog\/wp-json\/wp\/v2\/posts\/755\/revisions"}],"predecessor-version":[{"id":1167,"href":"https:\/\/cepronda.com\/blog\/wp-json\/wp\/v2\/posts\/755\/revisions\/1167"}],"wp:featuredmedia":[{"embeddable":true,"href":"https:\/\/cepronda.com\/blog\/wp-json\/wp\/v2\/media\/911"}],"wp:attachment":[{"href":"https:\/\/cepronda.com\/blog\/wp-json\/wp\/v2\/media?parent=755"}],"wp:term":[{"taxonomy":"category","embeddable":true,"href":"https:\/\/cepronda.com\/blog\/wp-json\/wp\/v2\/categories?post=755"},{"taxonomy":"post_tag","embeddable":true,"href":"https:\/\/cepronda.com\/blog\/wp-json\/wp\/v2\/tags?post=755"}],"curies":[{"name":"wp","href":"https:\/\/api.w.org\/{rel}","templated":true}]}}