{"id":7536,"date":"2024-04-01T12:13:06","date_gmt":"2024-04-01T10:13:06","guid":{"rendered":"https:\/\/cepronda.com\/blog\/?p=7536"},"modified":"2025-02-07T11:34:18","modified_gmt":"2025-02-07T10:34:18","slug":"brazadas-solidarias-con-nepal-100x100-ronda","status":"publish","type":"post","link":"https:\/\/cepronda.com\/blog\/brazadas-solidarias-con-nepal-100x100-ronda\/","title":{"rendered":"BRAZADAS SOLIDARIAS CON NEPAL 100X100 RONDA"},"content":{"rendered":"<div class=\"x11i5rnm xat24cr x1mh8g0r x1vvkbs xtlvy1s x126k92a\">\n<div dir=\"auto\">\n<p><strong>\u00a1Vuelve el 100&#215;100 de RONDA!<\/strong> <\/p>\n<p>Desde el CEP de Ronda colaboramos con esta magn\u00edfica iniciativa que se realiza todos los a\u00f1os y donde pueden participar alumnado y docentes de los distintos centros de la zona.<\/p>\n<p>El 100&#215;100 Brazadas Solidarias con Nepal se celebrar\u00e1 el <strong>28 de abril de 2024 en la piscina municipal<\/strong>. Tus brazadas solidarias estar\u00e1n destinadas a apoyar un proyecto de la Fundaci\u00f3n Vicente Ferrer para garantizar la escolarizaci\u00f3n y todo el proceso educativo de ni\u00f1os y ni\u00f1as de Nepal en situaci\u00f3n de vulnerabilidad y riesgo de exclusi\u00f3n social.<\/p>\n<p>El 100&#215;100 Brazadas Solidarias es un formato muy especial que une deporte, convivencia y solidaridad. Los nadadores se organizan por equipos de diez participantes que tendr\u00e1n como objetivo completar 100 veces 100 metros en piscina, en formato relevos. El 100&#215;100 de Ronda, con el apoyo del Ayuntamiento, es pionero en este tipo de retos, que se convierten en una gran fiesta de la nataci\u00f3n.<\/p>\n<p><strong>Las inscripciones pueden realizarse a trav\u00e9s de esta misma p\u00e1gina web, mediante la inscripci\u00f3n \u00fanica de un capit\u00e1n de equipo, que introducir\u00e1 los datos de todos los componentes de su equipo.<\/strong><\/p>\n<p>\u00a1Te esperamos!<\/p>\n<p><a href=\"https:\/\/www.brazadassolidarias.com\/producto\/100x100-ronda-brazadas-solidarias-con-nepal-28-de-abril-de-2024\/\">https:\/\/www.brazadassolidarias.com\/producto\/100&#215;100-ronda-brazadas-solidarias-con-nepal-28-de-abril-de-2024\/<\/a><\/p>\n<\/div>\n<div dir=\"auto\"><\/div>\n<\/div>\n<div dir=\"auto\"><img data-recalc-dims=\"1\" loading=\"lazy\" decoding=\"async\" class=\"aligncenter wp-image-7537 size-large\" src=\"https:\/\/i0.wp.com\/cepronda.com\/blog\/wp-content\/uploads\/2024\/04\/WhatsApp-Image-2024-04-01-at-10.19.32.jpeg?resize=728%2C1024&#038;ssl=1\" alt=\"\" width=\"728\" height=\"1024\" srcset=\"https:\/\/i0.wp.com\/cepronda.com\/blog\/wp-content\/uploads\/2024\/04\/WhatsApp-Image-2024-04-01-at-10.19.32.jpeg?resize=728%2C1024&amp;ssl=1 728w, https:\/\/i0.wp.com\/cepronda.com\/blog\/wp-content\/uploads\/2024\/04\/WhatsApp-Image-2024-04-01-at-10.19.32.jpeg?resize=213%2C300&amp;ssl=1 213w, https:\/\/i0.wp.com\/cepronda.com\/blog\/wp-content\/uploads\/2024\/04\/WhatsApp-Image-2024-04-01-at-10.19.32.jpeg?resize=768%2C1081&amp;ssl=1 768w, https:\/\/i0.wp.com\/cepronda.com\/blog\/wp-content\/uploads\/2024\/04\/WhatsApp-Image-2024-04-01-at-10.19.32.jpeg?resize=1092%2C1536&amp;ssl=1 1092w, https:\/\/i0.wp.com\/cepronda.com\/blog\/wp-content\/uploads\/2024\/04\/WhatsApp-Image-2024-04-01-at-10.19.32.jpeg?w=1137&amp;ssl=1 1137w\" sizes=\"auto, (max-width: 728px) 100vw, 728px\" \/><\/div>\n<div dir=\"auto\"><\/div>\n","protected":false},"excerpt":{"rendered":"<p>\u00a1Vuelve el 100&#215;100 de RONDA! Desde el CEP de Ronda colaboramos con esta magn\u00edfica iniciativa que se realiza todos los a\u00f1os y donde pueden participar alumnado y docentes de los distintos centros de la zona. El 100&#215;100 Brazadas Solidarias con Nepal se celebrar\u00e1 el 28 de abril de 2024 en la piscina municipal. Tus brazadas [&hellip;]<\/p>\n","protected":false},"author":3,"featured_media":7537,"comment_status":"closed","ping_status":"open","sticky":false,"template":"","format":"standard","meta":{"_crdt_document":"","advanced_seo_description":"","jetpack_seo_html_title":"","jetpack_seo_noindex":false,"jetpack_post_was_ever_published":false,"_jetpack_newsletter_access":"","_jetpack_dont_email_post_to_subs":false,"_jetpack_newsletter_tier_id":0,"_jetpack_memberships_contains_paywalled_content":false,"_jetpack_memberships_contains_paid_content":false,"footnotes":"","jetpack_publicize_message":"","jetpack_publicize_feature_enabled":true,"jetpack_social_post_already_shared":false,"jetpack_social_options":{"image_generator_settings":{"template":"highway","default_image_id":0,"font":"","enabled":false},"version":2}},"categories":[5],"tags":[],"class_list":{"0":"post-7536","1":"post","2":"type-post","3":"status-publish","4":"format-standard","5":"has-post-thumbnail","7":"category-noticias","8":"czr-hentry"},"jetpack_publicize_connections":[],"jetpack_featured_media_url":"https:\/\/i0.wp.com\/cepronda.com\/blog\/wp-content\/uploads\/2024\/04\/WhatsApp-Image-2024-04-01-at-10.19.32.jpeg?fit=1137%2C1600&ssl=1","jetpack_shortlink":"https:\/\/wp.me\/p8M4X7-1Xy","jetpack-related-posts":[{"id":2632,"url":"https:\/\/cepronda.com\/blog\/ronda-100x100-solidaria\/","url_meta":{"origin":7536,"position":0},"title":"Ronda 100&#215;100 solidaria","author":"V\u00edctor Caballero","date":"13 febrero, 2019","format":false,"excerpt":"Muy buenas familia, Queremos compartir con todas y todos vosotros esta actividad solidaria por si es de vuestro inter\u00e9s y quer\u00e9is participar en la misma. Para m\u00e1s informaci\u00f3n en el cartel ten\u00e9is un n\u00famero de tel\u00e9fono de contacto, as\u00ed como la web http:\/\/www.brazadassolidarias.com","rel":"","context":"En \u00abNoticias\u00bb","block_context":{"text":"Noticias","link":"https:\/\/cepronda.com\/blog\/category\/noticias\/"},"img":{"alt_text":"","src":"https:\/\/i0.wp.com\/cepronda.com\/blog\/wp-content\/uploads\/2019\/02\/brazadas-solidarias.jpg?fit=884%2C1200&ssl=1&resize=350%2C200","width":350,"height":200,"srcset":"https:\/\/i0.wp.com\/cepronda.com\/blog\/wp-content\/uploads\/2019\/02\/brazadas-solidarias.jpg?fit=884%2C1200&ssl=1&resize=350%2C200 1x, https:\/\/i0.wp.com\/cepronda.com\/blog\/wp-content\/uploads\/2019\/02\/brazadas-solidarias.jpg?fit=884%2C1200&ssl=1&resize=525%2C300 1.5x, https:\/\/i0.wp.com\/cepronda.com\/blog\/wp-content\/uploads\/2019\/02\/brazadas-solidarias.jpg?fit=884%2C1200&ssl=1&resize=700%2C400 2x"},"classes":[]},{"id":9322,"url":"https:\/\/cepronda.com\/blog\/concurso-cartel-anunciador-its-ronda-2025-26\/","url_meta":{"origin":7536,"position":1},"title":"CONCURSO CARTEL ANUNCIADOR.  IT\u2019s Ronda 2025\/26","author":"Inmaculada Garc\u00eda","date":"29 enero, 2026","format":false,"excerpt":"\u00bfVives en la Serran\u00eda de Ronda y te apasiona crear? Entonces, el Concurso de Cartel Anunciador para la V Feria de Inventos y Talentos, IT's Ronda 2026, es tu oportunidad para brillar. \u00bfQui\u00e9n puede participar? Este concurso est\u00e1 abierto para estudiantes de educaci\u00f3n infantil, primaria, secundaria, bachillerato y FP de\u2026","rel":"","context":"En \u00abNoticias\u00bb","block_context":{"text":"Noticias","link":"https:\/\/cepronda.com\/blog\/category\/noticias\/"},"img":{"alt_text":"","src":"https:\/\/i0.wp.com\/cepronda.com\/blog\/wp-content\/uploads\/2026\/01\/de.jpg?fit=1080%2C1080&ssl=1&resize=350%2C200","width":350,"height":200,"srcset":"https:\/\/i0.wp.com\/cepronda.com\/blog\/wp-content\/uploads\/2026\/01\/de.jpg?fit=1080%2C1080&ssl=1&resize=350%2C200 1x, https:\/\/i0.wp.com\/cepronda.com\/blog\/wp-content\/uploads\/2026\/01\/de.jpg?fit=1080%2C1080&ssl=1&resize=525%2C300 1.5x, https:\/\/i0.wp.com\/cepronda.com\/blog\/wp-content\/uploads\/2026\/01\/de.jpg?fit=1080%2C1080&ssl=1&resize=700%2C400 2x, https:\/\/i0.wp.com\/cepronda.com\/blog\/wp-content\/uploads\/2026\/01\/de.jpg?fit=1080%2C1080&ssl=1&resize=1050%2C600 3x"},"classes":[]},{"id":7921,"url":"https:\/\/cepronda.com\/blog\/concurso-cartel-anunciador-its-ronda-2024-25\/","url_meta":{"origin":7536,"position":2},"title":"CONCURSO CARTEL ANUNCIADOR   IT\u2019s Ronda 2024\/25","author":"Inmaculada Garc\u00eda","date":"5 diciembre, 2024","format":false,"excerpt":"CONCURSO CARTEL ANUNCIADOR. \u00a0 Se convoca concurso para elegir el cartel que representar\u00e1 a la IV Feria de Inventos y Talentos, IT's Ronda 2025. \u00a0 \u00bfEres un joven talento de la Serran\u00eda de Ronda con pasi\u00f3n por el arte y la ciencia? Entonces, el Concurso de Cartel Anunciador para la\u2026","rel":"","context":"En \u00abNoticias\u00bb","block_context":{"text":"Noticias","link":"https:\/\/cepronda.com\/blog\/category\/noticias\/"},"img":{"alt_text":"","src":"https:\/\/i0.wp.com\/cepronda.com\/blog\/wp-content\/uploads\/2024\/12\/de-2.jpg?fit=1080%2C1080&ssl=1&resize=350%2C200","width":350,"height":200,"srcset":"https:\/\/i0.wp.com\/cepronda.com\/blog\/wp-content\/uploads\/2024\/12\/de-2.jpg?fit=1080%2C1080&ssl=1&resize=350%2C200 1x, https:\/\/i0.wp.com\/cepronda.com\/blog\/wp-content\/uploads\/2024\/12\/de-2.jpg?fit=1080%2C1080&ssl=1&resize=525%2C300 1.5x, https:\/\/i0.wp.com\/cepronda.com\/blog\/wp-content\/uploads\/2024\/12\/de-2.jpg?fit=1080%2C1080&ssl=1&resize=700%2C400 2x, https:\/\/i0.wp.com\/cepronda.com\/blog\/wp-content\/uploads\/2024\/12\/de-2.jpg?fit=1080%2C1080&ssl=1&resize=1050%2C600 3x"},"classes":[]},{"id":4740,"url":"https:\/\/cepronda.com\/blog\/cartel-informativo-con-enlaces-de-interes-del-cep-de-ronda-21-22\/","url_meta":{"origin":7536,"position":3},"title":"CARTEL INFORMATIVO CON ENLACES DE INTER\u00c9S DEL CEP DE RONDA 21\/22","author":"V\u00edctor Caballero","date":"11 octubre, 2021","format":false,"excerpt":"Buenas tardes compa\u00f1eras y compa\u00f1eros, Con el presente cartel informativo que hemos repartido en todos los centros de nuestra zona CEP de Ronda, para colocar en las salas del profesorado, pod\u00e9is escanear los c\u00f3digos QR a los distintos enlaces de inter\u00e9s para los docentes. \u00a0 Tambi\u00e9n ten\u00e9is la opci\u00f3n de\u00a0descargarlo\u2026","rel":"","context":"En \u00abFormaciones\u00bb","block_context":{"text":"Formaciones","link":"https:\/\/cepronda.com\/blog\/category\/formaciones\/"},"img":{"alt_text":"","src":"https:\/\/i0.wp.com\/cepronda.com\/blog\/wp-content\/uploads\/2021\/10\/Cartel-bueno.png?resize=350%2C200","width":350,"height":200,"srcset":"https:\/\/i0.wp.com\/cepronda.com\/blog\/wp-content\/uploads\/2021\/10\/Cartel-bueno.png?resize=350%2C200 1x, https:\/\/i0.wp.com\/cepronda.com\/blog\/wp-content\/uploads\/2021\/10\/Cartel-bueno.png?resize=525%2C300 1.5x"},"classes":[]},{"id":775,"url":"https:\/\/cepronda.com\/blog\/orquideas-de-ronda\/","url_meta":{"origin":7536,"position":4},"title":"Orqu\u00eddeas de Ronda","author":"V\u00edctor Caballero","date":"17 abril, 2017","format":false,"excerpt":"Buenas El s\u00e1bado 22 de abril, en la Finca Algaba de Ronda, se realizar\u00e1n unas Jornadas sobre orqu\u00eddeas de la zona de Ronda. Empezaremos con una conferencia, a cargo de D. Jos\u00e9 Antonio D\u00edaz Romera y terminaremos con una salida en busca de algunas especies. Se recomienda llevar ropa y\u2026","rel":"","context":"En \u00abNoticias\u00bb","block_context":{"text":"Noticias","link":"https:\/\/cepronda.com\/blog\/category\/noticias\/"},"img":{"alt_text":"","src":"https:\/\/i0.wp.com\/cepronda.com\/blog\/wp-content\/uploads\/2017\/04\/orchid-233425_640-e1495712671573.jpg?fit=500%2C334&ssl=1&resize=350%2C200","width":350,"height":200},"classes":[]},{"id":5949,"url":"https:\/\/cepronda.com\/blog\/viii-certamen-de-teatro-en-el-aula-ciudad-de-ronda\/","url_meta":{"origin":7536,"position":5},"title":"VIII CERTAMEN DE TEATRO EN EL AULA \u00abCIUDAD DE RONDA\u00bb","author":"Mamen Moreno","date":"18 abril, 2023","format":false,"excerpt":"Os informamos que el pasado lunes 17 de abril se presento el cartel anunciador del VII Certamen de Teatro en el aula Ciudad de Ronda (TACIR) Este certamen se de desarrollara durante el 26 de mayo al 2 de junio Los teatros se realizaran en el Teatro Vicente Espinel de\u2026","rel":"","context":"En \u00abNoticias\u00bb","block_context":{"text":"Noticias","link":"https:\/\/cepronda.com\/blog\/category\/noticias\/"},"img":{"alt_text":"","src":"https:\/\/i0.wp.com\/cepronda.com\/blog\/wp-content\/uploads\/2023\/04\/CARTEL-CERTAMEN-DEFINITIVO.jpg?fit=1200%2C812&ssl=1&resize=350%2C200","width":350,"height":200,"srcset":"https:\/\/i0.wp.com\/cepronda.com\/blog\/wp-content\/uploads\/2023\/04\/CARTEL-CERTAMEN-DEFINITIVO.jpg?fit=1200%2C812&ssl=1&resize=350%2C200 1x, https:\/\/i0.wp.com\/cepronda.com\/blog\/wp-content\/uploads\/2023\/04\/CARTEL-CERTAMEN-DEFINITIVO.jpg?fit=1200%2C812&ssl=1&resize=525%2C300 1.5x, https:\/\/i0.wp.com\/cepronda.com\/blog\/wp-content\/uploads\/2023\/04\/CARTEL-CERTAMEN-DEFINITIVO.jpg?fit=1200%2C812&ssl=1&resize=700%2C400 2x, https:\/\/i0.wp.com\/cepronda.com\/blog\/wp-content\/uploads\/2023\/04\/CARTEL-CERTAMEN-DEFINITIVO.jpg?fit=1200%2C812&ssl=1&resize=1050%2C600 3x"},"classes":[]}],"jetpack_sharing_enabled":true,"_links":{"self":[{"href":"https:\/\/cepronda.com\/blog\/wp-json\/wp\/v2\/posts\/7536","targetHints":{"allow":["GET"]}}],"collection":[{"href":"https:\/\/cepronda.com\/blog\/wp-json\/wp\/v2\/posts"}],"about":[{"href":"https:\/\/cepronda.com\/blog\/wp-json\/wp\/v2\/types\/post"}],"author":[{"embeddable":true,"href":"https:\/\/cepronda.com\/blog\/wp-json\/wp\/v2\/users\/3"}],"replies":[{"embeddable":true,"href":"https:\/\/cepronda.com\/blog\/wp-json\/wp\/v2\/comments?post=7536"}],"version-history":[{"count":1,"href":"https:\/\/cepronda.com\/blog\/wp-json\/wp\/v2\/posts\/7536\/revisions"}],"predecessor-version":[{"id":7538,"href":"https:\/\/cepronda.com\/blog\/wp-json\/wp\/v2\/posts\/7536\/revisions\/7538"}],"wp:featuredmedia":[{"embeddable":true,"href":"https:\/\/cepronda.com\/blog\/wp-json\/wp\/v2\/media\/7537"}],"wp:attachment":[{"href":"https:\/\/cepronda.com\/blog\/wp-json\/wp\/v2\/media?parent=7536"}],"wp:term":[{"taxonomy":"category","embeddable":true,"href":"https:\/\/cepronda.com\/blog\/wp-json\/wp\/v2\/categories?post=7536"},{"taxonomy":"post_tag","embeddable":true,"href":"https:\/\/cepronda.com\/blog\/wp-json\/wp\/v2\/tags?post=7536"}],"curies":[{"name":"wp","href":"https:\/\/api.w.org\/{rel}","templated":true}]}}