{"id":7531,"date":"2024-03-20T16:56:00","date_gmt":"2024-03-20T15:56:00","guid":{"rendered":"https:\/\/cepronda.com\/blog\/?p=7531"},"modified":"2025-04-28T12:01:16","modified_gmt":"2025-04-28T10:01:16","slug":"%e2%9c%a8-celebramos-la-internacionalizacion-educativa-en-el-ceip-ntra-sra-del-rosario-de-cortes-de-la-frontera-%e2%9c%a8","status":"publish","type":"post","link":"https:\/\/cepronda.com\/blog\/%e2%9c%a8-celebramos-la-internacionalizacion-educativa-en-el-ceip-ntra-sra-del-rosario-de-cortes-de-la-frontera-%e2%9c%a8\/","title":{"rendered":"\u2728 \u00a1Celebramos la Internacionalizaci\u00f3n Educativa en el CEIP Ntra. Sra. Del Rosario de Cortes de la Frontera! \u2728"},"content":{"rendered":"<p>Nos emociona compartir que desde el 18 al 23 de marzo estamos recibiendo la visita del \u00c9cole Saint Joseph de M\u00e9an (Francia) con 23 alumnos y alumnas con edades entre los 9 y 11 a\u00f1os. Esta iniciativa parte del programa del consorcio Erasmus MEPRural coordinado desde el CEP de Ronda, que tiene como objetivo principal internacionalizar a centros peque\u00f1os en entornos rurales.<br \/>\nEstamos emocionados de compartir experiencias, conocimientos y metodolog\u00edas innovadoras que enriquecer\u00e1n nuestros procesos de ense\u00f1anza-aprendizaje. \u00a1Juntos buscamos impulsar el \u00e9xito educativo en entornos similares europeos!<br \/>\nEste intercambio es posible gracias a la colaboraci\u00f3n de diversos actores que hacen posible este enriquecedor encuentro.<br \/>\nQueremos expresar nuestro m\u00e1s sincero agradecimiento al CEIP Ntra Sra del Rosario por su excelente labor como centro de acogida. Su c\u00e1lido recibimiento y apoyo son fundamentales para el \u00e9xito de esta experiencia.<br \/>\nAsimismo, extendemos nuestro reconocimiento al Excmo. Ayuntamiento de Cortes de la Frontera por sus valiosas aportaciones con actividades y talleres que enriquecer\u00e1n a\u00fan m\u00e1s el intercambio cultural y educativo.<br \/>\nY no podemos olvidar agradecer a la Residencia Escolar \u201c R\u00edo Guadiaro\u201d por su colaboraci\u00f3n y aportaci\u00f3n con actividades de convivencia.<br \/>\n\u00a1Gracias a todos por hacer posible esta experiencia \u00fanica e inolvidable!  \u00a1Juntos estamos construyendo puentes de aprendizaje y amistad que trascienden fronteras!<\/p>\n<p>&nbsp;<\/p>\n<p><img data-recalc-dims=\"1\" loading=\"lazy\" decoding=\"async\" class=\"aligncenter size-large wp-image-7532\" src=\"https:\/\/i0.wp.com\/cepronda.com\/blog\/wp-content\/uploads\/2024\/03\/WhatsApp-Image-2024-03-20-at-16.37.09.jpeg?resize=1024%2C588&#038;ssl=1\" alt=\"\" width=\"1024\" height=\"588\" srcset=\"https:\/\/i0.wp.com\/cepronda.com\/blog\/wp-content\/uploads\/2024\/03\/WhatsApp-Image-2024-03-20-at-16.37.09.jpeg?resize=1024%2C588&amp;ssl=1 1024w, https:\/\/i0.wp.com\/cepronda.com\/blog\/wp-content\/uploads\/2024\/03\/WhatsApp-Image-2024-03-20-at-16.37.09.jpeg?resize=300%2C172&amp;ssl=1 300w, https:\/\/i0.wp.com\/cepronda.com\/blog\/wp-content\/uploads\/2024\/03\/WhatsApp-Image-2024-03-20-at-16.37.09.jpeg?resize=768%2C441&amp;ssl=1 768w, https:\/\/i0.wp.com\/cepronda.com\/blog\/wp-content\/uploads\/2024\/03\/WhatsApp-Image-2024-03-20-at-16.37.09.jpeg?resize=1536%2C881&amp;ssl=1 1536w, https:\/\/i0.wp.com\/cepronda.com\/blog\/wp-content\/uploads\/2024\/03\/WhatsApp-Image-2024-03-20-at-16.37.09.jpeg?w=1600&amp;ssl=1 1600w\" sizes=\"auto, (max-width: 1024px) 100vw, 1024px\" \/><\/p>\n<p>&nbsp;<\/p>\n<p>#MEPRural #ErasmusPlus #ErasmusPlusES #MiErasmusPlus #CEIPNtraSraDelRosario #AyuntamientoCortesFrontera #ResidenciaEscolarR\u00edoGuadiaro<\/p>\n","protected":false},"excerpt":{"rendered":"<p>Nos emociona compartir que desde el 18 al 23 de marzo estamos recibiendo la visita del \u00c9cole Saint Joseph de M\u00e9an (Francia) con 23 alumnos y alumnas con edades entre los 9 y 11 a\u00f1os. Esta iniciativa parte del programa del consorcio Erasmus MEPRural coordinado desde el CEP de Ronda, que tiene como objetivo principal [&hellip;]<\/p>\n","protected":false},"author":9,"featured_media":7532,"comment_status":"closed","ping_status":"open","sticky":false,"template":"","format":"standard","meta":{"_crdt_document":"","advanced_seo_description":"","jetpack_seo_html_title":"","jetpack_seo_noindex":false,"jetpack_post_was_ever_published":false,"_jetpack_newsletter_access":"","_jetpack_dont_email_post_to_subs":false,"_jetpack_newsletter_tier_id":0,"_jetpack_memberships_contains_paywalled_content":false,"_jetpack_memberships_contains_paid_content":false,"footnotes":"","jetpack_publicize_message":"","jetpack_publicize_feature_enabled":true,"jetpack_social_post_already_shared":false,"jetpack_social_options":{"image_generator_settings":{"template":"highway","default_image_id":0,"font":"","enabled":false},"version":2}},"categories":[3,5],"tags":[353,352,405,345,355,346,354],"class_list":{"0":"post-7531","1":"post","2":"type-post","3":"status-publish","4":"format-standard","5":"has-post-thumbnail","7":"category-formaciones","8":"category-noticias","9":"tag-ayuntamientocortesfrontera","10":"tag-ceipntrasradelrosario","11":"tag-erasmus-europa","12":"tag-erasmuspluses","13":"tag-mepruraerasmusplus","14":"tag-mierasmusplus","15":"tag-residenciaescolarrioguadiaro","16":"czr-hentry"},"jetpack_publicize_connections":[],"jetpack_featured_media_url":"https:\/\/i0.wp.com\/cepronda.com\/blog\/wp-content\/uploads\/2024\/03\/WhatsApp-Image-2024-03-20-at-16.37.09.jpeg?fit=1600%2C918&ssl=1","jetpack_shortlink":"https:\/\/wp.me\/p8M4X7-1Xt","jetpack-related-posts":[{"id":7527,"url":"https:\/\/cepronda.com\/blog\/consorcio-erasmus-mep-rural\/","url_meta":{"origin":7531,"position":0},"title":"Consorcio Erasmus MEP Rural","author":"Inmaculada Garc\u00eda","date":"20 marzo, 2024","format":false,"excerpt":"Emocionante noticia desde el Consorcio Erasmus MEP Rural! \u2728 Tres de nuestros valiosos docentes est\u00e1n viviendo una experiencia enriquecedora en Portugal, gracias al Job Shadowing organizado desde el CEP de Ronda. Del 18 al 22 de marzo, est\u00e1n inmersos en el Agrupamento de Escolas do Cerco, compartiendo y aprendiendo en\u2026","rel":"","context":"En \u00abFormaciones\u00bb","block_context":{"text":"Formaciones","link":"https:\/\/cepronda.com\/blog\/category\/formaciones\/"},"img":{"alt_text":"","src":"https:\/\/i0.wp.com\/cepronda.com\/blog\/wp-content\/uploads\/2024\/03\/WhatsApp-Image-2024-03-20-at-11.09.55-1.jpeg?fit=1200%2C900&ssl=1&resize=350%2C200","width":350,"height":200,"srcset":"https:\/\/i0.wp.com\/cepronda.com\/blog\/wp-content\/uploads\/2024\/03\/WhatsApp-Image-2024-03-20-at-11.09.55-1.jpeg?fit=1200%2C900&ssl=1&resize=350%2C200 1x, https:\/\/i0.wp.com\/cepronda.com\/blog\/wp-content\/uploads\/2024\/03\/WhatsApp-Image-2024-03-20-at-11.09.55-1.jpeg?fit=1200%2C900&ssl=1&resize=525%2C300 1.5x, https:\/\/i0.wp.com\/cepronda.com\/blog\/wp-content\/uploads\/2024\/03\/WhatsApp-Image-2024-03-20-at-11.09.55-1.jpeg?fit=1200%2C900&ssl=1&resize=700%2C400 2x, https:\/\/i0.wp.com\/cepronda.com\/blog\/wp-content\/uploads\/2024\/03\/WhatsApp-Image-2024-03-20-at-11.09.55-1.jpeg?fit=1200%2C900&ssl=1&resize=1050%2C600 3x"},"classes":[]},{"id":4466,"url":"https:\/\/cepronda.com\/blog\/4466-2\/","url_meta":{"origin":7531,"position":1},"title":"CEP DE RONDA. ACREDITACI\u00d3N ERASMUS KA1 2021-2027","author":"Mar\u00eda Jos\u00e9 M\u00e1rquez","date":"21 abril, 2021","format":false,"excerpt":"Desde el CEP de Ronda queremos compartir con vosotros y vosotras nuestra alegr\u00eda porque se nos ha concedido la Acreditaci\u00f3n Erasmus en el \u00c1mbito de la Educaci\u00f3n Escolar para el per\u00edodo 2021-2027, lo que nos permitir\u00e1 continuar con nuestro objetivo de apoyar la internacionalizaci\u00f3n de los centros educativos de nuestro\u2026","rel":"","context":"En \u00abFormaciones\u00bb","block_context":{"text":"Formaciones","link":"https:\/\/cepronda.com\/blog\/category\/formaciones\/"},"img":{"alt_text":"","src":"https:\/\/i0.wp.com\/cepronda.com\/blog\/wp-content\/uploads\/2021\/04\/acreditacion-erasmus-cep-300x99.jpeg?resize=350%2C200","width":350,"height":200},"classes":[]},{"id":7493,"url":"https:\/\/cepronda.com\/blog\/cruzando-fronteras-culturales-%e2%9c%a8-experiencia-erasmus-en-el-ies-andres-perez-serrano\/","url_meta":{"origin":7531,"position":2},"title":"\u00ab\u00a1Cruzando Fronteras Culturales! \u2728 Experiencia Erasmus en el IES Andr\u00e9s P\u00e9rez Serrano\u00bb","author":"Maribel Mu\u00f1oz","date":"6 marzo, 2024","format":false,"excerpt":"\u00a1Celebramos la maravillosa experiencia Erasmus que estamos viviendo en el IES Andr\u00e9s P\u00e9rez Serrano! \u2728Del 3 al 14 de marzo,el centro tiene el placer de recibir a 6 brillantes alumnos\/as del Institut Saint Dominique-Saint Herblain de Francia. Estos j\u00f3venes embajadores de la cultura francesa est\u00e1n explorando la localidad de Cortes\u2026","rel":"","context":"En \u00abFormaciones\u00bb","block_context":{"text":"Formaciones","link":"https:\/\/cepronda.com\/blog\/category\/formaciones\/"},"img":{"alt_text":"","src":"https:\/\/i0.wp.com\/cepronda.com\/blog\/wp-content\/uploads\/2024\/03\/Imagen-Erasmus-visita-6-franceses-pixelada.jpg?fit=1200%2C540&ssl=1&resize=350%2C200","width":350,"height":200,"srcset":"https:\/\/i0.wp.com\/cepronda.com\/blog\/wp-content\/uploads\/2024\/03\/Imagen-Erasmus-visita-6-franceses-pixelada.jpg?fit=1200%2C540&ssl=1&resize=350%2C200 1x, https:\/\/i0.wp.com\/cepronda.com\/blog\/wp-content\/uploads\/2024\/03\/Imagen-Erasmus-visita-6-franceses-pixelada.jpg?fit=1200%2C540&ssl=1&resize=525%2C300 1.5x, https:\/\/i0.wp.com\/cepronda.com\/blog\/wp-content\/uploads\/2024\/03\/Imagen-Erasmus-visita-6-franceses-pixelada.jpg?fit=1200%2C540&ssl=1&resize=700%2C400 2x, https:\/\/i0.wp.com\/cepronda.com\/blog\/wp-content\/uploads\/2024\/03\/Imagen-Erasmus-visita-6-franceses-pixelada.jpg?fit=1200%2C540&ssl=1&resize=1050%2C600 3x"},"classes":[]},{"id":7609,"url":"https:\/\/cepronda.com\/blog\/celebrando-una-jornada-erasmus-de-colaboracion-educativa-en-el-ceip-virgen-de-la-concepcion-de-montejaque-con-una-experta-invitada-europea\/","url_meta":{"origin":7531,"position":3},"title":"\u00a1Celebrando una jornada Erasmus de colaboraci\u00f3n educativa en el CEIP Virgen de la Concepci\u00f3n de Montejaque, con una experta invitada europea!","author":"Inmaculada Garc\u00eda","date":"8 mayo, 2024","format":false,"excerpt":"El CEP de Ronda est\u00e1 de enhorabuena por haber coordinado y fomentado la jornada de trabajo con diversos centros de la zona, en colaboraci\u00f3n con la experta invitada europea del consorcio Erasmus MEP Rural, Vittoria Volterrani. El ambiente en el CEIP Virgen de la Concepci\u00f3n fue inspirador, con una acogida\u2026","rel":"","context":"En \u00abFormaciones\u00bb","block_context":{"text":"Formaciones","link":"https:\/\/cepronda.com\/blog\/category\/formaciones\/"},"img":{"alt_text":"","src":"https:\/\/i0.wp.com\/cepronda.com\/blog\/wp-content\/uploads\/2024\/05\/WhatsApp-Image-2024-05-08-at-12.20.15.jpeg?fit=1200%2C900&ssl=1&resize=350%2C200","width":350,"height":200,"srcset":"https:\/\/i0.wp.com\/cepronda.com\/blog\/wp-content\/uploads\/2024\/05\/WhatsApp-Image-2024-05-08-at-12.20.15.jpeg?fit=1200%2C900&ssl=1&resize=350%2C200 1x, https:\/\/i0.wp.com\/cepronda.com\/blog\/wp-content\/uploads\/2024\/05\/WhatsApp-Image-2024-05-08-at-12.20.15.jpeg?fit=1200%2C900&ssl=1&resize=525%2C300 1.5x, https:\/\/i0.wp.com\/cepronda.com\/blog\/wp-content\/uploads\/2024\/05\/WhatsApp-Image-2024-05-08-at-12.20.15.jpeg?fit=1200%2C900&ssl=1&resize=700%2C400 2x, https:\/\/i0.wp.com\/cepronda.com\/blog\/wp-content\/uploads\/2024\/05\/WhatsApp-Image-2024-05-08-at-12.20.15.jpeg?fit=1200%2C900&ssl=1&resize=1050%2C600 3x"},"classes":[]},{"id":7518,"url":"https:\/\/cepronda.com\/blog\/celebrando-el-fin-de-una-increible-aventura-erasmus-%e2%9c%a8\/","url_meta":{"origin":7531,"position":4},"title":"\u00a1Celebrando el Fin de una Incre\u00edble Aventura Erasmus! \u2728","author":"Inmaculada Garc\u00eda","date":"20 marzo, 2024","format":false,"excerpt":"Ha llegado el momento de reflexionar sobre los maravillosos recuerdos y experiencias que hemos compartido durante esta emocionante traves\u00eda Erasmus en el IES Andr\u00e9s P\u00e9rez Serrano de Cortes de la Frontera( centro miembro del consorcio Erasmus MEPRural, coordinado por el CEP de Ronda). Desde el 3 hasta el 14 de\u2026","rel":"","context":"En \u00abFormaciones\u00bb","block_context":{"text":"Formaciones","link":"https:\/\/cepronda.com\/blog\/category\/formaciones\/"},"img":{"alt_text":"","src":"https:\/\/i0.wp.com\/cepronda.com\/blog\/wp-content\/uploads\/2024\/03\/WhatsApp-Image-2024-03-20-at-11.09.55.jpeg?fit=1200%2C900&ssl=1&resize=350%2C200","width":350,"height":200,"srcset":"https:\/\/i0.wp.com\/cepronda.com\/blog\/wp-content\/uploads\/2024\/03\/WhatsApp-Image-2024-03-20-at-11.09.55.jpeg?fit=1200%2C900&ssl=1&resize=350%2C200 1x, https:\/\/i0.wp.com\/cepronda.com\/blog\/wp-content\/uploads\/2024\/03\/WhatsApp-Image-2024-03-20-at-11.09.55.jpeg?fit=1200%2C900&ssl=1&resize=525%2C300 1.5x, https:\/\/i0.wp.com\/cepronda.com\/blog\/wp-content\/uploads\/2024\/03\/WhatsApp-Image-2024-03-20-at-11.09.55.jpeg?fit=1200%2C900&ssl=1&resize=700%2C400 2x, https:\/\/i0.wp.com\/cepronda.com\/blog\/wp-content\/uploads\/2024\/03\/WhatsApp-Image-2024-03-20-at-11.09.55.jpeg?fit=1200%2C900&ssl=1&resize=1050%2C600 3x"},"classes":[]},{"id":4462,"url":"https:\/\/cepronda.com\/blog\/doble-acreditacion-erasmus-para-el-i-e-s-profesor-gonzalo-huesa\/","url_meta":{"origin":7531,"position":5},"title":"DOBLE ACREDITACI\u00d3N ERASMUS PARA EL I.E.S. PROFESOR GONZALO HUESA","author":"Mar\u00eda Jos\u00e9 M\u00e1rquez","date":"21 abril, 2021","format":false,"excerpt":"\u00a0 Desde el Centro del Profesorado de Ronda queremos felicitar al I.E.S. Profesor Gonzalo Huesa por haber logrado\u00a0una doble acreditaci\u00f3n del programa Erasmus+ dirigida tanto al alumnado de Formaci\u00f3n Profesional como del resto de ense\u00f1anzas que se imparten en el centro.En Andaluc\u00eda, \u00fanicamente, son 12 los centros que cuentan con\u2026","rel":"","context":"En \u00abFormaciones\u00bb","block_context":{"text":"Formaciones","link":"https:\/\/cepronda.com\/blog\/category\/formaciones\/"},"img":{"alt_text":"","src":"https:\/\/i0.wp.com\/cepronda.com\/blog\/wp-content\/uploads\/2021\/04\/acreditacio%CC%81n-ERASMUS-300x152.jpeg?resize=350%2C200","width":350,"height":200},"classes":[]}],"jetpack_sharing_enabled":true,"_links":{"self":[{"href":"https:\/\/cepronda.com\/blog\/wp-json\/wp\/v2\/posts\/7531","targetHints":{"allow":["GET"]}}],"collection":[{"href":"https:\/\/cepronda.com\/blog\/wp-json\/wp\/v2\/posts"}],"about":[{"href":"https:\/\/cepronda.com\/blog\/wp-json\/wp\/v2\/types\/post"}],"author":[{"embeddable":true,"href":"https:\/\/cepronda.com\/blog\/wp-json\/wp\/v2\/users\/9"}],"replies":[{"embeddable":true,"href":"https:\/\/cepronda.com\/blog\/wp-json\/wp\/v2\/comments?post=7531"}],"version-history":[{"count":1,"href":"https:\/\/cepronda.com\/blog\/wp-json\/wp\/v2\/posts\/7531\/revisions"}],"predecessor-version":[{"id":7533,"href":"https:\/\/cepronda.com\/blog\/wp-json\/wp\/v2\/posts\/7531\/revisions\/7533"}],"wp:featuredmedia":[{"embeddable":true,"href":"https:\/\/cepronda.com\/blog\/wp-json\/wp\/v2\/media\/7532"}],"wp:attachment":[{"href":"https:\/\/cepronda.com\/blog\/wp-json\/wp\/v2\/media?parent=7531"}],"wp:term":[{"taxonomy":"category","embeddable":true,"href":"https:\/\/cepronda.com\/blog\/wp-json\/wp\/v2\/categories?post=7531"},{"taxonomy":"post_tag","embeddable":true,"href":"https:\/\/cepronda.com\/blog\/wp-json\/wp\/v2\/tags?post=7531"}],"curies":[{"name":"wp","href":"https:\/\/api.w.org\/{rel}","templated":true}]}}