{"id":7527,"date":"2024-03-20T14:00:44","date_gmt":"2024-03-20T13:00:44","guid":{"rendered":"https:\/\/cepronda.com\/blog\/?p=7527"},"modified":"2025-04-28T12:01:16","modified_gmt":"2025-04-28T10:01:16","slug":"consorcio-erasmus-mep-rural","status":"publish","type":"post","link":"https:\/\/cepronda.com\/blog\/consorcio-erasmus-mep-rural\/","title":{"rendered":"Consorcio Erasmus MEP Rural"},"content":{"rendered":"<p>Emocionante noticia desde el Consorcio Erasmus MEP Rural! \u2728<br \/>\nTres de nuestros valiosos docentes est\u00e1n viviendo una experiencia enriquecedora en Portugal, gracias al Job Shadowing organizado desde el CEP de Ronda. Del 18 al 22 de marzo, est\u00e1n inmersos en el Agrupamento de Escolas do Cerco, compartiendo y aprendiendo en el \u00e1mbito de la ense\u00f1anza secundaria.<br \/>\nEsta movilidad no solo fortalece la internacionalizaci\u00f3n de nuestros centros, especialmente aquellos ubicados en entornos rurales, sino que tambi\u00e9n nos permite conocer y transferir metodolog\u00edas innovadoras. Estamos impulsando procesos de ense\u00f1anza-aprendizaje de calidad, inspir\u00e1ndonos en experiencias educativas exitosas de entornos europeos similares.<br \/>\n\u00a1Seguimos trabajando juntos por una educaci\u00f3n m\u00e1s global, inclusiva y de excelencia! #ErasmusMEPRural #ErasmusPlus #ErasmusPlusES #MiErasmusPlus #MovilidadEducativa #ExperienciasEnriquecedoras<\/p>\n<p><img data-recalc-dims=\"1\" loading=\"lazy\" decoding=\"async\" class=\"aligncenter wp-image-7528 size-medium\" src=\"https:\/\/i0.wp.com\/cepronda.com\/blog\/wp-content\/uploads\/2024\/03\/WhatsApp-Image-2024-03-20-at-11.09.55-1.jpeg?resize=300%2C225&#038;ssl=1\" alt=\"\" width=\"300\" height=\"225\" srcset=\"https:\/\/i0.wp.com\/cepronda.com\/blog\/wp-content\/uploads\/2024\/03\/WhatsApp-Image-2024-03-20-at-11.09.55-1.jpeg?resize=300%2C225&amp;ssl=1 300w, https:\/\/i0.wp.com\/cepronda.com\/blog\/wp-content\/uploads\/2024\/03\/WhatsApp-Image-2024-03-20-at-11.09.55-1.jpeg?resize=1024%2C768&amp;ssl=1 1024w, https:\/\/i0.wp.com\/cepronda.com\/blog\/wp-content\/uploads\/2024\/03\/WhatsApp-Image-2024-03-20-at-11.09.55-1.jpeg?resize=768%2C576&amp;ssl=1 768w, https:\/\/i0.wp.com\/cepronda.com\/blog\/wp-content\/uploads\/2024\/03\/WhatsApp-Image-2024-03-20-at-11.09.55-1.jpeg?resize=1536%2C1152&amp;ssl=1 1536w, https:\/\/i0.wp.com\/cepronda.com\/blog\/wp-content\/uploads\/2024\/03\/WhatsApp-Image-2024-03-20-at-11.09.55-1.jpeg?w=2000&amp;ssl=1 2000w\" sizes=\"auto, (max-width: 300px) 100vw, 300px\" \/><\/p>\n","protected":false},"excerpt":{"rendered":"<p>Emocionante noticia desde el Consorcio Erasmus MEP Rural! \u2728 Tres de nuestros valiosos docentes est\u00e1n viviendo una experiencia enriquecedora en Portugal, gracias al Job Shadowing organizado desde el CEP de Ronda. Del 18 al 22 de marzo, est\u00e1n inmersos en el Agrupamento de Escolas do Cerco, compartiendo y aprendiendo en el \u00e1mbito de la ense\u00f1anza [&hellip;]<\/p>\n","protected":false},"author":9,"featured_media":7528,"comment_status":"closed","ping_status":"open","sticky":false,"template":"","format":"standard","meta":{"_crdt_document":"","advanced_seo_description":"","jetpack_seo_html_title":"","jetpack_seo_noindex":false,"jetpack_post_was_ever_published":false,"_jetpack_newsletter_access":"","_jetpack_dont_email_post_to_subs":false,"_jetpack_newsletter_tier_id":0,"_jetpack_memberships_contains_paywalled_content":false,"_jetpack_memberships_contains_paid_content":false,"footnotes":"","jetpack_publicize_message":"","jetpack_publicize_feature_enabled":true,"jetpack_social_post_already_shared":false,"jetpack_social_options":{"image_generator_settings":{"template":"highway","default_image_id":0,"font":"","enabled":false},"version":2}},"categories":[3,5],"tags":[405,343,344,345,351,346,350],"class_list":{"0":"post-7527","1":"post","2":"type-post","3":"status-publish","4":"format-standard","5":"has-post-thumbnail","7":"category-formaciones","8":"category-noticias","9":"tag-erasmus-europa","10":"tag-erasmusmeprural","11":"tag-erasmusplus","12":"tag-erasmuspluses","13":"tag-experienciasenriquecedoras","14":"tag-mierasmusplus","15":"tag-movilidadeducativa","16":"czr-hentry"},"jetpack_publicize_connections":[],"jetpack_featured_media_url":"https:\/\/i0.wp.com\/cepronda.com\/blog\/wp-content\/uploads\/2024\/03\/WhatsApp-Image-2024-03-20-at-11.09.55-1.jpeg?fit=2000%2C1500&ssl=1","jetpack_shortlink":"https:\/\/wp.me\/p8M4X7-1Xp","jetpack-related-posts":[{"id":7609,"url":"https:\/\/cepronda.com\/blog\/celebrando-una-jornada-erasmus-de-colaboracion-educativa-en-el-ceip-virgen-de-la-concepcion-de-montejaque-con-una-experta-invitada-europea\/","url_meta":{"origin":7527,"position":0},"title":"\u00a1Celebrando una jornada Erasmus de colaboraci\u00f3n educativa en el CEIP Virgen de la Concepci\u00f3n de Montejaque, con una experta invitada europea!","author":"Inmaculada Garc\u00eda","date":"8 mayo, 2024","format":false,"excerpt":"El CEP de Ronda est\u00e1 de enhorabuena por haber coordinado y fomentado la jornada de trabajo con diversos centros de la zona, en colaboraci\u00f3n con la experta invitada europea del consorcio Erasmus MEP Rural, Vittoria Volterrani. El ambiente en el CEIP Virgen de la Concepci\u00f3n fue inspirador, con una acogida\u2026","rel":"","context":"En \u00abFormaciones\u00bb","block_context":{"text":"Formaciones","link":"https:\/\/cepronda.com\/blog\/category\/formaciones\/"},"img":{"alt_text":"","src":"https:\/\/i0.wp.com\/cepronda.com\/blog\/wp-content\/uploads\/2024\/05\/WhatsApp-Image-2024-05-08-at-12.20.15.jpeg?fit=1200%2C900&ssl=1&resize=350%2C200","width":350,"height":200,"srcset":"https:\/\/i0.wp.com\/cepronda.com\/blog\/wp-content\/uploads\/2024\/05\/WhatsApp-Image-2024-05-08-at-12.20.15.jpeg?fit=1200%2C900&ssl=1&resize=350%2C200 1x, https:\/\/i0.wp.com\/cepronda.com\/blog\/wp-content\/uploads\/2024\/05\/WhatsApp-Image-2024-05-08-at-12.20.15.jpeg?fit=1200%2C900&ssl=1&resize=525%2C300 1.5x, https:\/\/i0.wp.com\/cepronda.com\/blog\/wp-content\/uploads\/2024\/05\/WhatsApp-Image-2024-05-08-at-12.20.15.jpeg?fit=1200%2C900&ssl=1&resize=700%2C400 2x, https:\/\/i0.wp.com\/cepronda.com\/blog\/wp-content\/uploads\/2024\/05\/WhatsApp-Image-2024-05-08-at-12.20.15.jpeg?fit=1200%2C900&ssl=1&resize=1050%2C600 3x"},"classes":[]},{"id":5081,"url":"https:\/\/cepronda.com\/blog\/acreditacion-eramus-concesion-entrevista-en-canal-charry-meprural\/","url_meta":{"origin":7527,"position":1},"title":"ACREDITACI\u00d3N ERAMUS+. CONCESI\u00d3N. ENTREVISTA EN CANAL CHARRY. MEPRural.","author":"Maribel Mu\u00f1oz","date":"3 febrero, 2022","format":false,"excerpt":"Buenas tardes compa\u00f1eras y compa\u00f1eros Os compartimos el v\u00eddeo de la entrevista realizada por Canal Charry con motivo de la concesi\u00f3n de una Acreditaci\u00f3n Erasmus+ al Consorcio coordinado desde el CEP de Ronda, durante todo el periodo 21\/27.\u00a0 Con esta concesi\u00f3n de Acreditaci\u00f3n Erasmus+, el CEP de Ronda va a\u2026","rel":"","context":"En \u00abFormaciones\u00bb","block_context":{"text":"Formaciones","link":"https:\/\/cepronda.com\/blog\/category\/formaciones\/"},"img":{"alt_text":"","src":"https:\/\/i0.wp.com\/cepronda.com\/blog\/wp-content\/uploads\/2022\/02\/Publicacion-Erasmus.jpg?fit=1200%2C611&ssl=1&resize=350%2C200","width":350,"height":200,"srcset":"https:\/\/i0.wp.com\/cepronda.com\/blog\/wp-content\/uploads\/2022\/02\/Publicacion-Erasmus.jpg?fit=1200%2C611&ssl=1&resize=350%2C200 1x, https:\/\/i0.wp.com\/cepronda.com\/blog\/wp-content\/uploads\/2022\/02\/Publicacion-Erasmus.jpg?fit=1200%2C611&ssl=1&resize=525%2C300 1.5x, https:\/\/i0.wp.com\/cepronda.com\/blog\/wp-content\/uploads\/2022\/02\/Publicacion-Erasmus.jpg?fit=1200%2C611&ssl=1&resize=700%2C400 2x, https:\/\/i0.wp.com\/cepronda.com\/blog\/wp-content\/uploads\/2022\/02\/Publicacion-Erasmus.jpg?fit=1200%2C611&ssl=1&resize=1050%2C600 3x"},"classes":[]},{"id":5615,"url":"https:\/\/cepronda.com\/blog\/acompanamiento-en-internacionalizacion-de-centros-consorcio-erasmus\/","url_meta":{"origin":7527,"position":2},"title":"ACOMPA\u00d1AMIENTO EN INTERNACIONALIZACI\u00d3N DE CENTROS. CONSORCIO ERASMUS","author":"Maribel Mu\u00f1oz","date":"11 noviembre, 2022","format":false,"excerpt":"Buenas tardes compa\u00f1eras y compa\u00f1eros, Os\u00a0 informamos que est\u00e1 abierto el plazo de inscripci\u00f3n en el curso ACOMPA\u00d1AMIENTO EN INTERNACIONALIZACI\u00d3N DE CENTROS. CONSORCIO ERASMUS con c\u00f3digo 232924GE030. Fechas de inscripci\u00f3n : del 11\/11\/2022 al 21\/11\/2022 Fecha de inicio: 23\/11\/2022 Fecha finalizaci\u00f3n: 8\/02\/2023 Horas: 15\u00a0 ( 10h de videoconferencias y 5\u2026","rel":"","context":"En \u00abFormaciones\u00bb","block_context":{"text":"Formaciones","link":"https:\/\/cepronda.com\/blog\/category\/formaciones\/"},"img":{"alt_text":"","src":"https:\/\/i0.wp.com\/cepronda.com\/blog\/wp-content\/uploads\/2022\/11\/WhatsApp-Image-2022-11-10-at-17.04.44-1.jpeg?fit=848%2C1200&ssl=1&resize=350%2C200","width":350,"height":200,"srcset":"https:\/\/i0.wp.com\/cepronda.com\/blog\/wp-content\/uploads\/2022\/11\/WhatsApp-Image-2022-11-10-at-17.04.44-1.jpeg?fit=848%2C1200&ssl=1&resize=350%2C200 1x, https:\/\/i0.wp.com\/cepronda.com\/blog\/wp-content\/uploads\/2022\/11\/WhatsApp-Image-2022-11-10-at-17.04.44-1.jpeg?fit=848%2C1200&ssl=1&resize=525%2C300 1.5x, https:\/\/i0.wp.com\/cepronda.com\/blog\/wp-content\/uploads\/2022\/11\/WhatsApp-Image-2022-11-10-at-17.04.44-1.jpeg?fit=848%2C1200&ssl=1&resize=700%2C400 2x"},"classes":[]},{"id":4466,"url":"https:\/\/cepronda.com\/blog\/4466-2\/","url_meta":{"origin":7527,"position":3},"title":"CEP DE RONDA. ACREDITACI\u00d3N ERASMUS KA1 2021-2027","author":"Mar\u00eda Jos\u00e9 M\u00e1rquez","date":"21 abril, 2021","format":false,"excerpt":"Desde el CEP de Ronda queremos compartir con vosotros y vosotras nuestra alegr\u00eda porque se nos ha concedido la Acreditaci\u00f3n Erasmus en el \u00c1mbito de la Educaci\u00f3n Escolar para el per\u00edodo 2021-2027, lo que nos permitir\u00e1 continuar con nuestro objetivo de apoyar la internacionalizaci\u00f3n de los centros educativos de nuestro\u2026","rel":"","context":"En \u00abFormaciones\u00bb","block_context":{"text":"Formaciones","link":"https:\/\/cepronda.com\/blog\/category\/formaciones\/"},"img":{"alt_text":"","src":"https:\/\/i0.wp.com\/cepronda.com\/blog\/wp-content\/uploads\/2021\/04\/acreditacion-erasmus-cep-300x99.jpeg?resize=350%2C200","width":350,"height":200},"classes":[]},{"id":4061,"url":"https:\/\/cepronda.com\/blog\/consorcio-eramus-entrevista-en-charrytv\/","url_meta":{"origin":7527,"position":4},"title":"CONSORCIO ERAMUS+. Entrevista en CharryTV","author":"Maribel Mu\u00f1oz","date":"18 diciembre, 2020","format":false,"excerpt":"Buenas tardes compa\u00f1eras y compa\u00f1eros, Os hacemos llegar la entrevista realizada por Charry TV al Equipo Erasmus del CEP de Ronda, como consecuencia de la puesta en marcha del Consorcio KA101 que coordina y\u00a0 en el cual participan diez centros de nuestro \u00e1mbito de actuaci\u00f3n.\u00a0 Deseamos que sea de vuestro\u2026","rel":"","context":"En \u00abNoticias\u00bb","block_context":{"text":"Noticias","link":"https:\/\/cepronda.com\/blog\/category\/noticias\/"},"img":{"alt_text":"","src":"https:\/\/i0.wp.com\/cepronda.com\/blog\/wp-content\/uploads\/2020\/10\/erasmus.jpg?fit=500%2C500&ssl=1&resize=350%2C200","width":350,"height":200},"classes":[]},{"id":7811,"url":"https:\/\/cepronda.com\/blog\/celebracion-del-erasmus-day-un-agradecimiento-a-todos-los-centros-participantes\/","url_meta":{"origin":7527,"position":5},"title":"CELEBRACI\u00d3N DEL ERASMUS DAY. UN AGRADECIMIENTO A TODOS LOS CENTROS PARTICIPANTES.","author":"Maribel Mu\u00f1oz","date":"24 octubre, 2024","format":false,"excerpt":"En el marco del Erasmus Day, queremos dedicar este espacio para agradecer a todos los centros que han participado activamente en las movilidades docentes durante el curso 2023\/2024 dentro del Consorcio MEPRural del CEP de Ronda. El programa Erasmus+ sigue siendo una oportunidad \u00fanica para el intercambio de experiencias, conocimientos\u2026","rel":"","context":"En \u00abFormaciones\u00bb","block_context":{"text":"Formaciones","link":"https:\/\/cepronda.com\/blog\/category\/formaciones\/"},"img":{"alt_text":"","src":"https:\/\/i0.wp.com\/cepronda.com\/blog\/wp-content\/uploads\/2024\/10\/Erasmus-day-video-portada.jpg?fit=446%2C787&ssl=1&resize=350%2C200","width":350,"height":200},"classes":[]}],"jetpack_sharing_enabled":true,"_links":{"self":[{"href":"https:\/\/cepronda.com\/blog\/wp-json\/wp\/v2\/posts\/7527","targetHints":{"allow":["GET"]}}],"collection":[{"href":"https:\/\/cepronda.com\/blog\/wp-json\/wp\/v2\/posts"}],"about":[{"href":"https:\/\/cepronda.com\/blog\/wp-json\/wp\/v2\/types\/post"}],"author":[{"embeddable":true,"href":"https:\/\/cepronda.com\/blog\/wp-json\/wp\/v2\/users\/9"}],"replies":[{"embeddable":true,"href":"https:\/\/cepronda.com\/blog\/wp-json\/wp\/v2\/comments?post=7527"}],"version-history":[{"count":3,"href":"https:\/\/cepronda.com\/blog\/wp-json\/wp\/v2\/posts\/7527\/revisions"}],"predecessor-version":[{"id":7534,"href":"https:\/\/cepronda.com\/blog\/wp-json\/wp\/v2\/posts\/7527\/revisions\/7534"}],"wp:featuredmedia":[{"embeddable":true,"href":"https:\/\/cepronda.com\/blog\/wp-json\/wp\/v2\/media\/7528"}],"wp:attachment":[{"href":"https:\/\/cepronda.com\/blog\/wp-json\/wp\/v2\/media?parent=7527"}],"wp:term":[{"taxonomy":"category","embeddable":true,"href":"https:\/\/cepronda.com\/blog\/wp-json\/wp\/v2\/categories?post=7527"},{"taxonomy":"post_tag","embeddable":true,"href":"https:\/\/cepronda.com\/blog\/wp-json\/wp\/v2\/tags?post=7527"}],"curies":[{"name":"wp","href":"https:\/\/api.w.org\/{rel}","templated":true}]}}