{"id":7522,"date":"2024-03-18T13:35:21","date_gmt":"2024-03-18T12:35:21","guid":{"rendered":"https:\/\/cepronda.com\/blog\/?p=7522"},"modified":"2025-02-21T11:06:12","modified_gmt":"2025-02-21T10:06:12","slug":"jornadas-formativas-provinciales-de-ensenanzas-de-regimen-especial-para-profesionales-de-la-orientacion-educativa-242922ge253","status":"publish","type":"post","link":"https:\/\/cepronda.com\/blog\/jornadas-formativas-provinciales-de-ensenanzas-de-regimen-especial-para-profesionales-de-la-orientacion-educativa-242922ge253\/","title":{"rendered":"JORNADAS FORMATIVAS PROVINCIALES DE ENSE\u00d1ANZAS DE R\u00c9GIMEN ESPECIAL PARA PROFESIONALES DE LA ORIENTACI\u00d3N EDUCATIVA. (242922GE253)"},"content":{"rendered":"<p>Se encuentra abierto el plazo de inscripci\u00f3n de la actividad provincial <strong>\u201cJORNADAS FORMATIVAS PROVINCIALES DE ENSE\u00d1ANZAS DE R\u00c9GIMEN ESPECIAL PARA PROFESIONALES DE LA ORIENTACI\u00d3N EDUCATIVA\u201d<\/strong>, dirigida a orientadores y orientadoras de centros p\u00fablicos dependientes de la Junta de Andaluc\u00eda.<\/p>\n<div>\n<div>\n<ul>\n<li><strong>T\u00edtulo:<\/strong> JORNADAS FORMATIVAS PROVINCIALES DE ENSE\u00d1ANZAS DE R\u00c9GIMEN ESPECIAL PARA PROFESIONALES DE LA ORIENTACI\u00d3N EDUCATIVA<\/li>\n<li><strong>C\u00f3digo:<\/strong> 242922GE253<\/li>\n<li><strong>Modalidad:<\/strong> Presencial.<\/li>\n<li><strong>\u00c1mbito:\u00a0<\/strong>Provincial.<\/li>\n<li><strong>Lugar de realizaci\u00f3n:<\/strong> Instituto Andaluz del Deporte (IAD). Avenida Santa Rosa de Lima, 5. M\u00e1laga.<\/li>\n<li><b>Fecha actividad:<\/b> 16\/04\/2024<\/li>\n<li><strong>Duraci\u00f3n:<\/strong> 8 h presenciales<\/li>\n<li><b>Fecha inscripci\u00f3n:<\/b>\u00a018\/03\/2024 hasta 30\/03\/2024<\/li>\n<\/ul>\n<\/div>\n<div>\n<ul>\n<li><strong>Detalles e inscripci\u00f3n:<\/strong><a href=\"https:\/\/www.juntadeandalucia.es\/educacion\/secretariavirtual\/consultaCEP\/actividad\/242922GE253\/\"> https:\/\/www.juntadeandalucia.es\/educacion\/secretariavirtual\/consultaCEP\/actividad\/242922GE253\/<\/a><\/li>\n<\/ul>\n<p>Esperamos que sea de vuestro inter\u00e9s.<\/p>\n<\/div>\n<\/div>\n<p><img data-recalc-dims=\"1\" loading=\"lazy\" decoding=\"async\" class=\"aligncenter wp-image-7523 size-medium\" src=\"https:\/\/i0.wp.com\/cepronda.com\/blog\/wp-content\/uploads\/2024\/03\/WhatsApp-Image-2024-03-18-at-13.32.28.jpeg?resize=300%2C300&#038;ssl=1\" alt=\"\" width=\"300\" height=\"300\" srcset=\"https:\/\/i0.wp.com\/cepronda.com\/blog\/wp-content\/uploads\/2024\/03\/WhatsApp-Image-2024-03-18-at-13.32.28.jpeg?resize=300%2C300&amp;ssl=1 300w, https:\/\/i0.wp.com\/cepronda.com\/blog\/wp-content\/uploads\/2024\/03\/WhatsApp-Image-2024-03-18-at-13.32.28.jpeg?resize=1024%2C1024&amp;ssl=1 1024w, https:\/\/i0.wp.com\/cepronda.com\/blog\/wp-content\/uploads\/2024\/03\/WhatsApp-Image-2024-03-18-at-13.32.28.jpeg?resize=150%2C150&amp;ssl=1 150w, https:\/\/i0.wp.com\/cepronda.com\/blog\/wp-content\/uploads\/2024\/03\/WhatsApp-Image-2024-03-18-at-13.32.28.jpeg?resize=768%2C768&amp;ssl=1 768w, https:\/\/i0.wp.com\/cepronda.com\/blog\/wp-content\/uploads\/2024\/03\/WhatsApp-Image-2024-03-18-at-13.32.28.jpeg?resize=1536%2C1536&amp;ssl=1 1536w, https:\/\/i0.wp.com\/cepronda.com\/blog\/wp-content\/uploads\/2024\/03\/WhatsApp-Image-2024-03-18-at-13.32.28.jpeg?resize=50%2C50&amp;ssl=1 50w, https:\/\/i0.wp.com\/cepronda.com\/blog\/wp-content\/uploads\/2024\/03\/WhatsApp-Image-2024-03-18-at-13.32.28.jpeg?w=1599&amp;ssl=1 1599w\" sizes=\"auto, (max-width: 300px) 100vw, 300px\" \/><\/p>\n","protected":false},"excerpt":{"rendered":"<p>Se encuentra abierto el plazo de inscripci\u00f3n de la actividad provincial \u201cJORNADAS FORMATIVAS PROVINCIALES DE ENSE\u00d1ANZAS DE R\u00c9GIMEN ESPECIAL PARA PROFESIONALES DE LA ORIENTACI\u00d3N EDUCATIVA\u201d, dirigida a orientadores y orientadoras de centros p\u00fablicos dependientes de la Junta de Andaluc\u00eda. T\u00edtulo: JORNADAS FORMATIVAS PROVINCIALES DE ENSE\u00d1ANZAS DE R\u00c9GIMEN ESPECIAL PARA PROFESIONALES DE LA ORIENTACI\u00d3N EDUCATIVA C\u00f3digo: [&hellip;]<\/p>\n","protected":false},"author":9,"featured_media":7523,"comment_status":"closed","ping_status":"open","sticky":false,"template":"","format":"standard","meta":{"_crdt_document":"","advanced_seo_description":"","jetpack_seo_html_title":"","jetpack_seo_noindex":false,"jetpack_post_was_ever_published":false,"_jetpack_newsletter_access":"","_jetpack_dont_email_post_to_subs":false,"_jetpack_newsletter_tier_id":0,"_jetpack_memberships_contains_paywalled_content":false,"_jetpack_memberships_contains_paid_content":false,"footnotes":"","jetpack_publicize_message":"","jetpack_publicize_feature_enabled":true,"jetpack_social_post_already_shared":false,"jetpack_social_options":{"image_generator_settings":{"template":"highway","default_image_id":0,"font":"","enabled":false},"version":2}},"categories":[3],"tags":[126,159,188,333],"class_list":{"0":"post-7522","1":"post","2":"type-post","3":"status-publish","4":"format-standard","5":"has-post-thumbnail","7":"category-formaciones","8":"tag-atencion-a-la-diversidad","9":"tag-ensenanzas-de-regimen-especial","10":"tag-jornadas-provinciales","11":"tag-orientacion","12":"czr-hentry"},"jetpack_publicize_connections":[],"jetpack_featured_media_url":"https:\/\/i0.wp.com\/cepronda.com\/blog\/wp-content\/uploads\/2024\/03\/WhatsApp-Image-2024-03-18-at-13.32.28.jpeg?fit=1599%2C1600&ssl=1","jetpack_shortlink":"https:\/\/wp.me\/p8M4X7-1Xk","jetpack-related-posts":[{"id":8255,"url":"https:\/\/cepronda.com\/blog\/jornadas-formativas-de-ensenanzas-de-regimen-especial-y-de-educacion-permanente-de-la-orientacion-educativa-con-codigo-259922oe010\/","url_meta":{"origin":7522,"position":0},"title":"JORNADAS FORMATIVAS DE ENSE\u00d1ANZAS DE R\u00c9GIMEN ESPECIAL Y DE EDUCACI\u00d3N PERMANENTE","author":"Inmaculada Garc\u00eda","date":"3 marzo, 2025","format":false,"excerpt":"Abierto el plazo de inscripci\u00f3n a las Jornadas Provinciales: JORNADAS FORMATIVAS DE ENSE\u00d1ANZAS DE R\u00c9GIMEN ESPECIAL Y DE EDUCACI\u00d3N PERMANENTE DE LA ORIENTACI\u00d3N EDUCATIVA, con c\u00f3digo: 259922OE010. Con una duraci\u00f3n de 8 horas presenciales. Dirigido a Profesorado de la especialidad de Orientaci\u00f3n Educativa, de centros p\u00fablicos y concertados (sostenidos con\u2026","rel":"","context":"En \u00abFormaciones\u00bb","block_context":{"text":"Formaciones","link":"https:\/\/cepronda.com\/blog\/category\/formaciones\/"},"img":{"alt_text":"","src":"https:\/\/i0.wp.com\/cepronda.com\/blog\/wp-content\/uploads\/2025\/03\/WhatsApp-Image-2025-03-03-at-13.03.49.jpeg?fit=1080%2C1080&ssl=1&resize=350%2C200","width":350,"height":200,"srcset":"https:\/\/i0.wp.com\/cepronda.com\/blog\/wp-content\/uploads\/2025\/03\/WhatsApp-Image-2025-03-03-at-13.03.49.jpeg?fit=1080%2C1080&ssl=1&resize=350%2C200 1x, https:\/\/i0.wp.com\/cepronda.com\/blog\/wp-content\/uploads\/2025\/03\/WhatsApp-Image-2025-03-03-at-13.03.49.jpeg?fit=1080%2C1080&ssl=1&resize=525%2C300 1.5x, https:\/\/i0.wp.com\/cepronda.com\/blog\/wp-content\/uploads\/2025\/03\/WhatsApp-Image-2025-03-03-at-13.03.49.jpeg?fit=1080%2C1080&ssl=1&resize=700%2C400 2x, https:\/\/i0.wp.com\/cepronda.com\/blog\/wp-content\/uploads\/2025\/03\/WhatsApp-Image-2025-03-03-at-13.03.49.jpeg?fit=1080%2C1080&ssl=1&resize=1050%2C600 3x"},"classes":[]},{"id":8169,"url":"https:\/\/cepronda.com\/blog\/jornadas-provinciales-nuevos-retos-para-las-direcciones-de-secundaria-bachillerato-formacion-profesional-y-ensenanzas-de-regimen-especial-con-codigo-252923ge804\/","url_meta":{"origin":7522,"position":1},"title":"NUEVOS RETOS PARA LAS DIRECCIONES DE SECUNDARIA, BACHILLERATO, FORMACI\u00d3N PROFESIONAL Y ENSE\u00d1ANZAS DE R\u00c9GIMEN ESPECIAL","author":"Inmaculada Garc\u00eda","date":"19 febrero, 2025","format":false,"excerpt":"Abierto plazo solicitudes de las Jornadas Provinciales: \"NUEVOS RETOS PARA LAS DIRECCIONES DE SECUNDARIA, BACHILLERATO, FORMACI\u00d3N PROFESIONAL Y ENSE\u00d1ANZAS DE R\u00c9GIMEN ESPECIAL\", con c\u00f3digo 252923GE804, que organizamos en colaboraci\u00f3n con ADIAN. Dirigidas a directores y directoras de Secundaria, Bachillerato, F.P, ERE de la provincia de M\u00e1laga. Inscripciones: 18\/02\/2025 - 13\/03\/2025\u2026","rel":"","context":"En \u00abNoticias\u00bb","block_context":{"text":"Noticias","link":"https:\/\/cepronda.com\/blog\/category\/noticias\/"},"img":{"alt_text":"","src":"https:\/\/i0.wp.com\/cepronda.com\/blog\/wp-content\/uploads\/2025\/02\/cartel-direcciones-secundaria.jpeg?fit=1080%2C1080&ssl=1&resize=350%2C200","width":350,"height":200,"srcset":"https:\/\/i0.wp.com\/cepronda.com\/blog\/wp-content\/uploads\/2025\/02\/cartel-direcciones-secundaria.jpeg?fit=1080%2C1080&ssl=1&resize=350%2C200 1x, https:\/\/i0.wp.com\/cepronda.com\/blog\/wp-content\/uploads\/2025\/02\/cartel-direcciones-secundaria.jpeg?fit=1080%2C1080&ssl=1&resize=525%2C300 1.5x, https:\/\/i0.wp.com\/cepronda.com\/blog\/wp-content\/uploads\/2025\/02\/cartel-direcciones-secundaria.jpeg?fit=1080%2C1080&ssl=1&resize=700%2C400 2x, https:\/\/i0.wp.com\/cepronda.com\/blog\/wp-content\/uploads\/2025\/02\/cartel-direcciones-secundaria.jpeg?fit=1080%2C1080&ssl=1&resize=1050%2C600 3x"},"classes":[]},{"id":7591,"url":"https:\/\/cepronda.com\/blog\/i-jornadas-provinciales-profesorado-de-educacion-plastica-visual-y-audiovisual\/","url_meta":{"origin":7522,"position":2},"title":"I JORNADAS PROVINCIALES PROFESORADO DE EDUCACI\u00d3N PL\u00c1STICA, VISUAL Y AUDIOVISUAL.","author":"Mamen Moreno","date":"22 abril, 2024","format":false,"excerpt":"Abierto el plazo de solicitudes de las I JORNADAS PROVINCIALES PROFESORADO DE EDUCACI\u00d3N PL\u00c1STICA, VISUAL Y AUDIOVISUAL. 8 horas presenciales (Lugar: Colecci\u00f3n del Museo Ruso de M\u00e1laga). Fecha inscripci\u00f3n: 22\/04\/2024 hasta 06\/05\/2024. Fecha actividad: 16\/05\/2024. M\u00e1s informaci\u00f3n e inscripci\u00f3n: https:\/\/www.juntadeandalucia.es\/educacion\/secretariavirtual\/consultaCEP\/actividad\/242922GE257\/","rel":"","context":"En \u00abNoticias\u00bb","block_context":{"text":"Noticias","link":"https:\/\/cepronda.com\/blog\/category\/noticias\/"},"img":{"alt_text":"","src":"https:\/\/i0.wp.com\/cepronda.com\/blog\/wp-content\/uploads\/2024\/04\/WhatsApp-Image-2024-04-20-at-11.09.52.jpeg?fit=942%2C787&ssl=1&resize=350%2C200","width":350,"height":200,"srcset":"https:\/\/i0.wp.com\/cepronda.com\/blog\/wp-content\/uploads\/2024\/04\/WhatsApp-Image-2024-04-20-at-11.09.52.jpeg?fit=942%2C787&ssl=1&resize=350%2C200 1x, https:\/\/i0.wp.com\/cepronda.com\/blog\/wp-content\/uploads\/2024\/04\/WhatsApp-Image-2024-04-20-at-11.09.52.jpeg?fit=942%2C787&ssl=1&resize=525%2C300 1.5x, https:\/\/i0.wp.com\/cepronda.com\/blog\/wp-content\/uploads\/2024\/04\/WhatsApp-Image-2024-04-20-at-11.09.52.jpeg?fit=942%2C787&ssl=1&resize=700%2C400 2x"},"classes":[]},{"id":583,"url":"https:\/\/cepronda.com\/blog\/actividades-a-nivel-regional-en-malaga-congreso-andaluz-de-tecnologia-y-jornada-de-orientacion-educativa\/","url_meta":{"origin":7522,"position":3},"title":"Actividades a nivel regional en M\u00e1laga: Congreso Andaluz de Tecnolog\u00eda y Jornada de Orientaci\u00f3n educativa","author":"V\u00edctor Caballero","date":"9 enero, 2017","format":false,"excerpt":"Muy buenas, Desde el CEP de M\u00e1laga nos informan de estas dos actividades que se van a realizar pr\u00f3ximamente y que creemos que a algunas personas os puede interesar. Por un lado el\u00a0 I Congreso Andaluz de Tecnolog\u00eda nace con la intenci\u00f3n de crear un espacio peri\u00f3dico de encuentro, reflexi\u00f3n\u2026","rel":"","context":"En \u00abNoticias\u00bb","block_context":{"text":"Noticias","link":"https:\/\/cepronda.com\/blog\/category\/noticias\/"},"img":{"alt_text":"","src":"","width":0,"height":0},"classes":[]},{"id":8025,"url":"https:\/\/cepronda.com\/blog\/orientacion-vocacional-academica-y-profesional-en-orientacion-educativa-codigo-252922ge059\/","url_meta":{"origin":7522,"position":4},"title":"ORIENTACI\u00d3N VOCACIONAL, ACAD\u00c9MICA Y PROFESIONAL EN ORIENTACI\u00d3N EDUCATIVA. C\u00f3digo: 252922GE059.","author":"Inmaculada Garc\u00eda","date":"13 enero, 2025","format":false,"excerpt":"Abierto el plazo de solicitudes para la actividad formativa provincial a distancia: ORIENTACI\u00d3N VOCACIONAL, ACAD\u00c9MICA Y PROFESIONAL EN ORIENTACI\u00d3N EDUCATIVA. C\u00f3digo: 252922GE059. Curso a distancia de 30h. Dirigido preferentemente al Profesorado de la especialidad Orientaci\u00f3n Educativa de las distintas etapas educativas. Inscripci\u00f3n: 13\/01\/\/2025 al 26\/01\/2025. Fecha de actividad 10\/02\/2025 hasta\u2026","rel":"","context":"En \u00abFormaciones\u00bb","block_context":{"text":"Formaciones","link":"https:\/\/cepronda.com\/blog\/category\/formaciones\/"},"img":{"alt_text":"","src":"https:\/\/i0.wp.com\/cepronda.com\/blog\/wp-content\/uploads\/2025\/01\/WhatsApp-Image-2025-01-13-at-08.19.10.jpeg?fit=1080%2C1080&ssl=1&resize=350%2C200","width":350,"height":200,"srcset":"https:\/\/i0.wp.com\/cepronda.com\/blog\/wp-content\/uploads\/2025\/01\/WhatsApp-Image-2025-01-13-at-08.19.10.jpeg?fit=1080%2C1080&ssl=1&resize=350%2C200 1x, https:\/\/i0.wp.com\/cepronda.com\/blog\/wp-content\/uploads\/2025\/01\/WhatsApp-Image-2025-01-13-at-08.19.10.jpeg?fit=1080%2C1080&ssl=1&resize=525%2C300 1.5x, https:\/\/i0.wp.com\/cepronda.com\/blog\/wp-content\/uploads\/2025\/01\/WhatsApp-Image-2025-01-13-at-08.19.10.jpeg?fit=1080%2C1080&ssl=1&resize=700%2C400 2x, https:\/\/i0.wp.com\/cepronda.com\/blog\/wp-content\/uploads\/2025\/01\/WhatsApp-Image-2025-01-13-at-08.19.10.jpeg?fit=1080%2C1080&ssl=1&resize=1050%2C600 3x"},"classes":[]},{"id":5610,"url":"https:\/\/cepronda.com\/blog\/plataforma-iseneca-ipasen-ensenanzas-artisticas-de-musica-cuaderno-de-clase\/","url_meta":{"origin":7522,"position":5},"title":"PLATAFORMA ISENECA\/IPASEN ENSE\u00d1ANZAS ART\u00cdSTICAS DE M\u00daSICA. CUADERNO DE CLASE.","author":"Maribel Mu\u00f1oz","date":"11 noviembre, 2022","format":false,"excerpt":"Buenas tardes compa\u00f1eras y compa\u00f1eros, Os\u00a0 informamos que est\u00e1 abierto el plazo de inscripci\u00f3n en el curso provincial\u00a0 PLATAFORMA ISENECA\/IPASEN ENSE\u00d1ANZAS ART\u00cdSTICAS DE M\u00daSICA. CUADERNO DE CLASE con c\u00f3digo 232924GE031. Fechas de inscripci\u00f3n : del 11\/11\/2022 al 25\/11\/2022 Fecha de inicio: 1\/12\/2022 Fecha finalizaci\u00f3n: 23\/01\/2023 Horas: 15\u00a0 ( 8h de\u2026","rel":"","context":"En \u00abFormaciones\u00bb","block_context":{"text":"Formaciones","link":"https:\/\/cepronda.com\/blog\/category\/formaciones\/"},"img":{"alt_text":"","src":"https:\/\/i0.wp.com\/cepronda.com\/blog\/wp-content\/uploads\/2022\/11\/WhatsApp-Image-2022-11-10-at-17.04.44.jpeg?fit=848%2C1200&ssl=1&resize=350%2C200","width":350,"height":200,"srcset":"https:\/\/i0.wp.com\/cepronda.com\/blog\/wp-content\/uploads\/2022\/11\/WhatsApp-Image-2022-11-10-at-17.04.44.jpeg?fit=848%2C1200&ssl=1&resize=350%2C200 1x, https:\/\/i0.wp.com\/cepronda.com\/blog\/wp-content\/uploads\/2022\/11\/WhatsApp-Image-2022-11-10-at-17.04.44.jpeg?fit=848%2C1200&ssl=1&resize=525%2C300 1.5x, https:\/\/i0.wp.com\/cepronda.com\/blog\/wp-content\/uploads\/2022\/11\/WhatsApp-Image-2022-11-10-at-17.04.44.jpeg?fit=848%2C1200&ssl=1&resize=700%2C400 2x"},"classes":[]}],"jetpack_sharing_enabled":true,"_links":{"self":[{"href":"https:\/\/cepronda.com\/blog\/wp-json\/wp\/v2\/posts\/7522","targetHints":{"allow":["GET"]}}],"collection":[{"href":"https:\/\/cepronda.com\/blog\/wp-json\/wp\/v2\/posts"}],"about":[{"href":"https:\/\/cepronda.com\/blog\/wp-json\/wp\/v2\/types\/post"}],"author":[{"embeddable":true,"href":"https:\/\/cepronda.com\/blog\/wp-json\/wp\/v2\/users\/9"}],"replies":[{"embeddable":true,"href":"https:\/\/cepronda.com\/blog\/wp-json\/wp\/v2\/comments?post=7522"}],"version-history":[{"count":1,"href":"https:\/\/cepronda.com\/blog\/wp-json\/wp\/v2\/posts\/7522\/revisions"}],"predecessor-version":[{"id":7524,"href":"https:\/\/cepronda.com\/blog\/wp-json\/wp\/v2\/posts\/7522\/revisions\/7524"}],"wp:featuredmedia":[{"embeddable":true,"href":"https:\/\/cepronda.com\/blog\/wp-json\/wp\/v2\/media\/7523"}],"wp:attachment":[{"href":"https:\/\/cepronda.com\/blog\/wp-json\/wp\/v2\/media?parent=7522"}],"wp:term":[{"taxonomy":"category","embeddable":true,"href":"https:\/\/cepronda.com\/blog\/wp-json\/wp\/v2\/categories?post=7522"},{"taxonomy":"post_tag","embeddable":true,"href":"https:\/\/cepronda.com\/blog\/wp-json\/wp\/v2\/tags?post=7522"}],"curies":[{"name":"wp","href":"https:\/\/api.w.org\/{rel}","templated":true}]}}