{"id":7519,"date":"2024-03-18T13:22:58","date_gmt":"2024-03-18T12:22:58","guid":{"rendered":"https:\/\/cepronda.com\/blog\/?p=7519"},"modified":"2025-02-07T11:37:27","modified_gmt":"2025-02-07T10:37:27","slug":"comunicacion-y-trabajo-en-equipo-lo-implementamos-en-el-aula-de-fp-24403ge056","status":"publish","type":"post","link":"https:\/\/cepronda.com\/blog\/comunicacion-y-trabajo-en-equipo-lo-implementamos-en-el-aula-de-fp-24403ge056\/","title":{"rendered":"\u00abCOMUNICACI\u00d3N Y TRABAJO EN EQUIPO: LO IMPLEMENTAMOS EN EL AULA DE FP\u00bb (24403GE056)"},"content":{"rendered":"<p>Se encuentra abierto el plazo de inscripci\u00f3n de la actividad regional <strong>\u00abCOMUNICACI\u00d3N Y TRABAJO EN EQUIPO: LO IMPLEMENTAMOS EN EL AULA DE FP\u00bb<\/strong>, dirigida al profesorado de Formaci\u00f3n Profesional.<\/p>\n<div>\n<div>\n<ul>\n<li><strong>T\u00edtulo:<\/strong>\u00a0COMUNICACI\u00d3N Y TRABAJO EN EQUIPO: LO IMPLEMENTAMOS EN EL AULA DE FP<\/li>\n<li><strong>C\u00f3digo:<\/strong>\u00a024403GE056<\/li>\n<li><strong>Modalidad:<\/strong>\u00a0Curso a Distancia<\/li>\n<li><strong>\u00c1mbito:\u00a0<\/strong>Regional<\/li>\n<li><strong>Lugar de realizaci\u00f3n:<\/strong>\u00a0AVFP<\/li>\n<li><strong>Fecha actividad:<\/strong>\u00a015\/04\/2024 hasta 24\/05\/2024<\/li>\n<li><strong>Duraci\u00f3n:<\/strong>\u00a030 h (0 presenciales y 30 no presenciales)<\/li>\n<li><strong>Fecha inscripci\u00f3n:<\/strong>\u00a018\/03\/2024 hasta 08\/04\/2024<\/li>\n<\/ul>\n<\/div>\n<div>\n<ul>\n<li><strong>Detalles e inscripci\u00f3n:<\/strong>\u00a0\u00a0<a href=\"https:\/\/www.juntadeandalucia.es\/educacion\/secretariavirtual\/consultaCEP\/actividad\/24403GE056\/\" target=\"_blank\" rel=\"noopener noreferrer\" data-saferedirecturl=\"https:\/\/www.google.com\/url?q=https:\/\/www.juntadeandalucia.es\/educacion\/secretariavirtual\/consultaCEP\/actividad\/24403GE056\/&amp;source=gmail&amp;ust=1711009063195000&amp;usg=AOvVaw3XykeRflPaJZP0mAGBzxns\">https:\/\/www.<wbr \/>juntadeandalucia.es\/educacion\/<wbr \/>secretariavirtual\/consultaCEP\/<wbr \/>actividad\/24403GE056\/<\/a><\/li>\n<\/ul>\n<p>Esperamos que sea de vuestro inter\u00e9s.<img data-recalc-dims=\"1\" loading=\"lazy\" decoding=\"async\" class=\"aligncenter wp-image-7520 size-medium\" src=\"https:\/\/i0.wp.com\/cepronda.com\/blog\/wp-content\/uploads\/2024\/03\/ComunicaciA%C6%92AEA%E2%80%A0aE%E2%84%A2A%C6%92aEsA%E2%80%9AA%C2%B3n-y-trabajo-en-equipo-1.png?resize=300%2C300&#038;ssl=1\" alt=\"\" width=\"300\" height=\"300\" srcset=\"https:\/\/i0.wp.com\/cepronda.com\/blog\/wp-content\/uploads\/2024\/03\/ComunicaciA%C6%92AEA%E2%80%A0aE%E2%84%A2A%C6%92aEsA%E2%80%9AA%C2%B3n-y-trabajo-en-equipo-1.png?resize=300%2C300&amp;ssl=1 300w, https:\/\/i0.wp.com\/cepronda.com\/blog\/wp-content\/uploads\/2024\/03\/ComunicaciA%C6%92AEA%E2%80%A0aE%E2%84%A2A%C6%92aEsA%E2%80%9AA%C2%B3n-y-trabajo-en-equipo-1.png?resize=1024%2C1024&amp;ssl=1 1024w, https:\/\/i0.wp.com\/cepronda.com\/blog\/wp-content\/uploads\/2024\/03\/ComunicaciA%C6%92AEA%E2%80%A0aE%E2%84%A2A%C6%92aEsA%E2%80%9AA%C2%B3n-y-trabajo-en-equipo-1.png?resize=150%2C150&amp;ssl=1 150w, https:\/\/i0.wp.com\/cepronda.com\/blog\/wp-content\/uploads\/2024\/03\/ComunicaciA%C6%92AEA%E2%80%A0aE%E2%84%A2A%C6%92aEsA%E2%80%9AA%C2%B3n-y-trabajo-en-equipo-1.png?resize=768%2C768&amp;ssl=1 768w, https:\/\/i0.wp.com\/cepronda.com\/blog\/wp-content\/uploads\/2024\/03\/ComunicaciA%C6%92AEA%E2%80%A0aE%E2%84%A2A%C6%92aEsA%E2%80%9AA%C2%B3n-y-trabajo-en-equipo-1.png?resize=50%2C50&amp;ssl=1 50w, https:\/\/i0.wp.com\/cepronda.com\/blog\/wp-content\/uploads\/2024\/03\/ComunicaciA%C6%92AEA%E2%80%A0aE%E2%84%A2A%C6%92aEsA%E2%80%9AA%C2%B3n-y-trabajo-en-equipo-1.png?w=1080&amp;ssl=1 1080w\" sizes=\"auto, (max-width: 300px) 100vw, 300px\" \/><\/p>\n<\/div>\n<\/div>\n","protected":false},"excerpt":{"rendered":"<p>Se encuentra abierto el plazo de inscripci\u00f3n de la actividad regional \u00abCOMUNICACI\u00d3N Y TRABAJO EN EQUIPO: LO IMPLEMENTAMOS EN EL AULA DE FP\u00bb, dirigida al profesorado de Formaci\u00f3n Profesional. T\u00edtulo:\u00a0COMUNICACI\u00d3N Y TRABAJO EN EQUIPO: LO IMPLEMENTAMOS EN EL AULA DE FP C\u00f3digo:\u00a024403GE056 Modalidad:\u00a0Curso a Distancia \u00c1mbito:\u00a0Regional Lugar de realizaci\u00f3n:\u00a0AVFP Fecha actividad:\u00a015\/04\/2024 hasta 24\/05\/2024 Duraci\u00f3n:\u00a030 h [&hellip;]<\/p>\n","protected":false},"author":9,"featured_media":7520,"comment_status":"closed","ping_status":"open","sticky":false,"template":"","format":"standard","meta":{"_crdt_document":"","advanced_seo_description":"","jetpack_seo_html_title":"","jetpack_seo_noindex":false,"jetpack_post_was_ever_published":false,"_jetpack_newsletter_access":"","_jetpack_dont_email_post_to_subs":false,"_jetpack_newsletter_tier_id":0,"_jetpack_memberships_contains_paywalled_content":false,"_jetpack_memberships_contains_paid_content":false,"footnotes":"","jetpack_publicize_message":"","jetpack_publicize_feature_enabled":true,"jetpack_social_post_already_shared":false,"jetpack_social_options":{"image_generator_settings":{"template":"highway","default_image_id":0,"font":"","enabled":false},"version":2}},"categories":[3,5],"tags":[90,71],"class_list":{"0":"post-7519","1":"post","2":"type-post","3":"status-publish","4":"format-standard","5":"has-post-thumbnail","7":"category-formaciones","8":"category-noticias","9":"tag-cursos","10":"tag-formacion-profesional","11":"czr-hentry"},"jetpack_publicize_connections":[],"jetpack_featured_media_url":"https:\/\/i0.wp.com\/cepronda.com\/blog\/wp-content\/uploads\/2024\/03\/ComunicaciA%C6%92AEA%E2%80%A0aE%E2%84%A2A%C6%92aEsA%E2%80%9AA%C2%B3n-y-trabajo-en-equipo-1.png?fit=1080%2C1080&ssl=1","jetpack_shortlink":"https:\/\/wp.me\/p8M4X7-1Xh","jetpack-related-posts":[{"id":4238,"url":"https:\/\/cepronda.com\/blog\/programacion-didactica-la-evaluacion-en-fp-iv\/","url_meta":{"origin":7519,"position":0},"title":"PROGRAMACI\u00d3N DID\u00c1CTICA: LA EVALUACI\u00d3N EN FP (IV)","author":"Maribel Mu\u00f1oz","date":"4 marzo, 2021","format":false,"excerpt":"Buenas tardes compa\u00f1eras y compa\u00f1eros, Os informamos que est\u00e1 abiero el plazo de inscripci\u00f3n de la formaci\u00f3n PROGRAMACI\u00d3N DID\u00c1CTICA: LA EVALUACI\u00d3N EN FP (IV)\u00a0 211107FP013\u00a0 desde el martes 2 de marzo a las 10:00 hasta el 12\/03\/2021. La inscripci\u00f3n se cerrar\u00e1 cuando se llegue a las 315 solicitudes, aunque sea\u2026","rel":"","context":"En \u00abFormaciones\u00bb","block_context":{"text":"Formaciones","link":"https:\/\/cepronda.com\/blog\/category\/formaciones\/"},"img":{"alt_text":"","src":"https:\/\/i0.wp.com\/cepronda.com\/blog\/wp-content\/uploads\/2020\/09\/Logo-progamas-de-formacion-oficial.jpg?resize=350%2C200","width":350,"height":200},"classes":[]},{"id":7606,"url":"https:\/\/cepronda.com\/blog\/jornadas-tecnicas-de-colaboracion-del-sector-productivo-en-educacion-241410fp005\/","url_meta":{"origin":7519,"position":1},"title":"\u00abJORNADAS T\u00c9CNICAS DE COLABORACI\u00d3N DEL SECTOR PRODUCTIVO EN EDUCACI\u00d3N\u00bb (241410FP005)","author":"Inmaculada Garc\u00eda","date":"8 mayo, 2024","format":false,"excerpt":"Abierto el plazo de inscripci\u00f3n en la actividad de \u00e1mbito REGIONAL FP: \"Jornadas t\u00e9cnicas de colaboraci\u00f3n del sector productivo con Educaci\u00f3n.\" \u00a0 C\u00f3digo: 241410FP005 \u00c1mbito: Regional Modalidad: Curso presencial Lugar de realizaci\u00f3n: Parque Empresarial Pr\u00edncipe Felipe - Centro Tecnol\u00f3gico IAT (Lucena\/C\u00f3rdoba) \ufe0fFecha actividad: 05\/06\/2024 Fecha inscripci\u00f3n: 07\/05\/2024 hasta 28\/05\/2024 Duraci\u00f3n:\u2026","rel":"","context":"En \u00abFormaciones\u00bb","block_context":{"text":"Formaciones","link":"https:\/\/cepronda.com\/blog\/category\/formaciones\/"},"img":{"alt_text":"","src":"https:\/\/i0.wp.com\/cepronda.com\/blog\/wp-content\/uploads\/2024\/05\/fp-regional.jpg?fit=680%2C456&ssl=1&resize=350%2C200","width":350,"height":200,"srcset":"https:\/\/i0.wp.com\/cepronda.com\/blog\/wp-content\/uploads\/2024\/05\/fp-regional.jpg?fit=680%2C456&ssl=1&resize=350%2C200 1x, https:\/\/i0.wp.com\/cepronda.com\/blog\/wp-content\/uploads\/2024\/05\/fp-regional.jpg?fit=680%2C456&ssl=1&resize=525%2C300 1.5x"},"classes":[]},{"id":7712,"url":"https:\/\/cepronda.com\/blog\/convocatoria-regional-de-cursos-avfp-curso-2024-25\/","url_meta":{"origin":7519,"position":2},"title":"CONVOCATORIA REGIONAL DE CURSOS AVFP. CURSO 2024\/25.","author":"Inmaculada Garc\u00eda","date":"19 septiembre, 2024","format":false,"excerpt":"\u00a0 \u00a0 CONVOCATORIA REGIONAL DE CURSOS AVFP \u00a0 Os informamos que se encuentra abierto el plazo de inscripci\u00f3n en la convocatoria de cursos regional. La superaci\u00f3n de estos cursos supone la certificaci\u00f3n de diversos niveles de Competencia Digital Docente. - HERRAMIENTAS DIGITALES APLICADAS A LA DOCENCIA EN LA FORMACI\u00d3N PROFESIONAL,\u2026","rel":"","context":"En \u00abFormaciones\u00bb","block_context":{"text":"Formaciones","link":"https:\/\/cepronda.com\/blog\/category\/formaciones\/"},"img":{"alt_text":"","src":"https:\/\/i0.wp.com\/cepronda.com\/blog\/wp-content\/uploads\/2024\/09\/CURSOS.png?fit=1200%2C1200&ssl=1&resize=350%2C200","width":350,"height":200,"srcset":"https:\/\/i0.wp.com\/cepronda.com\/blog\/wp-content\/uploads\/2024\/09\/CURSOS.png?fit=1200%2C1200&ssl=1&resize=350%2C200 1x, https:\/\/i0.wp.com\/cepronda.com\/blog\/wp-content\/uploads\/2024\/09\/CURSOS.png?fit=1200%2C1200&ssl=1&resize=525%2C300 1.5x, https:\/\/i0.wp.com\/cepronda.com\/blog\/wp-content\/uploads\/2024\/09\/CURSOS.png?fit=1200%2C1200&ssl=1&resize=700%2C400 2x, https:\/\/i0.wp.com\/cepronda.com\/blog\/wp-content\/uploads\/2024\/09\/CURSOS.png?fit=1200%2C1200&ssl=1&resize=1050%2C600 3x"},"classes":[]},{"id":7480,"url":"https:\/\/cepronda.com\/blog\/como-mejorar-la-competencia-linguistica\/","url_meta":{"origin":7519,"position":3},"title":"\u00bfC\u00d3MO MEJORAR LA COMPETENCIA LING\u00dc\u00cdSTICA?","author":"Maribel Mu\u00f1oz","date":"20 febrero, 2024","format":false,"excerpt":"Abierto el plazo de inscripci\u00f3n para la formaci\u00f3n\u00a0\u201c\u00bfC\u00d3MO MEJORAR LA COMPETENCIA LING\u00dc\u00cdSTICA?\u201d. C\u00d3DIGO 242924GE021. Duraci\u00f3n de la actividad\u00a010 horas: 6 horas presenciales , 3 horas videoconferencia y 1 hora no presencial. Lugar de realizaci\u00f3n: Aula del CEP de Ronda y plataforma de videoconferencias. Fecha inscripci\u00f3n: 20\/02\/2024 hasta 30\/03\/2024 Fecha actividad:\u2026","rel":"","context":"En \u00abFormaciones\u00bb","block_context":{"text":"Formaciones","link":"https:\/\/cepronda.com\/blog\/category\/formaciones\/"},"img":{"alt_text":"","src":"https:\/\/i0.wp.com\/cepronda.com\/blog\/wp-content\/uploads\/2024\/02\/WhatsApp-Image-2024-02-20-at-12.32.48.jpeg?fit=1080%2C1080&ssl=1&resize=350%2C200","width":350,"height":200,"srcset":"https:\/\/i0.wp.com\/cepronda.com\/blog\/wp-content\/uploads\/2024\/02\/WhatsApp-Image-2024-02-20-at-12.32.48.jpeg?fit=1080%2C1080&ssl=1&resize=350%2C200 1x, https:\/\/i0.wp.com\/cepronda.com\/blog\/wp-content\/uploads\/2024\/02\/WhatsApp-Image-2024-02-20-at-12.32.48.jpeg?fit=1080%2C1080&ssl=1&resize=525%2C300 1.5x, https:\/\/i0.wp.com\/cepronda.com\/blog\/wp-content\/uploads\/2024\/02\/WhatsApp-Image-2024-02-20-at-12.32.48.jpeg?fit=1080%2C1080&ssl=1&resize=700%2C400 2x, https:\/\/i0.wp.com\/cepronda.com\/blog\/wp-content\/uploads\/2024\/02\/WhatsApp-Image-2024-02-20-at-12.32.48.jpeg?fit=1080%2C1080&ssl=1&resize=1050%2C600 3x"},"classes":[]},{"id":8681,"url":"https:\/\/cepronda.com\/blog\/sistema-de-escolarizacion-en-formacion-profesional\/","url_meta":{"origin":7519,"position":4},"title":"SISTEMA DE ESCOLARIZACI\u00d3N EN FORMACI\u00d3N PROFESIONAL","author":"Mamen Moreno","date":"27 mayo, 2025","format":false,"excerpt":"Est\u00e1 abierto el plazo del curso regional \"SISTEMA DE ESCOLARIZACI\u00d3N EN FORMACI\u00d3N PROFESIONAL. \u00daLTIMAS NOVEDADES\" para Equipos Directivos. Curso de 8h a distancia. Fecha inscripci\u00f3n: 23\/05\/2025 hasta 29\/05\/2025. Fecha actividad: 04\/06\/2025 hasta 20\/06\/2025 Videoconferencias los d\u00edas 4 y 12 de junio. M\u00e1s informaci\u00f3n e inscripciones en el siguiente: https:\/\/www.juntadeandalucia.es\/educacion\/secretariavirtual\/consultaCEP\/actividad\/251812GE114\/","rel":"","context":"En \u00abFormaciones\u00bb","block_context":{"text":"Formaciones","link":"https:\/\/cepronda.com\/blog\/category\/formaciones\/"},"img":{"alt_text":"","src":"https:\/\/i0.wp.com\/cepronda.com\/blog\/wp-content\/uploads\/2025\/05\/Cartel-Escolarizacion-FP-2025-1.jpeg?fit=1080%2C1080&ssl=1&resize=350%2C200","width":350,"height":200,"srcset":"https:\/\/i0.wp.com\/cepronda.com\/blog\/wp-content\/uploads\/2025\/05\/Cartel-Escolarizacion-FP-2025-1.jpeg?fit=1080%2C1080&ssl=1&resize=350%2C200 1x, https:\/\/i0.wp.com\/cepronda.com\/blog\/wp-content\/uploads\/2025\/05\/Cartel-Escolarizacion-FP-2025-1.jpeg?fit=1080%2C1080&ssl=1&resize=525%2C300 1.5x, https:\/\/i0.wp.com\/cepronda.com\/blog\/wp-content\/uploads\/2025\/05\/Cartel-Escolarizacion-FP-2025-1.jpeg?fit=1080%2C1080&ssl=1&resize=700%2C400 2x, https:\/\/i0.wp.com\/cepronda.com\/blog\/wp-content\/uploads\/2025\/05\/Cartel-Escolarizacion-FP-2025-1.jpeg?fit=1080%2C1080&ssl=1&resize=1050%2C600 3x"},"classes":[]},{"id":4409,"url":"https:\/\/cepronda.com\/blog\/atencion-al-alumnado-con-discapacidad-auditiva-en-el-aula-ordinaria\/","url_meta":{"origin":7519,"position":5},"title":"ATENCI\u00d3N AL ALUMNADO CON DISCAPACIDAD AUDITIVA EN EL AULA ORDINARIA","author":"Inmaculada Garc\u00eda","date":"15 abril, 2021","format":false,"excerpt":"Buenos d\u00edas, compa\u00f1eras y compa\u00f1eros, Os informamos que est\u00e1 abierto el plazo de inscripci\u00f3n (hasta el 26 de abril) de la formaci\u00f3n \u201c ATENCI\u00d3N AL ALUMNADO CON DISCAPACIDAD AUDITIVA EN EL AULA ORDINARIA (219903KOE275)\u201d. Es un curso a distancia que se desarrollar\u00e1 en el Aula Virtual de Formaci\u00f3n del Profesorado,\u2026","rel":"","context":"En \u00abFormaciones\u00bb","block_context":{"text":"Formaciones","link":"https:\/\/cepronda.com\/blog\/category\/formaciones\/"},"img":{"alt_text":"","src":"https:\/\/i0.wp.com\/cepronda.com\/blog\/wp-content\/uploads\/2021\/04\/7-discapacidad-auditiva-FREELIBROS.ORG_.jpg?fit=949%2C935&ssl=1&resize=350%2C200","width":350,"height":200,"srcset":"https:\/\/i0.wp.com\/cepronda.com\/blog\/wp-content\/uploads\/2021\/04\/7-discapacidad-auditiva-FREELIBROS.ORG_.jpg?fit=949%2C935&ssl=1&resize=350%2C200 1x, https:\/\/i0.wp.com\/cepronda.com\/blog\/wp-content\/uploads\/2021\/04\/7-discapacidad-auditiva-FREELIBROS.ORG_.jpg?fit=949%2C935&ssl=1&resize=525%2C300 1.5x, https:\/\/i0.wp.com\/cepronda.com\/blog\/wp-content\/uploads\/2021\/04\/7-discapacidad-auditiva-FREELIBROS.ORG_.jpg?fit=949%2C935&ssl=1&resize=700%2C400 2x"},"classes":[]}],"jetpack_sharing_enabled":true,"_links":{"self":[{"href":"https:\/\/cepronda.com\/blog\/wp-json\/wp\/v2\/posts\/7519","targetHints":{"allow":["GET"]}}],"collection":[{"href":"https:\/\/cepronda.com\/blog\/wp-json\/wp\/v2\/posts"}],"about":[{"href":"https:\/\/cepronda.com\/blog\/wp-json\/wp\/v2\/types\/post"}],"author":[{"embeddable":true,"href":"https:\/\/cepronda.com\/blog\/wp-json\/wp\/v2\/users\/9"}],"replies":[{"embeddable":true,"href":"https:\/\/cepronda.com\/blog\/wp-json\/wp\/v2\/comments?post=7519"}],"version-history":[{"count":1,"href":"https:\/\/cepronda.com\/blog\/wp-json\/wp\/v2\/posts\/7519\/revisions"}],"predecessor-version":[{"id":7521,"href":"https:\/\/cepronda.com\/blog\/wp-json\/wp\/v2\/posts\/7519\/revisions\/7521"}],"wp:featuredmedia":[{"embeddable":true,"href":"https:\/\/cepronda.com\/blog\/wp-json\/wp\/v2\/media\/7520"}],"wp:attachment":[{"href":"https:\/\/cepronda.com\/blog\/wp-json\/wp\/v2\/media?parent=7519"}],"wp:term":[{"taxonomy":"category","embeddable":true,"href":"https:\/\/cepronda.com\/blog\/wp-json\/wp\/v2\/categories?post=7519"},{"taxonomy":"post_tag","embeddable":true,"href":"https:\/\/cepronda.com\/blog\/wp-json\/wp\/v2\/tags?post=7519"}],"curies":[{"name":"wp","href":"https:\/\/api.w.org\/{rel}","templated":true}]}}