{"id":7507,"date":"2024-03-15T13:04:58","date_gmt":"2024-03-15T12:04:58","guid":{"rendered":"https:\/\/cepronda.com\/blog\/?p=7507"},"modified":"2025-04-28T11:42:48","modified_gmt":"2025-04-28T09:42:48","slug":"jornadas-provinciales-de-difusion-y-buenas-practicas-de-centros-de-comunidades-de-aprendizaje","status":"publish","type":"post","link":"https:\/\/cepronda.com\/blog\/jornadas-provinciales-de-difusion-y-buenas-practicas-de-centros-de-comunidades-de-aprendizaje\/","title":{"rendered":"JORNADAS PROVINCIALES DE DIFUSI\u00d3N Y BUENAS PR\u00c1CTICAS DE CENTROS DE COMUNIDADES DE APRENDIZAJE"},"content":{"rendered":"<p>Abierto el plazo de inscripci\u00f3n hasta el 10 de abril para la actividad formativa provincial: \u00abJORNADAS PROVINCIALES DE DIFUSI\u00d3N Y BUENAS PR\u00c1CTICAS DE CENTROS DE COMUNIDADES DE APRENDIZAJE\u00bb con c\u00f3digo 242926GE515. Organizan los CEPs de la provincia de M\u00e1laga y se desarrollar\u00e1 en las Escuelas de Ingenier\u00edas Industriales de M\u00e1laga (UMA) el jueves 25 de Abril de 2024.<\/p>\n<p>La actividad se realizar\u00e1 en jornada de ma\u00f1ana y tarde y daremos difusi\u00f3n a las Comunidades de Aprendizaje. Para ello se presentar\u00e1n buenas pr\u00e1cticas de los centros, las evidencias cient\u00edficas que las sustentan as\u00ed como la transformaci\u00f3n producida en determinados centros que son CdA.<\/p>\n<p>Inscripci\u00f3n:<br \/>\n<a href=\"https:\/\/www.juntadeandalucia.es\/educacion\/secretariavirtual\/consultaCEP\/actividad\/242926GE515\/\" target=\"_blank\" rel=\"noopener\" data-saferedirecturl=\"https:\/\/www.google.com\/url?q=https:\/\/www.juntadeandalucia.es\/educacion\/secretariavirtual\/consultaCEP\/actividad\/242926GE515\/&amp;source=gmail&amp;ust=1710588044762000&amp;usg=AOvVaw0udwqLX1f3LbsBFwosjqPj\">https:\/\/www.juntadeandalucia.<wbr \/>es\/educacion\/<wbr \/>secretariavirtual\/consultaCEP\/<wbr \/>actividad\/242926GE515\/<\/a><\/p>\n<p style=\"text-align: center;\"><img data-recalc-dims=\"1\" loading=\"lazy\" decoding=\"async\" class=\"alignnone size-medium wp-image-7548\" src=\"https:\/\/i0.wp.com\/cepronda.com\/blog\/wp-content\/uploads\/2024\/03\/cartel-JORNADAS-PROVINCIALES-INFORMATIVAS-Y-DIFUSION-DE-BUENAS-PRACTICAS-DE-CENTROS-COMUNIDAD-DE-APRENDIZAJe_pages-to-jpg-0001.jpg?resize=212%2C300&#038;ssl=1\" alt=\"\" width=\"212\" height=\"300\" srcset=\"https:\/\/i0.wp.com\/cepronda.com\/blog\/wp-content\/uploads\/2024\/03\/cartel-JORNADAS-PROVINCIALES-INFORMATIVAS-Y-DIFUSION-DE-BUENAS-PRACTICAS-DE-CENTROS-COMUNIDAD-DE-APRENDIZAJe_pages-to-jpg-0001-scaled.jpg?resize=212%2C300&amp;ssl=1 212w, https:\/\/i0.wp.com\/cepronda.com\/blog\/wp-content\/uploads\/2024\/03\/cartel-JORNADAS-PROVINCIALES-INFORMATIVAS-Y-DIFUSION-DE-BUENAS-PRACTICAS-DE-CENTROS-COMUNIDAD-DE-APRENDIZAJe_pages-to-jpg-0001-scaled.jpg?resize=724%2C1024&amp;ssl=1 724w, https:\/\/i0.wp.com\/cepronda.com\/blog\/wp-content\/uploads\/2024\/03\/cartel-JORNADAS-PROVINCIALES-INFORMATIVAS-Y-DIFUSION-DE-BUENAS-PRACTICAS-DE-CENTROS-COMUNIDAD-DE-APRENDIZAJe_pages-to-jpg-0001-scaled.jpg?resize=768%2C1086&amp;ssl=1 768w, https:\/\/i0.wp.com\/cepronda.com\/blog\/wp-content\/uploads\/2024\/03\/cartel-JORNADAS-PROVINCIALES-INFORMATIVAS-Y-DIFUSION-DE-BUENAS-PRACTICAS-DE-CENTROS-COMUNIDAD-DE-APRENDIZAJe_pages-to-jpg-0001-scaled.jpg?resize=1086%2C1536&amp;ssl=1 1086w, https:\/\/i0.wp.com\/cepronda.com\/blog\/wp-content\/uploads\/2024\/03\/cartel-JORNADAS-PROVINCIALES-INFORMATIVAS-Y-DIFUSION-DE-BUENAS-PRACTICAS-DE-CENTROS-COMUNIDAD-DE-APRENDIZAJe_pages-to-jpg-0001-scaled.jpg?resize=1448%2C2048&amp;ssl=1 1448w, https:\/\/i0.wp.com\/cepronda.com\/blog\/wp-content\/uploads\/2024\/03\/cartel-JORNADAS-PROVINCIALES-INFORMATIVAS-Y-DIFUSION-DE-BUENAS-PRACTICAS-DE-CENTROS-COMUNIDAD-DE-APRENDIZAJe_pages-to-jpg-0001-scaled.jpg?w=1810&amp;ssl=1 1810w\" sizes=\"auto, (max-width: 212px) 100vw, 212px\" \/><img data-recalc-dims=\"1\" loading=\"lazy\" decoding=\"async\" class=\"alignnone size-medium wp-image-7549\" src=\"https:\/\/i0.wp.com\/cepronda.com\/blog\/wp-content\/uploads\/2024\/03\/cartel-JORNADAS-PROVINCIALES-INFORMATIVAS-Y-DIFUSION-DE-BUENAS-PRACTICAS-DE-CENTROS-COMUNIDAD-DE-APRENDIZAJe_pages-to-jpg-0003.jpg?resize=212%2C300&#038;ssl=1\" alt=\"\" width=\"212\" height=\"300\" srcset=\"https:\/\/i0.wp.com\/cepronda.com\/blog\/wp-content\/uploads\/2024\/03\/cartel-JORNADAS-PROVINCIALES-INFORMATIVAS-Y-DIFUSION-DE-BUENAS-PRACTICAS-DE-CENTROS-COMUNIDAD-DE-APRENDIZAJe_pages-to-jpg-0003-scaled.jpg?resize=212%2C300&amp;ssl=1 212w, https:\/\/i0.wp.com\/cepronda.com\/blog\/wp-content\/uploads\/2024\/03\/cartel-JORNADAS-PROVINCIALES-INFORMATIVAS-Y-DIFUSION-DE-BUENAS-PRACTICAS-DE-CENTROS-COMUNIDAD-DE-APRENDIZAJe_pages-to-jpg-0003-scaled.jpg?resize=724%2C1024&amp;ssl=1 724w, https:\/\/i0.wp.com\/cepronda.com\/blog\/wp-content\/uploads\/2024\/03\/cartel-JORNADAS-PROVINCIALES-INFORMATIVAS-Y-DIFUSION-DE-BUENAS-PRACTICAS-DE-CENTROS-COMUNIDAD-DE-APRENDIZAJe_pages-to-jpg-0003-scaled.jpg?resize=768%2C1086&amp;ssl=1 768w, https:\/\/i0.wp.com\/cepronda.com\/blog\/wp-content\/uploads\/2024\/03\/cartel-JORNADAS-PROVINCIALES-INFORMATIVAS-Y-DIFUSION-DE-BUENAS-PRACTICAS-DE-CENTROS-COMUNIDAD-DE-APRENDIZAJe_pages-to-jpg-0003-scaled.jpg?resize=1086%2C1536&amp;ssl=1 1086w, https:\/\/i0.wp.com\/cepronda.com\/blog\/wp-content\/uploads\/2024\/03\/cartel-JORNADAS-PROVINCIALES-INFORMATIVAS-Y-DIFUSION-DE-BUENAS-PRACTICAS-DE-CENTROS-COMUNIDAD-DE-APRENDIZAJe_pages-to-jpg-0003-scaled.jpg?resize=1448%2C2048&amp;ssl=1 1448w, https:\/\/i0.wp.com\/cepronda.com\/blog\/wp-content\/uploads\/2024\/03\/cartel-JORNADAS-PROVINCIALES-INFORMATIVAS-Y-DIFUSION-DE-BUENAS-PRACTICAS-DE-CENTROS-COMUNIDAD-DE-APRENDIZAJe_pages-to-jpg-0003-scaled.jpg?w=1810&amp;ssl=1 1810w\" sizes=\"auto, (max-width: 212px) 100vw, 212px\" \/><\/p>\n","protected":false},"excerpt":{"rendered":"<p>Abierto el plazo de inscripci\u00f3n hasta el 10 de abril para la actividad formativa provincial: \u00abJORNADAS PROVINCIALES DE DIFUSI\u00d3N Y BUENAS PR\u00c1CTICAS DE CENTROS DE COMUNIDADES DE APRENDIZAJE\u00bb con c\u00f3digo 242926GE515. Organizan los CEPs de la provincia de M\u00e1laga y se desarrollar\u00e1 en las Escuelas de Ingenier\u00edas Industriales de M\u00e1laga (UMA) el jueves 25 de [&hellip;]<\/p>\n","protected":false},"author":13,"featured_media":7548,"comment_status":"closed","ping_status":"open","sticky":false,"template":"","format":"standard","meta":{"_crdt_document":"","advanced_seo_description":"","jetpack_seo_html_title":"","jetpack_seo_noindex":false,"jetpack_post_was_ever_published":false,"_jetpack_newsletter_access":"","_jetpack_dont_email_post_to_subs":false,"_jetpack_newsletter_tier_id":0,"_jetpack_memberships_contains_paywalled_content":false,"_jetpack_memberships_contains_paid_content":false,"footnotes":"","jetpack_publicize_message":"","jetpack_publicize_feature_enabled":true,"jetpack_social_post_already_shared":false,"jetpack_social_options":{"image_generator_settings":{"template":"highway","default_image_id":0,"font":"","enabled":false},"version":2}},"categories":[5],"tags":[403],"class_list":{"0":"post-7507","1":"post","2":"type-post","3":"status-publish","4":"format-standard","5":"has-post-thumbnail","7":"category-noticias","8":"tag-comunidad-de-aprendizaje","9":"czr-hentry"},"jetpack_publicize_connections":[],"jetpack_featured_media_url":"https:\/\/i0.wp.com\/cepronda.com\/blog\/wp-content\/uploads\/2024\/03\/cartel-JORNADAS-PROVINCIALES-INFORMATIVAS-Y-DIFUSION-DE-BUENAS-PRACTICAS-DE-CENTROS-COMUNIDAD-DE-APRENDIZAJe_pages-to-jpg-0001-scaled.jpg?fit=1810%2C2560&ssl=1","jetpack_shortlink":"https:\/\/wp.me\/p8M4X7-1X5","jetpack-related-posts":[{"id":3077,"url":"https:\/\/cepronda.com\/blog\/la-escuela-del-siglo-xxi-en-entornos-rurales\/","url_meta":{"origin":7507,"position":0},"title":"LA ESCUELA DEL SIGLO XXI EN ENTORNOS RURALES","author":"V\u00edctor Caballero","date":"3 octubre, 2019","format":false,"excerpt":"Muy buenas de nuevo, Y seguimos con otro de los cl\u00e1sicos de los pasados cursos y son las jornadas de los CPR, que no s\u00f3lo va dedicada a los CPR sino que estamos invitando a todos los centros de entornos rurales que est\u00e1 trabajando con caracter\u00edsticas muy similares. Creemos que\u2026","rel":"","context":"En \u00abNoticias\u00bb","block_context":{"text":"Noticias","link":"https:\/\/cepronda.com\/blog\/category\/noticias\/"},"img":{"alt_text":"","src":"https:\/\/i0.wp.com\/cepronda.com\/blog\/wp-content\/uploads\/2019\/10\/LA-ESCUELA-DEL-S.XXI-EN-EL-ENTORNO-RURAL.-1.png?fit=848%2C1200&ssl=1&resize=350%2C200","width":350,"height":200,"srcset":"https:\/\/i0.wp.com\/cepronda.com\/blog\/wp-content\/uploads\/2019\/10\/LA-ESCUELA-DEL-S.XXI-EN-EL-ENTORNO-RURAL.-1.png?fit=848%2C1200&ssl=1&resize=350%2C200 1x, https:\/\/i0.wp.com\/cepronda.com\/blog\/wp-content\/uploads\/2019\/10\/LA-ESCUELA-DEL-S.XXI-EN-EL-ENTORNO-RURAL.-1.png?fit=848%2C1200&ssl=1&resize=525%2C300 1.5x, https:\/\/i0.wp.com\/cepronda.com\/blog\/wp-content\/uploads\/2019\/10\/LA-ESCUELA-DEL-S.XXI-EN-EL-ENTORNO-RURAL.-1.png?fit=848%2C1200&ssl=1&resize=700%2C400 2x"},"classes":[]},{"id":4780,"url":"https:\/\/cepronda.com\/blog\/jornadas-provinciales-red-tde-malaga\/","url_meta":{"origin":7507,"position":1},"title":"JORNADAS PROVINCIALES RED TDE M\u00c1LAGA","author":"Inmaculada Garc\u00eda","date":"18 octubre, 2021","format":false,"excerpt":"Buenas tardes compa\u00f1eras y compa\u00f1eros, Os informamos que est\u00e1 abierto el plazo de inscripci\u00f3n en la actividad JORNADAS PROVINCIALES RED TDE M\u00c1LAGA (222924GE040), dirigida exclusivamente a responsables de la coordinaci\u00f3n TDE de los centros. Es de \u00e1mbito Provincial. Plazo de inscripci\u00f3n: 13\/10\/2021 hasta 22\/10\/2021 Desarrollo de la\u00a0 actividad: 26 de\u2026","rel":"","context":"En \u00abNoticias\u00bb","block_context":{"text":"Noticias","link":"https:\/\/cepronda.com\/blog\/category\/noticias\/"},"img":{"alt_text":"","src":"https:\/\/i0.wp.com\/cepronda.com\/blog\/wp-content\/uploads\/2021\/10\/JORNADAS-PARA-LA-COORDINACION-TDE-EN-LOS-CENTROS-212x300.png?resize=350%2C200","width":350,"height":200},"classes":[]},{"id":8411,"url":"https:\/\/cepronda.com\/blog\/jornadas-provinciales-de-practicas-educativas-de-exito\/","url_meta":{"origin":7507,"position":2},"title":"JORNADAS PROVINCIALES DE PR\u00c1CTICAS EDUCATIVAS DE \u00c9XITO","author":"Mamen Moreno","date":"31 marzo, 2025","format":false,"excerpt":"Se abre el plazo de inscripci\u00f3n para las \"JORNADAS PROVINCIALES DE PR\u00c1CTICAS EDUCATIVAS DE \u00c9XITO\" con C\u00d3DIGO: 252925GE600, dirigido al profesorado de todas las etapas de la provincia de M\u00e1laga. \u00a0 Las sesiones se realizar\u00e1n en directo en formato ONLINE a trav\u00e9s de la plataforma de Youtube y Webex. \u00a0\u2026","rel":"","context":"En \u00abNoticias\u00bb","block_context":{"text":"Noticias","link":"https:\/\/cepronda.com\/blog\/category\/noticias\/"},"img":{"alt_text":"","src":"https:\/\/i0.wp.com\/cepronda.com\/blog\/wp-content\/uploads\/2025\/03\/j-experiencias-educativas-de-exito-2-4.png?fit=848%2C1200&ssl=1&resize=350%2C200","width":350,"height":200,"srcset":"https:\/\/i0.wp.com\/cepronda.com\/blog\/wp-content\/uploads\/2025\/03\/j-experiencias-educativas-de-exito-2-4.png?fit=848%2C1200&ssl=1&resize=350%2C200 1x, https:\/\/i0.wp.com\/cepronda.com\/blog\/wp-content\/uploads\/2025\/03\/j-experiencias-educativas-de-exito-2-4.png?fit=848%2C1200&ssl=1&resize=525%2C300 1.5x, https:\/\/i0.wp.com\/cepronda.com\/blog\/wp-content\/uploads\/2025\/03\/j-experiencias-educativas-de-exito-2-4.png?fit=848%2C1200&ssl=1&resize=700%2C400 2x"},"classes":[]},{"id":4590,"url":"https:\/\/cepronda.com\/blog\/4590-2\/","url_meta":{"origin":7507,"position":3},"title":"JORNADAS DE DIFUSI\u00d3N DEL PROYECTO DE COMUNIDADES DE APRENDIZAJE.","author":"Inmaculada Garc\u00eda","date":"7 septiembre, 2021","format":false,"excerpt":"Buenos d\u00edas compa\u00f1eros y compa\u00f1eras, os informamos sobre unas jornadas con car\u00e1cter provincial para conocer a fondo las actuaciones de \u00e9xito del programa Comunidades de Aprendizaje. Es una oportunidad \u00fanica para acercarse a intervenciones rigurosas y atender adecuadamente la diversidad de nuestras aulas. Ser\u00e1n online, los d\u00edas 5 y 6\u2026","rel":"","context":"En \u00abNoticias\u00bb","block_context":{"text":"Noticias","link":"https:\/\/cepronda.com\/blog\/category\/noticias\/"},"img":{"alt_text":"","src":"https:\/\/i0.wp.com\/cepronda.com\/blog\/wp-content\/uploads\/2021\/09\/WhatsApp-Image-2021-09-06-at-10.57.12.jpeg?fit=1200%2C1200&ssl=1&resize=350%2C200","width":350,"height":200,"srcset":"https:\/\/i0.wp.com\/cepronda.com\/blog\/wp-content\/uploads\/2021\/09\/WhatsApp-Image-2021-09-06-at-10.57.12.jpeg?fit=1200%2C1200&ssl=1&resize=350%2C200 1x, https:\/\/i0.wp.com\/cepronda.com\/blog\/wp-content\/uploads\/2021\/09\/WhatsApp-Image-2021-09-06-at-10.57.12.jpeg?fit=1200%2C1200&ssl=1&resize=525%2C300 1.5x, https:\/\/i0.wp.com\/cepronda.com\/blog\/wp-content\/uploads\/2021\/09\/WhatsApp-Image-2021-09-06-at-10.57.12.jpeg?fit=1200%2C1200&ssl=1&resize=700%2C400 2x, https:\/\/i0.wp.com\/cepronda.com\/blog\/wp-content\/uploads\/2021\/09\/WhatsApp-Image-2021-09-06-at-10.57.12.jpeg?fit=1200%2C1200&ssl=1&resize=1050%2C600 3x"},"classes":[]},{"id":7565,"url":"https:\/\/cepronda.com\/blog\/7565-2\/","url_meta":{"origin":7507,"position":4},"title":"TRATAMIENTO Y DIFUSI\u00d3N DEL PLAN DE LECTURA PLANIFICADA EN LOS CENTROS EDUCATIVOS","author":"Mamen Moreno","date":"16 abril, 2024","format":false,"excerpt":"Jornadas Provinciales \"TRATAMIENTO Y DIFUSI\u00d3N DEL PLAN DE LECTURA PLANIFICADA EN LOS CENTROS EDUCATIVOS.\" Esta actividad formativa se ha dise\u00f1ado para orientar y proporcionar recursos al profesorado de Educaci\u00f3n Infantil, Primaria y Secundaria. Se ofrecer\u00e1n estrategias de seguimiento y evaluaci\u00f3n, talleres de lectura y escritura, y pr\u00e1cticas de \u00e9xito desarrolladas\u2026","rel":"","context":"En \u00abFormaciones\u00bb","block_context":{"text":"Formaciones","link":"https:\/\/cepronda.com\/blog\/category\/formaciones\/"},"img":{"alt_text":"","src":"https:\/\/i0.wp.com\/cepronda.com\/blog\/wp-content\/uploads\/2024\/04\/WhatsApp-Image-2024-04-15-at-13.55.01.jpeg?fit=800%2C800&ssl=1&resize=350%2C200","width":350,"height":200,"srcset":"https:\/\/i0.wp.com\/cepronda.com\/blog\/wp-content\/uploads\/2024\/04\/WhatsApp-Image-2024-04-15-at-13.55.01.jpeg?fit=800%2C800&ssl=1&resize=350%2C200 1x, https:\/\/i0.wp.com\/cepronda.com\/blog\/wp-content\/uploads\/2024\/04\/WhatsApp-Image-2024-04-15-at-13.55.01.jpeg?fit=800%2C800&ssl=1&resize=525%2C300 1.5x, https:\/\/i0.wp.com\/cepronda.com\/blog\/wp-content\/uploads\/2024\/04\/WhatsApp-Image-2024-04-15-at-13.55.01.jpeg?fit=800%2C800&ssl=1&resize=700%2C400 2x"},"classes":[]},{"id":7394,"url":"https:\/\/cepronda.com\/blog\/aprendizaje-basado-en-proyectos-en-centros-rurales\/","url_meta":{"origin":7507,"position":5},"title":"APRENDIZAJE BASADO EN PROYECTOS EN CENTROS RURALES","author":"Mamen Moreno","date":"19 enero, 2024","format":false,"excerpt":"Abierto el plazo de inscripci\u00f3n al curso correspondiente al IV Itinerario Formativo para Centros Rurales a nivel Provincial \"APRENDIZAJE BASADO EN PROYECTOS EN CENTROS RURALES\", organizado por el CEP de Ronda con c\u00f3digo 242924GE025. Ponente:\u00a0 Ra\u00fal Bermejo Cabezas. Fecha de inscripci\u00f3n: 19\/01\/2024 al 23\/2\/2024 Duraci\u00f3n de la actividad 12 horas:\u00a0\u2026","rel":"","context":"En \u00abFormaciones\u00bb","block_context":{"text":"Formaciones","link":"https:\/\/cepronda.com\/blog\/category\/formaciones\/"},"img":{"alt_text":"","src":"https:\/\/i0.wp.com\/cepronda.com\/blog\/wp-content\/uploads\/2024\/01\/2o-TRIMESTRE-RURAL-1-1.png?fit=848%2C1200&ssl=1&resize=350%2C200","width":350,"height":200,"srcset":"https:\/\/i0.wp.com\/cepronda.com\/blog\/wp-content\/uploads\/2024\/01\/2o-TRIMESTRE-RURAL-1-1.png?fit=848%2C1200&ssl=1&resize=350%2C200 1x, https:\/\/i0.wp.com\/cepronda.com\/blog\/wp-content\/uploads\/2024\/01\/2o-TRIMESTRE-RURAL-1-1.png?fit=848%2C1200&ssl=1&resize=525%2C300 1.5x, https:\/\/i0.wp.com\/cepronda.com\/blog\/wp-content\/uploads\/2024\/01\/2o-TRIMESTRE-RURAL-1-1.png?fit=848%2C1200&ssl=1&resize=700%2C400 2x"},"classes":[]}],"jetpack_sharing_enabled":true,"_links":{"self":[{"href":"https:\/\/cepronda.com\/blog\/wp-json\/wp\/v2\/posts\/7507","targetHints":{"allow":["GET"]}}],"collection":[{"href":"https:\/\/cepronda.com\/blog\/wp-json\/wp\/v2\/posts"}],"about":[{"href":"https:\/\/cepronda.com\/blog\/wp-json\/wp\/v2\/types\/post"}],"author":[{"embeddable":true,"href":"https:\/\/cepronda.com\/blog\/wp-json\/wp\/v2\/users\/13"}],"replies":[{"embeddable":true,"href":"https:\/\/cepronda.com\/blog\/wp-json\/wp\/v2\/comments?post=7507"}],"version-history":[{"count":3,"href":"https:\/\/cepronda.com\/blog\/wp-json\/wp\/v2\/posts\/7507\/revisions"}],"predecessor-version":[{"id":7551,"href":"https:\/\/cepronda.com\/blog\/wp-json\/wp\/v2\/posts\/7507\/revisions\/7551"}],"wp:featuredmedia":[{"embeddable":true,"href":"https:\/\/cepronda.com\/blog\/wp-json\/wp\/v2\/media\/7548"}],"wp:attachment":[{"href":"https:\/\/cepronda.com\/blog\/wp-json\/wp\/v2\/media?parent=7507"}],"wp:term":[{"taxonomy":"category","embeddable":true,"href":"https:\/\/cepronda.com\/blog\/wp-json\/wp\/v2\/categories?post=7507"},{"taxonomy":"post_tag","embeddable":true,"href":"https:\/\/cepronda.com\/blog\/wp-json\/wp\/v2\/tags?post=7507"}],"curies":[{"name":"wp","href":"https:\/\/api.w.org\/{rel}","templated":true}]}}