{"id":7504,"date":"2024-03-15T09:58:51","date_gmt":"2024-03-15T08:58:51","guid":{"rendered":"https:\/\/cepronda.com\/blog\/?p=7504"},"modified":"2025-04-28T11:48:14","modified_gmt":"2025-04-28T09:48:14","slug":"aplicaciones-de-la-semiotica-teatral-a-la-escenificacion-escolar","status":"publish","type":"post","link":"https:\/\/cepronda.com\/blog\/aplicaciones-de-la-semiotica-teatral-a-la-escenificacion-escolar\/","title":{"rendered":"APLICACIONES DE LA SEMI\u00d3TICA TEATRAL A LA ESCENIFICACI\u00d3N ESCOLAR"},"content":{"rendered":"<p>Se encuentra abierto el plazo de inscripci\u00f3n para la formaci\u00f3n\u00a0<strong>\u201cAPLICACIONES DE LA SEMI\u00d3TICA TEATRAL A LA ESCENIFICACI\u00d3N ESCOLAR<\/strong><strong>\u201d C\u00d3DIGO 242924GE053.<\/strong><\/p>\n<p>Duraci\u00f3n de la actividad<strong> 12 horas presenciales.<\/strong><\/p>\n<div class=\"xdj266r x11i5rnm xat24cr x1mh8g0r x1vvkbs x126k92a\">\n<div dir=\"auto\"><b>Fecha inscripci\u00f3n:<\/b><span style=\"font-weight: inherit;\">\u00a015\/03\/2024 hasta 12\/04\/2024<\/span><\/div>\n<p><b>Lugar de realizaci\u00f3n:<\/b>\u00a0Sal\u00f3n de actos del CEP de Ronda<\/p>\n<p><b>Fecha actividad:<\/b><span style=\"font-weight: inherit;\"> 17, 18, 24 y 25 de abril de 2024<\/span><\/p>\n<p><strong>Ponente: Marcos Marcell<\/strong><\/p>\n<\/div>\n<div class=\"x11i5rnm xat24cr x1mh8g0r x1vvkbs xtlvy1s x126k92a\">\n<div dir=\"auto\"><span class=\"x3nfvp2 x1j61x8r x1fcty0u xdj266r xhhsvwb xat24cr xgzva0m xxymvpz xlup9mm x1kky2od\" style=\"font-weight: inherit;\"><img loading=\"lazy\" decoding=\"async\" class=\"xz74otr\" src=\"https:\/\/static.xx.fbcdn.net\/images\/emoji.php\/v9\/tc\/1.5\/16\/1f517.png\" alt=\"\" width=\"16\" height=\"16\" \/><\/span><span style=\"font-weight: inherit;\">M\u00e1s informaci\u00f3n e inscripci\u00f3n:<\/span><\/div>\n<\/div>\n<div class=\"x11i5rnm xat24cr x1mh8g0r x1vvkbs xtlvy1s x126k92a\">\n<div dir=\"auto\"><a href=\"https:\/\/www.juntadeandalucia.es\/educacion\/secretariavirtual\/consultaCEP\/actividad\/242924GE053\/\">https:\/\/www.juntadeandalucia.es\/educacion\/secretariavirtual\/consultaCEP\/actividad\/242924GE053\/<\/a><\/div>\n<\/div>\n<p><img data-recalc-dims=\"1\" loading=\"lazy\" decoding=\"async\" class=\"size-medium wp-image-7505 aligncenter\" src=\"https:\/\/i0.wp.com\/cepronda.com\/blog\/wp-content\/uploads\/2024\/03\/CUIDADO-DE-LA-VOZ-1.jpg?resize=300%2C300&#038;ssl=1\" alt=\"\" width=\"300\" height=\"300\" srcset=\"https:\/\/i0.wp.com\/cepronda.com\/blog\/wp-content\/uploads\/2024\/03\/CUIDADO-DE-LA-VOZ-1.jpg?resize=300%2C300&amp;ssl=1 300w, https:\/\/i0.wp.com\/cepronda.com\/blog\/wp-content\/uploads\/2024\/03\/CUIDADO-DE-LA-VOZ-1.jpg?resize=1024%2C1024&amp;ssl=1 1024w, https:\/\/i0.wp.com\/cepronda.com\/blog\/wp-content\/uploads\/2024\/03\/CUIDADO-DE-LA-VOZ-1.jpg?resize=150%2C150&amp;ssl=1 150w, https:\/\/i0.wp.com\/cepronda.com\/blog\/wp-content\/uploads\/2024\/03\/CUIDADO-DE-LA-VOZ-1.jpg?resize=768%2C768&amp;ssl=1 768w, https:\/\/i0.wp.com\/cepronda.com\/blog\/wp-content\/uploads\/2024\/03\/CUIDADO-DE-LA-VOZ-1.jpg?resize=50%2C50&amp;ssl=1 50w, https:\/\/i0.wp.com\/cepronda.com\/blog\/wp-content\/uploads\/2024\/03\/CUIDADO-DE-LA-VOZ-1.jpg?w=1080&amp;ssl=1 1080w\" sizes=\"auto, (max-width: 300px) 100vw, 300px\" \/><\/p>\n","protected":false},"excerpt":{"rendered":"<p>Se encuentra abierto el plazo de inscripci\u00f3n para la formaci\u00f3n\u00a0\u201cAPLICACIONES DE LA SEMI\u00d3TICA TEATRAL A LA ESCENIFICACI\u00d3N ESCOLAR\u201d C\u00d3DIGO 242924GE053. Duraci\u00f3n de la actividad 12 horas presenciales. Fecha inscripci\u00f3n:\u00a015\/03\/2024 hasta 12\/04\/2024 Lugar de realizaci\u00f3n:\u00a0Sal\u00f3n de actos del CEP de Ronda Fecha actividad: 17, 18, 24 y 25 de abril de 2024 Ponente: Marcos Marcell M\u00e1s [&hellip;]<\/p>\n","protected":false},"author":13,"featured_media":7505,"comment_status":"closed","ping_status":"open","sticky":false,"template":"","format":"standard","meta":{"_crdt_document":"","advanced_seo_description":"","jetpack_seo_html_title":"","jetpack_seo_noindex":false,"jetpack_post_was_ever_published":false,"_jetpack_newsletter_access":"","_jetpack_dont_email_post_to_subs":false,"_jetpack_newsletter_tier_id":0,"_jetpack_memberships_contains_paywalled_content":false,"_jetpack_memberships_contains_paid_content":false,"footnotes":"","jetpack_publicize_message":"","jetpack_publicize_feature_enabled":true,"jetpack_social_post_already_shared":false,"jetpack_social_options":{"image_generator_settings":{"template":"highway","default_image_id":0,"font":"","enabled":false},"version":2}},"categories":[3,5],"tags":[],"class_list":{"0":"post-7504","1":"post","2":"type-post","3":"status-publish","4":"format-standard","5":"has-post-thumbnail","7":"category-formaciones","8":"category-noticias","9":"czr-hentry"},"jetpack_publicize_connections":[],"jetpack_featured_media_url":"https:\/\/i0.wp.com\/cepronda.com\/blog\/wp-content\/uploads\/2024\/03\/CUIDADO-DE-LA-VOZ-1.jpg?fit=1080%2C1080&ssl=1","jetpack_shortlink":"https:\/\/wp.me\/p8M4X7-1X2","jetpack-related-posts":[{"id":7737,"url":"https:\/\/cepronda.com\/blog\/formacion-%c2%b7gestion-de-la-biblioteca-escolar-en-el-modulo-de-biblioweb-seneca\/","url_meta":{"origin":7504,"position":0},"title":"FORMACI\u00d3N: \u00b7GESTI\u00d3N DE LA BIBLIOTECA ESCOLAR EN EL M\u00d3DULO DE BIBLIOWEB S\u00c9NECA\u00bb","author":"Inmaculada Garc\u00eda","date":"24 septiembre, 2024","format":false,"excerpt":"Abierto el plazo de inscripci\u00f3n del curso Provincial: \"Gesti\u00f3n de la Biblioteca Escolar en el M\u00f3dulo de Biblioweb S\u00e9neca\", c\u00f3digo: 252923GE401, de 30 horas de duraci\u00f3n. Fecha inscripci\u00f3n: 23\/09\/2024 hasta 08\/10\/2024. Fecha actividad: 21\/10\/2024 hasta 13\/12\/2024. Lugar: Aula Virtual de Formaci\u00f3n del Profesorado. M\u00e1s informaci\u00f3n e inscripci\u00f3n: https:\/\/www.juntadeandalucia.es\/educacion\/secretariavirtual\/consultaCEP\/actividad\/252923GE401\/","rel":"","context":"En \u00abFormaciones\u00bb","block_context":{"text":"Formaciones","link":"https:\/\/cepronda.com\/blog\/category\/formaciones\/"},"img":{"alt_text":"","src":"https:\/\/i0.wp.com\/cepronda.com\/blog\/wp-content\/uploads\/2024\/09\/Bibloweb.jpg?fit=1080%2C1080&ssl=1&resize=350%2C200","width":350,"height":200,"srcset":"https:\/\/i0.wp.com\/cepronda.com\/blog\/wp-content\/uploads\/2024\/09\/Bibloweb.jpg?fit=1080%2C1080&ssl=1&resize=350%2C200 1x, https:\/\/i0.wp.com\/cepronda.com\/blog\/wp-content\/uploads\/2024\/09\/Bibloweb.jpg?fit=1080%2C1080&ssl=1&resize=525%2C300 1.5x, https:\/\/i0.wp.com\/cepronda.com\/blog\/wp-content\/uploads\/2024\/09\/Bibloweb.jpg?fit=1080%2C1080&ssl=1&resize=700%2C400 2x, https:\/\/i0.wp.com\/cepronda.com\/blog\/wp-content\/uploads\/2024\/09\/Bibloweb.jpg?fit=1080%2C1080&ssl=1&resize=1050%2C600 3x"},"classes":[]},{"id":8021,"url":"https:\/\/cepronda.com\/blog\/curso-creacion-de-un-coro-escolar-como-modelo-de-buena-practica-educativa-codigo-252926ge706\/","url_meta":{"origin":7504,"position":1},"title":"CURSO CREACI\u00d3N DE UN CORO ESCOLAR COMO MODELO DE BUENA PR\u00c1CTICA EDUCATIVA, C\u00d3DIGO 252926GE706.","author":"Inmaculada Garc\u00eda","date":"9 enero, 2025","format":false,"excerpt":"Se informa de que est\u00e1 abierto el plazo de inscripci\u00f3n para la actividad provincial presencial: CREACI\u00d3N DE UN CORO ESCOLAR COMO MODELO DE BUENA PR\u00c1CTICA EDUCATIVA, con c\u00f3digo 252926GE706. Duraci\u00f3n: 12 horas. Lugar de realizaci\u00f3n: CEP de V\u00e9lez M\u00e1laga. Fecha actividad:\u00a022\/01\/2025 hasta 12\/02\/2025 Fecha inscripci\u00f3n:\u00a019\/12\/2024 hasta 17\/01\/2025 Detalle e inscripci\u00f3n:\u2026","rel":"","context":"En \u00abFormaciones\u00bb","block_context":{"text":"Formaciones","link":"https:\/\/cepronda.com\/blog\/category\/formaciones\/"},"img":{"alt_text":"","src":"https:\/\/i0.wp.com\/cepronda.com\/blog\/wp-content\/uploads\/2025\/01\/WhatsApp-Image-2025-01-09-at-13.34.53.jpeg?fit=848%2C1200&ssl=1&resize=350%2C200","width":350,"height":200,"srcset":"https:\/\/i0.wp.com\/cepronda.com\/blog\/wp-content\/uploads\/2025\/01\/WhatsApp-Image-2025-01-09-at-13.34.53.jpeg?fit=848%2C1200&ssl=1&resize=350%2C200 1x, https:\/\/i0.wp.com\/cepronda.com\/blog\/wp-content\/uploads\/2025\/01\/WhatsApp-Image-2025-01-09-at-13.34.53.jpeg?fit=848%2C1200&ssl=1&resize=525%2C300 1.5x, https:\/\/i0.wp.com\/cepronda.com\/blog\/wp-content\/uploads\/2025\/01\/WhatsApp-Image-2025-01-09-at-13.34.53.jpeg?fit=848%2C1200&ssl=1&resize=700%2C400 2x"},"classes":[]},{"id":7712,"url":"https:\/\/cepronda.com\/blog\/convocatoria-regional-de-cursos-avfp-curso-2024-25\/","url_meta":{"origin":7504,"position":2},"title":"CONVOCATORIA REGIONAL DE CURSOS AVFP. CURSO 2024\/25.","author":"Inmaculada Garc\u00eda","date":"19 septiembre, 2024","format":false,"excerpt":"\u00a0 \u00a0 CONVOCATORIA REGIONAL DE CURSOS AVFP \u00a0 Os informamos que se encuentra abierto el plazo de inscripci\u00f3n en la convocatoria de cursos regional. La superaci\u00f3n de estos cursos supone la certificaci\u00f3n de diversos niveles de Competencia Digital Docente. - HERRAMIENTAS DIGITALES APLICADAS A LA DOCENCIA EN LA FORMACI\u00d3N PROFESIONAL,\u2026","rel":"","context":"En \u00abFormaciones\u00bb","block_context":{"text":"Formaciones","link":"https:\/\/cepronda.com\/blog\/category\/formaciones\/"},"img":{"alt_text":"","src":"https:\/\/i0.wp.com\/cepronda.com\/blog\/wp-content\/uploads\/2024\/09\/CURSOS.png?fit=1200%2C1200&ssl=1&resize=350%2C200","width":350,"height":200,"srcset":"https:\/\/i0.wp.com\/cepronda.com\/blog\/wp-content\/uploads\/2024\/09\/CURSOS.png?fit=1200%2C1200&ssl=1&resize=350%2C200 1x, https:\/\/i0.wp.com\/cepronda.com\/blog\/wp-content\/uploads\/2024\/09\/CURSOS.png?fit=1200%2C1200&ssl=1&resize=525%2C300 1.5x, https:\/\/i0.wp.com\/cepronda.com\/blog\/wp-content\/uploads\/2024\/09\/CURSOS.png?fit=1200%2C1200&ssl=1&resize=700%2C400 2x, https:\/\/i0.wp.com\/cepronda.com\/blog\/wp-content\/uploads\/2024\/09\/CURSOS.png?fit=1200%2C1200&ssl=1&resize=1050%2C600 3x"},"classes":[]},{"id":7826,"url":"https:\/\/cepronda.com\/blog\/curso-provincial-creando-entornos-de-aprendizaje-inclusivos-atencion-a-la-diversidad-en-el-aula-y-en-el-centro-escolar-con-codigo-252924ge004\/","url_meta":{"origin":7504,"position":3},"title":"Curso provincial: \u00abCREANDO ENTORNOS DE APRENDIZAJE INCLUSIVOS: ATENCI\u00d3N A LA DIVERSIDAD EN EL AULA Y EN EL CENTRO ESCOLAR\u00bb, con c\u00f3digo 252924GE004.","author":"Inmaculada Garc\u00eda","date":"30 octubre, 2024","format":false,"excerpt":"Se encuentra abierto el plazo de inscripci\u00f3n en el curso provincial: \"CREANDO ENTORNOS DE APRENDIZAJE INCLUSIVOS: ATENCI\u00d3N A LA DIVERSIDAD EN EL AULA Y EN EL CENTRO ESCOLAR\", con c\u00f3digo 252924GE004. Fecha inscripci\u00f3n: 30\/10\/2024 hasta 15\/11\/2024. Fecha actividad: 19\/11\/2024 hasta 10\/12\/2024 Lugar: Sala de videoconferencias Webex. Duraci\u00f3n del curso: 15\u2026","rel":"","context":"En \u00abFormaciones\u00bb","block_context":{"text":"Formaciones","link":"https:\/\/cepronda.com\/blog\/category\/formaciones\/"},"img":{"alt_text":"","src":"https:\/\/i0.wp.com\/cepronda.com\/blog\/wp-content\/uploads\/2024\/10\/CREANDO-ENTORNOS-DE-APRENDIZAJE-INCLUSIVOS-ATENCION-A-LA-DIVERSIDAD-EN-EL-AULA-Y-EN-EL-CENTRO-ESCOLAR.jpg?fit=1120%2C1120&ssl=1&resize=350%2C200","width":350,"height":200,"srcset":"https:\/\/i0.wp.com\/cepronda.com\/blog\/wp-content\/uploads\/2024\/10\/CREANDO-ENTORNOS-DE-APRENDIZAJE-INCLUSIVOS-ATENCION-A-LA-DIVERSIDAD-EN-EL-AULA-Y-EN-EL-CENTRO-ESCOLAR.jpg?fit=1120%2C1120&ssl=1&resize=350%2C200 1x, https:\/\/i0.wp.com\/cepronda.com\/blog\/wp-content\/uploads\/2024\/10\/CREANDO-ENTORNOS-DE-APRENDIZAJE-INCLUSIVOS-ATENCION-A-LA-DIVERSIDAD-EN-EL-AULA-Y-EN-EL-CENTRO-ESCOLAR.jpg?fit=1120%2C1120&ssl=1&resize=525%2C300 1.5x, https:\/\/i0.wp.com\/cepronda.com\/blog\/wp-content\/uploads\/2024\/10\/CREANDO-ENTORNOS-DE-APRENDIZAJE-INCLUSIVOS-ATENCION-A-LA-DIVERSIDAD-EN-EL-AULA-Y-EN-EL-CENTRO-ESCOLAR.jpg?fit=1120%2C1120&ssl=1&resize=700%2C400 2x, https:\/\/i0.wp.com\/cepronda.com\/blog\/wp-content\/uploads\/2024\/10\/CREANDO-ENTORNOS-DE-APRENDIZAJE-INCLUSIVOS-ATENCION-A-LA-DIVERSIDAD-EN-EL-AULA-Y-EN-EL-CENTRO-ESCOLAR.jpg?fit=1120%2C1120&ssl=1&resize=1050%2C600 3x"},"classes":[]},{"id":7596,"url":"https:\/\/cepronda.com\/blog\/la-acreditacion-erasmus-como-motor-de-la-internacionalizacion-e-escolar-y-e-permanente\/","url_meta":{"origin":7504,"position":4},"title":"LA ACREDITACI\u00d3N ERASMUS COMO MOTOR DE LA INTERNACIONALIZACI\u00d3N (E. ESCOLAR Y E. PERMANENTE)","author":"Mamen Moreno","date":"24 abril, 2024","format":false,"excerpt":"Se abre el plazo de inscripci\u00f3n al curso \"LA ACREDITACI\u00d3N ERASMUS COMO MOTOR DE LA INTERNACIONALIZACI\u00d3N (E. ESCOLAR Y E. PERMANENTE)\" 30 horas (6 presenciales por videoconferencia WEBEX y 24 horas de tareas en el AVFP) C\u00f3digo: 249922KPI491 FECHA Y HORA DE LAS VIDEOCONFERENCIAS: 16\/05\/24 en horario de 17:00-20:00 horas\u2026","rel":"","context":"En \u00abFormaciones\u00bb","block_context":{"text":"Formaciones","link":"https:\/\/cepronda.com\/blog\/category\/formaciones\/"},"img":{"alt_text":"","src":"https:\/\/i0.wp.com\/cepronda.com\/blog\/wp-content\/uploads\/2024\/04\/WhatsApp-Image-2024-04-23-at-11.01.35.jpeg?fit=1080%2C1080&ssl=1&resize=350%2C200","width":350,"height":200,"srcset":"https:\/\/i0.wp.com\/cepronda.com\/blog\/wp-content\/uploads\/2024\/04\/WhatsApp-Image-2024-04-23-at-11.01.35.jpeg?fit=1080%2C1080&ssl=1&resize=350%2C200 1x, https:\/\/i0.wp.com\/cepronda.com\/blog\/wp-content\/uploads\/2024\/04\/WhatsApp-Image-2024-04-23-at-11.01.35.jpeg?fit=1080%2C1080&ssl=1&resize=525%2C300 1.5x, https:\/\/i0.wp.com\/cepronda.com\/blog\/wp-content\/uploads\/2024\/04\/WhatsApp-Image-2024-04-23-at-11.01.35.jpeg?fit=1080%2C1080&ssl=1&resize=700%2C400 2x, https:\/\/i0.wp.com\/cepronda.com\/blog\/wp-content\/uploads\/2024\/04\/WhatsApp-Image-2024-04-23-at-11.01.35.jpeg?fit=1080%2C1080&ssl=1&resize=1050%2C600 3x"},"classes":[]},{"id":5534,"url":"https:\/\/cepronda.com\/blog\/ii-jornadas-de-mediacion-escolar\/","url_meta":{"origin":7504,"position":5},"title":"II JORNADAS DE MEDIACI\u00d3N ESCOLAR","author":"Inmaculada Garc\u00eda","date":"28 octubre, 2022","format":false,"excerpt":"Buenos d\u00edas compa\u00f1eras y compa\u00f1eros, Os\u00a0 informamos que est\u00e1 abierto el plazo de inscripci\u00f3n en las II JORNADAS DE MEDIACI\u00d3N ESCOLAR,\u00a0 con c\u00f3digo 232922GE089. Fecha actividad: 16 y\u00a0 17 de noviembre del 2022. Fecha inscripci\u00f3n: 24\/10\/2022 hasta 10\/11\/2022 Lugar de realizaci\u00f3n: Facultad de Ciencias de la Educaci\u00f3n Inscripciones en el\u2026","rel":"","context":"En \u00abFormaciones\u00bb","block_context":{"text":"Formaciones","link":"https:\/\/cepronda.com\/blog\/category\/formaciones\/"},"img":{"alt_text":"","src":"https:\/\/i0.wp.com\/cepronda.com\/blog\/wp-content\/uploads\/2022\/11\/WhatsApp-Image-2022-10-28-at-08.42.57-212x300.jpeg?resize=350%2C200","width":350,"height":200},"classes":[]}],"jetpack_sharing_enabled":true,"_links":{"self":[{"href":"https:\/\/cepronda.com\/blog\/wp-json\/wp\/v2\/posts\/7504","targetHints":{"allow":["GET"]}}],"collection":[{"href":"https:\/\/cepronda.com\/blog\/wp-json\/wp\/v2\/posts"}],"about":[{"href":"https:\/\/cepronda.com\/blog\/wp-json\/wp\/v2\/types\/post"}],"author":[{"embeddable":true,"href":"https:\/\/cepronda.com\/blog\/wp-json\/wp\/v2\/users\/13"}],"replies":[{"embeddable":true,"href":"https:\/\/cepronda.com\/blog\/wp-json\/wp\/v2\/comments?post=7504"}],"version-history":[{"count":1,"href":"https:\/\/cepronda.com\/blog\/wp-json\/wp\/v2\/posts\/7504\/revisions"}],"predecessor-version":[{"id":7506,"href":"https:\/\/cepronda.com\/blog\/wp-json\/wp\/v2\/posts\/7504\/revisions\/7506"}],"wp:featuredmedia":[{"embeddable":true,"href":"https:\/\/cepronda.com\/blog\/wp-json\/wp\/v2\/media\/7505"}],"wp:attachment":[{"href":"https:\/\/cepronda.com\/blog\/wp-json\/wp\/v2\/media?parent=7504"}],"wp:term":[{"taxonomy":"category","embeddable":true,"href":"https:\/\/cepronda.com\/blog\/wp-json\/wp\/v2\/categories?post=7504"},{"taxonomy":"post_tag","embeddable":true,"href":"https:\/\/cepronda.com\/blog\/wp-json\/wp\/v2\/tags?post=7504"}],"curies":[{"name":"wp","href":"https:\/\/api.w.org\/{rel}","templated":true}]}}