{"id":7493,"date":"2024-03-06T11:58:19","date_gmt":"2024-03-06T10:58:19","guid":{"rendered":"https:\/\/cepronda.com\/blog\/?p=7493"},"modified":"2025-04-28T12:01:16","modified_gmt":"2025-04-28T10:01:16","slug":"cruzando-fronteras-culturales-%e2%9c%a8-experiencia-erasmus-en-el-ies-andres-perez-serrano","status":"publish","type":"post","link":"https:\/\/cepronda.com\/blog\/cruzando-fronteras-culturales-%e2%9c%a8-experiencia-erasmus-en-el-ies-andres-perez-serrano\/","title":{"rendered":"\u00ab\u00a1Cruzando Fronteras Culturales! \u2728 Experiencia Erasmus en el IES Andr\u00e9s P\u00e9rez Serrano\u00bb"},"content":{"rendered":"<p>\u00a1Celebramos la maravillosa experiencia Erasmus que estamos viviendo en el IES Andr\u00e9s P\u00e9rez Serrano! \u2728Del 3 al 14 de marzo,el centro tiene el placer de recibir a 6 brillantes alumnos\/as del Institut Saint Dominique-Saint Herblain de Francia. Estos j\u00f3venes embajadores de la cultura francesa est\u00e1n explorando la localidad de Cortes de la Frontera, estudiando y compartiendo momentos inolvidables con 6 familias locales que los han acogido con los brazos abiertos.<\/p>\n<p>Agradecemos profundamente a las familias de Cortes de la Frontera su calidez y generosidad al convertirse en anfitriones temporales de estos estudiantes. Vuestra hospitalidad es clave para hacer que esta experiencia sea inolvidable. \u2764\ufe0f<\/p>\n<p>Todo esto es posible gracias al consorcio Erasmus MEPRural y el gran trabajo del IES Andr\u00e9s P\u00e9rez Serrano, una iniciativa coordinada por el CEP de Ronda.<\/p>\n<p>Estamos emocionados por lo que est\u00e1 por venir y ansiosos por seguir construyendo puentes de conocimiento y amistad entre nuestras comunidades. Deseamos que esta etapa sea\u00a0 inolvidable, llena de aprendizajes y momentos especiales para todos\/as.<\/p>\n<p><img data-recalc-dims=\"1\" loading=\"lazy\" decoding=\"async\" class=\"aligncenter wp-image-7495 \" src=\"https:\/\/i0.wp.com\/cepronda.com\/blog\/wp-content\/uploads\/2024\/03\/Imagen-Erasmus-visita-6-franceses-pixelada-1.jpg?resize=727%2C327&#038;ssl=1\" alt=\"\" width=\"727\" height=\"327\" srcset=\"https:\/\/i0.wp.com\/cepronda.com\/blog\/wp-content\/uploads\/2024\/03\/Imagen-Erasmus-visita-6-franceses-pixelada-1.jpg?resize=1024%2C461&amp;ssl=1 1024w, https:\/\/i0.wp.com\/cepronda.com\/blog\/wp-content\/uploads\/2024\/03\/Imagen-Erasmus-visita-6-franceses-pixelada-1.jpg?resize=300%2C135&amp;ssl=1 300w, https:\/\/i0.wp.com\/cepronda.com\/blog\/wp-content\/uploads\/2024\/03\/Imagen-Erasmus-visita-6-franceses-pixelada-1.jpg?resize=768%2C346&amp;ssl=1 768w, https:\/\/i0.wp.com\/cepronda.com\/blog\/wp-content\/uploads\/2024\/03\/Imagen-Erasmus-visita-6-franceses-pixelada-1.jpg?resize=1536%2C691&amp;ssl=1 1536w, https:\/\/i0.wp.com\/cepronda.com\/blog\/wp-content\/uploads\/2024\/03\/Imagen-Erasmus-visita-6-franceses-pixelada-1.jpg?w=2040&amp;ssl=1 2040w\" sizes=\"auto, (max-width: 727px) 100vw, 727px\" \/><\/p>\n<p>&nbsp;<\/p>\n","protected":false},"excerpt":{"rendered":"<p>\u00a1Celebramos la maravillosa experiencia Erasmus que estamos viviendo en el IES Andr\u00e9s P\u00e9rez Serrano! \u2728Del 3 al 14 de marzo,el centro tiene el placer de recibir a 6 brillantes alumnos\/as del Institut Saint Dominique-Saint Herblain de Francia. Estos j\u00f3venes embajadores de la cultura francesa est\u00e1n explorando la localidad de Cortes de la Frontera, estudiando y [&hellip;]<\/p>\n","protected":false},"author":10,"featured_media":7494,"comment_status":"closed","ping_status":"open","sticky":false,"template":"","format":"standard","meta":{"_crdt_document":"","advanced_seo_description":"","jetpack_seo_html_title":"","jetpack_seo_noindex":false,"jetpack_post_was_ever_published":false,"_jetpack_newsletter_access":"","_jetpack_dont_email_post_to_subs":false,"_jetpack_newsletter_tier_id":0,"_jetpack_memberships_contains_paywalled_content":false,"_jetpack_memberships_contains_paid_content":false,"footnotes":"","jetpack_publicize_message":"","jetpack_publicize_feature_enabled":true,"jetpack_social_post_already_shared":false,"jetpack_social_options":{"image_generator_settings":{"template":"highway","default_image_id":0,"font":"","enabled":false},"version":2}},"categories":[3,5],"tags":[405,282],"class_list":{"0":"post-7493","1":"post","2":"type-post","3":"status-publish","4":"format-standard","5":"has-post-thumbnail","7":"category-formaciones","8":"category-noticias","9":"tag-erasmus-europa","10":"tag-meprural","11":"czr-hentry"},"jetpack_publicize_connections":[],"jetpack_featured_media_url":"https:\/\/i0.wp.com\/cepronda.com\/blog\/wp-content\/uploads\/2024\/03\/Imagen-Erasmus-visita-6-franceses-pixelada.jpg?fit=2040%2C918&ssl=1","jetpack_shortlink":"https:\/\/wp.me\/p8M4X7-1WR","jetpack-related-posts":[{"id":7518,"url":"https:\/\/cepronda.com\/blog\/celebrando-el-fin-de-una-increible-aventura-erasmus-%e2%9c%a8\/","url_meta":{"origin":7493,"position":0},"title":"\u00a1Celebrando el Fin de una Incre\u00edble Aventura Erasmus! \u2728","author":"Inmaculada Garc\u00eda","date":"20 marzo, 2024","format":false,"excerpt":"Ha llegado el momento de reflexionar sobre los maravillosos recuerdos y experiencias que hemos compartido durante esta emocionante traves\u00eda Erasmus en el IES Andr\u00e9s P\u00e9rez Serrano de Cortes de la Frontera( centro miembro del consorcio Erasmus MEPRural, coordinado por el CEP de Ronda). Desde el 3 hasta el 14 de\u2026","rel":"","context":"En \u00abFormaciones\u00bb","block_context":{"text":"Formaciones","link":"https:\/\/cepronda.com\/blog\/category\/formaciones\/"},"img":{"alt_text":"","src":"https:\/\/i0.wp.com\/cepronda.com\/blog\/wp-content\/uploads\/2024\/03\/WhatsApp-Image-2024-03-20-at-11.09.55.jpeg?fit=1200%2C900&ssl=1&resize=350%2C200","width":350,"height":200,"srcset":"https:\/\/i0.wp.com\/cepronda.com\/blog\/wp-content\/uploads\/2024\/03\/WhatsApp-Image-2024-03-20-at-11.09.55.jpeg?fit=1200%2C900&ssl=1&resize=350%2C200 1x, https:\/\/i0.wp.com\/cepronda.com\/blog\/wp-content\/uploads\/2024\/03\/WhatsApp-Image-2024-03-20-at-11.09.55.jpeg?fit=1200%2C900&ssl=1&resize=525%2C300 1.5x, https:\/\/i0.wp.com\/cepronda.com\/blog\/wp-content\/uploads\/2024\/03\/WhatsApp-Image-2024-03-20-at-11.09.55.jpeg?fit=1200%2C900&ssl=1&resize=700%2C400 2x, https:\/\/i0.wp.com\/cepronda.com\/blog\/wp-content\/uploads\/2024\/03\/WhatsApp-Image-2024-03-20-at-11.09.55.jpeg?fit=1200%2C900&ssl=1&resize=1050%2C600 3x"},"classes":[]},{"id":7531,"url":"https:\/\/cepronda.com\/blog\/%e2%9c%a8-celebramos-la-internacionalizacion-educativa-en-el-ceip-ntra-sra-del-rosario-de-cortes-de-la-frontera-%e2%9c%a8\/","url_meta":{"origin":7493,"position":1},"title":"\u2728 \u00a1Celebramos la Internacionalizaci\u00f3n Educativa en el CEIP Ntra. Sra. Del Rosario de Cortes de la Frontera! \u2728","author":"Inmaculada Garc\u00eda","date":"20 marzo, 2024","format":false,"excerpt":"Nos emociona compartir que desde el 18 al 23 de marzo estamos recibiendo la visita del \u00c9cole Saint Joseph de M\u00e9an (Francia) con 23 alumnos y alumnas con edades entre los 9 y 11 a\u00f1os. Esta iniciativa parte del programa del consorcio Erasmus MEPRural coordinado desde el CEP de Ronda,\u2026","rel":"","context":"En \u00abFormaciones\u00bb","block_context":{"text":"Formaciones","link":"https:\/\/cepronda.com\/blog\/category\/formaciones\/"},"img":{"alt_text":"","src":"https:\/\/i0.wp.com\/cepronda.com\/blog\/wp-content\/uploads\/2024\/03\/WhatsApp-Image-2024-03-20-at-16.37.09.jpeg?fit=1200%2C689&ssl=1&resize=350%2C200","width":350,"height":200,"srcset":"https:\/\/i0.wp.com\/cepronda.com\/blog\/wp-content\/uploads\/2024\/03\/WhatsApp-Image-2024-03-20-at-16.37.09.jpeg?fit=1200%2C689&ssl=1&resize=350%2C200 1x, https:\/\/i0.wp.com\/cepronda.com\/blog\/wp-content\/uploads\/2024\/03\/WhatsApp-Image-2024-03-20-at-16.37.09.jpeg?fit=1200%2C689&ssl=1&resize=525%2C300 1.5x, https:\/\/i0.wp.com\/cepronda.com\/blog\/wp-content\/uploads\/2024\/03\/WhatsApp-Image-2024-03-20-at-16.37.09.jpeg?fit=1200%2C689&ssl=1&resize=700%2C400 2x, https:\/\/i0.wp.com\/cepronda.com\/blog\/wp-content\/uploads\/2024\/03\/WhatsApp-Image-2024-03-20-at-16.37.09.jpeg?fit=1200%2C689&ssl=1&resize=1050%2C600 3x"},"classes":[]},{"id":5081,"url":"https:\/\/cepronda.com\/blog\/acreditacion-eramus-concesion-entrevista-en-canal-charry-meprural\/","url_meta":{"origin":7493,"position":2},"title":"ACREDITACI\u00d3N ERAMUS+. CONCESI\u00d3N. ENTREVISTA EN CANAL CHARRY. MEPRural.","author":"Maribel Mu\u00f1oz","date":"3 febrero, 2022","format":false,"excerpt":"Buenas tardes compa\u00f1eras y compa\u00f1eros Os compartimos el v\u00eddeo de la entrevista realizada por Canal Charry con motivo de la concesi\u00f3n de una Acreditaci\u00f3n Erasmus+ al Consorcio coordinado desde el CEP de Ronda, durante todo el periodo 21\/27.\u00a0 Con esta concesi\u00f3n de Acreditaci\u00f3n Erasmus+, el CEP de Ronda va a\u2026","rel":"","context":"En \u00abFormaciones\u00bb","block_context":{"text":"Formaciones","link":"https:\/\/cepronda.com\/blog\/category\/formaciones\/"},"img":{"alt_text":"","src":"https:\/\/i0.wp.com\/cepronda.com\/blog\/wp-content\/uploads\/2022\/02\/Publicacion-Erasmus.jpg?fit=1200%2C611&ssl=1&resize=350%2C200","width":350,"height":200,"srcset":"https:\/\/i0.wp.com\/cepronda.com\/blog\/wp-content\/uploads\/2022\/02\/Publicacion-Erasmus.jpg?fit=1200%2C611&ssl=1&resize=350%2C200 1x, https:\/\/i0.wp.com\/cepronda.com\/blog\/wp-content\/uploads\/2022\/02\/Publicacion-Erasmus.jpg?fit=1200%2C611&ssl=1&resize=525%2C300 1.5x, https:\/\/i0.wp.com\/cepronda.com\/blog\/wp-content\/uploads\/2022\/02\/Publicacion-Erasmus.jpg?fit=1200%2C611&ssl=1&resize=700%2C400 2x, https:\/\/i0.wp.com\/cepronda.com\/blog\/wp-content\/uploads\/2022\/02\/Publicacion-Erasmus.jpg?fit=1200%2C611&ssl=1&resize=1050%2C600 3x"},"classes":[]},{"id":5074,"url":"https:\/\/cepronda.com\/blog\/movilidades-eramus-entrevista-en-canal-charry-meprural\/","url_meta":{"origin":7493,"position":3},"title":"MOVILIDADES ERAMUS+. ENTREVISTA EN CANAL CHARRY. MEPRural.","author":"Maribel Mu\u00f1oz","date":"3 febrero, 2022","format":false,"excerpt":"Buenas tardes compa\u00f1eras y compa\u00f1eros Os compartimos el v\u00eddeo de la entrevista realizada por Canal Charry a las compa\u00f1eras y a los compa\u00f1eros que han participado en las dos movilidades desarrolladas hasta el momento, dentro del Consorcio Erasmus+ MEPRural del CEP de Ronda. En estas movilidades hemos tenido como entidades\u2026","rel":"","context":"En \u00abFormaciones\u00bb","block_context":{"text":"Formaciones","link":"https:\/\/cepronda.com\/blog\/category\/formaciones\/"},"img":{"alt_text":"","src":"https:\/\/i0.wp.com\/cepronda.com\/blog\/wp-content\/uploads\/2022\/02\/Publicacion-Erasmus.jpg?fit=1200%2C611&ssl=1&resize=350%2C200","width":350,"height":200,"srcset":"https:\/\/i0.wp.com\/cepronda.com\/blog\/wp-content\/uploads\/2022\/02\/Publicacion-Erasmus.jpg?fit=1200%2C611&ssl=1&resize=350%2C200 1x, https:\/\/i0.wp.com\/cepronda.com\/blog\/wp-content\/uploads\/2022\/02\/Publicacion-Erasmus.jpg?fit=1200%2C611&ssl=1&resize=525%2C300 1.5x, https:\/\/i0.wp.com\/cepronda.com\/blog\/wp-content\/uploads\/2022\/02\/Publicacion-Erasmus.jpg?fit=1200%2C611&ssl=1&resize=700%2C400 2x, https:\/\/i0.wp.com\/cepronda.com\/blog\/wp-content\/uploads\/2022\/02\/Publicacion-Erasmus.jpg?fit=1200%2C611&ssl=1&resize=1050%2C600 3x"},"classes":[]},{"id":1970,"url":"https:\/\/cepronda.com\/blog\/presentacion-del-ciclo-formativo-produccion-agroecologica-del-ies-andres-perez-serrano\/","url_meta":{"origin":7493,"position":4},"title":"Presentaci\u00f3n del ciclo formativo \u00abProducci\u00f3n agroecol\u00f3gica\u00bb del IES Andr\u00e9s P\u00e9rez Serrano","author":"V\u00edctor Caballero","date":"28 mayo, 2018","format":false,"excerpt":"\u00a1Hola! El pr\u00f3ximo 6 de junio a las 11\u00b430 de la ma\u00f1ana en nuestro Sal\u00f3n de Actos tendr\u00e1 lugar la presentaci\u00f3n del ciclo formativo de \"Producci\u00f3n agroecol\u00f3gica\" que ofrece desde el curso pasado el IES Andr\u00e9s P\u00e9rez Serrano de Cortes de la Frontera, y a la que queremos invitar a\u2026","rel":"","context":"En \u00abNoticias\u00bb","block_context":{"text":"Noticias","link":"https:\/\/cepronda.com\/blog\/category\/noticias\/"},"img":{"alt_text":"","src":"https:\/\/i0.wp.com\/cepronda.com\/blog\/wp-content\/uploads\/2017\/05\/video_agricultura_ecol%C3%B3gica.png?fit=934%2C665&ssl=1&resize=350%2C200","width":350,"height":200,"srcset":"https:\/\/i0.wp.com\/cepronda.com\/blog\/wp-content\/uploads\/2017\/05\/video_agricultura_ecol%C3%B3gica.png?fit=934%2C665&ssl=1&resize=350%2C200 1x, https:\/\/i0.wp.com\/cepronda.com\/blog\/wp-content\/uploads\/2017\/05\/video_agricultura_ecol%C3%B3gica.png?fit=934%2C665&ssl=1&resize=525%2C300 1.5x, https:\/\/i0.wp.com\/cepronda.com\/blog\/wp-content\/uploads\/2017\/05\/video_agricultura_ecol%C3%B3gica.png?fit=934%2C665&ssl=1&resize=700%2C400 2x"},"classes":[]},{"id":2817,"url":"https:\/\/cepronda.com\/blog\/ciclos-formativos-en-el-ies-andres-perez-serrano-de-cortes-de-la-frontera\/","url_meta":{"origin":7493,"position":5},"title":"Ciclos Formativos en el IES Andr\u00e9s P\u00e9rez Serrano de Cortes de la Frontera","author":"V\u00edctor Caballero","date":"17 mayo, 2019","format":false,"excerpt":"Muy buenas familia, Compartimos con todos y todas vosotras la interesante oferta formativa de Ciclo Formativos de Formaci\u00f3n Profesional Dual Agraria ofrecidas por el IES Andr\u00e9s P\u00e9rez Serrano. Ademas de con los dos tr\u00edpticos informativos, os dejamos dos v\u00eddeos informando sobre los mismos, y os invitamos a visitar la p\u00e1gina\u2026","rel":"","context":"En \u00abNoticias\u00bb","block_context":{"text":"Noticias","link":"https:\/\/cepronda.com\/blog\/category\/noticias\/"},"img":{"alt_text":"","src":"https:\/\/i0.wp.com\/cepronda.com\/blog\/wp-content\/uploads\/2019\/05\/CFGM_Andres_P%C3%A9rez_Serrano.png?fit=635%2C904&ssl=1&resize=350%2C200","width":350,"height":200,"srcset":"https:\/\/i0.wp.com\/cepronda.com\/blog\/wp-content\/uploads\/2019\/05\/CFGM_Andres_P%C3%A9rez_Serrano.png?fit=635%2C904&ssl=1&resize=350%2C200 1x, https:\/\/i0.wp.com\/cepronda.com\/blog\/wp-content\/uploads\/2019\/05\/CFGM_Andres_P%C3%A9rez_Serrano.png?fit=635%2C904&ssl=1&resize=525%2C300 1.5x"},"classes":[]}],"jetpack_sharing_enabled":true,"_links":{"self":[{"href":"https:\/\/cepronda.com\/blog\/wp-json\/wp\/v2\/posts\/7493","targetHints":{"allow":["GET"]}}],"collection":[{"href":"https:\/\/cepronda.com\/blog\/wp-json\/wp\/v2\/posts"}],"about":[{"href":"https:\/\/cepronda.com\/blog\/wp-json\/wp\/v2\/types\/post"}],"author":[{"embeddable":true,"href":"https:\/\/cepronda.com\/blog\/wp-json\/wp\/v2\/users\/10"}],"replies":[{"embeddable":true,"href":"https:\/\/cepronda.com\/blog\/wp-json\/wp\/v2\/comments?post=7493"}],"version-history":[{"count":3,"href":"https:\/\/cepronda.com\/blog\/wp-json\/wp\/v2\/posts\/7493\/revisions"}],"predecessor-version":[{"id":7498,"href":"https:\/\/cepronda.com\/blog\/wp-json\/wp\/v2\/posts\/7493\/revisions\/7498"}],"wp:featuredmedia":[{"embeddable":true,"href":"https:\/\/cepronda.com\/blog\/wp-json\/wp\/v2\/media\/7494"}],"wp:attachment":[{"href":"https:\/\/cepronda.com\/blog\/wp-json\/wp\/v2\/media?parent=7493"}],"wp:term":[{"taxonomy":"category","embeddable":true,"href":"https:\/\/cepronda.com\/blog\/wp-json\/wp\/v2\/categories?post=7493"},{"taxonomy":"post_tag","embeddable":true,"href":"https:\/\/cepronda.com\/blog\/wp-json\/wp\/v2\/tags?post=7493"}],"curies":[{"name":"wp","href":"https:\/\/api.w.org\/{rel}","templated":true}]}}