{"id":7455,"date":"2024-02-14T11:33:45","date_gmt":"2024-02-14T10:33:45","guid":{"rendered":"https:\/\/cepronda.com\/blog\/?p=7455"},"modified":"2025-04-28T12:00:09","modified_gmt":"2025-04-28T10:00:09","slug":"ceip-vicente-espinel-concurso-de-poesia","status":"publish","type":"post","link":"https:\/\/cepronda.com\/blog\/ceip-vicente-espinel-concurso-de-poesia\/","title":{"rendered":"CEIP VICENTE ESPINEL: CONCURSO DE POES\u00cdA"},"content":{"rendered":"<p>Muy buenas,<\/p>\n<p>Desde el CEP de Ronda queremos dar difusi\u00f3n a esta iniciativa del CEIP Vicente Espinel sobre la conmemoraci\u00f3n del 400 aniversario de la muerte de Vicente Espinel a trav\u00e9s de un <strong>Concurso de Poes\u00eda\u00a0<\/strong><\/p>\n<p><strong>MODALIDADES:<\/strong><\/p>\n<ul>\n<li>Hasta 18 a\u00f1os (Cuartetas y\/o Espinelas)<\/li>\n<li>Mayores de 18 a\u00f1os (Espinelas)<\/li>\n<\/ul>\n<p><strong>FECHA FINAL DE ENTREGA<\/strong>: 5 de marzo de 2024<\/p>\n<p><strong>ORGANIZA<\/strong>:\u00a0 CEIP Vicente Espinel<\/p>\n<p><strong>BASES DEL CONCURSO<\/strong>: <a href=\"https:\/\/www.ceipvicenteespinel.com\/familia\/400-aniversario-vicente-espinel\">https:\/\/www.ceipvicenteespinel.com\/familia\/400-aniversario-vicente-espinel<\/a><\/p>\n<p>Adjuntamos explicaci\u00f3n por parte del alumnado del Centro y el Cartel:<\/p>\n<p><em>\u00a0 \u00a0 \u00a0<\/em><\/p>\n<p><em>\u00a0 \u00a0 \u00abSoy una alumna del C.E.I.P. Vicente Espinel, desde mi Colegio estamos conmemorando el 400 aniversario de la muerte de Vicente Espinel, me complace invitar a todos los amantes de la poes\u00eda de su centro a participar en un Concurso de Poes\u00eda, concurso que rinde homenaje a su legado perdurable, en este caso la D\u00e9cima espinela, forma po\u00e9tica que ha perdurado a lo largo de fas siglos y que hay en d\u00eda sigue un elemento esencial de la poes\u00eda hispana.<\/em><\/p>\n<p><em>Este concurso busca no solo honrar la memoria de Espinel sino tambi\u00e9n fomentar la creatividad y el talento po\u00e9tico de quienes participan. Invitamos a las participantes a explorar sus emociones, reflexiones y visiones a trav\u00e9s de la palabra escrita, siguiendo la inspiraci\u00f3n de la rica tradici\u00f3n literaria que nos dej\u00f3 Vicente Espinel.<\/em><\/p>\n<p><em>Las bases del concurso son sencillas. Podr\u00e1n participar todas aquellas personas que deseen expresar su amor par la poes\u00eda y rendir tributo al legado de Espinel.<\/em><\/p>\n<p><em>\u00a1Mucha suerte a todas las participantes y que la poes\u00eda de Espinel inspire cada verso que plasmen en sus obras!<\/em><\/p>\n<p><em>Y muchas gracias por su colaboraci\u00f3n.\u00bb<\/em><\/p>\n<div class=\"x11i5rnm xat24cr x1mh8g0r x1vvkbs xtlvy1s x126k92a\">\n<div dir=\"auto\"><\/div>\n<\/div>\n<div dir=\"auto\"><\/div>\n<div dir=\"auto\"><img data-recalc-dims=\"1\" loading=\"lazy\" decoding=\"async\" class=\"aligncenter wp-image-7456 size-large\" src=\"https:\/\/i0.wp.com\/cepronda.com\/blog\/wp-content\/uploads\/2024\/02\/WhatsApp-Image-2024-02-14-at-11.13.56.jpeg?resize=734%2C1024&#038;ssl=1\" alt=\"\" width=\"734\" height=\"1024\" srcset=\"https:\/\/i0.wp.com\/cepronda.com\/blog\/wp-content\/uploads\/2024\/02\/WhatsApp-Image-2024-02-14-at-11.13.56.jpeg?resize=734%2C1024&amp;ssl=1 734w, https:\/\/i0.wp.com\/cepronda.com\/blog\/wp-content\/uploads\/2024\/02\/WhatsApp-Image-2024-02-14-at-11.13.56.jpeg?resize=215%2C300&amp;ssl=1 215w, https:\/\/i0.wp.com\/cepronda.com\/blog\/wp-content\/uploads\/2024\/02\/WhatsApp-Image-2024-02-14-at-11.13.56.jpeg?resize=768%2C1072&amp;ssl=1 768w, https:\/\/i0.wp.com\/cepronda.com\/blog\/wp-content\/uploads\/2024\/02\/WhatsApp-Image-2024-02-14-at-11.13.56.jpeg?resize=1100%2C1536&amp;ssl=1 1100w, https:\/\/i0.wp.com\/cepronda.com\/blog\/wp-content\/uploads\/2024\/02\/WhatsApp-Image-2024-02-14-at-11.13.56.jpeg?w=1467&amp;ssl=1 1467w\" sizes=\"auto, (max-width: 734px) 100vw, 734px\" \/><\/div>\n<div dir=\"auto\"><\/div>\n","protected":false},"excerpt":{"rendered":"<p>Muy buenas, Desde el CEP de Ronda queremos dar difusi\u00f3n a esta iniciativa del CEIP Vicente Espinel sobre la conmemoraci\u00f3n del 400 aniversario de la muerte de Vicente Espinel a trav\u00e9s de un Concurso de Poes\u00eda\u00a0 MODALIDADES: Hasta 18 a\u00f1os (Cuartetas y\/o Espinelas) Mayores de 18 a\u00f1os (Espinelas) FECHA FINAL DE ENTREGA: 5 de marzo [&hellip;]<\/p>\n","protected":false},"author":3,"featured_media":7456,"comment_status":"closed","ping_status":"open","sticky":false,"template":"","format":"standard","meta":{"_crdt_document":"","advanced_seo_description":"","jetpack_seo_html_title":"","jetpack_seo_noindex":false,"jetpack_post_was_ever_published":false,"_jetpack_newsletter_access":"","_jetpack_dont_email_post_to_subs":false,"_jetpack_newsletter_tier_id":0,"_jetpack_memberships_contains_paywalled_content":false,"_jetpack_memberships_contains_paid_content":false,"footnotes":"","jetpack_publicize_message":"","jetpack_publicize_feature_enabled":true,"jetpack_social_post_already_shared":false,"jetpack_social_options":{"image_generator_settings":{"template":"highway","default_image_id":0,"font":"","enabled":false},"version":2}},"categories":[3,5],"tags":[],"class_list":{"0":"post-7455","1":"post","2":"type-post","3":"status-publish","4":"format-standard","5":"has-post-thumbnail","7":"category-formaciones","8":"category-noticias","9":"czr-hentry"},"jetpack_publicize_connections":[],"jetpack_featured_media_url":"https:\/\/i0.wp.com\/cepronda.com\/blog\/wp-content\/uploads\/2024\/02\/WhatsApp-Image-2024-02-14-at-11.13.56.jpeg?fit=1467%2C2048&ssl=1","jetpack_shortlink":"https:\/\/wp.me\/p8M4X7-1Wf","jetpack-related-posts":[{"id":2915,"url":"https:\/\/cepronda.com\/blog\/actividades-de-calculo-mental-en-el-ceip-vicente-espinel\/","url_meta":{"origin":7455,"position":0},"title":"Actividades de c\u00e1lculo mental en el CEIP Vicente Espinel","author":"V\u00edctor Caballero","date":"21 junio, 2019","format":false,"excerpt":"Muy buenas, Sabemos que en muchos de vuestros centros est\u00e1is haciendo en estos dais muchas actividades muy interesantes y motivantes para vuestro alumnado. En este caso queremos compartir una actividad realizada en el CEIP Vicente Espinel y que podemos decir que es una de las actividades finales del grupo de\u2026","rel":"","context":"En \u00abNoticias\u00bb","block_context":{"text":"Noticias","link":"https:\/\/cepronda.com\/blog\/category\/noticias\/"},"img":{"alt_text":"","src":"https:\/\/i0.wp.com\/cepronda.com\/blog\/wp-content\/uploads\/2017\/05\/mathematics-1044080_640.jpg?fit=640%2C436&ssl=1&resize=350%2C200","width":350,"height":200,"srcset":"https:\/\/i0.wp.com\/cepronda.com\/blog\/wp-content\/uploads\/2017\/05\/mathematics-1044080_640.jpg?fit=640%2C436&ssl=1&resize=350%2C200 1x, https:\/\/i0.wp.com\/cepronda.com\/blog\/wp-content\/uploads\/2017\/05\/mathematics-1044080_640.jpg?fit=640%2C436&ssl=1&resize=525%2C300 1.5x"},"classes":[]},{"id":3196,"url":"https:\/\/cepronda.com\/blog\/actividades-con-motivo-del-25-de-noviembre-en-vuestros-centros\/","url_meta":{"origin":7455,"position":1},"title":"Actividades con motivo del 25 de noviembre en vuestros centros","author":"V\u00edctor Caballero","date":"26 noviembre, 2019","format":false,"excerpt":"Muy buenas familia, A trav\u00e9s de las redes sociales, de forma directa a nuestros tel\u00e9fonos m\u00f3viles, o bien acudiendo a vuestros centros hemos visto los grandes trabajos que hab\u00e9is realizado con vuestro alumnado con motivo del 25 de noviembre. Como publicamos en nuestras redes, estamos convencidas en el CEP de\u2026","rel":"","context":"En \u00abNoticias\u00bb","block_context":{"text":"Noticias","link":"https:\/\/cepronda.com\/blog\/category\/noticias\/"},"img":{"alt_text":"","src":"","width":0,"height":0},"classes":[]},{"id":440,"url":"https:\/\/cepronda.com\/blog\/formacion-en-competencia-matematica\/","url_meta":{"origin":7455,"position":2},"title":"Formaci\u00f3n en competencia matem\u00e1tica","author":"V\u00edctor Caballero","date":"12 diciembre, 2016","format":false,"excerpt":"Hola de nuevo, En esta ocasi\u00f3n quiero comentaros que a la vuelta de las merecid\u00edsimas vacaciones de Navidad, ya con las pilas recargadas, pondremos en marcha un curso formativo en competencia matem\u00e1tica para Infantil y Primaria. Este curso est\u00e1 dirigido preferentemente al profesorado del CEIP Vicente Espinel, pero existen plazas\u2026","rel":"","context":"En \u00abFormaciones\u00bb","block_context":{"text":"Formaciones","link":"https:\/\/cepronda.com\/blog\/category\/formaciones\/"},"img":{"alt_text":"board-1103721_640","src":"https:\/\/i0.wp.com\/cepronda.com\/blog\/wp-content\/uploads\/2016\/12\/board-1103721_640.jpg?resize=350%2C200","width":350,"height":200,"srcset":"https:\/\/i0.wp.com\/cepronda.com\/blog\/wp-content\/uploads\/2016\/12\/board-1103721_640.jpg?resize=350%2C200 1x, https:\/\/i0.wp.com\/cepronda.com\/blog\/wp-content\/uploads\/2016\/12\/board-1103721_640.jpg?resize=525%2C300 1.5x"},"classes":[]},{"id":5949,"url":"https:\/\/cepronda.com\/blog\/viii-certamen-de-teatro-en-el-aula-ciudad-de-ronda\/","url_meta":{"origin":7455,"position":3},"title":"VIII CERTAMEN DE TEATRO EN EL AULA \u00abCIUDAD DE RONDA\u00bb","author":"Mamen Moreno","date":"18 abril, 2023","format":false,"excerpt":"Os informamos que el pasado lunes 17 de abril se presento el cartel anunciador del VII Certamen de Teatro en el aula Ciudad de Ronda (TACIR) Este certamen se de desarrollara durante el 26 de mayo al 2 de junio Los teatros se realizaran en el Teatro Vicente Espinel de\u2026","rel":"","context":"En \u00abNoticias\u00bb","block_context":{"text":"Noticias","link":"https:\/\/cepronda.com\/blog\/category\/noticias\/"},"img":{"alt_text":"","src":"https:\/\/i0.wp.com\/cepronda.com\/blog\/wp-content\/uploads\/2023\/04\/CARTEL-CERTAMEN-DEFINITIVO.jpg?fit=1200%2C812&ssl=1&resize=350%2C200","width":350,"height":200,"srcset":"https:\/\/i0.wp.com\/cepronda.com\/blog\/wp-content\/uploads\/2023\/04\/CARTEL-CERTAMEN-DEFINITIVO.jpg?fit=1200%2C812&ssl=1&resize=350%2C200 1x, https:\/\/i0.wp.com\/cepronda.com\/blog\/wp-content\/uploads\/2023\/04\/CARTEL-CERTAMEN-DEFINITIVO.jpg?fit=1200%2C812&ssl=1&resize=525%2C300 1.5x, https:\/\/i0.wp.com\/cepronda.com\/blog\/wp-content\/uploads\/2023\/04\/CARTEL-CERTAMEN-DEFINITIVO.jpg?fit=1200%2C812&ssl=1&resize=700%2C400 2x, https:\/\/i0.wp.com\/cepronda.com\/blog\/wp-content\/uploads\/2023\/04\/CARTEL-CERTAMEN-DEFINITIVO.jpg?fit=1200%2C812&ssl=1&resize=1050%2C600 3x"},"classes":[]},{"id":1446,"url":"https:\/\/cepronda.com\/blog\/formacion-en-competencia-matematica-para-infantil-y-primaria\/","url_meta":{"origin":7455,"position":4},"title":"Formaci\u00f3n en competencia matem\u00e1tica para Infantil y Primaria","author":"V\u00edctor Caballero","date":"21 noviembre, 2017","format":false,"excerpt":"Muy buenas familia, Acabamos de abrir la convocatoria para dos cursos que sabemos que est\u00e1is esperando muchos y muchas de vosotras. Se trata de los cursos sobre competencia matem\u00e1tica siguiendo la metodolog\u00eda de Jos\u00e9 Antonio Fern\u00e1ndez Bravo.\u00a0 Tendr\u00e1n preferencia de inscripci\u00f3n el profesorado del CEIP Vicente Espinel, al ser una\u2026","rel":"","context":"En \u00abFormaciones\u00bb","block_context":{"text":"Formaciones","link":"https:\/\/cepronda.com\/blog\/category\/formaciones\/"},"img":{"alt_text":"","src":"https:\/\/i0.wp.com\/cepronda.com\/blog\/wp-content\/uploads\/2017\/11\/number-1920550_640.png?fit=450%2C640&ssl=1&resize=350%2C200","width":350,"height":200},"classes":[]},{"id":1628,"url":"https:\/\/cepronda.com\/blog\/formularios-para-participar-como-publico-v-certamen-de-teatro-ciudad-de-ronda\/","url_meta":{"origin":7455,"position":5},"title":"FORMULARIOS PARA PARTICIPAR COMO P\u00daBLICO V CERTAMEN DE TEATRO \u00abCIUDAD DE RONDA\u00bb","author":"V\u00edctor Caballero","date":"5 marzo, 2018","format":false,"excerpt":"\u00a1Saludos teatrales compa\u00f1eros\/as!!: Ya ha llegado Marzo y como os prometimos aqu\u00ed os dejamos el enlace para participar gratis como p\u00fablico asistente al\u00a0V CERTAMEN DE TEATRO \"CIUDAD DE RONDA\"\u00a0 Esperamos vuestra presencia un a\u00f1o m\u00e1s en el Teatro Vicente Espinel para disfrutar de la calidad de nuestros actores y actrices.\u2026","rel":"","context":"En \u00abNoticias\u00bb","block_context":{"text":"Noticias","link":"https:\/\/cepronda.com\/blog\/category\/noticias\/"},"img":{"alt_text":"","src":"","width":0,"height":0},"classes":[]}],"jetpack_sharing_enabled":true,"_links":{"self":[{"href":"https:\/\/cepronda.com\/blog\/wp-json\/wp\/v2\/posts\/7455","targetHints":{"allow":["GET"]}}],"collection":[{"href":"https:\/\/cepronda.com\/blog\/wp-json\/wp\/v2\/posts"}],"about":[{"href":"https:\/\/cepronda.com\/blog\/wp-json\/wp\/v2\/types\/post"}],"author":[{"embeddable":true,"href":"https:\/\/cepronda.com\/blog\/wp-json\/wp\/v2\/users\/3"}],"replies":[{"embeddable":true,"href":"https:\/\/cepronda.com\/blog\/wp-json\/wp\/v2\/comments?post=7455"}],"version-history":[{"count":4,"href":"https:\/\/cepronda.com\/blog\/wp-json\/wp\/v2\/posts\/7455\/revisions"}],"predecessor-version":[{"id":7460,"href":"https:\/\/cepronda.com\/blog\/wp-json\/wp\/v2\/posts\/7455\/revisions\/7460"}],"wp:featuredmedia":[{"embeddable":true,"href":"https:\/\/cepronda.com\/blog\/wp-json\/wp\/v2\/media\/7456"}],"wp:attachment":[{"href":"https:\/\/cepronda.com\/blog\/wp-json\/wp\/v2\/media?parent=7455"}],"wp:term":[{"taxonomy":"category","embeddable":true,"href":"https:\/\/cepronda.com\/blog\/wp-json\/wp\/v2\/categories?post=7455"},{"taxonomy":"post_tag","embeddable":true,"href":"https:\/\/cepronda.com\/blog\/wp-json\/wp\/v2\/tags?post=7455"}],"curies":[{"name":"wp","href":"https:\/\/api.w.org\/{rel}","templated":true}]}}