{"id":7447,"date":"2024-02-13T09:47:46","date_gmt":"2024-02-13T08:47:46","guid":{"rendered":"https:\/\/cepronda.com\/blog\/?p=7447"},"modified":"2025-04-28T11:48:14","modified_gmt":"2025-04-28T09:48:14","slug":"cuidado-de-la-voz-en-el-docente","status":"publish","type":"post","link":"https:\/\/cepronda.com\/blog\/cuidado-de-la-voz-en-el-docente\/","title":{"rendered":"CUIDADO DE LA VOZ EN EL DOCENTE"},"content":{"rendered":"<div>Informamos que se encuentra abierto el plazo de inscripci\u00f3n del\u00a0curso:\u00a0\u00a0<strong>\u201cCUIDADO DE LA VOZ EN EL DOCENTE<\/strong><strong>\u201d\u00a0<\/strong> C\u00f3digo: 242924GE046.<\/div>\n<div><\/div>\n<div><span style=\"font-weight: inherit;\"><strong>Ponentes<\/strong>: Mar\u00eda Gema <\/span>Garc\u00eda Mar\u00edn y <span style=\"font-weight: inherit;\">Dami\u00e1n <\/span><span style=\"font-weight: inherit;\">Caparr\u00f3s Osorio\u00a0<\/span><\/div>\n<div><strong>Inscripciones:<\/strong> del 13\/02\/2024 hasta 04\/03\/2024<\/div>\n<div><strong>Fechas de realizaci\u00f3n:<\/strong> 7, 14\u00a0 de marzo, 4 y 11 de abril de 2024 de 16:30 a 19:30 h.<br \/>\n<strong>Lugar de realizaci\u00f3n:<\/strong> Presencial en el CEP de Ronda<\/div>\n<div><strong>Duraci\u00f3n<\/strong>: 12 horas presenciales y 3 no presenciales<\/div>\n<div><\/div>\n<div>Detalle e inscripci\u00f3n en el siguiente enlace:<br \/>\n<a title=\"https:\/\/www.juntadeandalucia.es\/educacion\/secretariavirtual\/consultaCEP\/actividad\/249925KPF372\" href=\"https:\/\/www.juntadeandalucia.es\/educacion\/secretariavirtual\/consultaCEP\/actividad\/242924GE046\/\" target=\"_blank\" rel=\"noopener\" data-saferedirecturl=\"https:\/\/www.google.com\/url?q=https:\/\/www.juntadeandalucia.es\/educacion\/secretariavirtual\/consultaCEP\/actividad\/249925KPF372\/&amp;source=gmail&amp;ust=1705146499591000&amp;usg=AOvVaw2WA64m-I_wto-u2EZnmXVb\">https:\/\/www.juntadeandalucia.<wbr \/>es\/educacion\/<wbr \/>secretariavirtual\/consultaCEP\/<wbr \/>actividad\/242924GE046\/<\/a><\/div>\n<div><\/div>\n<div><img data-recalc-dims=\"1\" loading=\"lazy\" decoding=\"async\" class=\"size-medium wp-image-7448 aligncenter\" src=\"https:\/\/i0.wp.com\/cepronda.com\/blog\/wp-content\/uploads\/2024\/02\/CUIDADO-DE-LA-VOZ.png?resize=300%2C300&#038;ssl=1\" alt=\"\" width=\"300\" height=\"300\" srcset=\"https:\/\/i0.wp.com\/cepronda.com\/blog\/wp-content\/uploads\/2024\/02\/CUIDADO-DE-LA-VOZ.png?resize=300%2C300&amp;ssl=1 300w, https:\/\/i0.wp.com\/cepronda.com\/blog\/wp-content\/uploads\/2024\/02\/CUIDADO-DE-LA-VOZ.png?resize=1024%2C1024&amp;ssl=1 1024w, https:\/\/i0.wp.com\/cepronda.com\/blog\/wp-content\/uploads\/2024\/02\/CUIDADO-DE-LA-VOZ.png?resize=150%2C150&amp;ssl=1 150w, https:\/\/i0.wp.com\/cepronda.com\/blog\/wp-content\/uploads\/2024\/02\/CUIDADO-DE-LA-VOZ.png?resize=768%2C768&amp;ssl=1 768w, https:\/\/i0.wp.com\/cepronda.com\/blog\/wp-content\/uploads\/2024\/02\/CUIDADO-DE-LA-VOZ.png?resize=50%2C50&amp;ssl=1 50w, https:\/\/i0.wp.com\/cepronda.com\/blog\/wp-content\/uploads\/2024\/02\/CUIDADO-DE-LA-VOZ.png?w=1080&amp;ssl=1 1080w\" sizes=\"auto, (max-width: 300px) 100vw, 300px\" \/><\/div>\n","protected":false},"excerpt":{"rendered":"<p>Informamos que se encuentra abierto el plazo de inscripci\u00f3n del\u00a0curso:\u00a0\u00a0\u201cCUIDADO DE LA VOZ EN EL DOCENTE\u201d\u00a0 C\u00f3digo: 242924GE046. Ponentes: Mar\u00eda Gema Garc\u00eda Mar\u00edn y Dami\u00e1n Caparr\u00f3s Osorio\u00a0 Inscripciones: del 13\/02\/2024 hasta 04\/03\/2024 Fechas de realizaci\u00f3n: 7, 14\u00a0 de marzo, 4 y 11 de abril de 2024 de 16:30 a 19:30 h. Lugar de realizaci\u00f3n: Presencial [&hellip;]<\/p>\n","protected":false},"author":13,"featured_media":7448,"comment_status":"closed","ping_status":"open","sticky":false,"template":"","format":"standard","meta":{"_crdt_document":"","advanced_seo_description":"","jetpack_seo_html_title":"","jetpack_seo_noindex":false,"jetpack_post_was_ever_published":false,"_jetpack_newsletter_access":"","_jetpack_dont_email_post_to_subs":false,"_jetpack_newsletter_tier_id":0,"_jetpack_memberships_contains_paywalled_content":false,"_jetpack_memberships_contains_paid_content":false,"footnotes":"","jetpack_publicize_message":"","jetpack_publicize_feature_enabled":true,"jetpack_social_post_already_shared":false,"jetpack_social_options":{"image_generator_settings":{"template":"highway","default_image_id":0,"font":"","enabled":false},"version":2}},"categories":[3,5],"tags":[],"class_list":{"0":"post-7447","1":"post","2":"type-post","3":"status-publish","4":"format-standard","5":"has-post-thumbnail","7":"category-formaciones","8":"category-noticias","9":"czr-hentry"},"jetpack_publicize_connections":[],"jetpack_featured_media_url":"https:\/\/i0.wp.com\/cepronda.com\/blog\/wp-content\/uploads\/2024\/02\/CUIDADO-DE-LA-VOZ.png?fit=1080%2C1080&ssl=1","jetpack_shortlink":"https:\/\/wp.me\/p8M4X7-1W7","jetpack-related-posts":[{"id":5598,"url":"https:\/\/cepronda.com\/blog\/competencia-digital-docente-nivel-a1\/","url_meta":{"origin":7447,"position":0},"title":"COMPETENCIA DIGITAL DOCENTE NIVEL A1","author":"Inmaculada Garc\u00eda","date":"10 noviembre, 2022","format":false,"excerpt":"Os informamos que est\u00e1 abierto el plazo de inscripci\u00f3n en el curso COMPETENCIA DIGITAL DOCENTE NIVEL A1\u00a0con c\u00f3digo239924KPF420. Fechas de inscripci\u00f3n : 10\/11\/2022 hasta el 25\/11\/2022 Fecha de realizaci\u00f3n: 01\/12\/2022 hasta 15\/02\/2023 Horas: 40 horas no presenciales. Lugar de realizaci\u00f3n: Aula Virtual de Formaci\u00f3n del Profesorado. Para m\u00e1s informaci\u00f3n e\u2026","rel":"","context":"En \u00abNoticias\u00bb","block_context":{"text":"Noticias","link":"https:\/\/cepronda.com\/blog\/category\/noticias\/"},"img":{"alt_text":"","src":"https:\/\/i0.wp.com\/cepronda.com\/blog\/wp-content\/uploads\/2022\/11\/Copia-de-CDD-A1.jpg?fit=1000%2C1000&ssl=1&resize=350%2C200","width":350,"height":200,"srcset":"https:\/\/i0.wp.com\/cepronda.com\/blog\/wp-content\/uploads\/2022\/11\/Copia-de-CDD-A1.jpg?fit=1000%2C1000&ssl=1&resize=350%2C200 1x, https:\/\/i0.wp.com\/cepronda.com\/blog\/wp-content\/uploads\/2022\/11\/Copia-de-CDD-A1.jpg?fit=1000%2C1000&ssl=1&resize=525%2C300 1.5x, https:\/\/i0.wp.com\/cepronda.com\/blog\/wp-content\/uploads\/2022\/11\/Copia-de-CDD-A1.jpg?fit=1000%2C1000&ssl=1&resize=700%2C400 2x"},"classes":[]},{"id":7350,"url":"https:\/\/cepronda.com\/blog\/formaciones-en-competencia-digital-docente-niveles-a2-0-a-6-anos-b1-y-b2\/","url_meta":{"origin":7447,"position":1},"title":"FORMACIONES EN COMPETENCIA DIGITAL DOCENTE. NIVELES A2 (0 a 6 a\u00f1os), B1 Y B2.","author":"Inmaculada Garc\u00eda","date":"17 enero, 2024","format":false,"excerpt":"Est\u00e1 abierto el plazo de inscripci\u00f3n en los siguientes cursos de Competencia Digital Docente: Nivel A2 de Competencia Digital Docente para Educaci\u00f3n infantil de 0 a 6 a\u00f1os. (50 horas). C\u00f3digo: 242924KPF448\u00a0\u00a0 \u00a0 \u00a0 \u00a0 \u00a0 \u00a0 \u00a0 \u00a0Fecha actividad: 04\/03\/2024 hasta 06\/05\/2024 Fecha inscripci\u00f3n: 15\/01\/2024 hasta 15\/02\/2024. Nivel B1\u2026","rel":"","context":"En \u00abFormaciones\u00bb","block_context":{"text":"Formaciones","link":"https:\/\/cepronda.com\/blog\/category\/formaciones\/"},"img":{"alt_text":"","src":"https:\/\/i0.wp.com\/cepronda.com\/blog\/wp-content\/uploads\/2024\/01\/Cartel-CDD.jpg?fit=1200%2C1200&ssl=1&resize=350%2C200","width":350,"height":200,"srcset":"https:\/\/i0.wp.com\/cepronda.com\/blog\/wp-content\/uploads\/2024\/01\/Cartel-CDD.jpg?fit=1200%2C1200&ssl=1&resize=350%2C200 1x, https:\/\/i0.wp.com\/cepronda.com\/blog\/wp-content\/uploads\/2024\/01\/Cartel-CDD.jpg?fit=1200%2C1200&ssl=1&resize=525%2C300 1.5x, https:\/\/i0.wp.com\/cepronda.com\/blog\/wp-content\/uploads\/2024\/01\/Cartel-CDD.jpg?fit=1200%2C1200&ssl=1&resize=700%2C400 2x, https:\/\/i0.wp.com\/cepronda.com\/blog\/wp-content\/uploads\/2024\/01\/Cartel-CDD.jpg?fit=1200%2C1200&ssl=1&resize=1050%2C600 3x"},"classes":[]},{"id":7351,"url":"https:\/\/cepronda.com\/blog\/primeros-auxilios-y-prevencion-de-incendios-2a-edicion\/","url_meta":{"origin":7447,"position":2},"title":"PRIMEROS AUXILIOS Y PREVENCI\u00d3N DE INCENDIOS. 2\u00aa EDICI\u00d3N","author":"Mamen Moreno","date":"15 enero, 2024","format":false,"excerpt":"Os informamos que se encuentra abierto el plazo de inscripci\u00f3n para la formaci\u00f3n \u201cPRIMEROS AUXILIOS Y PREVENCI\u00d3N DE INCENDIOS. 2\u00aa EDICI\u00d3N\u201d (242924GE029) Duraci\u00f3n de la actividad\u00a08 horas: 6 horas presenciales y 2 no presenciales. Lugar de realizaci\u00f3n: Sal\u00f3n de Actos del CEP de Ronda y Parque de bomberos. Fecha inscripci\u00f3n:\u2026","rel":"","context":"En \u00abFormaciones\u00bb","block_context":{"text":"Formaciones","link":"https:\/\/cepronda.com\/blog\/category\/formaciones\/"},"img":{"alt_text":"","src":"https:\/\/i0.wp.com\/cepronda.com\/blog\/wp-content\/uploads\/2024\/01\/PRIMEROS-AXILIOS.jpg?fit=1080%2C1080&ssl=1&resize=350%2C200","width":350,"height":200,"srcset":"https:\/\/i0.wp.com\/cepronda.com\/blog\/wp-content\/uploads\/2024\/01\/PRIMEROS-AXILIOS.jpg?fit=1080%2C1080&ssl=1&resize=350%2C200 1x, https:\/\/i0.wp.com\/cepronda.com\/blog\/wp-content\/uploads\/2024\/01\/PRIMEROS-AXILIOS.jpg?fit=1080%2C1080&ssl=1&resize=525%2C300 1.5x, https:\/\/i0.wp.com\/cepronda.com\/blog\/wp-content\/uploads\/2024\/01\/PRIMEROS-AXILIOS.jpg?fit=1080%2C1080&ssl=1&resize=700%2C400 2x, https:\/\/i0.wp.com\/cepronda.com\/blog\/wp-content\/uploads\/2024\/01\/PRIMEROS-AXILIOS.jpg?fit=1080%2C1080&ssl=1&resize=1050%2C600 3x"},"classes":[]},{"id":7480,"url":"https:\/\/cepronda.com\/blog\/como-mejorar-la-competencia-linguistica\/","url_meta":{"origin":7447,"position":3},"title":"\u00bfC\u00d3MO MEJORAR LA COMPETENCIA LING\u00dc\u00cdSTICA?","author":"Maribel Mu\u00f1oz","date":"20 febrero, 2024","format":false,"excerpt":"Abierto el plazo de inscripci\u00f3n para la formaci\u00f3n\u00a0\u201c\u00bfC\u00d3MO MEJORAR LA COMPETENCIA LING\u00dc\u00cdSTICA?\u201d. C\u00d3DIGO 242924GE021. Duraci\u00f3n de la actividad\u00a010 horas: 6 horas presenciales , 3 horas videoconferencia y 1 hora no presencial. Lugar de realizaci\u00f3n: Aula del CEP de Ronda y plataforma de videoconferencias. Fecha inscripci\u00f3n: 20\/02\/2024 hasta 30\/03\/2024 Fecha actividad:\u2026","rel":"","context":"En \u00abFormaciones\u00bb","block_context":{"text":"Formaciones","link":"https:\/\/cepronda.com\/blog\/category\/formaciones\/"},"img":{"alt_text":"","src":"https:\/\/i0.wp.com\/cepronda.com\/blog\/wp-content\/uploads\/2024\/02\/WhatsApp-Image-2024-02-20-at-12.32.48.jpeg?fit=1080%2C1080&ssl=1&resize=350%2C200","width":350,"height":200,"srcset":"https:\/\/i0.wp.com\/cepronda.com\/blog\/wp-content\/uploads\/2024\/02\/WhatsApp-Image-2024-02-20-at-12.32.48.jpeg?fit=1080%2C1080&ssl=1&resize=350%2C200 1x, https:\/\/i0.wp.com\/cepronda.com\/blog\/wp-content\/uploads\/2024\/02\/WhatsApp-Image-2024-02-20-at-12.32.48.jpeg?fit=1080%2C1080&ssl=1&resize=525%2C300 1.5x, https:\/\/i0.wp.com\/cepronda.com\/blog\/wp-content\/uploads\/2024\/02\/WhatsApp-Image-2024-02-20-at-12.32.48.jpeg?fit=1080%2C1080&ssl=1&resize=700%2C400 2x, https:\/\/i0.wp.com\/cepronda.com\/blog\/wp-content\/uploads\/2024\/02\/WhatsApp-Image-2024-02-20-at-12.32.48.jpeg?fit=1080%2C1080&ssl=1&resize=1050%2C600 3x"},"classes":[]},{"id":7581,"url":"https:\/\/cepronda.com\/blog\/astronomia-y-astrocultura\/","url_meta":{"origin":7447,"position":4},"title":"ASTRONOM\u00cdA Y ASTROCULTURA","author":"Mamen Moreno","date":"18 abril, 2024","format":false,"excerpt":"Se encuentra abierto el plazo de inscripci\u00f3n de la actividad \"ASTRONOM\u00cdA Y ASTROCULTURA\"\u00a0 con c\u00f3digo 242924GE055. Ponentes: Rosa Mar\u00eda\u00a0Ros Ferr\u00e9 y\u00a0Ederlinda Vi\u00f1uales Gavin de la Asociaci\u00f3n NASE (Network for Astronomy School Education). Fecha inscripci\u00f3n:\u00a018\/04\/2024 hasta 03\/05\/2024 Horas presenciales: 9 h Fecha actividad: 07, 08 y 09 de mayo de 2024\u2026","rel":"","context":"En \u00abFormaciones\u00bb","block_context":{"text":"Formaciones","link":"https:\/\/cepronda.com\/blog\/category\/formaciones\/"},"img":{"alt_text":"","src":"https:\/\/i0.wp.com\/cepronda.com\/blog\/wp-content\/uploads\/2024\/04\/ASTRONOMIA-1.png?fit=1080%2C1080&ssl=1&resize=350%2C200","width":350,"height":200,"srcset":"https:\/\/i0.wp.com\/cepronda.com\/blog\/wp-content\/uploads\/2024\/04\/ASTRONOMIA-1.png?fit=1080%2C1080&ssl=1&resize=350%2C200 1x, https:\/\/i0.wp.com\/cepronda.com\/blog\/wp-content\/uploads\/2024\/04\/ASTRONOMIA-1.png?fit=1080%2C1080&ssl=1&resize=525%2C300 1.5x, https:\/\/i0.wp.com\/cepronda.com\/blog\/wp-content\/uploads\/2024\/04\/ASTRONOMIA-1.png?fit=1080%2C1080&ssl=1&resize=700%2C400 2x, https:\/\/i0.wp.com\/cepronda.com\/blog\/wp-content\/uploads\/2024\/04\/ASTRONOMIA-1.png?fit=1080%2C1080&ssl=1&resize=1050%2C600 3x"},"classes":[]},{"id":7519,"url":"https:\/\/cepronda.com\/blog\/comunicacion-y-trabajo-en-equipo-lo-implementamos-en-el-aula-de-fp-24403ge056\/","url_meta":{"origin":7447,"position":5},"title":"\u00abCOMUNICACI\u00d3N Y TRABAJO EN EQUIPO: LO IMPLEMENTAMOS EN EL AULA DE FP\u00bb (24403GE056)","author":"Inmaculada Garc\u00eda","date":"18 marzo, 2024","format":false,"excerpt":"Se encuentra abierto el plazo de inscripci\u00f3n de la actividad regional \"COMUNICACI\u00d3N Y TRABAJO EN EQUIPO: LO IMPLEMENTAMOS EN EL AULA DE FP\", dirigida al profesorado de Formaci\u00f3n Profesional. T\u00edtulo:\u00a0COMUNICACI\u00d3N Y TRABAJO EN EQUIPO: LO IMPLEMENTAMOS EN EL AULA DE FP C\u00f3digo:\u00a024403GE056 Modalidad:\u00a0Curso a Distancia \u00c1mbito:\u00a0Regional Lugar de realizaci\u00f3n:\u00a0AVFP Fecha\u2026","rel":"","context":"En \u00abFormaciones\u00bb","block_context":{"text":"Formaciones","link":"https:\/\/cepronda.com\/blog\/category\/formaciones\/"},"img":{"alt_text":"","src":"https:\/\/i0.wp.com\/cepronda.com\/blog\/wp-content\/uploads\/2024\/03\/ComunicaciA%C6%92AEA%E2%80%A0aE%E2%84%A2A%C6%92aEsA%E2%80%9AA%C2%B3n-y-trabajo-en-equipo-1.png?fit=1080%2C1080&ssl=1&resize=350%2C200","width":350,"height":200,"srcset":"https:\/\/i0.wp.com\/cepronda.com\/blog\/wp-content\/uploads\/2024\/03\/ComunicaciA%C6%92AEA%E2%80%A0aE%E2%84%A2A%C6%92aEsA%E2%80%9AA%C2%B3n-y-trabajo-en-equipo-1.png?fit=1080%2C1080&ssl=1&resize=350%2C200 1x, https:\/\/i0.wp.com\/cepronda.com\/blog\/wp-content\/uploads\/2024\/03\/ComunicaciA%C6%92AEA%E2%80%A0aE%E2%84%A2A%C6%92aEsA%E2%80%9AA%C2%B3n-y-trabajo-en-equipo-1.png?fit=1080%2C1080&ssl=1&resize=525%2C300 1.5x, https:\/\/i0.wp.com\/cepronda.com\/blog\/wp-content\/uploads\/2024\/03\/ComunicaciA%C6%92AEA%E2%80%A0aE%E2%84%A2A%C6%92aEsA%E2%80%9AA%C2%B3n-y-trabajo-en-equipo-1.png?fit=1080%2C1080&ssl=1&resize=700%2C400 2x, https:\/\/i0.wp.com\/cepronda.com\/blog\/wp-content\/uploads\/2024\/03\/ComunicaciA%C6%92AEA%E2%80%A0aE%E2%84%A2A%C6%92aEsA%E2%80%9AA%C2%B3n-y-trabajo-en-equipo-1.png?fit=1080%2C1080&ssl=1&resize=1050%2C600 3x"},"classes":[]}],"jetpack_sharing_enabled":true,"_links":{"self":[{"href":"https:\/\/cepronda.com\/blog\/wp-json\/wp\/v2\/posts\/7447","targetHints":{"allow":["GET"]}}],"collection":[{"href":"https:\/\/cepronda.com\/blog\/wp-json\/wp\/v2\/posts"}],"about":[{"href":"https:\/\/cepronda.com\/blog\/wp-json\/wp\/v2\/types\/post"}],"author":[{"embeddable":true,"href":"https:\/\/cepronda.com\/blog\/wp-json\/wp\/v2\/users\/13"}],"replies":[{"embeddable":true,"href":"https:\/\/cepronda.com\/blog\/wp-json\/wp\/v2\/comments?post=7447"}],"version-history":[{"count":3,"href":"https:\/\/cepronda.com\/blog\/wp-json\/wp\/v2\/posts\/7447\/revisions"}],"predecessor-version":[{"id":7453,"href":"https:\/\/cepronda.com\/blog\/wp-json\/wp\/v2\/posts\/7447\/revisions\/7453"}],"wp:featuredmedia":[{"embeddable":true,"href":"https:\/\/cepronda.com\/blog\/wp-json\/wp\/v2\/media\/7448"}],"wp:attachment":[{"href":"https:\/\/cepronda.com\/blog\/wp-json\/wp\/v2\/media?parent=7447"}],"wp:term":[{"taxonomy":"category","embeddable":true,"href":"https:\/\/cepronda.com\/blog\/wp-json\/wp\/v2\/categories?post=7447"},{"taxonomy":"post_tag","embeddable":true,"href":"https:\/\/cepronda.com\/blog\/wp-json\/wp\/v2\/tags?post=7447"}],"curies":[{"name":"wp","href":"https:\/\/api.w.org\/{rel}","templated":true}]}}