{"id":7443,"date":"2024-02-12T12:23:01","date_gmt":"2024-02-12T11:23:01","guid":{"rendered":"https:\/\/cepronda.com\/blog\/?p=7443"},"modified":"2025-04-28T11:48:14","modified_gmt":"2025-04-28T09:48:14","slug":"innovacion-e-internacionalizacion-de-la-escuela-rural","status":"publish","type":"post","link":"https:\/\/cepronda.com\/blog\/innovacion-e-internacionalizacion-de-la-escuela-rural\/","title":{"rendered":"INNOVACI\u00d3N E INTERNACIONALIZACI\u00d3N DE LA ESCUELA RURAL"},"content":{"rendered":"<p>Abierto el plazo de inscripci\u00f3n de la actividad provincial correspondiente al IV Itinerario Formativo para Centros Rurales a nivel Provincial <strong>\u00abINNOVACI\u00d3N E INTERNACIONALIZACI\u00d3N DE LA ESCUELA RURAL\u00a0\u00ab, <\/strong>organizado por el CEP de Ronda con c\u00f3digo <strong>242924GE045.<\/strong><\/p>\n<p><b>Ponentes<\/b><strong>:\u00a0<\/strong><\/p>\n<ul>\n<li><span class=\"OYPEnA text-decoration-none text-strikethrough-none\">Sebasti\u00e1n G\u00f3mez Monge<\/span><\/li>\n<li><span class=\"OYPEnA text-decoration-none text-strikethrough-none\">Liliana Cruz Campos<\/span><\/li>\n<li><span class=\"OYPEnA text-decoration-none text-strikethrough-none\">Sergio Mart\u00edn Carrasco<\/span><\/li>\n<li><span class=\"OYPEnA text-decoration-none text-strikethrough-none\">Ra\u00fal Pa<\/span><span class=\"OYPEnA text-decoration-none text-strikethrough-none\">rrillo S\u00e1nchez<\/span><\/li>\n<\/ul>\n<p><strong>Fecha de inscripci\u00f3n: <\/strong>12\/02\/2024 al 1\/4\/2024<\/p>\n<p><strong>Duraci\u00f3n de la actividad:<\/strong><span style=\"font-weight: inherit;\">\u00a0 12 horas presenciales online.<\/span><\/p>\n<p><strong>Sesiones de la actividad por videoconferencia:<\/strong>\u00a0 4, 11, 17 y 24 de abril en horario de 16:30 a 19:30<\/p>\n<p><strong>Detalle e inscripci\u00f3n en el siguiente enlace:<\/strong> <a style=\"font-weight: inherit;\" title=\"Enlace a la actividad.\" href=\"https:\/\/www.juntadeandalucia.es\/educacion\/secretariavirtual\/consultaCEP\/actividad\/242924GE045\/\" target=\"_blank\" rel=\"noopener noreferrer\">\u00a0https:\/\/www.juntadeandalucia.es\/educacion\/secretariavirtual\/consultaCEP\/actividad\/242924GE045\/<\/a><\/p>\n<p><strong><img data-recalc-dims=\"1\" loading=\"lazy\" decoding=\"async\" class=\"size-medium wp-image-7445 aligncenter\" src=\"https:\/\/i0.wp.com\/cepronda.com\/blog\/wp-content\/uploads\/2024\/02\/2o-TRIMESTRE-RURAL-4.png?resize=212%2C300&#038;ssl=1\" alt=\"\" width=\"212\" height=\"300\" srcset=\"https:\/\/i0.wp.com\/cepronda.com\/blog\/wp-content\/uploads\/2024\/02\/2o-TRIMESTRE-RURAL-4.png?resize=212%2C300&amp;ssl=1 212w, https:\/\/i0.wp.com\/cepronda.com\/blog\/wp-content\/uploads\/2024\/02\/2o-TRIMESTRE-RURAL-4.png?resize=724%2C1024&amp;ssl=1 724w, https:\/\/i0.wp.com\/cepronda.com\/blog\/wp-content\/uploads\/2024\/02\/2o-TRIMESTRE-RURAL-4.png?resize=768%2C1086&amp;ssl=1 768w, https:\/\/i0.wp.com\/cepronda.com\/blog\/wp-content\/uploads\/2024\/02\/2o-TRIMESTRE-RURAL-4.png?resize=1086%2C1536&amp;ssl=1 1086w, https:\/\/i0.wp.com\/cepronda.com\/blog\/wp-content\/uploads\/2024\/02\/2o-TRIMESTRE-RURAL-4.png?w=1414&amp;ssl=1 1414w\" sizes=\"auto, (max-width: 212px) 100vw, 212px\" \/><\/strong><\/p>\n","protected":false},"excerpt":{"rendered":"<p>Abierto el plazo de inscripci\u00f3n de la actividad provincial correspondiente al IV Itinerario Formativo para Centros Rurales a nivel Provincial \u00abINNOVACI\u00d3N E INTERNACIONALIZACI\u00d3N DE LA ESCUELA RURAL\u00a0\u00ab, organizado por el CEP de Ronda con c\u00f3digo 242924GE045. Ponentes:\u00a0 Sebasti\u00e1n G\u00f3mez Monge Liliana Cruz Campos Sergio Mart\u00edn Carrasco Ra\u00fal Parrillo S\u00e1nchez Fecha de inscripci\u00f3n: 12\/02\/2024 al 1\/4\/2024 [&hellip;]<\/p>\n","protected":false},"author":13,"featured_media":7445,"comment_status":"closed","ping_status":"open","sticky":false,"template":"","format":"standard","meta":{"_crdt_document":"","advanced_seo_description":"","jetpack_seo_html_title":"","jetpack_seo_noindex":false,"jetpack_post_was_ever_published":false,"_jetpack_newsletter_access":"","_jetpack_dont_email_post_to_subs":false,"_jetpack_newsletter_tier_id":0,"_jetpack_memberships_contains_paywalled_content":false,"_jetpack_memberships_contains_paid_content":false,"footnotes":"","jetpack_publicize_message":"","jetpack_publicize_feature_enabled":true,"jetpack_social_post_already_shared":false,"jetpack_social_options":{"image_generator_settings":{"template":"highway","default_image_id":0,"font":"","enabled":false},"version":2}},"categories":[3,5],"tags":[],"class_list":{"0":"post-7443","1":"post","2":"type-post","3":"status-publish","4":"format-standard","5":"has-post-thumbnail","7":"category-formaciones","8":"category-noticias","9":"czr-hentry"},"jetpack_publicize_connections":[],"jetpack_featured_media_url":"https:\/\/i0.wp.com\/cepronda.com\/blog\/wp-content\/uploads\/2024\/02\/2o-TRIMESTRE-RURAL-4.png?fit=1414%2C2000&ssl=1","jetpack_shortlink":"https:\/\/wp.me\/p8M4X7-1W3","jetpack-related-posts":[{"id":7596,"url":"https:\/\/cepronda.com\/blog\/la-acreditacion-erasmus-como-motor-de-la-internacionalizacion-e-escolar-y-e-permanente\/","url_meta":{"origin":7443,"position":0},"title":"LA ACREDITACI\u00d3N ERASMUS COMO MOTOR DE LA INTERNACIONALIZACI\u00d3N (E. ESCOLAR Y E. PERMANENTE)","author":"Mamen Moreno","date":"24 abril, 2024","format":false,"excerpt":"Se abre el plazo de inscripci\u00f3n al curso \"LA ACREDITACI\u00d3N ERASMUS COMO MOTOR DE LA INTERNACIONALIZACI\u00d3N (E. ESCOLAR Y E. PERMANENTE)\" 30 horas (6 presenciales por videoconferencia WEBEX y 24 horas de tareas en el AVFP) C\u00f3digo: 249922KPI491 FECHA Y HORA DE LAS VIDEOCONFERENCIAS: 16\/05\/24 en horario de 17:00-20:00 horas\u2026","rel":"","context":"En \u00abFormaciones\u00bb","block_context":{"text":"Formaciones","link":"https:\/\/cepronda.com\/blog\/category\/formaciones\/"},"img":{"alt_text":"","src":"https:\/\/i0.wp.com\/cepronda.com\/blog\/wp-content\/uploads\/2024\/04\/WhatsApp-Image-2024-04-23-at-11.01.35.jpeg?fit=1080%2C1080&ssl=1&resize=350%2C200","width":350,"height":200,"srcset":"https:\/\/i0.wp.com\/cepronda.com\/blog\/wp-content\/uploads\/2024\/04\/WhatsApp-Image-2024-04-23-at-11.01.35.jpeg?fit=1080%2C1080&ssl=1&resize=350%2C200 1x, https:\/\/i0.wp.com\/cepronda.com\/blog\/wp-content\/uploads\/2024\/04\/WhatsApp-Image-2024-04-23-at-11.01.35.jpeg?fit=1080%2C1080&ssl=1&resize=525%2C300 1.5x, https:\/\/i0.wp.com\/cepronda.com\/blog\/wp-content\/uploads\/2024\/04\/WhatsApp-Image-2024-04-23-at-11.01.35.jpeg?fit=1080%2C1080&ssl=1&resize=700%2C400 2x, https:\/\/i0.wp.com\/cepronda.com\/blog\/wp-content\/uploads\/2024\/04\/WhatsApp-Image-2024-04-23-at-11.01.35.jpeg?fit=1080%2C1080&ssl=1&resize=1050%2C600 3x"},"classes":[]},{"id":8431,"url":"https:\/\/cepronda.com\/blog\/la-acreditacion-erasmus-como-motor-de-la-internacionalizacion\/","url_meta":{"origin":7443,"position":1},"title":"LA ACREDITACI\u00d3N ERASMUS COMO MOTOR DE LA INTERNACIONALIZACI\u00d3N","author":"Mamen Moreno","date":"1 abril, 2025","format":false,"excerpt":"Abierto el plazo de la formaci\u00f3n \"LA ACREDITACI\u00d3N ERASMUS COMO MOTOR DE LA INTERNACIONALIZACI\u00d3N (E. ESCOLAR Y E. PERMANENTE)\" \u270f\ufe0f Inscripci\u00f3n del 31 de marzo al 21 de abril 2025 Actividad del 28 de abril al 9 de junio 2025 \u27a1\ufe0f Duraci\u00f3n: 30 horas (6 presenciales en Webex y 24\u2026","rel":"","context":"En \u00abFormaciones\u00bb","block_context":{"text":"Formaciones","link":"https:\/\/cepronda.com\/blog\/category\/formaciones\/"},"img":{"alt_text":"","src":"https:\/\/i0.wp.com\/cepronda.com\/blog\/wp-content\/uploads\/2025\/04\/WhatsApp-Image-2025-04-01-at-08.37.15.jpeg?fit=960%2C1200&ssl=1&resize=350%2C200","width":350,"height":200,"srcset":"https:\/\/i0.wp.com\/cepronda.com\/blog\/wp-content\/uploads\/2025\/04\/WhatsApp-Image-2025-04-01-at-08.37.15.jpeg?fit=960%2C1200&ssl=1&resize=350%2C200 1x, https:\/\/i0.wp.com\/cepronda.com\/blog\/wp-content\/uploads\/2025\/04\/WhatsApp-Image-2025-04-01-at-08.37.15.jpeg?fit=960%2C1200&ssl=1&resize=525%2C300 1.5x, https:\/\/i0.wp.com\/cepronda.com\/blog\/wp-content\/uploads\/2025\/04\/WhatsApp-Image-2025-04-01-at-08.37.15.jpeg?fit=960%2C1200&ssl=1&resize=700%2C400 2x"},"classes":[]},{"id":4358,"url":"https:\/\/cepronda.com\/blog\/la-escuela-rural-otra-escuela-posible\/","url_meta":{"origin":7443,"position":2},"title":"LA ESCUELA RURAL, OTRA ESCUELA POSIBLE.","author":"Inmaculada Garc\u00eda","date":"26 marzo, 2021","format":false,"excerpt":"Hola compa\u00f1eros y compa\u00f1eras, os informamos de que contin\u00faa abierto el plazo de inscripci\u00f3n para la actividad formativa \"LA ESCUELA RURAL, OTRA ESCUELA POSIBLE\", curso orientado al profesorado de las escuelas rurales y aulas multinivel. Si no perteneces a nuestra zona CEP ponte en contacto con la asesor\u00eda responsable. Esperamos\u2026","rel":"","context":"En \u00abNoticias\u00bb","block_context":{"text":"Noticias","link":"https:\/\/cepronda.com\/blog\/category\/noticias\/"},"img":{"alt_text":"","src":"https:\/\/i0.wp.com\/cepronda.com\/blog\/wp-content\/uploads\/2021\/03\/LA-ESCUELA-RURAL-OTRA-ESCUELA-POSIBLE-1.jpg?fit=848%2C1200&ssl=1&resize=350%2C200","width":350,"height":200,"srcset":"https:\/\/i0.wp.com\/cepronda.com\/blog\/wp-content\/uploads\/2021\/03\/LA-ESCUELA-RURAL-OTRA-ESCUELA-POSIBLE-1.jpg?fit=848%2C1200&ssl=1&resize=350%2C200 1x, https:\/\/i0.wp.com\/cepronda.com\/blog\/wp-content\/uploads\/2021\/03\/LA-ESCUELA-RURAL-OTRA-ESCUELA-POSIBLE-1.jpg?fit=848%2C1200&ssl=1&resize=525%2C300 1.5x, https:\/\/i0.wp.com\/cepronda.com\/blog\/wp-content\/uploads\/2021\/03\/LA-ESCUELA-RURAL-OTRA-ESCUELA-POSIBLE-1.jpg?fit=848%2C1200&ssl=1&resize=700%2C400 2x"},"classes":[]},{"id":3930,"url":"https:\/\/cepronda.com\/blog\/3930-2\/","url_meta":{"origin":7443,"position":3},"title":"COMUNIDAD DIGITAL DE METODOLOG\u00cdA PARA LA ESCUELA RURAL.","author":"Inmaculada Garc\u00eda","date":"28 octubre, 2020","format":false,"excerpt":"Hola compa\u00f1eros y compa\u00f1eras, os informamos que son los \u00faltimos d\u00edas para realizar vuestra inscripci\u00f3n en la actividad formativa COMUNIDAD DIGITAL DE METODOLOG\u00cdA PARA LA ESCUELA RURAL, curso que pertenece a nuestro ITINERARIO FORMATIVO PARA LA ESCUELA RURAL. Esperamos que sea de vuestro inter\u00e9s. Un saludo. ENLACE A LA INSCRIPCI\u00d3N","rel":"","context":"En \u00abNoticias\u00bb","block_context":{"text":"Noticias","link":"https:\/\/cepronda.com\/blog\/category\/noticias\/"},"img":{"alt_text":"","src":"https:\/\/i0.wp.com\/cepronda.com\/blog\/wp-content\/uploads\/2020\/10\/comunidad-digital-de-metodologia-tic-para-la-escuela-rural..png?fit=848%2C1200&ssl=1&resize=350%2C200","width":350,"height":200,"srcset":"https:\/\/i0.wp.com\/cepronda.com\/blog\/wp-content\/uploads\/2020\/10\/comunidad-digital-de-metodologia-tic-para-la-escuela-rural..png?fit=848%2C1200&ssl=1&resize=350%2C200 1x, https:\/\/i0.wp.com\/cepronda.com\/blog\/wp-content\/uploads\/2020\/10\/comunidad-digital-de-metodologia-tic-para-la-escuela-rural..png?fit=848%2C1200&ssl=1&resize=525%2C300 1.5x, https:\/\/i0.wp.com\/cepronda.com\/blog\/wp-content\/uploads\/2020\/10\/comunidad-digital-de-metodologia-tic-para-la-escuela-rural..png?fit=848%2C1200&ssl=1&resize=700%2C400 2x"},"classes":[]},{"id":5875,"url":"https:\/\/cepronda.com\/blog\/construir-una-escuela-inclusiva-dua\/","url_meta":{"origin":7443,"position":4},"title":"CONSTRUIR UNA ESCUELA INCLUSIVA (DUA)","author":"Inmaculada Garc\u00eda","date":"22 marzo, 2023","format":false,"excerpt":"Buenos d\u00edas,\u00a0 Os Informamos de que se encuentra abierta la inscripci\u00f3n del CURSO PROVINCIAL con videoconferencias en directo, organizado por el CEP de V\u00e9lez-M\u00e1laga: CONSTRUIR UNA ESCUELA INCLUSIVA (DUA). C\u00f3digo: 232926GE406 Fecha actividad:\u00a012\/04\/2023 hasta 24\/05\/2023 Fecha inscripci\u00f3n:\u00a013\/03\/2023 hasta 28\/03\/2023 Horas totales: 20h. Lugar de realizaci\u00f3n: Aula Virtual de Formaci\u00f3n del\u2026","rel":"","context":"En \u00abFormaciones\u00bb","block_context":{"text":"Formaciones","link":"https:\/\/cepronda.com\/blog\/category\/formaciones\/"},"img":{"alt_text":"","src":"https:\/\/i0.wp.com\/cepronda.com\/blog\/wp-content\/uploads\/2023\/03\/WhatsApp-Image-2023-03-22-at-13.23.04.jpeg?fit=813%2C1200&ssl=1&resize=350%2C200","width":350,"height":200,"srcset":"https:\/\/i0.wp.com\/cepronda.com\/blog\/wp-content\/uploads\/2023\/03\/WhatsApp-Image-2023-03-22-at-13.23.04.jpeg?fit=813%2C1200&ssl=1&resize=350%2C200 1x, https:\/\/i0.wp.com\/cepronda.com\/blog\/wp-content\/uploads\/2023\/03\/WhatsApp-Image-2023-03-22-at-13.23.04.jpeg?fit=813%2C1200&ssl=1&resize=525%2C300 1.5x, https:\/\/i0.wp.com\/cepronda.com\/blog\/wp-content\/uploads\/2023\/03\/WhatsApp-Image-2023-03-22-at-13.23.04.jpeg?fit=813%2C1200&ssl=1&resize=700%2C400 2x"},"classes":[]},{"id":7834,"url":"https:\/\/cepronda.com\/blog\/curso-provincial-gestion-economica-para-secretarias-con-codigo-259924kpf230\/","url_meta":{"origin":7443,"position":5},"title":"Curso provincial: \u00abGESTI\u00d3N ECON\u00d3MICA PARA SECRETAR\u00cdAS\u00bb, con c\u00f3digo 259924KPF230.","author":"Inmaculada Garc\u00eda","date":"4 noviembre, 2024","format":false,"excerpt":"Informamos que se ha abierto el plazo de inscripci\u00f3n en el curso provincial: \"GESTI\u00d3N ECON\u00d3MICA PARA SECRETAR\u00cdAS\", con c\u00f3digo 259924KPF230. \u270f\ufe0fFecha inscripci\u00f3n: 04\/11\/2024 hasta 22\/11\/2024. Fecha actividad: 26\/11\/2024 hasta 21\/01\/2025 \u27a1\ufe0fLugar: Aula Virtual de Formaci\u00f3n del Profesorado. Duraci\u00f3n del curso: 40 horas M\u00e1s informaci\u00f3n e inscripci\u00f3n:\u00a0https:\/\/www.juntadeandalucia.es\/educacion\/secretariavirtual\/consultaCEP\/actividad\/259924KPF230\/","rel":"","context":"En \u00abFormaciones\u00bb","block_context":{"text":"Formaciones","link":"https:\/\/cepronda.com\/blog\/category\/formaciones\/"},"img":{"alt_text":"","src":"https:\/\/i0.wp.com\/cepronda.com\/blog\/wp-content\/uploads\/2024\/11\/CARTEL-GESTION-ECONOMICA-PARA-SECRETARIAS.jpg?fit=848%2C1200&ssl=1&resize=350%2C200","width":350,"height":200,"srcset":"https:\/\/i0.wp.com\/cepronda.com\/blog\/wp-content\/uploads\/2024\/11\/CARTEL-GESTION-ECONOMICA-PARA-SECRETARIAS.jpg?fit=848%2C1200&ssl=1&resize=350%2C200 1x, https:\/\/i0.wp.com\/cepronda.com\/blog\/wp-content\/uploads\/2024\/11\/CARTEL-GESTION-ECONOMICA-PARA-SECRETARIAS.jpg?fit=848%2C1200&ssl=1&resize=525%2C300 1.5x, https:\/\/i0.wp.com\/cepronda.com\/blog\/wp-content\/uploads\/2024\/11\/CARTEL-GESTION-ECONOMICA-PARA-SECRETARIAS.jpg?fit=848%2C1200&ssl=1&resize=700%2C400 2x"},"classes":[]}],"jetpack_sharing_enabled":true,"_links":{"self":[{"href":"https:\/\/cepronda.com\/blog\/wp-json\/wp\/v2\/posts\/7443","targetHints":{"allow":["GET"]}}],"collection":[{"href":"https:\/\/cepronda.com\/blog\/wp-json\/wp\/v2\/posts"}],"about":[{"href":"https:\/\/cepronda.com\/blog\/wp-json\/wp\/v2\/types\/post"}],"author":[{"embeddable":true,"href":"https:\/\/cepronda.com\/blog\/wp-json\/wp\/v2\/users\/13"}],"replies":[{"embeddable":true,"href":"https:\/\/cepronda.com\/blog\/wp-json\/wp\/v2\/comments?post=7443"}],"version-history":[{"count":1,"href":"https:\/\/cepronda.com\/blog\/wp-json\/wp\/v2\/posts\/7443\/revisions"}],"predecessor-version":[{"id":7446,"href":"https:\/\/cepronda.com\/blog\/wp-json\/wp\/v2\/posts\/7443\/revisions\/7446"}],"wp:featuredmedia":[{"embeddable":true,"href":"https:\/\/cepronda.com\/blog\/wp-json\/wp\/v2\/media\/7445"}],"wp:attachment":[{"href":"https:\/\/cepronda.com\/blog\/wp-json\/wp\/v2\/media?parent=7443"}],"wp:term":[{"taxonomy":"category","embeddable":true,"href":"https:\/\/cepronda.com\/blog\/wp-json\/wp\/v2\/categories?post=7443"},{"taxonomy":"post_tag","embeddable":true,"href":"https:\/\/cepronda.com\/blog\/wp-json\/wp\/v2\/tags?post=7443"}],"curies":[{"name":"wp","href":"https:\/\/api.w.org\/{rel}","templated":true}]}}