{"id":7432,"date":"2024-02-05T13:03:12","date_gmt":"2024-02-05T12:03:12","guid":{"rendered":"https:\/\/cepronda.com\/blog\/?p=7432"},"modified":"2025-04-28T12:04:16","modified_gmt":"2025-04-28T10:04:16","slug":"metodologias-innovadoras-en-la-clase-de-idiomas","status":"publish","type":"post","link":"https:\/\/cepronda.com\/blog\/metodologias-innovadoras-en-la-clase-de-idiomas\/","title":{"rendered":"METODOLOG\u00cdAS INNOVADORAS EN LA CLASE DE IDIOMAS."},"content":{"rendered":"<p>Os informamos que se encuentra abierta la inscripci\u00f3n en el curso <strong>METODOLOG\u00cdAS INNOVADORAS EN LA CLASE DE IDIOMAS<\/strong>.\u00a0con c\u00f3digo\u00a0<strong>242924GE019<\/strong>, organizado por el CEP de Ronda:<\/p>\n<p>Inscripciones:\u00a0 <strong>05\/02\/2024 al 04\/03\/2024<\/strong><\/p>\n<p>Fecha actividad: <strong>7<\/strong> <strong>de marzo hasta el 22 de marzo de 2024.<\/strong><\/p>\n<p>Fechas de las sesiones presenciales :\u00a0<strong> 7, 14 y 21 de marzo.\u00a0<\/strong><\/p>\n<p>Duraci\u00f3n:\u00a0<strong>12<\/strong>\u00a0<strong>horas. 9 horas presenciales en el CEP\u00a0 y 3 horas no presenciales con tareas.<\/strong><\/p>\n<p>Detalle e inscripci\u00f3n en el siguiente enlace:<\/p>\n<p><a href=\"https:\/\/www.juntadeandalucia.es\/educacion\/secretariavirtual\/consultaCEP\/actividad\/242924GE019\/\">https:\/\/www.juntadeandalucia.es\/educacion\/secretariavirtual\/consultaCEP\/actividad\/242924GE019\/<\/a><\/p>\n<p>&nbsp;<\/p>\n<p><img data-recalc-dims=\"1\" loading=\"lazy\" decoding=\"async\" class=\"wp-image-7433 size-medium aligncenter\" src=\"https:\/\/i0.wp.com\/cepronda.com\/blog\/wp-content\/uploads\/2024\/02\/Metodologias-Innovadoras-en-la-clase-de-Idiomas-codigo-242924GE019-2.png?resize=300%2C300&#038;ssl=1\" alt=\"\" width=\"300\" height=\"300\" srcset=\"https:\/\/i0.wp.com\/cepronda.com\/blog\/wp-content\/uploads\/2024\/02\/Metodologias-Innovadoras-en-la-clase-de-Idiomas-codigo-242924GE019-2.png?resize=300%2C300&amp;ssl=1 300w, https:\/\/i0.wp.com\/cepronda.com\/blog\/wp-content\/uploads\/2024\/02\/Metodologias-Innovadoras-en-la-clase-de-Idiomas-codigo-242924GE019-2.png?resize=1024%2C1024&amp;ssl=1 1024w, https:\/\/i0.wp.com\/cepronda.com\/blog\/wp-content\/uploads\/2024\/02\/Metodologias-Innovadoras-en-la-clase-de-Idiomas-codigo-242924GE019-2.png?resize=150%2C150&amp;ssl=1 150w, https:\/\/i0.wp.com\/cepronda.com\/blog\/wp-content\/uploads\/2024\/02\/Metodologias-Innovadoras-en-la-clase-de-Idiomas-codigo-242924GE019-2.png?resize=768%2C768&amp;ssl=1 768w, https:\/\/i0.wp.com\/cepronda.com\/blog\/wp-content\/uploads\/2024\/02\/Metodologias-Innovadoras-en-la-clase-de-Idiomas-codigo-242924GE019-2.png?resize=50%2C50&amp;ssl=1 50w, https:\/\/i0.wp.com\/cepronda.com\/blog\/wp-content\/uploads\/2024\/02\/Metodologias-Innovadoras-en-la-clase-de-Idiomas-codigo-242924GE019-2.png?w=1080&amp;ssl=1 1080w\" sizes=\"auto, (max-width: 300px) 100vw, 300px\" \/><\/p>\n<p>&nbsp;<\/p>\n","protected":false},"excerpt":{"rendered":"<p>Os informamos que se encuentra abierta la inscripci\u00f3n en el curso METODOLOG\u00cdAS INNOVADORAS EN LA CLASE DE IDIOMAS.\u00a0con c\u00f3digo\u00a0242924GE019, organizado por el CEP de Ronda: Inscripciones:\u00a0 05\/02\/2024 al 04\/03\/2024 Fecha actividad: 7 de marzo hasta el 22 de marzo de 2024. Fechas de las sesiones presenciales :\u00a0 7, 14 y 21 de marzo.\u00a0 Duraci\u00f3n:\u00a012\u00a0horas. 9 [&hellip;]<\/p>\n","protected":false},"author":10,"featured_media":7433,"comment_status":"closed","ping_status":"open","sticky":false,"template":"","format":"standard","meta":{"_crdt_document":"","advanced_seo_description":"","jetpack_seo_html_title":"","jetpack_seo_noindex":false,"jetpack_post_was_ever_published":false,"_jetpack_newsletter_access":"","_jetpack_dont_email_post_to_subs":false,"_jetpack_newsletter_tier_id":0,"_jetpack_memberships_contains_paywalled_content":false,"_jetpack_memberships_contains_paid_content":false,"footnotes":"","jetpack_publicize_message":"","jetpack_publicize_feature_enabled":true,"jetpack_social_post_already_shared":false,"jetpack_social_options":{"image_generator_settings":{"template":"highway","default_image_id":0,"font":"","enabled":false},"version":2}},"categories":[3],"tags":[407,222,189],"class_list":{"0":"post-7432","1":"post","2":"type-post","3":"status-publish","4":"format-standard","5":"has-post-thumbnail","7":"category-formaciones","8":"tag-idiomas-lengua-extranjera","9":"tag-internivelar","10":"tag-lengua-extranjera","11":"czr-hentry"},"jetpack_publicize_connections":[],"jetpack_featured_media_url":"https:\/\/i0.wp.com\/cepronda.com\/blog\/wp-content\/uploads\/2024\/02\/Metodologias-Innovadoras-en-la-clase-de-Idiomas-codigo-242924GE019-2.png?fit=1080%2C1080&ssl=1","jetpack_shortlink":"https:\/\/wp.me\/p8M4X7-1VS","jetpack-related-posts":[{"id":8050,"url":"https:\/\/cepronda.com\/blog\/neurocoaching-en-la-ensenanza-de-idiomas-con-codigo-252922ge100\/","url_meta":{"origin":7432,"position":0},"title":"NEUROCOACHING EN LA ENSE\u00d1ANZA DE IDIOMAS, con c\u00f3digo 252922GE100.","author":"Inmaculada Garc\u00eda","date":"20 enero, 2025","format":false,"excerpt":"Se encuentra abierto el plazo de inscripci\u00f3n al curso provincial: NEUROCOACHING EN LA ENSE\u00d1ANZA DE IDIOMAS (252922GE100). Duraci\u00f3n:15 HORAS presenciales. Fechas de inscripci\u00f3n 17\/1\/25 al 17\/2\/25. FECHAS SESIONES (Horario de ma\u00f1ana de 9:30h a 13:30h): 6,13,20 y 27 de MARZO. LUGAR: AULA 7 CEP M\u00c1LAGA. MODALIDAD: PRESENCIAL. \u00c1MBITO: provincial M\u00e1s\u2026","rel":"","context":"En \u00abFormaciones\u00bb","block_context":{"text":"Formaciones","link":"https:\/\/cepronda.com\/blog\/category\/formaciones\/"},"img":{"alt_text":"","src":"https:\/\/i0.wp.com\/cepronda.com\/blog\/wp-content\/uploads\/2025\/01\/WhatsApp-Image-2025-01-20-at-09.44.12.jpeg?fit=940%2C788&ssl=1&resize=350%2C200","width":350,"height":200,"srcset":"https:\/\/i0.wp.com\/cepronda.com\/blog\/wp-content\/uploads\/2025\/01\/WhatsApp-Image-2025-01-20-at-09.44.12.jpeg?fit=940%2C788&ssl=1&resize=350%2C200 1x, https:\/\/i0.wp.com\/cepronda.com\/blog\/wp-content\/uploads\/2025\/01\/WhatsApp-Image-2025-01-20-at-09.44.12.jpeg?fit=940%2C788&ssl=1&resize=525%2C300 1.5x, https:\/\/i0.wp.com\/cepronda.com\/blog\/wp-content\/uploads\/2025\/01\/WhatsApp-Image-2025-01-20-at-09.44.12.jpeg?fit=940%2C788&ssl=1&resize=700%2C400 2x"},"classes":[]},{"id":7361,"url":"https:\/\/cepronda.com\/blog\/rea-en-secundaria-bachillerato-y-formacion-profesional\/","url_meta":{"origin":7432,"position":1},"title":"REA EN SECUNDARIA, BACHILLERATO Y FORMACI\u00d3N PROFESIONAL.","author":"Maribel Mu\u00f1oz","date":"15 enero, 2024","format":false,"excerpt":"Os informamos que se encuentra abierta la inscripci\u00f3n en el curso REA EN SECUNDARIA, BACHILLERATO Y FORMACI\u00d3N PROFESIONAL\u00a0con c\u00f3digo\u00a0242924GE020, organizado por el CEP de Ronda: Inscripciones:\u00a0\u00a015\/01\/2024 al 04\/02\/2024 Fecha actividad: 8 de febrero hasta el 22 de marzo de 2024. Fechas de las sesiones presenciales : \u00a08, 15 y 22\u2026","rel":"","context":"En \u00abFormaciones\u00bb","block_context":{"text":"Formaciones","link":"https:\/\/cepronda.com\/blog\/category\/formaciones\/"},"img":{"alt_text":"","src":"https:\/\/i0.wp.com\/cepronda.com\/blog\/wp-content\/uploads\/2024\/01\/REA-SECUNDARIA-BACH-Y-FP-codigo-242924GE020.png?fit=1080%2C1080&ssl=1&resize=350%2C200","width":350,"height":200,"srcset":"https:\/\/i0.wp.com\/cepronda.com\/blog\/wp-content\/uploads\/2024\/01\/REA-SECUNDARIA-BACH-Y-FP-codigo-242924GE020.png?fit=1080%2C1080&ssl=1&resize=350%2C200 1x, https:\/\/i0.wp.com\/cepronda.com\/blog\/wp-content\/uploads\/2024\/01\/REA-SECUNDARIA-BACH-Y-FP-codigo-242924GE020.png?fit=1080%2C1080&ssl=1&resize=525%2C300 1.5x, https:\/\/i0.wp.com\/cepronda.com\/blog\/wp-content\/uploads\/2024\/01\/REA-SECUNDARIA-BACH-Y-FP-codigo-242924GE020.png?fit=1080%2C1080&ssl=1&resize=700%2C400 2x, https:\/\/i0.wp.com\/cepronda.com\/blog\/wp-content\/uploads\/2024\/01\/REA-SECUNDARIA-BACH-Y-FP-codigo-242924GE020.png?fit=1080%2C1080&ssl=1&resize=1050%2C600 3x"},"classes":[]},{"id":7751,"url":"https:\/\/cepronda.com\/blog\/gamificacion-y-emociones-me-emociono-jugando\/","url_meta":{"origin":7432,"position":2},"title":"GAMIFICACI\u00d3N Y METODOLOG\u00cdAS ACTIVAS EN EL AULA","author":"Maribel Mu\u00f1oz","date":"26 septiembre, 2024","format":false,"excerpt":"Abierto el plazo de inscripciones en la actividad GAMIFICACI\u00d3N Y METODOLOG\u00cdAS ACTIVAS\u00a0 con c\u00f3digo 252924GE008. Duraci\u00f3n de la actividad: 15 horas ( 8 horas presenciales y 7 horas\u00a0 para tareas) Fecha de inscripci\u00f3n: 26\/09\/2024 hasta 20\/10\/2024 Fecha de la actividad:\u00a0 24 de octubre y 7\/21 \/28 de noviembre Horario: 16:30\u2026","rel":"","context":"En \u00abFormaciones\u00bb","block_context":{"text":"Formaciones","link":"https:\/\/cepronda.com\/blog\/category\/formaciones\/"},"img":{"alt_text":"","src":"https:\/\/i0.wp.com\/cepronda.com\/blog\/wp-content\/uploads\/2024\/09\/Gamificacion-y-metodologias-activas-en-el-aula.png?fit=1080%2C1080&ssl=1&resize=350%2C200","width":350,"height":200,"srcset":"https:\/\/i0.wp.com\/cepronda.com\/blog\/wp-content\/uploads\/2024\/09\/Gamificacion-y-metodologias-activas-en-el-aula.png?fit=1080%2C1080&ssl=1&resize=350%2C200 1x, https:\/\/i0.wp.com\/cepronda.com\/blog\/wp-content\/uploads\/2024\/09\/Gamificacion-y-metodologias-activas-en-el-aula.png?fit=1080%2C1080&ssl=1&resize=525%2C300 1.5x, https:\/\/i0.wp.com\/cepronda.com\/blog\/wp-content\/uploads\/2024\/09\/Gamificacion-y-metodologias-activas-en-el-aula.png?fit=1080%2C1080&ssl=1&resize=700%2C400 2x, https:\/\/i0.wp.com\/cepronda.com\/blog\/wp-content\/uploads\/2024\/09\/Gamificacion-y-metodologias-activas-en-el-aula.png?fit=1080%2C1080&ssl=1&resize=1050%2C600 3x"},"classes":[]},{"id":7356,"url":"https:\/\/cepronda.com\/blog\/gestion-administrativa-y-economica-de-proyectos-erasmus\/","url_meta":{"origin":7432,"position":3},"title":"GESTI\u00d3N ADMINISTRATIVA Y ECON\u00d3MICA DE PROYECTOS ERASMUS+","author":"Maribel Mu\u00f1oz","date":"15 enero, 2024","format":false,"excerpt":"Os informamos que se encuentra abierta la inscripci\u00f3n en el curso Provincial GESTI\u00d3N ADMINISTRATIVA Y ECON\u00d3MICA DE PROYECTOS ERASMUS+\u00a0con c\u00f3digo\u00a0249924KPI461, organizado por el CEP de Ronda: Inscripciones:\u00a0\u00a015\/01\/2024 al 23\/01\/2024 Fecha actividad:\u00a030 de enero hasta el 15 de marzo de 2024 Fechas de las videoconferencias:\u00a0 21 de febrero y 6\u00a0 de\u2026","rel":"","context":"En \u00abFormaciones\u00bb","block_context":{"text":"Formaciones","link":"https:\/\/cepronda.com\/blog\/category\/formaciones\/"},"img":{"alt_text":"","src":"https:\/\/i0.wp.com\/cepronda.com\/blog\/wp-content\/uploads\/2024\/01\/Gestion-Economica-y-Administrativa-de-Proyectos-Erasmus-249924KPI461.png?fit=1080%2C1080&ssl=1&resize=350%2C200","width":350,"height":200,"srcset":"https:\/\/i0.wp.com\/cepronda.com\/blog\/wp-content\/uploads\/2024\/01\/Gestion-Economica-y-Administrativa-de-Proyectos-Erasmus-249924KPI461.png?fit=1080%2C1080&ssl=1&resize=350%2C200 1x, https:\/\/i0.wp.com\/cepronda.com\/blog\/wp-content\/uploads\/2024\/01\/Gestion-Economica-y-Administrativa-de-Proyectos-Erasmus-249924KPI461.png?fit=1080%2C1080&ssl=1&resize=525%2C300 1.5x, https:\/\/i0.wp.com\/cepronda.com\/blog\/wp-content\/uploads\/2024\/01\/Gestion-Economica-y-Administrativa-de-Proyectos-Erasmus-249924KPI461.png?fit=1080%2C1080&ssl=1&resize=700%2C400 2x, https:\/\/i0.wp.com\/cepronda.com\/blog\/wp-content\/uploads\/2024\/01\/Gestion-Economica-y-Administrativa-de-Proyectos-Erasmus-249924KPI461.png?fit=1080%2C1080&ssl=1&resize=1050%2C600 3x"},"classes":[]},{"id":7327,"url":"https:\/\/cepronda.com\/blog\/gestion-economica-para-secretarias-3\/","url_meta":{"origin":7432,"position":4},"title":"GESTI\u00d3N ECON\u00d3MICA PARA SECRETAR\u00cdAS","author":"Mamen Moreno","date":"12 enero, 2024","format":false,"excerpt":"Os informamos que se encuentra abierta la inscripci\u00f3n en el curso Provincial\u00a0GESTI\u00d3N ECON\u00d3MICA PARA SECRETAR\u00cdAS con c\u00f3digo 242924KPF230, organizado por el CEP de Ronda: Inscripciones:\u00a0 12\/01\/2024 al 26\/01\/2024 Fecha actividad: 30 de enero hasta el 11 de marzo de 2024 Fechas de las videoconferencias: \u00a030 de enero, 6 y 13\u2026","rel":"","context":"En \u00abFormaciones\u00bb","block_context":{"text":"Formaciones","link":"https:\/\/cepronda.com\/blog\/category\/formaciones\/"},"img":{"alt_text":"","src":"https:\/\/i0.wp.com\/cepronda.com\/blog\/wp-content\/uploads\/2024\/01\/WhatsApp-Image-2024-01-12-at-11.03.42.jpeg?fit=848%2C1200&ssl=1&resize=350%2C200","width":350,"height":200,"srcset":"https:\/\/i0.wp.com\/cepronda.com\/blog\/wp-content\/uploads\/2024\/01\/WhatsApp-Image-2024-01-12-at-11.03.42.jpeg?fit=848%2C1200&ssl=1&resize=350%2C200 1x, https:\/\/i0.wp.com\/cepronda.com\/blog\/wp-content\/uploads\/2024\/01\/WhatsApp-Image-2024-01-12-at-11.03.42.jpeg?fit=848%2C1200&ssl=1&resize=525%2C300 1.5x, https:\/\/i0.wp.com\/cepronda.com\/blog\/wp-content\/uploads\/2024\/01\/WhatsApp-Image-2024-01-12-at-11.03.42.jpeg?fit=848%2C1200&ssl=1&resize=700%2C400 2x"},"classes":[]},{"id":7394,"url":"https:\/\/cepronda.com\/blog\/aprendizaje-basado-en-proyectos-en-centros-rurales\/","url_meta":{"origin":7432,"position":5},"title":"APRENDIZAJE BASADO EN PROYECTOS EN CENTROS RURALES","author":"Mamen Moreno","date":"19 enero, 2024","format":false,"excerpt":"Abierto el plazo de inscripci\u00f3n al curso correspondiente al IV Itinerario Formativo para Centros Rurales a nivel Provincial \"APRENDIZAJE BASADO EN PROYECTOS EN CENTROS RURALES\", organizado por el CEP de Ronda con c\u00f3digo 242924GE025. Ponente:\u00a0 Ra\u00fal Bermejo Cabezas. Fecha de inscripci\u00f3n: 19\/01\/2024 al 23\/2\/2024 Duraci\u00f3n de la actividad 12 horas:\u00a0\u2026","rel":"","context":"En \u00abFormaciones\u00bb","block_context":{"text":"Formaciones","link":"https:\/\/cepronda.com\/blog\/category\/formaciones\/"},"img":{"alt_text":"","src":"https:\/\/i0.wp.com\/cepronda.com\/blog\/wp-content\/uploads\/2024\/01\/2o-TRIMESTRE-RURAL-1-1.png?fit=848%2C1200&ssl=1&resize=350%2C200","width":350,"height":200,"srcset":"https:\/\/i0.wp.com\/cepronda.com\/blog\/wp-content\/uploads\/2024\/01\/2o-TRIMESTRE-RURAL-1-1.png?fit=848%2C1200&ssl=1&resize=350%2C200 1x, https:\/\/i0.wp.com\/cepronda.com\/blog\/wp-content\/uploads\/2024\/01\/2o-TRIMESTRE-RURAL-1-1.png?fit=848%2C1200&ssl=1&resize=525%2C300 1.5x, https:\/\/i0.wp.com\/cepronda.com\/blog\/wp-content\/uploads\/2024\/01\/2o-TRIMESTRE-RURAL-1-1.png?fit=848%2C1200&ssl=1&resize=700%2C400 2x"},"classes":[]}],"jetpack_sharing_enabled":true,"_links":{"self":[{"href":"https:\/\/cepronda.com\/blog\/wp-json\/wp\/v2\/posts\/7432","targetHints":{"allow":["GET"]}}],"collection":[{"href":"https:\/\/cepronda.com\/blog\/wp-json\/wp\/v2\/posts"}],"about":[{"href":"https:\/\/cepronda.com\/blog\/wp-json\/wp\/v2\/types\/post"}],"author":[{"embeddable":true,"href":"https:\/\/cepronda.com\/blog\/wp-json\/wp\/v2\/users\/10"}],"replies":[{"embeddable":true,"href":"https:\/\/cepronda.com\/blog\/wp-json\/wp\/v2\/comments?post=7432"}],"version-history":[{"count":2,"href":"https:\/\/cepronda.com\/blog\/wp-json\/wp\/v2\/posts\/7432\/revisions"}],"predecessor-version":[{"id":7435,"href":"https:\/\/cepronda.com\/blog\/wp-json\/wp\/v2\/posts\/7432\/revisions\/7435"}],"wp:featuredmedia":[{"embeddable":true,"href":"https:\/\/cepronda.com\/blog\/wp-json\/wp\/v2\/media\/7433"}],"wp:attachment":[{"href":"https:\/\/cepronda.com\/blog\/wp-json\/wp\/v2\/media?parent=7432"}],"wp:term":[{"taxonomy":"category","embeddable":true,"href":"https:\/\/cepronda.com\/blog\/wp-json\/wp\/v2\/categories?post=7432"},{"taxonomy":"post_tag","embeddable":true,"href":"https:\/\/cepronda.com\/blog\/wp-json\/wp\/v2\/tags?post=7432"}],"curies":[{"name":"wp","href":"https:\/\/api.w.org\/{rel}","templated":true}]}}