{"id":7427,"date":"2024-02-02T10:44:40","date_gmt":"2024-02-02T09:44:40","guid":{"rendered":"https:\/\/cepronda.com\/blog\/?p=7427"},"modified":"2025-04-25T11:59:08","modified_gmt":"2025-04-25T09:59:08","slug":"claves-para-la-educacion-sexual-en-el-ambito-educativo","status":"publish","type":"post","link":"https:\/\/cepronda.com\/blog\/claves-para-la-educacion-sexual-en-el-ambito-educativo\/","title":{"rendered":"CLAVES PARA LA EDUCACI\u00d3N SEXUAL EN EL \u00c1MBITO EDUCATIVO"},"content":{"rendered":"<p>CURSO PROVINCIAL A DISTANCIA: <strong>CLAVES PARA LA EDUCACI\u00d3N SEXUAL EN EL \u00c1MBITO EDUCATIVO<\/strong>. Nivel I C\u00f3digo: 242922GE059<br \/>\nCurso Provincial a Distancia (AVFP) de 30 horas.<br \/>\n<strong>Fecha inscripci\u00f3n:<\/strong> 01\/02\/2024 hasta el 15\/02\/2024<br \/>\n<strong>Fecha actividad:<\/strong> 07\/03\/2024 hasta 26\/04\/2024.<br \/>\nM\u00e1s informaci\u00f3n e inscripci\u00f3n en: <a href=\"https:\/\/bit.ly\/3SFE9yr\">https:\/\/bit.ly\/3SFE9yr<\/a><\/p>\n<p><img data-recalc-dims=\"1\" loading=\"lazy\" decoding=\"async\" class=\"size-medium wp-image-7428 aligncenter\" src=\"https:\/\/i0.wp.com\/cepronda.com\/blog\/wp-content\/uploads\/2024\/02\/WhatsApp-Image-2024-02-01-at-08.47.28.jpeg?resize=300%2C300&#038;ssl=1\" alt=\"\" width=\"300\" height=\"300\" srcset=\"https:\/\/i0.wp.com\/cepronda.com\/blog\/wp-content\/uploads\/2024\/02\/WhatsApp-Image-2024-02-01-at-08.47.28.jpeg?resize=300%2C300&amp;ssl=1 300w, https:\/\/i0.wp.com\/cepronda.com\/blog\/wp-content\/uploads\/2024\/02\/WhatsApp-Image-2024-02-01-at-08.47.28.jpeg?resize=1024%2C1024&amp;ssl=1 1024w, https:\/\/i0.wp.com\/cepronda.com\/blog\/wp-content\/uploads\/2024\/02\/WhatsApp-Image-2024-02-01-at-08.47.28.jpeg?resize=150%2C150&amp;ssl=1 150w, https:\/\/i0.wp.com\/cepronda.com\/blog\/wp-content\/uploads\/2024\/02\/WhatsApp-Image-2024-02-01-at-08.47.28.jpeg?resize=768%2C768&amp;ssl=1 768w, https:\/\/i0.wp.com\/cepronda.com\/blog\/wp-content\/uploads\/2024\/02\/WhatsApp-Image-2024-02-01-at-08.47.28.jpeg?resize=50%2C50&amp;ssl=1 50w, https:\/\/i0.wp.com\/cepronda.com\/blog\/wp-content\/uploads\/2024\/02\/WhatsApp-Image-2024-02-01-at-08.47.28.jpeg?w=1080&amp;ssl=1 1080w\" sizes=\"auto, (max-width: 300px) 100vw, 300px\" \/><\/p>\n","protected":false},"excerpt":{"rendered":"<p>CURSO PROVINCIAL A DISTANCIA: CLAVES PARA LA EDUCACI\u00d3N SEXUAL EN EL \u00c1MBITO EDUCATIVO. Nivel I C\u00f3digo: 242922GE059 Curso Provincial a Distancia (AVFP) de 30 horas. Fecha inscripci\u00f3n: 01\/02\/2024 hasta el 15\/02\/2024 Fecha actividad: 07\/03\/2024 hasta 26\/04\/2024. M\u00e1s informaci\u00f3n e inscripci\u00f3n en: https:\/\/bit.ly\/3SFE9yr<\/p>\n","protected":false},"author":13,"featured_media":7428,"comment_status":"closed","ping_status":"open","sticky":false,"template":"","format":"standard","meta":{"_crdt_document":"","advanced_seo_description":"","jetpack_seo_html_title":"","jetpack_seo_noindex":false,"jetpack_post_was_ever_published":false,"_jetpack_newsletter_access":"","_jetpack_dont_email_post_to_subs":false,"_jetpack_newsletter_tier_id":0,"_jetpack_memberships_contains_paywalled_content":false,"_jetpack_memberships_contains_paid_content":false,"footnotes":"","jetpack_publicize_message":"","jetpack_publicize_feature_enabled":true,"jetpack_social_post_already_shared":false,"jetpack_social_options":{"image_generator_settings":{"template":"highway","default_image_id":0,"font":"","enabled":false},"version":2}},"categories":[3,5],"tags":[],"class_list":{"0":"post-7427","1":"post","2":"type-post","3":"status-publish","4":"format-standard","5":"has-post-thumbnail","7":"category-formaciones","8":"category-noticias","9":"czr-hentry"},"jetpack_publicize_connections":[],"jetpack_featured_media_url":"https:\/\/i0.wp.com\/cepronda.com\/blog\/wp-content\/uploads\/2024\/02\/WhatsApp-Image-2024-02-01-at-08.47.28.jpeg?fit=1080%2C1080&ssl=1","jetpack_shortlink":"https:\/\/wp.me\/p8M4X7-1VN","jetpack-related-posts":[{"id":7712,"url":"https:\/\/cepronda.com\/blog\/convocatoria-regional-de-cursos-avfp-curso-2024-25\/","url_meta":{"origin":7427,"position":0},"title":"CONVOCATORIA REGIONAL DE CURSOS AVFP. CURSO 2024\/25.","author":"Inmaculada Garc\u00eda","date":"19 septiembre, 2024","format":false,"excerpt":"\u00a0 \u00a0 CONVOCATORIA REGIONAL DE CURSOS AVFP \u00a0 Os informamos que se encuentra abierto el plazo de inscripci\u00f3n en la convocatoria de cursos regional. La superaci\u00f3n de estos cursos supone la certificaci\u00f3n de diversos niveles de Competencia Digital Docente. - HERRAMIENTAS DIGITALES APLICADAS A LA DOCENCIA EN LA FORMACI\u00d3N PROFESIONAL,\u2026","rel":"","context":"En \u00abFormaciones\u00bb","block_context":{"text":"Formaciones","link":"https:\/\/cepronda.com\/blog\/category\/formaciones\/"},"img":{"alt_text":"","src":"https:\/\/i0.wp.com\/cepronda.com\/blog\/wp-content\/uploads\/2024\/09\/CURSOS.png?fit=1200%2C1200&ssl=1&resize=350%2C200","width":350,"height":200,"srcset":"https:\/\/i0.wp.com\/cepronda.com\/blog\/wp-content\/uploads\/2024\/09\/CURSOS.png?fit=1200%2C1200&ssl=1&resize=350%2C200 1x, https:\/\/i0.wp.com\/cepronda.com\/blog\/wp-content\/uploads\/2024\/09\/CURSOS.png?fit=1200%2C1200&ssl=1&resize=525%2C300 1.5x, https:\/\/i0.wp.com\/cepronda.com\/blog\/wp-content\/uploads\/2024\/09\/CURSOS.png?fit=1200%2C1200&ssl=1&resize=700%2C400 2x, https:\/\/i0.wp.com\/cepronda.com\/blog\/wp-content\/uploads\/2024\/09\/CURSOS.png?fit=1200%2C1200&ssl=1&resize=1050%2C600 3x"},"classes":[]},{"id":7807,"url":"https:\/\/cepronda.com\/blog\/la-ciberseguridad-en-el-ambito-educativo-con-codigo-259922kpf484\/","url_meta":{"origin":7427,"position":1},"title":"\u00abLA CIBERSEGURIDAD EN EL \u00c1MBITO EDUCATIVO\u00bb, con c\u00f3digo\u00a0\u00a0259922KPF484","author":"Inmaculada Garc\u00eda","date":"21 octubre, 2024","format":false,"excerpt":"Abierta la inscripci\u00f3n en el curso provincial, \"LA CIBERSEGURIDAD EN EL \u00c1MBITO EDUCATIVO\", con c\u00f3digo\u00a0\u00a0259922KPF484. Curso a distancia 40 horas, que se desarrollar\u00e1 en el Aula Virtual de Formaci\u00f3n del Profesorado. Internivelar. Inscripci\u00f3n: Del 16 al 23 de octubre de 2024. Realizaci\u00f3n: Del 28\/10\/24 al 15\/01\/2025. Ficha de la actividad:\u2026","rel":"","context":"En \u00abNoticias\u00bb","block_context":{"text":"Noticias","link":"https:\/\/cepronda.com\/blog\/category\/noticias\/"},"img":{"alt_text":"","src":"https:\/\/i0.wp.com\/cepronda.com\/blog\/wp-content\/uploads\/2024\/10\/post_curso_ciberseguridad.jpeg?fit=680%2C680&ssl=1&resize=350%2C200","width":350,"height":200,"srcset":"https:\/\/i0.wp.com\/cepronda.com\/blog\/wp-content\/uploads\/2024\/10\/post_curso_ciberseguridad.jpeg?fit=680%2C680&ssl=1&resize=350%2C200 1x, https:\/\/i0.wp.com\/cepronda.com\/blog\/wp-content\/uploads\/2024\/10\/post_curso_ciberseguridad.jpeg?fit=680%2C680&ssl=1&resize=525%2C300 1.5x"},"classes":[]},{"id":8080,"url":"https:\/\/cepronda.com\/blog\/la-ciberceguridad-en-el-ambito-educativo\/","url_meta":{"origin":7427,"position":2},"title":"LA CIBERSEGURIDAD EN EL \u00c1MBITO EDUCATIVO","author":"Mamen Moreno","date":"27 enero, 2025","format":false,"excerpt":"Se abre el plazo de inscripci\u00f3n de la actividad formativa \"LA CIBERSEGURIDAD EN EL \u00c1MBITO EDUCATIVO\" con c\u00f3digo 259922QPF484 Curso a distancia de 40 horas internivelar Fecha inscripci\u00f3n: 24\/01\/2025 hasta 02\/02\/2025. Fecha actividad: 11\/02\/2025 hasta 10\/04\/2025. M\u00e1s informaci\u00f3n e inscripciones: https:\/\/www.juntadeandalucia.es\/educacion\/secretariavirtual\/consultaCEP\/actividad\/259922QPF484\/","rel":"","context":"En \u00abNoticias\u00bb","block_context":{"text":"Noticias","link":"https:\/\/cepronda.com\/blog\/category\/noticias\/"},"img":{"alt_text":"","src":"https:\/\/i0.wp.com\/cepronda.com\/blog\/wp-content\/uploads\/2025\/01\/image.png?fit=1080%2C1080&ssl=1&resize=350%2C200","width":350,"height":200,"srcset":"https:\/\/i0.wp.com\/cepronda.com\/blog\/wp-content\/uploads\/2025\/01\/image.png?fit=1080%2C1080&ssl=1&resize=350%2C200 1x, https:\/\/i0.wp.com\/cepronda.com\/blog\/wp-content\/uploads\/2025\/01\/image.png?fit=1080%2C1080&ssl=1&resize=525%2C300 1.5x, https:\/\/i0.wp.com\/cepronda.com\/blog\/wp-content\/uploads\/2025\/01\/image.png?fit=1080%2C1080&ssl=1&resize=700%2C400 2x, https:\/\/i0.wp.com\/cepronda.com\/blog\/wp-content\/uploads\/2025\/01\/image.png?fit=1080%2C1080&ssl=1&resize=1050%2C600 3x"},"classes":[]},{"id":7732,"url":"https:\/\/cepronda.com\/blog\/curso-objetos-digitales-educativos-en-las-aavv-moodle-centros-integra-motiva-y-enriquece-tus-clases-con-codigo-252923kpf534\/","url_meta":{"origin":7427,"position":3},"title":"CURSO: OBJETOS DIGITALES EDUCATIVOS EN LAS AAVV MOODLE CENTROS: INTEGRA, MOTIVA Y ENRIQUECE TUS CLASES, con c\u00f3digo 259923KPF534.","author":"Inmaculada Garc\u00eda","date":"20 septiembre, 2024","format":false,"excerpt":"Abierto el plazo de inscripci\u00f3n del curso PROVINCIAL a distancia: OBJETOS DIGITALES EDUCATIVOS EN LAS AAVV MOODLE CENTROS: INTEGRA, MOTIVA Y ENRIQUECE TUS CLASES, con c\u00f3digo 259923KPF534. Curso Provincial a Distancia (AVFP) de 40 horas. Fecha inscripci\u00f3n del 19\/09\/2024 hasta 30\/09\/2024 Fecha actividad del 16\/10\/2024 hasta 16\/12\/2024 \u2795M\u00e1s informaci\u00f3n e\u2026","rel":"","context":"En \u00abFormaciones\u00bb","block_context":{"text":"Formaciones","link":"https:\/\/cepronda.com\/blog\/category\/formaciones\/"},"img":{"alt_text":"","src":"https:\/\/i0.wp.com\/cepronda.com\/blog\/wp-content\/uploads\/2024\/09\/WhatsApp-Image-2024-09-20-at-13.40.28.jpeg?fit=1200%2C675&ssl=1&resize=350%2C200","width":350,"height":200,"srcset":"https:\/\/i0.wp.com\/cepronda.com\/blog\/wp-content\/uploads\/2024\/09\/WhatsApp-Image-2024-09-20-at-13.40.28.jpeg?fit=1200%2C675&ssl=1&resize=350%2C200 1x, https:\/\/i0.wp.com\/cepronda.com\/blog\/wp-content\/uploads\/2024\/09\/WhatsApp-Image-2024-09-20-at-13.40.28.jpeg?fit=1200%2C675&ssl=1&resize=525%2C300 1.5x, https:\/\/i0.wp.com\/cepronda.com\/blog\/wp-content\/uploads\/2024\/09\/WhatsApp-Image-2024-09-20-at-13.40.28.jpeg?fit=1200%2C675&ssl=1&resize=700%2C400 2x, https:\/\/i0.wp.com\/cepronda.com\/blog\/wp-content\/uploads\/2024\/09\/WhatsApp-Image-2024-09-20-at-13.40.28.jpeg?fit=1200%2C675&ssl=1&resize=1050%2C600 3x"},"classes":[]},{"id":7834,"url":"https:\/\/cepronda.com\/blog\/curso-provincial-gestion-economica-para-secretarias-con-codigo-259924kpf230\/","url_meta":{"origin":7427,"position":4},"title":"Curso provincial: \u00abGESTI\u00d3N ECON\u00d3MICA PARA SECRETAR\u00cdAS\u00bb, con c\u00f3digo 259924KPF230.","author":"Inmaculada Garc\u00eda","date":"4 noviembre, 2024","format":false,"excerpt":"Informamos que se ha abierto el plazo de inscripci\u00f3n en el curso provincial: \"GESTI\u00d3N ECON\u00d3MICA PARA SECRETAR\u00cdAS\", con c\u00f3digo 259924KPF230. \u270f\ufe0fFecha inscripci\u00f3n: 04\/11\/2024 hasta 22\/11\/2024. Fecha actividad: 26\/11\/2024 hasta 21\/01\/2025 \u27a1\ufe0fLugar: Aula Virtual de Formaci\u00f3n del Profesorado. Duraci\u00f3n del curso: 40 horas M\u00e1s informaci\u00f3n e inscripci\u00f3n:\u00a0https:\/\/www.juntadeandalucia.es\/educacion\/secretariavirtual\/consultaCEP\/actividad\/259924KPF230\/","rel":"","context":"En \u00abFormaciones\u00bb","block_context":{"text":"Formaciones","link":"https:\/\/cepronda.com\/blog\/category\/formaciones\/"},"img":{"alt_text":"","src":"https:\/\/i0.wp.com\/cepronda.com\/blog\/wp-content\/uploads\/2024\/11\/CARTEL-GESTION-ECONOMICA-PARA-SECRETARIAS.jpg?fit=848%2C1200&ssl=1&resize=350%2C200","width":350,"height":200,"srcset":"https:\/\/i0.wp.com\/cepronda.com\/blog\/wp-content\/uploads\/2024\/11\/CARTEL-GESTION-ECONOMICA-PARA-SECRETARIAS.jpg?fit=848%2C1200&ssl=1&resize=350%2C200 1x, https:\/\/i0.wp.com\/cepronda.com\/blog\/wp-content\/uploads\/2024\/11\/CARTEL-GESTION-ECONOMICA-PARA-SECRETARIAS.jpg?fit=848%2C1200&ssl=1&resize=525%2C300 1.5x, https:\/\/i0.wp.com\/cepronda.com\/blog\/wp-content\/uploads\/2024\/11\/CARTEL-GESTION-ECONOMICA-PARA-SECRETARIAS.jpg?fit=848%2C1200&ssl=1&resize=700%2C400 2x"},"classes":[]},{"id":7873,"url":"https:\/\/cepronda.com\/blog\/curso-provincial-a-distancia-atencion-al-alumnado-tdah-estrategias-de-intervencion-en-primaria-codigo-252922ge050\/","url_meta":{"origin":7427,"position":5},"title":"CURSO PROVINCIAL A DISTANCIA: ATENCI\u00d3N AL ALUMNADO TDAH: ESTRATEGIAS DE INTERVENCI\u00d3N EN PRIMARIA. C\u00f3digo: 252922GE050.","author":"Inmaculada Garc\u00eda","date":"28 noviembre, 2024","format":false,"excerpt":"Abierto el plazo de solicitudes para el curso provincial a distancia: ATENCI\u00d3N AL ALUMNADO TDAH: ESTRATEGIAS DE INTERVENCI\u00d3N EN PRIMARIA. C\u00f3digo: 252922GE050. Dirigido preferentemente a profesorado de educaci\u00f3n primaria. \u27a1 Curso a distancia de 40 horas, dirigido preferentemente a profesorado de educaci\u00f3n primaria. \u270f Inscripci\u00f3n: 02\/12\/2024 al 15\/12\/2024. Fecha de\u2026","rel":"","context":"En \u00abFormaciones\u00bb","block_context":{"text":"Formaciones","link":"https:\/\/cepronda.com\/blog\/category\/formaciones\/"},"img":{"alt_text":"","src":"https:\/\/i0.wp.com\/cepronda.com\/blog\/wp-content\/uploads\/2024\/11\/WhatsApp-Image-2024-11-28-at-10.46.36.jpeg?fit=1080%2C1080&ssl=1&resize=350%2C200","width":350,"height":200,"srcset":"https:\/\/i0.wp.com\/cepronda.com\/blog\/wp-content\/uploads\/2024\/11\/WhatsApp-Image-2024-11-28-at-10.46.36.jpeg?fit=1080%2C1080&ssl=1&resize=350%2C200 1x, https:\/\/i0.wp.com\/cepronda.com\/blog\/wp-content\/uploads\/2024\/11\/WhatsApp-Image-2024-11-28-at-10.46.36.jpeg?fit=1080%2C1080&ssl=1&resize=525%2C300 1.5x, https:\/\/i0.wp.com\/cepronda.com\/blog\/wp-content\/uploads\/2024\/11\/WhatsApp-Image-2024-11-28-at-10.46.36.jpeg?fit=1080%2C1080&ssl=1&resize=700%2C400 2x, https:\/\/i0.wp.com\/cepronda.com\/blog\/wp-content\/uploads\/2024\/11\/WhatsApp-Image-2024-11-28-at-10.46.36.jpeg?fit=1080%2C1080&ssl=1&resize=1050%2C600 3x"},"classes":[]}],"jetpack_sharing_enabled":true,"_links":{"self":[{"href":"https:\/\/cepronda.com\/blog\/wp-json\/wp\/v2\/posts\/7427","targetHints":{"allow":["GET"]}}],"collection":[{"href":"https:\/\/cepronda.com\/blog\/wp-json\/wp\/v2\/posts"}],"about":[{"href":"https:\/\/cepronda.com\/blog\/wp-json\/wp\/v2\/types\/post"}],"author":[{"embeddable":true,"href":"https:\/\/cepronda.com\/blog\/wp-json\/wp\/v2\/users\/13"}],"replies":[{"embeddable":true,"href":"https:\/\/cepronda.com\/blog\/wp-json\/wp\/v2\/comments?post=7427"}],"version-history":[{"count":1,"href":"https:\/\/cepronda.com\/blog\/wp-json\/wp\/v2\/posts\/7427\/revisions"}],"predecessor-version":[{"id":7429,"href":"https:\/\/cepronda.com\/blog\/wp-json\/wp\/v2\/posts\/7427\/revisions\/7429"}],"wp:featuredmedia":[{"embeddable":true,"href":"https:\/\/cepronda.com\/blog\/wp-json\/wp\/v2\/media\/7428"}],"wp:attachment":[{"href":"https:\/\/cepronda.com\/blog\/wp-json\/wp\/v2\/media?parent=7427"}],"wp:term":[{"taxonomy":"category","embeddable":true,"href":"https:\/\/cepronda.com\/blog\/wp-json\/wp\/v2\/categories?post=7427"},{"taxonomy":"post_tag","embeddable":true,"href":"https:\/\/cepronda.com\/blog\/wp-json\/wp\/v2\/tags?post=7427"}],"curies":[{"name":"wp","href":"https:\/\/api.w.org\/{rel}","templated":true}]}}