{"id":7420,"date":"2024-01-31T10:10:42","date_gmt":"2024-01-31T09:10:42","guid":{"rendered":"https:\/\/cepronda.com\/blog\/?p=7420"},"modified":"2025-04-28T12:15:39","modified_gmt":"2025-04-28T10:15:39","slug":"7420-2","status":"publish","type":"post","link":"https:\/\/cepronda.com\/blog\/7420-2\/","title":{"rendered":"DISLEXIA:\u00a0ENSE\u00d1ANZA\u00a0DE\u00a0LA\u00a0LECTURA BASADA EN EVIDENCIAS,\u00a0PREVENCI\u00d3N\u00a0EN INFANTIL\u00a0E\u00a0INTERVENCI\u00d3N\u00a0EN\u00a0PRIMARIA"},"content":{"rendered":"<div class=\"gmail_attr\" dir=\"ltr\">Os informamos que se encuentra abierta la inscripci\u00f3n en el curso provincial, organizado por el CEP de Antequera;<strong>\u00a0<\/strong><\/div>\n<div class=\"gmail_attr\" dir=\"ltr\"><strong>DISLEXIA:\u00a0ENSE\u00d1ANZA\u00a0DE\u00a0LA\u00a0<wbr \/>LECTURA BASADA EN EVIDENCIAS,\u00a0PREVENCI\u00d3N\u00a0<\/strong><strong>EN INFANTIL\u00a0E\u00a0INTERVENCI\u00d3N\u00a0EN\u00a0<wbr \/>PRIMARIA<\/strong>,\u00a0con\u00a0c\u00f3digo 242925GE603, con Juli\u00e1n Palaz\u00f3n como ponente principal y Auxiliadora S\u00e1nchez en la aplicaci\u00f3n al aula. Dirigido al profesorado de Infantil y Primaria de centros p\u00fablicos.<\/div>\n<div class=\"gmail_attr\" dir=\"ltr\"><\/div>\n<div class=\"gmail_attr\" dir=\"ltr\">Sesiones presenciales mediante videoconferencia en directo.<\/div>\n<div dir=\"ltr\">\n<div class=\"gmail_quote\">\n<div>\n<p>&#8211; Inscripciones:\u00a0 del 29\/01\/2024 al 19\/02\/2024<\/p>\n<p>&#8211; Fechas de la actividad:\u00a0<strong>\u00a04 y\u00a0 6 de marzo<\/strong>\u00a0de 16:30 a 20:00h. y\u00a0<strong>11 y 12 de marzo<\/strong>\u00a0de\u00a0de 16:30 a 19:30h.<\/p>\n<p>Duraci\u00f3n: 13 horas presenciales mediante videoconferencia (Webex)<\/p>\n<p>Detalle e inscripci\u00f3n en el siguiente enlace:<br \/>\n<a href=\"https:\/\/www.juntadeandalucia.es\/educacion\/secretariavirtual\/consultaCEP\/actividad\/242925GE603\/\" target=\"_blank\" rel=\"noopener\" data-saferedirecturl=\"https:\/\/www.google.com\/url?q=https:\/\/www.juntadeandalucia.es\/educacion\/secretariavirtual\/consultaCEP\/actividad\/242925GE603\/&amp;source=gmail&amp;ust=1706776601613000&amp;usg=AOvVaw1Wpht0qkyY8EFywK-3AUVH\">https:\/\/www.juntadeandalucia.<wbr \/>es\/educacion\/<wbr \/>secretariavirtual\/consultaCEP\/<wbr \/>actividad\/242925GE603\/<\/a><\/p>\n<\/div>\n<p><img data-recalc-dims=\"1\" loading=\"lazy\" decoding=\"async\" class=\"size-medium wp-image-7421 aligncenter\" src=\"https:\/\/i0.wp.com\/cepronda.com\/blog\/wp-content\/uploads\/2024\/01\/Cartel-curso-DISLEXIA.png?resize=300%2C300&#038;ssl=1\" alt=\"\" width=\"300\" height=\"300\" srcset=\"https:\/\/i0.wp.com\/cepronda.com\/blog\/wp-content\/uploads\/2024\/01\/Cartel-curso-DISLEXIA.png?resize=300%2C300&amp;ssl=1 300w, https:\/\/i0.wp.com\/cepronda.com\/blog\/wp-content\/uploads\/2024\/01\/Cartel-curso-DISLEXIA.png?resize=1024%2C1024&amp;ssl=1 1024w, https:\/\/i0.wp.com\/cepronda.com\/blog\/wp-content\/uploads\/2024\/01\/Cartel-curso-DISLEXIA.png?resize=150%2C150&amp;ssl=1 150w, https:\/\/i0.wp.com\/cepronda.com\/blog\/wp-content\/uploads\/2024\/01\/Cartel-curso-DISLEXIA.png?resize=768%2C768&amp;ssl=1 768w, https:\/\/i0.wp.com\/cepronda.com\/blog\/wp-content\/uploads\/2024\/01\/Cartel-curso-DISLEXIA.png?resize=50%2C50&amp;ssl=1 50w, https:\/\/i0.wp.com\/cepronda.com\/blog\/wp-content\/uploads\/2024\/01\/Cartel-curso-DISLEXIA.png?w=1080&amp;ssl=1 1080w\" sizes=\"auto, (max-width: 300px) 100vw, 300px\" \/><\/p>\n<\/div>\n<\/div>\n","protected":false},"excerpt":{"rendered":"<p>Os informamos que se encuentra abierta la inscripci\u00f3n en el curso provincial, organizado por el CEP de Antequera;\u00a0 DISLEXIA:\u00a0ENSE\u00d1ANZA\u00a0DE\u00a0LA\u00a0LECTURA BASADA EN EVIDENCIAS,\u00a0PREVENCI\u00d3N\u00a0EN INFANTIL\u00a0E\u00a0INTERVENCI\u00d3N\u00a0EN\u00a0PRIMARIA,\u00a0con\u00a0c\u00f3digo 242925GE603, con Juli\u00e1n Palaz\u00f3n como ponente principal y Auxiliadora S\u00e1nchez en la aplicaci\u00f3n al aula. Dirigido al profesorado de Infantil y Primaria de centros p\u00fablicos. Sesiones presenciales mediante videoconferencia en directo. &#8211; [&hellip;]<\/p>\n","protected":false},"author":13,"featured_media":7421,"comment_status":"closed","ping_status":"open","sticky":false,"template":"","format":"standard","meta":{"_crdt_document":"","advanced_seo_description":"","jetpack_seo_html_title":"","jetpack_seo_noindex":false,"jetpack_post_was_ever_published":false,"_jetpack_newsletter_access":"","_jetpack_dont_email_post_to_subs":false,"_jetpack_newsletter_tier_id":0,"_jetpack_memberships_contains_paywalled_content":false,"_jetpack_memberships_contains_paid_content":false,"footnotes":"","jetpack_publicize_message":"","jetpack_publicize_feature_enabled":true,"jetpack_social_post_already_shared":false,"jetpack_social_options":{"image_generator_settings":{"template":"highway","default_image_id":0,"font":"","enabled":false},"version":2}},"categories":[3,5],"tags":[126],"class_list":{"0":"post-7420","1":"post","2":"type-post","3":"status-publish","4":"format-standard","5":"has-post-thumbnail","7":"category-formaciones","8":"category-noticias","9":"tag-atencion-a-la-diversidad","10":"czr-hentry"},"jetpack_publicize_connections":[],"jetpack_featured_media_url":"https:\/\/i0.wp.com\/cepronda.com\/blog\/wp-content\/uploads\/2024\/01\/Cartel-curso-DISLEXIA.png?fit=1080%2C1080&ssl=1","jetpack_shortlink":"https:\/\/wp.me\/p8M4X7-1VG","jetpack-related-posts":[{"id":7685,"url":"https:\/\/cepronda.com\/blog\/formacion-dislexia-ensenanza-de-la-lectura-basada-en-evidencias-prevencion-en-infantil-e-intervencion-en-primaria-con-codigo-252925ge601\/","url_meta":{"origin":7420,"position":0},"title":"FORMACI\u00d3N: DISLEXIA: ENSE\u00d1ANZA DE LA LECTURA BASADA EN EVIDENCIAS, PREVENCI\u00d3N EN INFANTIL E INTERVENCI\u00d3N EN PRIMARIA, con c\u00f3digo 252925GE601.","author":"Inmaculada Garc\u00eda","date":"9 septiembre, 2024","format":false,"excerpt":"Os informamos que se encuentra abierta la inscripci\u00f3n en el curso provincial, organizado por el CEP de Antequera: \"DISLEXIA: ENSE\u00d1ANZA DE LA LECTURA BASADA EN EVIDENCIAS, PREVENCI\u00d3N EN INFANTIL E INTERVENCI\u00d3N EN PRIMARIA\", con c\u00f3digo 252925GE601, con Juli\u00e1n Palaz\u00f3n y Auxiliadora S\u00e1nchez como ponentes. Este curso est\u00e1 dirigido a maestros\u2026","rel":"","context":"En \u00abFormaciones\u00bb","block_context":{"text":"Formaciones","link":"https:\/\/cepronda.com\/blog\/category\/formaciones\/"},"img":{"alt_text":"","src":"https:\/\/i0.wp.com\/cepronda.com\/blog\/wp-content\/uploads\/2024\/09\/CURSO-DISLEXIA-ANTEQUERA-CARTEL.jpeg?fit=1080%2C1080&ssl=1&resize=350%2C200","width":350,"height":200,"srcset":"https:\/\/i0.wp.com\/cepronda.com\/blog\/wp-content\/uploads\/2024\/09\/CURSO-DISLEXIA-ANTEQUERA-CARTEL.jpeg?fit=1080%2C1080&ssl=1&resize=350%2C200 1x, https:\/\/i0.wp.com\/cepronda.com\/blog\/wp-content\/uploads\/2024\/09\/CURSO-DISLEXIA-ANTEQUERA-CARTEL.jpeg?fit=1080%2C1080&ssl=1&resize=525%2C300 1.5x, https:\/\/i0.wp.com\/cepronda.com\/blog\/wp-content\/uploads\/2024\/09\/CURSO-DISLEXIA-ANTEQUERA-CARTEL.jpeg?fit=1080%2C1080&ssl=1&resize=700%2C400 2x, https:\/\/i0.wp.com\/cepronda.com\/blog\/wp-content\/uploads\/2024\/09\/CURSO-DISLEXIA-ANTEQUERA-CARTEL.jpeg?fit=1080%2C1080&ssl=1&resize=1050%2C600 3x"},"classes":[]},{"id":7928,"url":"https:\/\/cepronda.com\/blog\/jefatura-de-estudios-organizacion-y-funcionamiento-infantil-y-primaria-codigo-259925pf493\/","url_meta":{"origin":7420,"position":1},"title":"\u00abJEFATURA DE ESTUDIOS: ORGANIZACI\u00d3N Y FUNCIONAMIENTO (INFANTIL Y PRIMARIA)\u00bb C\u00f3digo: 259925PF493.","author":"Inmaculada Garc\u00eda","date":"11 diciembre, 2024","format":false,"excerpt":"Abierto el plazo de inscripci\u00f3n para la actividad provincial: \"JEFATURA DE ESTUDIOS: ORGANIZACI\u00d3N Y FUNCIONAMIENTO (INFANTIL Y PRIMARIA)\" C\u00f3digo: 259925PF493. Lugar de realizaci\u00f3n: Curso a distancia en el Aula Virtual de Formaci\u00f3n del Profesorado. \u270f\ufe0fFecha inscripci\u00f3n: del 11\/12\/2024 al 13\/01\/2025. Fecha actividad:del 20 de enero al 24 de marzo de\u2026","rel":"","context":"En \u00abFormaciones\u00bb","block_context":{"text":"Formaciones","link":"https:\/\/cepronda.com\/blog\/category\/formaciones\/"},"img":{"alt_text":"","src":"https:\/\/i0.wp.com\/cepronda.com\/blog\/wp-content\/uploads\/2024\/12\/JEFATURA-ESTUDIOS-CEIP-1_page-0001-1-scaled.jpg?fit=848%2C1200&ssl=1&resize=350%2C200","width":350,"height":200,"srcset":"https:\/\/i0.wp.com\/cepronda.com\/blog\/wp-content\/uploads\/2024\/12\/JEFATURA-ESTUDIOS-CEIP-1_page-0001-1-scaled.jpg?fit=848%2C1200&ssl=1&resize=350%2C200 1x, https:\/\/i0.wp.com\/cepronda.com\/blog\/wp-content\/uploads\/2024\/12\/JEFATURA-ESTUDIOS-CEIP-1_page-0001-1-scaled.jpg?fit=848%2C1200&ssl=1&resize=525%2C300 1.5x, https:\/\/i0.wp.com\/cepronda.com\/blog\/wp-content\/uploads\/2024\/12\/JEFATURA-ESTUDIOS-CEIP-1_page-0001-1-scaled.jpg?fit=848%2C1200&ssl=1&resize=700%2C400 2x"},"classes":[]},{"id":7690,"url":"https:\/\/cepronda.com\/blog\/formacion-formacion-avanzada-para-orientadores-as-codigo-252922ge051\/","url_meta":{"origin":7420,"position":2},"title":"FORMACI\u00d3N: FORMACI\u00d3N AVANZADA PARA ORIENTADORES\/AS\u00bb, c\u00f3digo: 252922GE051.","author":"Inmaculada Garc\u00eda","date":"10 septiembre, 2024","format":false,"excerpt":"Os informamos que se encuentra abierta la inscripci\u00f3n en el curso provincial, organizado por el CEP de M\u00e1laga: \"FORMACI\u00d3N AVANZADA PARA ORIENTADORES\/AS\", con c\u00f3digo: 252922GE051. Este curso est\u00e1 dirigido a maestros y maestras tutores\/as de Infantil y Primaria de centros p\u00fablicos. Sesiones presenciales mediante videoconferencia en directo. - Inscripciones: del\u2026","rel":"","context":"En \u00abFormaciones\u00bb","block_context":{"text":"Formaciones","link":"https:\/\/cepronda.com\/blog\/category\/formaciones\/"},"img":{"alt_text":"","src":"https:\/\/i0.wp.com\/cepronda.com\/blog\/wp-content\/uploads\/2024\/09\/CARTEL-ORIENTADORES-AVANZADO.jpg?fit=1080%2C1080&ssl=1&resize=350%2C200","width":350,"height":200,"srcset":"https:\/\/i0.wp.com\/cepronda.com\/blog\/wp-content\/uploads\/2024\/09\/CARTEL-ORIENTADORES-AVANZADO.jpg?fit=1080%2C1080&ssl=1&resize=350%2C200 1x, https:\/\/i0.wp.com\/cepronda.com\/blog\/wp-content\/uploads\/2024\/09\/CARTEL-ORIENTADORES-AVANZADO.jpg?fit=1080%2C1080&ssl=1&resize=525%2C300 1.5x, https:\/\/i0.wp.com\/cepronda.com\/blog\/wp-content\/uploads\/2024\/09\/CARTEL-ORIENTADORES-AVANZADO.jpg?fit=1080%2C1080&ssl=1&resize=700%2C400 2x, https:\/\/i0.wp.com\/cepronda.com\/blog\/wp-content\/uploads\/2024\/09\/CARTEL-ORIENTADORES-AVANZADO.jpg?fit=1080%2C1080&ssl=1&resize=1050%2C600 3x"},"classes":[]},{"id":7337,"url":"https:\/\/cepronda.com\/blog\/jefatura-de-estudios-organizacion-y-funcionamiento-de-los-centros-educacion-infantil-y-primaria-online\/","url_meta":{"origin":7420,"position":3},"title":"JEFATURA\u00a0DE\u00a0ESTUDIOS:\u00a0ORGANIZACI\u00d3N\u00a0Y\u00a0FUNCIONAMIENTO\u00a0DE\u00a0LOS\u00a0CENTROS\u00a0(EDUCACI\u00d3N\u00a0INFANTIL\u00a0Y\u00a0PRIMARIA &#8211; ONLINE)","author":"Mamen Moreno","date":"12 enero, 2024","format":false,"excerpt":"Informamos que se encuentra abierto el plazo de inscripci\u00f3n del curso\u00a0provincial:\u00a0\u00a0\"JEFATURA\u00a0DE\u00a0ESTUDIOS:\u00a0ORGANIZACI\u00d3N\u00a0Y\u00a0FUNCIONAMIENTO\u00a0DE\u00a0LOS\u00a0CENTROS\u00a0(EDUCACI\u00d3N\u00a0INFANTIL\u00a0Y\u00a0PRIMARIA - ONLINE)\"\u00a0\u00a0C\u00f3digo:\u00a0249925KPF372 Inscripciones: del 11\/01\/2024 al 22\/01\/2024 Fechas de realizaci\u00f3n: del 29 de enero al 18 de marzo de 2024 Lugar de realizaci\u00f3n: AULA VIRTUAL DE FORMACI\u00d3N DEL PROFESORADO (Curso\u00a0a distancia) Detalle e inscripci\u00f3n en el siguiente enlace: https:\/\/www.juntadeandalucia.es\/educacion\/secretariavirtual\/consultaCEP\/actividad\/249925KPF372","rel":"","context":"En \u00abFormaciones\u00bb","block_context":{"text":"Formaciones","link":"https:\/\/cepronda.com\/blog\/category\/formaciones\/"},"img":{"alt_text":"","src":"https:\/\/i0.wp.com\/cepronda.com\/blog\/wp-content\/uploads\/2024\/01\/JEFATURA-ESTUDIOS-CEIP-3-1.png?fit=848%2C1200&ssl=1&resize=350%2C200","width":350,"height":200,"srcset":"https:\/\/i0.wp.com\/cepronda.com\/blog\/wp-content\/uploads\/2024\/01\/JEFATURA-ESTUDIOS-CEIP-3-1.png?fit=848%2C1200&ssl=1&resize=350%2C200 1x, https:\/\/i0.wp.com\/cepronda.com\/blog\/wp-content\/uploads\/2024\/01\/JEFATURA-ESTUDIOS-CEIP-3-1.png?fit=848%2C1200&ssl=1&resize=525%2C300 1.5x, https:\/\/i0.wp.com\/cepronda.com\/blog\/wp-content\/uploads\/2024\/01\/JEFATURA-ESTUDIOS-CEIP-3-1.png?fit=848%2C1200&ssl=1&resize=700%2C400 2x"},"classes":[]},{"id":7180,"url":"https:\/\/cepronda.com\/blog\/itinerario-para-el-desarrollo-de-la-competencia-matematica-cursos-2\/","url_meta":{"origin":7420,"position":4},"title":"ITINERARIO PARA EL DESARROLLO DE LA COMPETENCIA MATEM\u00c1TICA (CURSOS)","author":"V\u00edctor Caballero","date":"30 octubre, 2023","format":false,"excerpt":"Desde el CEP de Ronda informamos que hoy, 30 de octubre, es el \u00faltimo d\u00eda para inscribirse en los cursos de matem\u00e1ticas manipulativas (Infantil y Primaria). Por otro lado tambi\u00e9n informamos que los cursos de ABN (Infantil y Primaria) se aplazan para el 2\u00ba trimestre por el bajo n\u00famero de\u2026","rel":"","context":"En \u00abFormaciones\u00bb","block_context":{"text":"Formaciones","link":"https:\/\/cepronda.com\/blog\/category\/formaciones\/"},"img":{"alt_text":"","src":"https:\/\/i0.wp.com\/cepronda.com\/blog\/wp-content\/uploads\/2023\/10\/Cartel-Matematicas-aplazado.png?fit=1080%2C1080&ssl=1&resize=350%2C200","width":350,"height":200,"srcset":"https:\/\/i0.wp.com\/cepronda.com\/blog\/wp-content\/uploads\/2023\/10\/Cartel-Matematicas-aplazado.png?fit=1080%2C1080&ssl=1&resize=350%2C200 1x, https:\/\/i0.wp.com\/cepronda.com\/blog\/wp-content\/uploads\/2023\/10\/Cartel-Matematicas-aplazado.png?fit=1080%2C1080&ssl=1&resize=525%2C300 1.5x, https:\/\/i0.wp.com\/cepronda.com\/blog\/wp-content\/uploads\/2023\/10\/Cartel-Matematicas-aplazado.png?fit=1080%2C1080&ssl=1&resize=700%2C400 2x, https:\/\/i0.wp.com\/cepronda.com\/blog\/wp-content\/uploads\/2023\/10\/Cartel-Matematicas-aplazado.png?fit=1080%2C1080&ssl=1&resize=1050%2C600 3x"},"classes":[]},{"id":9019,"url":"https:\/\/cepronda.com\/blog\/574-mejora-de-la-competencia-lectora-en-el-aula-de-infantil-y-primaria-nivel-i\/","url_meta":{"origin":7420,"position":5},"title":"574. MEJORA DE LA COMPETENCIA LECTORA EN EL AULA DE INFANTIL Y PRIMARIA &#8211; NIVEL I.","author":"Inmaculada Garc\u00eda","date":"13 noviembre, 2025","format":false,"excerpt":"Se encuentra abierto el plazo de inscripci\u00f3n para la formaci\u00f3n regional a distancia: 574. MEJORA DE LA COMPETENCIA LECTORA EN EL AULA DE INFANTIL Y PRIMARIA - NIVEL I. C\u00f3digo: 269915KPF574. Con una dedicaci\u00f3n de 30 HORAS NO PRESENCIALES (AVFP). Plazo de solicitudes: 11 noviembre al 18 de noviembre. Listado\u2026","rel":"","context":"En \u00abFormaciones\u00bb","block_context":{"text":"Formaciones","link":"https:\/\/cepronda.com\/blog\/category\/formaciones\/"},"img":{"alt_text":"","src":"https:\/\/i0.wp.com\/cepronda.com\/blog\/wp-content\/uploads\/2025\/11\/Copia-de-CEP-MOTOR-INTERNACIONALIZACION-PRIMEROS-PASOS.pptx-2.jpg?fit=960%2C1200&ssl=1&resize=350%2C200","width":350,"height":200,"srcset":"https:\/\/i0.wp.com\/cepronda.com\/blog\/wp-content\/uploads\/2025\/11\/Copia-de-CEP-MOTOR-INTERNACIONALIZACION-PRIMEROS-PASOS.pptx-2.jpg?fit=960%2C1200&ssl=1&resize=350%2C200 1x, https:\/\/i0.wp.com\/cepronda.com\/blog\/wp-content\/uploads\/2025\/11\/Copia-de-CEP-MOTOR-INTERNACIONALIZACION-PRIMEROS-PASOS.pptx-2.jpg?fit=960%2C1200&ssl=1&resize=525%2C300 1.5x, https:\/\/i0.wp.com\/cepronda.com\/blog\/wp-content\/uploads\/2025\/11\/Copia-de-CEP-MOTOR-INTERNACIONALIZACION-PRIMEROS-PASOS.pptx-2.jpg?fit=960%2C1200&ssl=1&resize=700%2C400 2x"},"classes":[]}],"jetpack_sharing_enabled":true,"_links":{"self":[{"href":"https:\/\/cepronda.com\/blog\/wp-json\/wp\/v2\/posts\/7420","targetHints":{"allow":["GET"]}}],"collection":[{"href":"https:\/\/cepronda.com\/blog\/wp-json\/wp\/v2\/posts"}],"about":[{"href":"https:\/\/cepronda.com\/blog\/wp-json\/wp\/v2\/types\/post"}],"author":[{"embeddable":true,"href":"https:\/\/cepronda.com\/blog\/wp-json\/wp\/v2\/users\/13"}],"replies":[{"embeddable":true,"href":"https:\/\/cepronda.com\/blog\/wp-json\/wp\/v2\/comments?post=7420"}],"version-history":[{"count":2,"href":"https:\/\/cepronda.com\/blog\/wp-json\/wp\/v2\/posts\/7420\/revisions"}],"predecessor-version":[{"id":7423,"href":"https:\/\/cepronda.com\/blog\/wp-json\/wp\/v2\/posts\/7420\/revisions\/7423"}],"wp:featuredmedia":[{"embeddable":true,"href":"https:\/\/cepronda.com\/blog\/wp-json\/wp\/v2\/media\/7421"}],"wp:attachment":[{"href":"https:\/\/cepronda.com\/blog\/wp-json\/wp\/v2\/media?parent=7420"}],"wp:term":[{"taxonomy":"category","embeddable":true,"href":"https:\/\/cepronda.com\/blog\/wp-json\/wp\/v2\/categories?post=7420"},{"taxonomy":"post_tag","embeddable":true,"href":"https:\/\/cepronda.com\/blog\/wp-json\/wp\/v2\/tags?post=7420"}],"curies":[{"name":"wp","href":"https:\/\/api.w.org\/{rel}","templated":true}]}}